{"id":1001,"date":"2019-08-14T11:00:00","date_gmt":"2019-08-14T14:00:00","guid":{"rendered":"https:\/\/ubaldofernandes.com\/?post_type=actuation&#038;p=1001"},"modified":"2020-08-07T15:24:51","modified_gmt":"2020-08-07T18:24:51","slug":"cff-aprova-substitutivo-a-materia-sobre-inclusao-de-disciplina-nas-escolas-do-rn","status":"publish","type":"actuation","link":"https:\/\/ubaldofernandes.com\/index.php\/actuation\/cff-aprova-substitutivo-a-materia-sobre-inclusao-de-disciplina-nas-escolas-do-rn\/","title":{"rendered":"CFF aprova substitutivo \u00e0 mat\u00e9ria sobre inclus\u00e3o de disciplina nas escolas do RN"},"content":{"rendered":"\n<p>O Projeto de Lei 140\/2019, de autoria do deputado Allyson Bezerra (SDD), que trata da inclus\u00e3o da disciplina Introdu\u00e7\u00e3o \u00e0 Constitui\u00e7\u00e3o Federal na grade extracurricular das escolas estaduais de ensino fundamental e m\u00e9dio no Rio Grande do Norte, foi o assunto mais discutido na reuni\u00e3o da Comiss\u00e3o de Finan\u00e7as e Fiscaliza\u00e7\u00e3o (CFF), que j\u00e1 havia recebido um substitutivo na Comiss\u00e3o de Constitui\u00e7\u00e3o, Justi\u00e7a e Reda\u00e7\u00e3o (CCJ).<\/p>\n\n\n\n<p>A mat\u00e9ria, relatada pelo deputado Francisco do PT recebeu um novo substitutivo, pois a ideia original previa a cria\u00e7\u00e3o de disciplina, o que entra em choque com a legisla\u00e7\u00e3o federal.<\/p>\n\n\n\n<p>\u201cA ideia do deputado Allyson \u00e9 louv\u00e1vel. \u00c9 muito boa porque logo cedo os estudantes v\u00e3o ter introdu\u00e7\u00e3o ao estudo da nossa Constitui\u00e7\u00e3o. No entanto, para que n\u00e3o entre em choque com a legisla\u00e7\u00e3o federal apresentamos esse substitutivo\u201d, destacou o relator da mat\u00e9ria, que na vota\u00e7\u00e3o foi aprovada por unanimidade.<\/p>\n\n\n\n<p>Em seu relat\u00f3rio, o deputado Francisco sublinhou que a Lei de Diretrizes e Bases da Educa\u00e7\u00e3o Nacional (LDB), em seu artigo 26, \u00a7 10, define que a inclus\u00e3o de novos componentes curriculares de car\u00e1ter obrigat\u00f3rio na Base Nacional Comum Curricular (BNCC) depender\u00e1 de aprova\u00e7\u00e3o do Conselho Nacional de Educa\u00e7\u00e3o e de homologa\u00e7\u00e3o pelo Ministro da Educa\u00e7\u00e3o.<\/p>\n\n\n\n<p>Ainda na vota\u00e7\u00e3o da pauta, mais duas mat\u00e9rias foram aprovadas na reuni\u00e3o. Uma que trata da celebra\u00e7\u00e3o de conv\u00eanio entre o Estado e prefeituras municipais, visando a implanta\u00e7\u00e3o de sistema de v\u00eddeomonitoramento e seguran\u00e7a para vigil\u00e2ncia permanente de vias p\u00fablicas, de iniciativa do deputado Kleber Rodrigues (Avante). A outra, de autoria de Allyson Bezerra, dispondo sobre o atendimento a pessoas com defici\u00eancia auditiva atrav\u00e9s de tradutor-int\u00e9rprete em l\u00edngua brasileira de Sinais (LIBRAS), nos equipamentos de sa\u00fade p\u00fablicos do Estado.<\/p>\n\n\n\n<p>Uma outra mat\u00e9ria, que trata da remo\u00e7\u00e3o por permuta entre membros do Minist\u00e9rio P\u00fablico do Rio Grande do Norte e membros do Minist\u00e9rio P\u00fablico de outros estados e do Minist\u00e9rio P\u00fablico do Distrito Federal e Territ\u00f3rios, foi pedida vista pelo deputado Galeno Torquato (PSD).<\/p>\n\n\n\n<p>Participaram tamb\u00e9m da reuni\u00e3o os deputados Tomba Farias (PSDB), presidente da Comiss\u00e3o, Cristiane Dantas (SDD) e Ubaldo Fernandes (PL).\u00a0<\/p>\n\n\n\n<figure class=\"wp-block-gallery columns-3 is-cropped wp-block-gallery-1 is-layout-flex wp-block-gallery-is-layout-flex\"><ul class=\"blocks-gallery-grid\"><li class=\"blocks-gallery-item\"><figure><a href=\"https:\/\/ubaldofernandes.com\/wp-content\/uploads\/2020\/08\/UUU-1-scaled.jpg\"><img loading=\"lazy\" decoding=\"async\" width=\"1024\" height=\"683\" src=\"https:\/\/ubaldofernandes.com\/wp-content\/uploads\/2020\/08\/UUU-1-1024x683.jpg\" alt=\"\" data-id=\"1002\" data-full-url=\"https:\/\/ubaldofernandes.com\/wp-content\/uploads\/2020\/08\/UUU-1-scaled.jpg\" data-link=\"https:\/\/ubaldofernandes.com\/?attachment_id=1002\" class=\"wp-image-1002\" srcset=\"https:\/\/ubaldofernandes.com\/wp-content\/uploads\/2020\/08\/UUU-1-1024x683.jpg 1024w, https:\/\/ubaldofernandes.com\/wp-content\/uploads\/2020\/08\/UUU-1-300x200.jpg 300w, https:\/\/ubaldofernandes.com\/wp-content\/uploads\/2020\/08\/UUU-1-768x512.jpg 768w, https:\/\/ubaldofernandes.com\/wp-content\/uploads\/2020\/08\/UUU-1-1536x1025.jpg 1536w, https:\/\/ubaldofernandes.com\/wp-content\/uploads\/2020\/08\/UUU-1-2048x1367.jpg 2048w\" sizes=\"auto, (max-width: 1024px) 100vw, 1024px\" \/><\/a><\/figure><\/li><li class=\"blocks-gallery-item\"><figure><a href=\"https:\/\/ubaldofernandes.com\/wp-content\/uploads\/2020\/08\/UUUU-scaled.jpg\"><img loading=\"lazy\" decoding=\"async\" width=\"1024\" height=\"683\" src=\"https:\/\/ubaldofernandes.com\/wp-content\/uploads\/2020\/08\/UUUU-1024x683.jpg\" alt=\"\" data-id=\"1003\" data-full-url=\"https:\/\/ubaldofernandes.com\/wp-content\/uploads\/2020\/08\/UUUU-scaled.jpg\" data-link=\"https:\/\/ubaldofernandes.com\/?attachment_id=1003\" class=\"wp-image-1003\" srcset=\"https:\/\/ubaldofernandes.com\/wp-content\/uploads\/2020\/08\/UUUU-1024x683.jpg 1024w, https:\/\/ubaldofernandes.com\/wp-content\/uploads\/2020\/08\/UUUU-300x200.jpg 300w, https:\/\/ubaldofernandes.com\/wp-content\/uploads\/2020\/08\/UUUU-768x512.jpg 768w, https:\/\/ubaldofernandes.com\/wp-content\/uploads\/2020\/08\/UUUU-1536x1025.jpg 1536w, https:\/\/ubaldofernandes.com\/wp-content\/uploads\/2020\/08\/UUUU-2048x1367.jpg 2048w\" sizes=\"auto, (max-width: 1024px) 100vw, 1024px\" \/><\/a><\/figure><\/li><li class=\"blocks-gallery-item\"><figure><a href=\"https:\/\/ubaldofernandes.com\/wp-content\/uploads\/2020\/08\/UUUUU-scaled.jpg\"><img loading=\"lazy\" decoding=\"async\" width=\"1024\" height=\"683\" src=\"https:\/\/ubaldofernandes.com\/wp-content\/uploads\/2020\/08\/UUUUU-1024x683.jpg\" alt=\"\" data-id=\"1004\" data-full-url=\"https:\/\/ubaldofernandes.com\/wp-content\/uploads\/2020\/08\/UUUUU-scaled.jpg\" data-link=\"https:\/\/ubaldofernandes.com\/?attachment_id=1004\" class=\"wp-image-1004\" srcset=\"https:\/\/ubaldofernandes.com\/wp-content\/uploads\/2020\/08\/UUUUU-1024x683.jpg 1024w, https:\/\/ubaldofernandes.com\/wp-content\/uploads\/2020\/08\/UUUUU-300x200.jpg 300w, https:\/\/ubaldofernandes.com\/wp-content\/uploads\/2020\/08\/UUUUU-768x512.jpg 768w, https:\/\/ubaldofernandes.com\/wp-content\/uploads\/2020\/08\/UUUUU-1536x1025.jpg 1536w, https:\/\/ubaldofernandes.com\/wp-content\/uploads\/2020\/08\/UUUUU-2048x1367.jpg 2048w\" sizes=\"auto, (max-width: 1024px) 100vw, 1024px\" \/><\/a><\/figure><\/li><\/ul><figcaption class=\"blocks-gallery-caption\">AL &#8211; Reuni\u00e3o da Comiss\u00e3o de Finan\u00e7as e Fiscaliza\u00e7\u00e3o. 14.08.2019 Ft. Jo\u00e3o Gilberto<\/figcaption><\/figure>\n\n\n\n<p> \u00a0\u00a0<\/p>\n","protected":false},"featured_media":1005,"parent":0,"template":"","categories":[5],"class_list":["post-1001","actuation","type-actuation","status-publish","has-post-thumbnail","hentry","category-comissoes"],"acf":[],"yoast_head":"<!-- This site is optimized with the Yoast SEO plugin v24.6 - https:\/\/yoast.com\/wordpress\/plugins\/seo\/ -->\n<title>CFF aprova substitutivo \u00e0 mat\u00e9ria sobre inclus\u00e3o de disciplina nas escolas do RN - Ubaldo Fernandes<\/title>\n<meta name=\"robots\" content=\"index, follow, max-snippet:-1, max-image-preview:large, max-video-preview:-1\" \/>\n<link rel=\"canonical\" href=\"https:\/\/ubaldofernandes.com\/index.php\/actuation\/cff-aprova-substitutivo-a-materia-sobre-inclusao-de-disciplina-nas-escolas-do-rn\/\" \/>\n<meta property=\"og:locale\" content=\"pt_BR\" \/>\n<meta property=\"og:type\" content=\"article\" \/>\n<meta property=\"og:title\" content=\"CFF aprova substitutivo \u00e0 mat\u00e9ria sobre inclus\u00e3o de disciplina nas escolas do RN - Ubaldo Fernandes\" \/>\n<meta property=\"og:description\" content=\"O Projeto de Lei 140\/2019, de autoria do deputado Allyson Bezerra (SDD), que trata da inclus\u00e3o da disciplina Introdu\u00e7\u00e3o \u00e0 Constitui\u00e7\u00e3o Federal na grade extracurricular das escolas estaduais de ensino fundamental e m\u00e9dio no Rio Grande do Norte, foi o assunto mais discutido na reuni\u00e3o da Comiss\u00e3o de Finan\u00e7as e Fiscaliza\u00e7\u00e3o (CFF), que j\u00e1 havia [&hellip;]\" \/>\n<meta property=\"og:url\" content=\"https:\/\/ubaldofernandes.com\/index.php\/actuation\/cff-aprova-substitutivo-a-materia-sobre-inclusao-de-disciplina-nas-escolas-do-rn\/\" \/>\n<meta property=\"og:site_name\" content=\"Ubaldo Fernandes\" \/>\n<meta property=\"article:modified_time\" content=\"2020-08-07T18:24:51+00:00\" \/>\n<meta property=\"og:image\" content=\"https:\/\/ubaldofernandes.com\/wp-content\/uploads\/2020\/08\/UU-scaled.jpg\" \/>\n\t<meta property=\"og:image:width\" content=\"2560\" \/>\n\t<meta property=\"og:image:height\" content=\"1708\" \/>\n\t<meta property=\"og:image:type\" content=\"image\/jpeg\" \/>\n<meta name=\"twitter:card\" content=\"summary_large_image\" \/>\n<meta name=\"twitter:label1\" content=\"Est. tempo de leitura\" \/>\n\t<meta name=\"twitter:data1\" content=\"2 minutos\" \/>\n<script type=\"application\/ld+json\" class=\"yoast-schema-graph\">{\"@context\":\"https:\/\/schema.org\",\"@graph\":[{\"@type\":\"WebPage\",\"@id\":\"https:\/\/ubaldofernandes.com\/index.php\/actuation\/cff-aprova-substitutivo-a-materia-sobre-inclusao-de-disciplina-nas-escolas-do-rn\/\",\"url\":\"https:\/\/ubaldofernandes.com\/index.php\/actuation\/cff-aprova-substitutivo-a-materia-sobre-inclusao-de-disciplina-nas-escolas-do-rn\/\",\"name\":\"CFF aprova substitutivo \u00e0 mat\u00e9ria sobre inclus\u00e3o de disciplina nas escolas do RN - Ubaldo Fernandes\",\"isPartOf\":{\"@id\":\"https:\/\/ubaldofernandes.com\/#website\"},\"primaryImageOfPage\":{\"@id\":\"https:\/\/ubaldofernandes.com\/index.php\/actuation\/cff-aprova-substitutivo-a-materia-sobre-inclusao-de-disciplina-nas-escolas-do-rn\/#primaryimage\"},\"image\":{\"@id\":\"https:\/\/ubaldofernandes.com\/index.php\/actuation\/cff-aprova-substitutivo-a-materia-sobre-inclusao-de-disciplina-nas-escolas-do-rn\/#primaryimage\"},\"thumbnailUrl\":\"https:\/\/ubaldofernandes.com\/wp-content\/uploads\/2020\/08\/UU-scaled.jpg\",\"datePublished\":\"2019-08-14T14:00:00+00:00\",\"dateModified\":\"2020-08-07T18:24:51+00:00\",\"breadcrumb\":{\"@id\":\"https:\/\/ubaldofernandes.com\/index.php\/actuation\/cff-aprova-substitutivo-a-materia-sobre-inclusao-de-disciplina-nas-escolas-do-rn\/#breadcrumb\"},\"inLanguage\":\"pt-BR\",\"potentialAction\":[{\"@type\":\"ReadAction\",\"target\":[\"https:\/\/ubaldofernandes.com\/index.php\/actuation\/cff-aprova-substitutivo-a-materia-sobre-inclusao-de-disciplina-nas-escolas-do-rn\/\"]}]},{\"@type\":\"ImageObject\",\"inLanguage\":\"pt-BR\",\"@id\":\"https:\/\/ubaldofernandes.com\/index.php\/actuation\/cff-aprova-substitutivo-a-materia-sobre-inclusao-de-disciplina-nas-escolas-do-rn\/#primaryimage\",\"url\":\"https:\/\/ubaldofernandes.com\/wp-content\/uploads\/2020\/08\/UU-scaled.jpg\",\"contentUrl\":\"https:\/\/ubaldofernandes.com\/wp-content\/uploads\/2020\/08\/UU-scaled.jpg\",\"width\":2560,\"height\":1708},{\"@type\":\"BreadcrumbList\",\"@id\":\"https:\/\/ubaldofernandes.com\/index.php\/actuation\/cff-aprova-substitutivo-a-materia-sobre-inclusao-de-disciplina-nas-escolas-do-rn\/#breadcrumb\",\"itemListElement\":[{\"@type\":\"ListItem\",\"position\":1,\"name\":\"In\u00edcio\",\"item\":\"https:\/\/ubaldofernandes.com\/\"},{\"@type\":\"ListItem\",\"position\":2,\"name\":\"Post Atua\u00e7\u00e3o Parlamentar\",\"item\":\"https:\/\/ubaldofernandes.com\/index.php\/actuation\/\"},{\"@type\":\"ListItem\",\"position\":3,\"name\":\"CFF aprova substitutivo \u00e0 mat\u00e9ria sobre inclus\u00e3o de disciplina nas escolas do RN\"}]},{\"@type\":\"WebSite\",\"@id\":\"https:\/\/ubaldofernandes.com\/#website\",\"url\":\"https:\/\/ubaldofernandes.com\/\",\"name\":\"Ubaldo Fernandes\",\"description\":\"Deputado Estadual\",\"potentialAction\":[{\"@type\":\"SearchAction\",\"target\":{\"@type\":\"EntryPoint\",\"urlTemplate\":\"https:\/\/ubaldofernandes.com\/?s={search_term_string}\"},\"query-input\":{\"@type\":\"PropertyValueSpecification\",\"valueRequired\":true,\"valueName\":\"search_term_string\"}}],\"inLanguage\":\"pt-BR\"}]}<\/script>\n<!-- \/ Yoast SEO plugin. -->","yoast_head_json":{"title":"CFF aprova substitutivo \u00e0 mat\u00e9ria sobre inclus\u00e3o de disciplina nas escolas do RN - Ubaldo Fernandes","robots":{"index":"index","follow":"follow","max-snippet":"max-snippet:-1","max-image-preview":"max-image-preview:large","max-video-preview":"max-video-preview:-1"},"canonical":"https:\/\/ubaldofernandes.com\/index.php\/actuation\/cff-aprova-substitutivo-a-materia-sobre-inclusao-de-disciplina-nas-escolas-do-rn\/","og_locale":"pt_BR","og_type":"article","og_title":"CFF aprova substitutivo \u00e0 mat\u00e9ria sobre inclus\u00e3o de disciplina nas escolas do RN - Ubaldo Fernandes","og_description":"O Projeto de Lei 140\/2019, de autoria do deputado Allyson Bezerra (SDD), que trata da inclus\u00e3o da disciplina Introdu\u00e7\u00e3o \u00e0 Constitui\u00e7\u00e3o Federal na grade extracurricular das escolas estaduais de ensino fundamental e m\u00e9dio no Rio Grande do Norte, foi o assunto mais discutido na reuni\u00e3o da Comiss\u00e3o de Finan\u00e7as e Fiscaliza\u00e7\u00e3o (CFF), que j\u00e1 havia [&hellip;]","og_url":"https:\/\/ubaldofernandes.com\/index.php\/actuation\/cff-aprova-substitutivo-a-materia-sobre-inclusao-de-disciplina-nas-escolas-do-rn\/","og_site_name":"Ubaldo Fernandes","article_modified_time":"2020-08-07T18:24:51+00:00","og_image":[{"width":2560,"height":1708,"url":"https:\/\/ubaldofernandes.com\/wp-content\/uploads\/2020\/08\/UU-scaled.jpg","type":"image\/jpeg"}],"twitter_card":"summary_large_image","twitter_misc":{"Est. tempo de leitura":"2 minutos"},"schema":{"@context":"https:\/\/schema.org","@graph":[{"@type":"WebPage","@id":"https:\/\/ubaldofernandes.com\/index.php\/actuation\/cff-aprova-substitutivo-a-materia-sobre-inclusao-de-disciplina-nas-escolas-do-rn\/","url":"https:\/\/ubaldofernandes.com\/index.php\/actuation\/cff-aprova-substitutivo-a-materia-sobre-inclusao-de-disciplina-nas-escolas-do-rn\/","name":"CFF aprova substitutivo \u00e0 mat\u00e9ria sobre inclus\u00e3o de disciplina nas escolas do RN - Ubaldo Fernandes","isPartOf":{"@id":"https:\/\/ubaldofernandes.com\/#website"},"primaryImageOfPage":{"@id":"https:\/\/ubaldofernandes.com\/index.php\/actuation\/cff-aprova-substitutivo-a-materia-sobre-inclusao-de-disciplina-nas-escolas-do-rn\/#primaryimage"},"image":{"@id":"https:\/\/ubaldofernandes.com\/index.php\/actuation\/cff-aprova-substitutivo-a-materia-sobre-inclusao-de-disciplina-nas-escolas-do-rn\/#primaryimage"},"thumbnailUrl":"https:\/\/ubaldofernandes.com\/wp-content\/uploads\/2020\/08\/UU-scaled.jpg","datePublished":"2019-08-14T14:00:00+00:00","dateModified":"2020-08-07T18:24:51+00:00","breadcrumb":{"@id":"https:\/\/ubaldofernandes.com\/index.php\/actuation\/cff-aprova-substitutivo-a-materia-sobre-inclusao-de-disciplina-nas-escolas-do-rn\/#breadcrumb"},"inLanguage":"pt-BR","potentialAction":[{"@type":"ReadAction","target":["https:\/\/ubaldofernandes.com\/index.php\/actuation\/cff-aprova-substitutivo-a-materia-sobre-inclusao-de-disciplina-nas-escolas-do-rn\/"]}]},{"@type":"ImageObject","inLanguage":"pt-BR","@id":"https:\/\/ubaldofernandes.com\/index.php\/actuation\/cff-aprova-substitutivo-a-materia-sobre-inclusao-de-disciplina-nas-escolas-do-rn\/#primaryimage","url":"https:\/\/ubaldofernandes.com\/wp-content\/uploads\/2020\/08\/UU-scaled.jpg","contentUrl":"https:\/\/ubaldofernandes.com\/wp-content\/uploads\/2020\/08\/UU-scaled.jpg","width":2560,"height":1708},{"@type":"BreadcrumbList","@id":"https:\/\/ubaldofernandes.com\/index.php\/actuation\/cff-aprova-substitutivo-a-materia-sobre-inclusao-de-disciplina-nas-escolas-do-rn\/#breadcrumb","itemListElement":[{"@type":"ListItem","position":1,"name":"In\u00edcio","item":"https:\/\/ubaldofernandes.com\/"},{"@type":"ListItem","position":2,"name":"Post Atua\u00e7\u00e3o Parlamentar","item":"https:\/\/ubaldofernandes.com\/index.php\/actuation\/"},{"@type":"ListItem","position":3,"name":"CFF aprova substitutivo \u00e0 mat\u00e9ria sobre inclus\u00e3o de disciplina nas escolas do RN"}]},{"@type":"WebSite","@id":"https:\/\/ubaldofernandes.com\/#website","url":"https:\/\/ubaldofernandes.com\/","name":"Ubaldo Fernandes","description":"Deputado Estadual","potentialAction":[{"@type":"SearchAction","target":{"@type":"EntryPoint","urlTemplate":"https:\/\/ubaldofernandes.com\/?s={search_term_string}"},"query-input":{"@type":"PropertyValueSpecification","valueRequired":true,"valueName":"search_term_string"}}],"inLanguage":"pt-BR"}]}},"_links":{"self":[{"href":"https:\/\/ubaldofernandes.com\/index.php\/wp-json\/wp\/v2\/actuation\/1001","targetHints":{"allow":["GET"]}}],"collection":[{"href":"https:\/\/ubaldofernandes.com\/index.php\/wp-json\/wp\/v2\/actuation"}],"about":[{"href":"https:\/\/ubaldofernandes.com\/index.php\/wp-json\/wp\/v2\/types\/actuation"}],"wp:featuredmedia":[{"embeddable":true,"href":"https:\/\/ubaldofernandes.com\/index.php\/wp-json\/wp\/v2\/media\/1005"}],"wp:attachment":[{"href":"https:\/\/ubaldofernandes.com\/index.php\/wp-json\/wp\/v2\/media?parent=1001"}],"wp:term":[{"taxonomy":"category","embeddable":true,"href":"https:\/\/ubaldofernandes.com\/index.php\/wp-json\/wp\/v2\/categories?post=1001"}],"curies":[{"name":"wp","href":"https:\/\/api.w.org\/{rel}","templated":true}]}}