{"id":1341,"date":"2020-10-06T18:16:00","date_gmt":"2020-10-06T21:16:00","guid":{"rendered":"https:\/\/ubaldofernandes.com\/?post_type=actuation&#038;p=1341"},"modified":"2020-10-07T09:20:51","modified_gmt":"2020-10-07T12:20:51","slug":"comissoes-aprovam-pareceres-da-lei-das-micro-e-pequenas-empresas","status":"publish","type":"actuation","link":"https:\/\/ubaldofernandes.com\/index.php\/actuation\/comissoes-aprovam-pareceres-da-lei-das-micro-e-pequenas-empresas\/","title":{"rendered":"Comiss\u00f5es aprovam pareceres da Lei das Micro e Pequenas Empresas"},"content":{"rendered":"\n<p>Por unanimidade as Comiss\u00f5es de Justi\u00e7a e Reda\u00e7\u00e3o (CCJ), Finan\u00e7as e Fiscaliza\u00e7\u00e3o (CFF) e Educa\u00e7\u00e3o, Ci\u00eancia e Tecnologia e Desenvolvimento Econ\u00f4mico e Social (CECTDES) aprovaram, por unanimidade, em reuni\u00e3o conjunta realizada na tarde desta ter\u00e7a-feira (6) pelo sistema h\u00edbrido \u2013 Remoto e Presencial, o substituto ao Projeto de Lei 213\/2020, de origem no Executivo estadual, instituindo e disciplinando a Lei Geral das Micro e Pequenas Empresas do Rio Grande do Norte. \u00a0<\/p>\n\n\n\n<p>A reuni\u00e3o foi presidida pelo deputado Hermano Morais (PSB) que foi o relator do substitutivo ao Projeto Original apresentado na Comiss\u00e3o de Constitui\u00e7\u00e3o, Justi\u00e7a e Reda\u00e7\u00e3o, depois das reuni\u00f5es p\u00fablicas realizadas com a participa\u00e7\u00e3o dos setores interessados. \u00a0<\/p>\n\n\n\n<p>\u201cForam dadas oportunidades para que os interessados no Projeto se manifestassem, quando foram apresentadas propostas de 46 emendas, sendo 29 do setor empresarial e 17 dos colegas parlamentares. As emendas n\u00e3o trazem preju\u00edzo para o Projeto original, que tem 11 cap\u00edtulos e 77 artigos. Essa mat\u00e9ria aprovada nessa reuni\u00e3o conjunta \u00e9 de grande import\u00e2ncia para o desenvolvimento econ\u00f4mico e social do Rio Grande do Norte\u201d, afirmou Hermano. \u00a0<\/p>\n\n\n\n<p>O Projeto tem o objetivo de regulamentar, em \u00e2mbito estadual, o tratamento diferenciado, favorecido e simplificado a ser dispensado \u00e0s microempresas (ME), \u00e0s empresas de pequeno porte (EPP), aos microempreendedores individuais (MEI) e a elas equiparadas, a que se referem os arts. 146, III, &#8220;d&#8221;, 170, IX, e 179 da Constitui\u00e7\u00e3o da Rep\u00fablica, a Lei Complementar Federal n\u00ba 123, de 14 de dezembro de 2006, e o art. 113 da Constitui\u00e7\u00e3o do Estado. \u00a0<\/p>\n\n\n\n<p>No encaminhamento da mat\u00e9ria, a governadora F\u00e1tima Bezerra (PT) justifica que, de acordo com dados do Banco Nacional de Desenvolvimento Econ\u00f4mico e Social (BNDES), 98% do total de empresas do Pa\u00eds s\u00e3o constitu\u00eddas de micro e pequenas empresas, as quais representam 93% dos estabelecimentos empregadores e correspondem a cerca de 60% dos empregos gerados no Brasil. \u00a0<\/p>\n\n\n\n<p>No Rio Grande do Norte, o percentual de empresas nessa faixa tamb\u00e9m se aproxima dos 90%, o que representa um n\u00famero de quase 200 mil empresas, \u00a0Microempreendedores individuais (MEI) e a outras modalidades de empresas a elas equiparadas, no intuito de desburocratizar o setor produtivo, com efeitos diretos sobre a vida das pessoas que delas dependem e da capacidade de gera\u00e7\u00e3o de emprego e renda. \u00a0<\/p>\n\n\n\n<p>\u201cCom efeito, observa-se que as micro e pequenas empresas s\u00e3o as que mais est\u00e3o sofrendo os impactos da retra\u00e7\u00e3o econ\u00f4mica ocasionada pela pandemia do novo coronav\u00edrus. Segundo dados divulgados pelo Instituto Brasileiro de Geografia e Estat\u00edstica (IBGE), no dia 16 de julho do 716,4mil empresas encerraram seu funcionamento em definitivo at\u00e9 a primeira quinzena de junho de 2020, das quais 99,8% correspondiam a micro e pequenas empresas\u201d, registra a mensagem encaminhada pelo Governo.<\/p>\n\n\n\n<p>O relator na Comiss\u00e3o de Finan\u00e7as e Fiscaliza\u00e7\u00e3o foi o deputado Ubaldo Fernandes (PL). J\u00e1 o deputado Francisco do PT relatou a mat\u00e9ria na Comiss\u00e3o de Educa\u00e7\u00e3o.\u00a0<\/p>\n\n\n\n<p>Participaram da reuni\u00e3o os deputados George Soares (PL), Get\u00falio R\u00eago (DEM), Raimundo Fernandes (PSDB), Kleber Rodrigues (PL), Coronel Azevedo (PSC), Cristiane Dantas (SDD), Hermano Morais, Francisco do PT e Ubaldo Fernandes (PL).<\/p>\n","protected":false},"featured_media":1342,"parent":0,"template":"","categories":[5],"class_list":["post-1341","actuation","type-actuation","status-publish","has-post-thumbnail","hentry","category-comissoes"],"acf":[],"yoast_head":"<!-- This site is optimized with the Yoast SEO plugin v24.6 - https:\/\/yoast.com\/wordpress\/plugins\/seo\/ -->\n<title>Comiss\u00f5es aprovam pareceres da Lei das Micro e Pequenas Empresas - Ubaldo Fernandes<\/title>\n<meta name=\"robots\" content=\"index, follow, max-snippet:-1, max-image-preview:large, max-video-preview:-1\" \/>\n<link rel=\"canonical\" href=\"https:\/\/ubaldofernandes.com\/index.php\/actuation\/comissoes-aprovam-pareceres-da-lei-das-micro-e-pequenas-empresas\/\" \/>\n<meta property=\"og:locale\" content=\"pt_BR\" \/>\n<meta property=\"og:type\" content=\"article\" \/>\n<meta property=\"og:title\" content=\"Comiss\u00f5es aprovam pareceres da Lei das Micro e Pequenas Empresas - Ubaldo Fernandes\" \/>\n<meta property=\"og:description\" content=\"Por unanimidade as Comiss\u00f5es de Justi\u00e7a e Reda\u00e7\u00e3o (CCJ), Finan\u00e7as e Fiscaliza\u00e7\u00e3o (CFF) e Educa\u00e7\u00e3o, Ci\u00eancia e Tecnologia e Desenvolvimento Econ\u00f4mico e Social (CECTDES) aprovaram, por unanimidade, em reuni\u00e3o conjunta realizada na tarde desta ter\u00e7a-feira (6) pelo sistema h\u00edbrido \u2013 Remoto e Presencial, o substituto ao Projeto de Lei 213\/2020, de origem no Executivo estadual, [&hellip;]\" \/>\n<meta property=\"og:url\" content=\"https:\/\/ubaldofernandes.com\/index.php\/actuation\/comissoes-aprovam-pareceres-da-lei-das-micro-e-pequenas-empresas\/\" \/>\n<meta property=\"og:site_name\" content=\"Ubaldo Fernandes\" \/>\n<meta property=\"article:modified_time\" content=\"2020-10-07T12:20:51+00:00\" \/>\n<meta property=\"og:image\" content=\"https:\/\/ubaldofernandes.com\/wp-content\/uploads\/2020\/10\/micro-e-pequenas.jpg\" \/>\n\t<meta property=\"og:image:width\" content=\"1276\" \/>\n\t<meta property=\"og:image:height\" content=\"850\" \/>\n\t<meta property=\"og:image:type\" content=\"image\/jpeg\" \/>\n<meta name=\"twitter:card\" content=\"summary_large_image\" \/>\n<meta name=\"twitter:label1\" content=\"Est. tempo de leitura\" \/>\n\t<meta name=\"twitter:data1\" content=\"3 minutos\" \/>\n<script type=\"application\/ld+json\" class=\"yoast-schema-graph\">{\"@context\":\"https:\/\/schema.org\",\"@graph\":[{\"@type\":\"WebPage\",\"@id\":\"https:\/\/ubaldofernandes.com\/index.php\/actuation\/comissoes-aprovam-pareceres-da-lei-das-micro-e-pequenas-empresas\/\",\"url\":\"https:\/\/ubaldofernandes.com\/index.php\/actuation\/comissoes-aprovam-pareceres-da-lei-das-micro-e-pequenas-empresas\/\",\"name\":\"Comiss\u00f5es aprovam pareceres da Lei das Micro e Pequenas Empresas - Ubaldo Fernandes\",\"isPartOf\":{\"@id\":\"https:\/\/ubaldofernandes.com\/#website\"},\"primaryImageOfPage\":{\"@id\":\"https:\/\/ubaldofernandes.com\/index.php\/actuation\/comissoes-aprovam-pareceres-da-lei-das-micro-e-pequenas-empresas\/#primaryimage\"},\"image\":{\"@id\":\"https:\/\/ubaldofernandes.com\/index.php\/actuation\/comissoes-aprovam-pareceres-da-lei-das-micro-e-pequenas-empresas\/#primaryimage\"},\"thumbnailUrl\":\"https:\/\/ubaldofernandes.com\/wp-content\/uploads\/2020\/10\/micro-e-pequenas.jpg\",\"datePublished\":\"2020-10-06T21:16:00+00:00\",\"dateModified\":\"2020-10-07T12:20:51+00:00\",\"breadcrumb\":{\"@id\":\"https:\/\/ubaldofernandes.com\/index.php\/actuation\/comissoes-aprovam-pareceres-da-lei-das-micro-e-pequenas-empresas\/#breadcrumb\"},\"inLanguage\":\"pt-BR\",\"potentialAction\":[{\"@type\":\"ReadAction\",\"target\":[\"https:\/\/ubaldofernandes.com\/index.php\/actuation\/comissoes-aprovam-pareceres-da-lei-das-micro-e-pequenas-empresas\/\"]}]},{\"@type\":\"ImageObject\",\"inLanguage\":\"pt-BR\",\"@id\":\"https:\/\/ubaldofernandes.com\/index.php\/actuation\/comissoes-aprovam-pareceres-da-lei-das-micro-e-pequenas-empresas\/#primaryimage\",\"url\":\"https:\/\/ubaldofernandes.com\/wp-content\/uploads\/2020\/10\/micro-e-pequenas.jpg\",\"contentUrl\":\"https:\/\/ubaldofernandes.com\/wp-content\/uploads\/2020\/10\/micro-e-pequenas.jpg\",\"width\":1276,\"height\":850},{\"@type\":\"BreadcrumbList\",\"@id\":\"https:\/\/ubaldofernandes.com\/index.php\/actuation\/comissoes-aprovam-pareceres-da-lei-das-micro-e-pequenas-empresas\/#breadcrumb\",\"itemListElement\":[{\"@type\":\"ListItem\",\"position\":1,\"name\":\"In\u00edcio\",\"item\":\"https:\/\/ubaldofernandes.com\/\"},{\"@type\":\"ListItem\",\"position\":2,\"name\":\"Post Atua\u00e7\u00e3o Parlamentar\",\"item\":\"https:\/\/ubaldofernandes.com\/index.php\/actuation\/\"},{\"@type\":\"ListItem\",\"position\":3,\"name\":\"Comiss\u00f5es aprovam pareceres da Lei das Micro e Pequenas Empresas\"}]},{\"@type\":\"WebSite\",\"@id\":\"https:\/\/ubaldofernandes.com\/#website\",\"url\":\"https:\/\/ubaldofernandes.com\/\",\"name\":\"Ubaldo Fernandes\",\"description\":\"Deputado Estadual\",\"potentialAction\":[{\"@type\":\"SearchAction\",\"target\":{\"@type\":\"EntryPoint\",\"urlTemplate\":\"https:\/\/ubaldofernandes.com\/?s={search_term_string}\"},\"query-input\":{\"@type\":\"PropertyValueSpecification\",\"valueRequired\":true,\"valueName\":\"search_term_string\"}}],\"inLanguage\":\"pt-BR\"}]}<\/script>\n<!-- \/ Yoast SEO plugin. -->","yoast_head_json":{"title":"Comiss\u00f5es aprovam pareceres da Lei das Micro e Pequenas Empresas - Ubaldo Fernandes","robots":{"index":"index","follow":"follow","max-snippet":"max-snippet:-1","max-image-preview":"max-image-preview:large","max-video-preview":"max-video-preview:-1"},"canonical":"https:\/\/ubaldofernandes.com\/index.php\/actuation\/comissoes-aprovam-pareceres-da-lei-das-micro-e-pequenas-empresas\/","og_locale":"pt_BR","og_type":"article","og_title":"Comiss\u00f5es aprovam pareceres da Lei das Micro e Pequenas Empresas - Ubaldo Fernandes","og_description":"Por unanimidade as Comiss\u00f5es de Justi\u00e7a e Reda\u00e7\u00e3o (CCJ), Finan\u00e7as e Fiscaliza\u00e7\u00e3o (CFF) e Educa\u00e7\u00e3o, Ci\u00eancia e Tecnologia e Desenvolvimento Econ\u00f4mico e Social (CECTDES) aprovaram, por unanimidade, em reuni\u00e3o conjunta realizada na tarde desta ter\u00e7a-feira (6) pelo sistema h\u00edbrido \u2013 Remoto e Presencial, o substituto ao Projeto de Lei 213\/2020, de origem no Executivo estadual, [&hellip;]","og_url":"https:\/\/ubaldofernandes.com\/index.php\/actuation\/comissoes-aprovam-pareceres-da-lei-das-micro-e-pequenas-empresas\/","og_site_name":"Ubaldo Fernandes","article_modified_time":"2020-10-07T12:20:51+00:00","og_image":[{"width":1276,"height":850,"url":"https:\/\/ubaldofernandes.com\/wp-content\/uploads\/2020\/10\/micro-e-pequenas.jpg","type":"image\/jpeg"}],"twitter_card":"summary_large_image","twitter_misc":{"Est. tempo de leitura":"3 minutos"},"schema":{"@context":"https:\/\/schema.org","@graph":[{"@type":"WebPage","@id":"https:\/\/ubaldofernandes.com\/index.php\/actuation\/comissoes-aprovam-pareceres-da-lei-das-micro-e-pequenas-empresas\/","url":"https:\/\/ubaldofernandes.com\/index.php\/actuation\/comissoes-aprovam-pareceres-da-lei-das-micro-e-pequenas-empresas\/","name":"Comiss\u00f5es aprovam pareceres da Lei das Micro e Pequenas Empresas - Ubaldo Fernandes","isPartOf":{"@id":"https:\/\/ubaldofernandes.com\/#website"},"primaryImageOfPage":{"@id":"https:\/\/ubaldofernandes.com\/index.php\/actuation\/comissoes-aprovam-pareceres-da-lei-das-micro-e-pequenas-empresas\/#primaryimage"},"image":{"@id":"https:\/\/ubaldofernandes.com\/index.php\/actuation\/comissoes-aprovam-pareceres-da-lei-das-micro-e-pequenas-empresas\/#primaryimage"},"thumbnailUrl":"https:\/\/ubaldofernandes.com\/wp-content\/uploads\/2020\/10\/micro-e-pequenas.jpg","datePublished":"2020-10-06T21:16:00+00:00","dateModified":"2020-10-07T12:20:51+00:00","breadcrumb":{"@id":"https:\/\/ubaldofernandes.com\/index.php\/actuation\/comissoes-aprovam-pareceres-da-lei-das-micro-e-pequenas-empresas\/#breadcrumb"},"inLanguage":"pt-BR","potentialAction":[{"@type":"ReadAction","target":["https:\/\/ubaldofernandes.com\/index.php\/actuation\/comissoes-aprovam-pareceres-da-lei-das-micro-e-pequenas-empresas\/"]}]},{"@type":"ImageObject","inLanguage":"pt-BR","@id":"https:\/\/ubaldofernandes.com\/index.php\/actuation\/comissoes-aprovam-pareceres-da-lei-das-micro-e-pequenas-empresas\/#primaryimage","url":"https:\/\/ubaldofernandes.com\/wp-content\/uploads\/2020\/10\/micro-e-pequenas.jpg","contentUrl":"https:\/\/ubaldofernandes.com\/wp-content\/uploads\/2020\/10\/micro-e-pequenas.jpg","width":1276,"height":850},{"@type":"BreadcrumbList","@id":"https:\/\/ubaldofernandes.com\/index.php\/actuation\/comissoes-aprovam-pareceres-da-lei-das-micro-e-pequenas-empresas\/#breadcrumb","itemListElement":[{"@type":"ListItem","position":1,"name":"In\u00edcio","item":"https:\/\/ubaldofernandes.com\/"},{"@type":"ListItem","position":2,"name":"Post Atua\u00e7\u00e3o Parlamentar","item":"https:\/\/ubaldofernandes.com\/index.php\/actuation\/"},{"@type":"ListItem","position":3,"name":"Comiss\u00f5es aprovam pareceres da Lei das Micro e Pequenas Empresas"}]},{"@type":"WebSite","@id":"https:\/\/ubaldofernandes.com\/#website","url":"https:\/\/ubaldofernandes.com\/","name":"Ubaldo Fernandes","description":"Deputado Estadual","potentialAction":[{"@type":"SearchAction","target":{"@type":"EntryPoint","urlTemplate":"https:\/\/ubaldofernandes.com\/?s={search_term_string}"},"query-input":{"@type":"PropertyValueSpecification","valueRequired":true,"valueName":"search_term_string"}}],"inLanguage":"pt-BR"}]}},"_links":{"self":[{"href":"https:\/\/ubaldofernandes.com\/index.php\/wp-json\/wp\/v2\/actuation\/1341","targetHints":{"allow":["GET"]}}],"collection":[{"href":"https:\/\/ubaldofernandes.com\/index.php\/wp-json\/wp\/v2\/actuation"}],"about":[{"href":"https:\/\/ubaldofernandes.com\/index.php\/wp-json\/wp\/v2\/types\/actuation"}],"wp:featuredmedia":[{"embeddable":true,"href":"https:\/\/ubaldofernandes.com\/index.php\/wp-json\/wp\/v2\/media\/1342"}],"wp:attachment":[{"href":"https:\/\/ubaldofernandes.com\/index.php\/wp-json\/wp\/v2\/media?parent=1341"}],"wp:term":[{"taxonomy":"category","embeddable":true,"href":"https:\/\/ubaldofernandes.com\/index.php\/wp-json\/wp\/v2\/categories?post=1341"}],"curies":[{"name":"wp","href":"https:\/\/api.w.org\/{rel}","templated":true}]}}