{"id":1357,"date":"2020-10-14T11:38:36","date_gmt":"2020-10-14T14:38:36","guid":{"rendered":"https:\/\/ubaldofernandes.com\/?post_type=actuation&#038;p=1357"},"modified":"2020-10-15T10:02:00","modified_gmt":"2020-10-15T13:02:00","slug":"comissao-de-financas-aprova-projeto-que-altera-lei-organica-da-policia-civil","status":"publish","type":"actuation","link":"https:\/\/ubaldofernandes.com\/index.php\/actuation\/comissao-de-financas-aprova-projeto-que-altera-lei-organica-da-policia-civil\/","title":{"rendered":"Comiss\u00e3o de Finan\u00e7as aprova projeto que altera Lei Org\u00e2nica da Pol\u00edcia Civil"},"content":{"rendered":"\n<p>Por unanimidade, a Comiss\u00e3o de Finan\u00e7as e Fiscaliza\u00e7\u00e3o (CFF) da Assembleia Legislativa do Rio Grande do Norte aprovou em reuni\u00e3o h\u00edbrida, pelos sistemas presencial e remoto, realizada na manh\u00e3 desta ter\u00e7a-feira (14), o Projeto de Lei Complementar (PLC) 13\/2020, de iniciativa do Executivo, que Altera a Lei Org\u00e2nica e Estatuto da Pol\u00edcia Civil do Estado.<\/p>\n\n\n\n<p>Relatada pelo deputado Tomba Farias (PSDB) a propositura tem por finalidade evitar a ocorr\u00eancia de dificuldades impostas pela Lei a ser modificada e disciplinar a participa\u00e7\u00e3o dos cidad\u00e3os em concurso p\u00fablico para a Pol\u00edcia Civil, notadamente quando ao n\u00famero de concursandos que ter\u00e3o as provas subjetivas corrigidas.<\/p>\n\n\n\n<p>\u201cA atual reda\u00e7\u00e3o do \u00a7 5\u00ba do artigo 44 da Lei 270 de 2004 pode culminar em uma esdr\u00faxula situa\u00e7\u00e3o de falta de candidatos aptos, inclusive, para o curso de forma\u00e7\u00e3o previsto. Outrossim, tem sido comum uma evas\u00e3o entre os candidatos que terminam o curso de forma\u00e7\u00e3o e acabam sendo nomeados em outros concursos, haja vista se tratar de um processo longo tanto para conclus\u00e3o do certame como para a efetiva nomea\u00e7\u00e3o\u201d, est\u00e1 escrito na justificativa do encaminhamento da mat\u00e9ria.<\/p>\n\n\n\n<p>Al\u00e9m desse Projeto, a Comiss\u00e3o aprovou tamb\u00e9m, por unanimidade, o Projeto de Lei de autoria do deputado Francisco do PT que altera artigo da LEI 4.136 que cria o Conselho de Recursos Fiscais e o Projeto de Lei 302\/2019, de iniciativa do deputado Ezequiel Ferreira de Souza (PSDB), que Institui Diretrizes de Incentivo e Fomento \u00e0 Literatura de Cordel nas escolas p\u00fablicas e privadas do Rio Grande do Norte.<\/p>\n\n\n\n<p>Participaram da reuni\u00e3o os deputados Kelps Lima (SDD), Jos\u00e9 Dias (PSDB), Tomba Faria, Ubaldo Fernandes (PL) e Souza Neto (PSB).<\/p>\n\n\n\n<figure class=\"wp-block-image size-large\"><img loading=\"lazy\" decoding=\"async\" width=\"1024\" height=\"683\" src=\"https:\/\/ubaldofernandes.com\/wp-content\/uploads\/2020\/10\/comissao-financas-1024x683.jpg\" alt=\"\" class=\"wp-image-1358\" srcset=\"https:\/\/ubaldofernandes.com\/wp-content\/uploads\/2020\/10\/comissao-financas-1024x683.jpg 1024w, https:\/\/ubaldofernandes.com\/wp-content\/uploads\/2020\/10\/comissao-financas-300x200.jpg 300w, https:\/\/ubaldofernandes.com\/wp-content\/uploads\/2020\/10\/comissao-financas-768x512.jpg 768w, https:\/\/ubaldofernandes.com\/wp-content\/uploads\/2020\/10\/comissao-financas-1536x1024.jpg 1536w, https:\/\/ubaldofernandes.com\/wp-content\/uploads\/2020\/10\/comissao-financas.jpg 1620w\" sizes=\"auto, (max-width: 1024px) 100vw, 1024px\" \/><\/figure>\n","protected":false},"featured_media":1359,"parent":0,"template":"","categories":[5],"class_list":["post-1357","actuation","type-actuation","status-publish","has-post-thumbnail","hentry","category-comissoes"],"acf":[],"yoast_head":"<!-- This site is optimized with the Yoast SEO plugin v24.6 - https:\/\/yoast.com\/wordpress\/plugins\/seo\/ -->\n<title>Comiss\u00e3o de Finan\u00e7as aprova projeto que altera Lei Org\u00e2nica da Pol\u00edcia Civil - Ubaldo Fernandes<\/title>\n<meta name=\"robots\" content=\"index, follow, max-snippet:-1, max-image-preview:large, max-video-preview:-1\" \/>\n<link rel=\"canonical\" href=\"https:\/\/ubaldofernandes.com\/index.php\/actuation\/comissao-de-financas-aprova-projeto-que-altera-lei-organica-da-policia-civil\/\" \/>\n<meta property=\"og:locale\" content=\"pt_BR\" \/>\n<meta property=\"og:type\" content=\"article\" \/>\n<meta property=\"og:title\" content=\"Comiss\u00e3o de Finan\u00e7as aprova projeto que altera Lei Org\u00e2nica da Pol\u00edcia Civil - Ubaldo Fernandes\" \/>\n<meta property=\"og:description\" content=\"Por unanimidade, a Comiss\u00e3o de Finan\u00e7as e Fiscaliza\u00e7\u00e3o (CFF) da Assembleia Legislativa do Rio Grande do Norte aprovou em reuni\u00e3o h\u00edbrida, pelos sistemas presencial e remoto, realizada na manh\u00e3 desta ter\u00e7a-feira (14), o Projeto de Lei Complementar (PLC) 13\/2020, de iniciativa do Executivo, que Altera a Lei Org\u00e2nica e Estatuto da Pol\u00edcia Civil do Estado. [&hellip;]\" \/>\n<meta property=\"og:url\" content=\"https:\/\/ubaldofernandes.com\/index.php\/actuation\/comissao-de-financas-aprova-projeto-que-altera-lei-organica-da-policia-civil\/\" \/>\n<meta property=\"og:site_name\" content=\"Ubaldo Fernandes\" \/>\n<meta property=\"article:modified_time\" content=\"2020-10-15T13:02:00+00:00\" \/>\n<meta property=\"og:image\" content=\"https:\/\/ubaldofernandes.com\/wp-content\/uploads\/2020\/10\/comissao-financas-2-scaled.jpg\" \/>\n\t<meta property=\"og:image:width\" content=\"2560\" \/>\n\t<meta property=\"og:image:height\" content=\"1746\" \/>\n\t<meta property=\"og:image:type\" content=\"image\/jpeg\" \/>\n<meta name=\"twitter:card\" content=\"summary_large_image\" \/>\n<meta name=\"twitter:label1\" content=\"Est. tempo de leitura\" \/>\n\t<meta name=\"twitter:data1\" content=\"1 minuto\" \/>\n<script type=\"application\/ld+json\" class=\"yoast-schema-graph\">{\"@context\":\"https:\/\/schema.org\",\"@graph\":[{\"@type\":\"WebPage\",\"@id\":\"https:\/\/ubaldofernandes.com\/index.php\/actuation\/comissao-de-financas-aprova-projeto-que-altera-lei-organica-da-policia-civil\/\",\"url\":\"https:\/\/ubaldofernandes.com\/index.php\/actuation\/comissao-de-financas-aprova-projeto-que-altera-lei-organica-da-policia-civil\/\",\"name\":\"Comiss\u00e3o de Finan\u00e7as aprova projeto que altera Lei Org\u00e2nica da Pol\u00edcia Civil - Ubaldo Fernandes\",\"isPartOf\":{\"@id\":\"https:\/\/ubaldofernandes.com\/#website\"},\"primaryImageOfPage\":{\"@id\":\"https:\/\/ubaldofernandes.com\/index.php\/actuation\/comissao-de-financas-aprova-projeto-que-altera-lei-organica-da-policia-civil\/#primaryimage\"},\"image\":{\"@id\":\"https:\/\/ubaldofernandes.com\/index.php\/actuation\/comissao-de-financas-aprova-projeto-que-altera-lei-organica-da-policia-civil\/#primaryimage\"},\"thumbnailUrl\":\"https:\/\/ubaldofernandes.com\/wp-content\/uploads\/2020\/10\/comissao-financas-2-scaled.jpg\",\"datePublished\":\"2020-10-14T14:38:36+00:00\",\"dateModified\":\"2020-10-15T13:02:00+00:00\",\"breadcrumb\":{\"@id\":\"https:\/\/ubaldofernandes.com\/index.php\/actuation\/comissao-de-financas-aprova-projeto-que-altera-lei-organica-da-policia-civil\/#breadcrumb\"},\"inLanguage\":\"pt-BR\",\"potentialAction\":[{\"@type\":\"ReadAction\",\"target\":[\"https:\/\/ubaldofernandes.com\/index.php\/actuation\/comissao-de-financas-aprova-projeto-que-altera-lei-organica-da-policia-civil\/\"]}]},{\"@type\":\"ImageObject\",\"inLanguage\":\"pt-BR\",\"@id\":\"https:\/\/ubaldofernandes.com\/index.php\/actuation\/comissao-de-financas-aprova-projeto-que-altera-lei-organica-da-policia-civil\/#primaryimage\",\"url\":\"https:\/\/ubaldofernandes.com\/wp-content\/uploads\/2020\/10\/comissao-financas-2-scaled.jpg\",\"contentUrl\":\"https:\/\/ubaldofernandes.com\/wp-content\/uploads\/2020\/10\/comissao-financas-2-scaled.jpg\",\"width\":2560,\"height\":1746},{\"@type\":\"BreadcrumbList\",\"@id\":\"https:\/\/ubaldofernandes.com\/index.php\/actuation\/comissao-de-financas-aprova-projeto-que-altera-lei-organica-da-policia-civil\/#breadcrumb\",\"itemListElement\":[{\"@type\":\"ListItem\",\"position\":1,\"name\":\"In\u00edcio\",\"item\":\"https:\/\/ubaldofernandes.com\/\"},{\"@type\":\"ListItem\",\"position\":2,\"name\":\"Post Atua\u00e7\u00e3o Parlamentar\",\"item\":\"https:\/\/ubaldofernandes.com\/index.php\/actuation\/\"},{\"@type\":\"ListItem\",\"position\":3,\"name\":\"Comiss\u00e3o de Finan\u00e7as aprova projeto que altera Lei Org\u00e2nica da Pol\u00edcia Civil\"}]},{\"@type\":\"WebSite\",\"@id\":\"https:\/\/ubaldofernandes.com\/#website\",\"url\":\"https:\/\/ubaldofernandes.com\/\",\"name\":\"Ubaldo Fernandes\",\"description\":\"Deputado Estadual\",\"potentialAction\":[{\"@type\":\"SearchAction\",\"target\":{\"@type\":\"EntryPoint\",\"urlTemplate\":\"https:\/\/ubaldofernandes.com\/?s={search_term_string}\"},\"query-input\":{\"@type\":\"PropertyValueSpecification\",\"valueRequired\":true,\"valueName\":\"search_term_string\"}}],\"inLanguage\":\"pt-BR\"}]}<\/script>\n<!-- \/ Yoast SEO plugin. -->","yoast_head_json":{"title":"Comiss\u00e3o de Finan\u00e7as aprova projeto que altera Lei Org\u00e2nica da Pol\u00edcia Civil - Ubaldo Fernandes","robots":{"index":"index","follow":"follow","max-snippet":"max-snippet:-1","max-image-preview":"max-image-preview:large","max-video-preview":"max-video-preview:-1"},"canonical":"https:\/\/ubaldofernandes.com\/index.php\/actuation\/comissao-de-financas-aprova-projeto-que-altera-lei-organica-da-policia-civil\/","og_locale":"pt_BR","og_type":"article","og_title":"Comiss\u00e3o de Finan\u00e7as aprova projeto que altera Lei Org\u00e2nica da Pol\u00edcia Civil - Ubaldo Fernandes","og_description":"Por unanimidade, a Comiss\u00e3o de Finan\u00e7as e Fiscaliza\u00e7\u00e3o (CFF) da Assembleia Legislativa do Rio Grande do Norte aprovou em reuni\u00e3o h\u00edbrida, pelos sistemas presencial e remoto, realizada na manh\u00e3 desta ter\u00e7a-feira (14), o Projeto de Lei Complementar (PLC) 13\/2020, de iniciativa do Executivo, que Altera a Lei Org\u00e2nica e Estatuto da Pol\u00edcia Civil do Estado. [&hellip;]","og_url":"https:\/\/ubaldofernandes.com\/index.php\/actuation\/comissao-de-financas-aprova-projeto-que-altera-lei-organica-da-policia-civil\/","og_site_name":"Ubaldo Fernandes","article_modified_time":"2020-10-15T13:02:00+00:00","og_image":[{"width":2560,"height":1746,"url":"https:\/\/ubaldofernandes.com\/wp-content\/uploads\/2020\/10\/comissao-financas-2-scaled.jpg","type":"image\/jpeg"}],"twitter_card":"summary_large_image","twitter_misc":{"Est. tempo de leitura":"1 minuto"},"schema":{"@context":"https:\/\/schema.org","@graph":[{"@type":"WebPage","@id":"https:\/\/ubaldofernandes.com\/index.php\/actuation\/comissao-de-financas-aprova-projeto-que-altera-lei-organica-da-policia-civil\/","url":"https:\/\/ubaldofernandes.com\/index.php\/actuation\/comissao-de-financas-aprova-projeto-que-altera-lei-organica-da-policia-civil\/","name":"Comiss\u00e3o de Finan\u00e7as aprova projeto que altera Lei Org\u00e2nica da Pol\u00edcia Civil - Ubaldo Fernandes","isPartOf":{"@id":"https:\/\/ubaldofernandes.com\/#website"},"primaryImageOfPage":{"@id":"https:\/\/ubaldofernandes.com\/index.php\/actuation\/comissao-de-financas-aprova-projeto-que-altera-lei-organica-da-policia-civil\/#primaryimage"},"image":{"@id":"https:\/\/ubaldofernandes.com\/index.php\/actuation\/comissao-de-financas-aprova-projeto-que-altera-lei-organica-da-policia-civil\/#primaryimage"},"thumbnailUrl":"https:\/\/ubaldofernandes.com\/wp-content\/uploads\/2020\/10\/comissao-financas-2-scaled.jpg","datePublished":"2020-10-14T14:38:36+00:00","dateModified":"2020-10-15T13:02:00+00:00","breadcrumb":{"@id":"https:\/\/ubaldofernandes.com\/index.php\/actuation\/comissao-de-financas-aprova-projeto-que-altera-lei-organica-da-policia-civil\/#breadcrumb"},"inLanguage":"pt-BR","potentialAction":[{"@type":"ReadAction","target":["https:\/\/ubaldofernandes.com\/index.php\/actuation\/comissao-de-financas-aprova-projeto-que-altera-lei-organica-da-policia-civil\/"]}]},{"@type":"ImageObject","inLanguage":"pt-BR","@id":"https:\/\/ubaldofernandes.com\/index.php\/actuation\/comissao-de-financas-aprova-projeto-que-altera-lei-organica-da-policia-civil\/#primaryimage","url":"https:\/\/ubaldofernandes.com\/wp-content\/uploads\/2020\/10\/comissao-financas-2-scaled.jpg","contentUrl":"https:\/\/ubaldofernandes.com\/wp-content\/uploads\/2020\/10\/comissao-financas-2-scaled.jpg","width":2560,"height":1746},{"@type":"BreadcrumbList","@id":"https:\/\/ubaldofernandes.com\/index.php\/actuation\/comissao-de-financas-aprova-projeto-que-altera-lei-organica-da-policia-civil\/#breadcrumb","itemListElement":[{"@type":"ListItem","position":1,"name":"In\u00edcio","item":"https:\/\/ubaldofernandes.com\/"},{"@type":"ListItem","position":2,"name":"Post Atua\u00e7\u00e3o Parlamentar","item":"https:\/\/ubaldofernandes.com\/index.php\/actuation\/"},{"@type":"ListItem","position":3,"name":"Comiss\u00e3o de Finan\u00e7as aprova projeto que altera Lei Org\u00e2nica da Pol\u00edcia Civil"}]},{"@type":"WebSite","@id":"https:\/\/ubaldofernandes.com\/#website","url":"https:\/\/ubaldofernandes.com\/","name":"Ubaldo Fernandes","description":"Deputado Estadual","potentialAction":[{"@type":"SearchAction","target":{"@type":"EntryPoint","urlTemplate":"https:\/\/ubaldofernandes.com\/?s={search_term_string}"},"query-input":{"@type":"PropertyValueSpecification","valueRequired":true,"valueName":"search_term_string"}}],"inLanguage":"pt-BR"}]}},"_links":{"self":[{"href":"https:\/\/ubaldofernandes.com\/index.php\/wp-json\/wp\/v2\/actuation\/1357","targetHints":{"allow":["GET"]}}],"collection":[{"href":"https:\/\/ubaldofernandes.com\/index.php\/wp-json\/wp\/v2\/actuation"}],"about":[{"href":"https:\/\/ubaldofernandes.com\/index.php\/wp-json\/wp\/v2\/types\/actuation"}],"wp:featuredmedia":[{"embeddable":true,"href":"https:\/\/ubaldofernandes.com\/index.php\/wp-json\/wp\/v2\/media\/1359"}],"wp:attachment":[{"href":"https:\/\/ubaldofernandes.com\/index.php\/wp-json\/wp\/v2\/media?parent=1357"}],"wp:term":[{"taxonomy":"category","embeddable":true,"href":"https:\/\/ubaldofernandes.com\/index.php\/wp-json\/wp\/v2\/categories?post=1357"}],"curies":[{"name":"wp","href":"https:\/\/api.w.org\/{rel}","templated":true}]}}