{"id":2860,"date":"2021-09-04T09:26:00","date_gmt":"2021-09-04T12:26:00","guid":{"rendered":"https:\/\/ubaldofernandes.com\/?post_type=actuation&#038;p=2860"},"modified":"2021-09-14T09:51:45","modified_gmt":"2021-09-14T12:51:45","slug":"ubaldo-fernandes-homenageia-10-personalidades-em-alusao-ao-dia-municipal-das-rocas","status":"publish","type":"actuation","link":"https:\/\/ubaldofernandes.com\/index.php\/actuation\/ubaldo-fernandes-homenageia-10-personalidades-em-alusao-ao-dia-municipal-das-rocas\/","title":{"rendered":"Ubaldo Fernandes homenageia 10 personalidades em alus\u00e3o ao Dia Municipal das Rocas"},"content":{"rendered":"\n<p>Um dos marcos no desenvolvimento das Rocas, o IFRN Cidade Alta\/Rocas foi palco, na noite desta sexta-feira (03), de uma Sess\u00e3o Solene em homenagem ao Dia Municipal das Rocas, institu\u00eddo em 2010 no Calend\u00e1rio Oficial de Eventos de Natal pelo Projeto de Lei n\u00b0 192\/10, de autoria do ent\u00e3o vereador Ubaldo Fernandes, hoje deputado estadual.<\/p>\n\n\n\n<p>O parlamentar representante da regi\u00e3o e o vereador Herberth Sena homenagearam 10 personalidades com relevantes servi\u00e7os prestados ao bairro e regi\u00e3o Leste. Foram eles: Raimunda Mendes do Nascimento, professor Ayres Charles Nogueira, Carlos Alberto de Freitas (Carlinhos Zens), Dr. Eduardo Ronald Costa, Jo\u00e3o Maria de Oliveira, Rosana Maria Rodrigues Silva Andrade, Francisco Gon\u00e7alves Ramos Neto, Dr. George Antunes de Oliveira, Dr&nbsp; Lenivaldo Ferreira Pimentel e Albemar de Souza Marinho.<\/p>\n\n\n\n<p>O deputado Ubaldo Fernandes (PL) falou sobre sua hist\u00f3ria, desde sua chegada em 1985 e todas as lutas que vem empreendendo ao lado do seu povo, destacando o orgulho de representar essas pessoas que t\u00eam a resist\u00eancia e a garra no seu hist\u00f3rico de lutas. Lembrou Caf\u00e9 Filho, \u00fanico potiguar a chegar \u00e0 presid\u00eancia da Rep\u00fablica e toda essa caracter\u00edstica de garra de seu povo canguleiro. Por isso, conseguiram a continuidade do Hospital das Rocas, 6,5 mil escrituras p\u00fablicas para a regi\u00e3o Leste, IFRN, biblioteca atrav\u00e9s da FIERN, entre tantas outras conquistas que citou no discurso.<\/p>\n\n\n\n<p>Um dos homenageados, Dr. George Antunes destacou a honra em representar personalidades t\u00e3o significativas pra hist\u00f3ria das Rocas, trazendo desenvolvimento e valoriza\u00e7\u00e3o para regi\u00e3o, observando o trabalho di\u00e1rio de todos que lutam pela coletividade como \u00e9 o fato de Ubaldo e Herberth, que sempre o procuram na luta por melhorias da sa\u00fade dessa regi\u00e3o. &#8220;Me sinto muito honrado por essa homenagem e mais ainda por estar aqui falando em nome de todos os homenageados que s\u00e3o pessoas de peso na hist\u00f3ria das Rocas e isso me deixa muito lisonjeado&#8221;, destacou.<\/p>\n\n\n\n<p>&#8220;Nasci e vivo nas Rocas e tenho muito orgulho de represent\u00e1-la. Esse bairro com origem de grupos de pescadores e que hoje tem esse povo aguerrido e trabalhador que acolhe t\u00e3o bem todos que chegam aqui. Que \u00e9 ber\u00e7o do samba, do futebol e da cultura&#8221;, ressaltou, por sua vez, o vereador Herberth.<\/p>\n\n\n\n<p>Deputado Ubaldo programa ainda outros eventos. No dia 12\/09, \u00e0s 19h, ter\u00e1 uma Missa na Igreja Sagrada Fam\u00edlia. J\u00e1 no dia 19\/09, a partir das 18h, acontece um Culto na Assembleia de Deus Igreja Polo Rocas \u2013 Setor 15. Por fim, no dia 25\/09, das 8h \u00e0s 13h, Ubaldo realizar\u00e1 a A\u00e7\u00e3o do Bem em local ainda a ser definido.<\/p>\n\n\n\n<p><strong>HIST\u00d3RIA<\/strong><\/p>\n\n\n\n<p>Rocas teve seu in\u00edcio de povoamento em meados de 1880\u00a0 Primeiramente, o historiador Luiz C\u00e2mara Cascudo o nomeou de \u201cIlha de Montenegro&#8221;, em 1956. Logo em seguida, devido \u00e0 quantidade de grupos de pescadores que chegaram \u00e0 regi\u00e3o (1980), teve nome alterado para \u201cAtol das Rocas\u201d, que era bastante famoso para os pescadores devido \u00e0 sua boa \u00e1rea para a pesca. Segundo Cascudo, os pescadores pescavam nas \u00e1guas do atol e denominaram as Rocas como \u201ca morada em terras firmes\u201d.<\/p>\n\n\n\n<p><strong>AL &#8211; Ato Solene em comemora\u00e7\u00e3o ao anivers\u00e1rio do Bairro das Rocas. 03.09.2021. Ft. Frankie Marcone<\/strong><\/p>\n\n\n\n<figure class=\"wp-block-gallery columns-3 is-cropped wp-block-gallery-1 is-layout-flex wp-block-gallery-is-layout-flex\"><ul class=\"blocks-gallery-grid\"><li class=\"blocks-gallery-item\"><figure><a href=\"https:\/\/ubaldofernandes.com\/wp-content\/uploads\/2021\/09\/4Sessao-Rocas-13.jpg\"><img loading=\"lazy\" decoding=\"async\" width=\"1280\" height=\"867\" src=\"https:\/\/ubaldofernandes.com\/wp-content\/uploads\/2021\/09\/4Sessao-Rocas-13.jpg\" alt=\"\" data-id=\"2862\" data-full-url=\"https:\/\/ubaldofernandes.com\/wp-content\/uploads\/2021\/09\/4Sessao-Rocas-13.jpg\" data-link=\"https:\/\/ubaldofernandes.com\/?attachment_id=2862\" class=\"wp-image-2862\" srcset=\"https:\/\/ubaldofernandes.com\/wp-content\/uploads\/2021\/09\/4Sessao-Rocas-13.jpg 1280w, https:\/\/ubaldofernandes.com\/wp-content\/uploads\/2021\/09\/4Sessao-Rocas-13-300x203.jpg 300w, https:\/\/ubaldofernandes.com\/wp-content\/uploads\/2021\/09\/4Sessao-Rocas-13-1024x694.jpg 1024w, https:\/\/ubaldofernandes.com\/wp-content\/uploads\/2021\/09\/4Sessao-Rocas-13-768x520.jpg 768w\" sizes=\"auto, (max-width: 1280px) 100vw, 1280px\" \/><\/a><\/figure><\/li><li class=\"blocks-gallery-item\"><figure><a href=\"https:\/\/ubaldofernandes.com\/wp-content\/uploads\/2021\/09\/Sessao-Rocas-2.jpg\"><img loading=\"lazy\" decoding=\"async\" width=\"1280\" height=\"854\" src=\"https:\/\/ubaldofernandes.com\/wp-content\/uploads\/2021\/09\/Sessao-Rocas-2.jpg\" alt=\"\" data-id=\"2863\" data-full-url=\"https:\/\/ubaldofernandes.com\/wp-content\/uploads\/2021\/09\/Sessao-Rocas-2.jpg\" data-link=\"https:\/\/ubaldofernandes.com\/?attachment_id=2863\" class=\"wp-image-2863\" srcset=\"https:\/\/ubaldofernandes.com\/wp-content\/uploads\/2021\/09\/Sessao-Rocas-2.jpg 1280w, https:\/\/ubaldofernandes.com\/wp-content\/uploads\/2021\/09\/Sessao-Rocas-2-300x200.jpg 300w, https:\/\/ubaldofernandes.com\/wp-content\/uploads\/2021\/09\/Sessao-Rocas-2-1024x683.jpg 1024w, https:\/\/ubaldofernandes.com\/wp-content\/uploads\/2021\/09\/Sessao-Rocas-2-768x512.jpg 768w\" sizes=\"auto, (max-width: 1280px) 100vw, 1280px\" \/><\/a><\/figure><\/li><li class=\"blocks-gallery-item\"><figure><a href=\"https:\/\/ubaldofernandes.com\/wp-content\/uploads\/2021\/09\/Sessao-Rocas-3.jpg\"><img loading=\"lazy\" decoding=\"async\" width=\"1280\" height=\"854\" src=\"https:\/\/ubaldofernandes.com\/wp-content\/uploads\/2021\/09\/Sessao-Rocas-3.jpg\" alt=\"\" data-id=\"2864\" data-full-url=\"https:\/\/ubaldofernandes.com\/wp-content\/uploads\/2021\/09\/Sessao-Rocas-3.jpg\" data-link=\"https:\/\/ubaldofernandes.com\/?attachment_id=2864\" class=\"wp-image-2864\" srcset=\"https:\/\/ubaldofernandes.com\/wp-content\/uploads\/2021\/09\/Sessao-Rocas-3.jpg 1280w, https:\/\/ubaldofernandes.com\/wp-content\/uploads\/2021\/09\/Sessao-Rocas-3-300x200.jpg 300w, https:\/\/ubaldofernandes.com\/wp-content\/uploads\/2021\/09\/Sessao-Rocas-3-1024x683.jpg 1024w, https:\/\/ubaldofernandes.com\/wp-content\/uploads\/2021\/09\/Sessao-Rocas-3-768x512.jpg 768w\" sizes=\"auto, (max-width: 1280px) 100vw, 1280px\" \/><\/a><\/figure><\/li><li class=\"blocks-gallery-item\"><figure><a href=\"https:\/\/ubaldofernandes.com\/wp-content\/uploads\/2021\/09\/Sessao-Rocas-4.jpg\"><img loading=\"lazy\" decoding=\"async\" width=\"1280\" height=\"854\" src=\"https:\/\/ubaldofernandes.com\/wp-content\/uploads\/2021\/09\/Sessao-Rocas-4.jpg\" alt=\"\" data-id=\"2865\" data-full-url=\"https:\/\/ubaldofernandes.com\/wp-content\/uploads\/2021\/09\/Sessao-Rocas-4.jpg\" data-link=\"https:\/\/ubaldofernandes.com\/?attachment_id=2865\" class=\"wp-image-2865\" srcset=\"https:\/\/ubaldofernandes.com\/wp-content\/uploads\/2021\/09\/Sessao-Rocas-4.jpg 1280w, https:\/\/ubaldofernandes.com\/wp-content\/uploads\/2021\/09\/Sessao-Rocas-4-300x200.jpg 300w, https:\/\/ubaldofernandes.com\/wp-content\/uploads\/2021\/09\/Sessao-Rocas-4-1024x683.jpg 1024w, https:\/\/ubaldofernandes.com\/wp-content\/uploads\/2021\/09\/Sessao-Rocas-4-768x512.jpg 768w\" sizes=\"auto, (max-width: 1280px) 100vw, 1280px\" \/><\/a><\/figure><\/li><li class=\"blocks-gallery-item\"><figure><a href=\"https:\/\/ubaldofernandes.com\/wp-content\/uploads\/2021\/09\/Sessao-Rocas-5.jpg\"><img loading=\"lazy\" decoding=\"async\" width=\"1280\" height=\"892\" src=\"https:\/\/ubaldofernandes.com\/wp-content\/uploads\/2021\/09\/Sessao-Rocas-5.jpg\" alt=\"\" data-id=\"2866\" data-full-url=\"https:\/\/ubaldofernandes.com\/wp-content\/uploads\/2021\/09\/Sessao-Rocas-5.jpg\" data-link=\"https:\/\/ubaldofernandes.com\/?attachment_id=2866\" class=\"wp-image-2866\" srcset=\"https:\/\/ubaldofernandes.com\/wp-content\/uploads\/2021\/09\/Sessao-Rocas-5.jpg 1280w, https:\/\/ubaldofernandes.com\/wp-content\/uploads\/2021\/09\/Sessao-Rocas-5-300x209.jpg 300w, https:\/\/ubaldofernandes.com\/wp-content\/uploads\/2021\/09\/Sessao-Rocas-5-1024x714.jpg 1024w, https:\/\/ubaldofernandes.com\/wp-content\/uploads\/2021\/09\/Sessao-Rocas-5-768x535.jpg 768w\" sizes=\"auto, (max-width: 1280px) 100vw, 1280px\" \/><\/a><\/figure><\/li><li class=\"blocks-gallery-item\"><figure><a href=\"https:\/\/ubaldofernandes.com\/wp-content\/uploads\/2021\/09\/Sessao-Rocas-6.jpg\"><img loading=\"lazy\" decoding=\"async\" width=\"1280\" height=\"854\" src=\"https:\/\/ubaldofernandes.com\/wp-content\/uploads\/2021\/09\/Sessao-Rocas-6.jpg\" alt=\"\" data-id=\"2867\" data-full-url=\"https:\/\/ubaldofernandes.com\/wp-content\/uploads\/2021\/09\/Sessao-Rocas-6.jpg\" data-link=\"https:\/\/ubaldofernandes.com\/?attachment_id=2867\" class=\"wp-image-2867\" srcset=\"https:\/\/ubaldofernandes.com\/wp-content\/uploads\/2021\/09\/Sessao-Rocas-6.jpg 1280w, https:\/\/ubaldofernandes.com\/wp-content\/uploads\/2021\/09\/Sessao-Rocas-6-300x200.jpg 300w, https:\/\/ubaldofernandes.com\/wp-content\/uploads\/2021\/09\/Sessao-Rocas-6-1024x683.jpg 1024w, https:\/\/ubaldofernandes.com\/wp-content\/uploads\/2021\/09\/Sessao-Rocas-6-768x512.jpg 768w\" sizes=\"auto, (max-width: 1280px) 100vw, 1280px\" \/><\/a><\/figure><\/li><li class=\"blocks-gallery-item\"><figure><a href=\"https:\/\/ubaldofernandes.com\/wp-content\/uploads\/2021\/09\/Sessao-Rocas-7.jpg\"><img loading=\"lazy\" decoding=\"async\" width=\"1280\" height=\"854\" src=\"https:\/\/ubaldofernandes.com\/wp-content\/uploads\/2021\/09\/Sessao-Rocas-7.jpg\" alt=\"\" data-id=\"2868\" data-full-url=\"https:\/\/ubaldofernandes.com\/wp-content\/uploads\/2021\/09\/Sessao-Rocas-7.jpg\" data-link=\"https:\/\/ubaldofernandes.com\/?attachment_id=2868\" class=\"wp-image-2868\" srcset=\"https:\/\/ubaldofernandes.com\/wp-content\/uploads\/2021\/09\/Sessao-Rocas-7.jpg 1280w, https:\/\/ubaldofernandes.com\/wp-content\/uploads\/2021\/09\/Sessao-Rocas-7-300x200.jpg 300w, https:\/\/ubaldofernandes.com\/wp-content\/uploads\/2021\/09\/Sessao-Rocas-7-1024x683.jpg 1024w, https:\/\/ubaldofernandes.com\/wp-content\/uploads\/2021\/09\/Sessao-Rocas-7-768x512.jpg 768w\" sizes=\"auto, (max-width: 1280px) 100vw, 1280px\" \/><\/a><\/figure><\/li><li class=\"blocks-gallery-item\"><figure><a href=\"https:\/\/ubaldofernandes.com\/wp-content\/uploads\/2021\/09\/Sessao-Rocas-8.jpg\"><img loading=\"lazy\" decoding=\"async\" width=\"1280\" height=\"872\" src=\"https:\/\/ubaldofernandes.com\/wp-content\/uploads\/2021\/09\/Sessao-Rocas-8.jpg\" alt=\"\" data-id=\"2869\" data-full-url=\"https:\/\/ubaldofernandes.com\/wp-content\/uploads\/2021\/09\/Sessao-Rocas-8.jpg\" data-link=\"https:\/\/ubaldofernandes.com\/?attachment_id=2869\" class=\"wp-image-2869\" srcset=\"https:\/\/ubaldofernandes.com\/wp-content\/uploads\/2021\/09\/Sessao-Rocas-8.jpg 1280w, https:\/\/ubaldofernandes.com\/wp-content\/uploads\/2021\/09\/Sessao-Rocas-8-300x204.jpg 300w, https:\/\/ubaldofernandes.com\/wp-content\/uploads\/2021\/09\/Sessao-Rocas-8-1024x698.jpg 1024w, https:\/\/ubaldofernandes.com\/wp-content\/uploads\/2021\/09\/Sessao-Rocas-8-768x523.jpg 768w\" sizes=\"auto, (max-width: 1280px) 100vw, 1280px\" \/><\/a><\/figure><\/li><li class=\"blocks-gallery-item\"><figure><a href=\"https:\/\/ubaldofernandes.com\/wp-content\/uploads\/2021\/09\/Sessao-Rocas-9.jpg\"><img loading=\"lazy\" decoding=\"async\" width=\"1280\" height=\"866\" src=\"https:\/\/ubaldofernandes.com\/wp-content\/uploads\/2021\/09\/Sessao-Rocas-9.jpg\" alt=\"\" data-id=\"2870\" data-full-url=\"https:\/\/ubaldofernandes.com\/wp-content\/uploads\/2021\/09\/Sessao-Rocas-9.jpg\" data-link=\"https:\/\/ubaldofernandes.com\/?attachment_id=2870\" class=\"wp-image-2870\" srcset=\"https:\/\/ubaldofernandes.com\/wp-content\/uploads\/2021\/09\/Sessao-Rocas-9.jpg 1280w, https:\/\/ubaldofernandes.com\/wp-content\/uploads\/2021\/09\/Sessao-Rocas-9-300x203.jpg 300w, https:\/\/ubaldofernandes.com\/wp-content\/uploads\/2021\/09\/Sessao-Rocas-9-1024x693.jpg 1024w, https:\/\/ubaldofernandes.com\/wp-content\/uploads\/2021\/09\/Sessao-Rocas-9-768x520.jpg 768w\" sizes=\"auto, (max-width: 1280px) 100vw, 1280px\" \/><\/a><\/figure><\/li><li class=\"blocks-gallery-item\"><figure><a href=\"https:\/\/ubaldofernandes.com\/wp-content\/uploads\/2021\/09\/Sessao-Rocas-10.jpg\"><img loading=\"lazy\" decoding=\"async\" width=\"1280\" height=\"827\" src=\"https:\/\/ubaldofernandes.com\/wp-content\/uploads\/2021\/09\/Sessao-Rocas-10.jpg\" alt=\"\" data-id=\"2871\" data-full-url=\"https:\/\/ubaldofernandes.com\/wp-content\/uploads\/2021\/09\/Sessao-Rocas-10.jpg\" data-link=\"https:\/\/ubaldofernandes.com\/?attachment_id=2871\" class=\"wp-image-2871\" srcset=\"https:\/\/ubaldofernandes.com\/wp-content\/uploads\/2021\/09\/Sessao-Rocas-10.jpg 1280w, https:\/\/ubaldofernandes.com\/wp-content\/uploads\/2021\/09\/Sessao-Rocas-10-300x194.jpg 300w, https:\/\/ubaldofernandes.com\/wp-content\/uploads\/2021\/09\/Sessao-Rocas-10-1024x662.jpg 1024w, https:\/\/ubaldofernandes.com\/wp-content\/uploads\/2021\/09\/Sessao-Rocas-10-768x496.jpg 768w\" sizes=\"auto, (max-width: 1280px) 100vw, 1280px\" \/><\/a><\/figure><\/li><li class=\"blocks-gallery-item\"><figure><a href=\"https:\/\/ubaldofernandes.com\/wp-content\/uploads\/2021\/09\/Sessao-Rocas-11.jpg\"><img loading=\"lazy\" decoding=\"async\" width=\"1280\" height=\"835\" src=\"https:\/\/ubaldofernandes.com\/wp-content\/uploads\/2021\/09\/Sessao-Rocas-11.jpg\" alt=\"\" data-id=\"2872\" data-full-url=\"https:\/\/ubaldofernandes.com\/wp-content\/uploads\/2021\/09\/Sessao-Rocas-11.jpg\" data-link=\"https:\/\/ubaldofernandes.com\/?attachment_id=2872\" class=\"wp-image-2872\" srcset=\"https:\/\/ubaldofernandes.com\/wp-content\/uploads\/2021\/09\/Sessao-Rocas-11.jpg 1280w, https:\/\/ubaldofernandes.com\/wp-content\/uploads\/2021\/09\/Sessao-Rocas-11-300x196.jpg 300w, https:\/\/ubaldofernandes.com\/wp-content\/uploads\/2021\/09\/Sessao-Rocas-11-1024x668.jpg 1024w, https:\/\/ubaldofernandes.com\/wp-content\/uploads\/2021\/09\/Sessao-Rocas-11-768x501.jpg 768w\" sizes=\"auto, (max-width: 1280px) 100vw, 1280px\" \/><\/a><\/figure><\/li><li class=\"blocks-gallery-item\"><figure><a href=\"https:\/\/ubaldofernandes.com\/wp-content\/uploads\/2021\/09\/Sessao-Rocas-12.jpg\"><img loading=\"lazy\" decoding=\"async\" width=\"1280\" height=\"801\" src=\"https:\/\/ubaldofernandes.com\/wp-content\/uploads\/2021\/09\/Sessao-Rocas-12.jpg\" alt=\"\" data-id=\"2873\" data-full-url=\"https:\/\/ubaldofernandes.com\/wp-content\/uploads\/2021\/09\/Sessao-Rocas-12.jpg\" data-link=\"https:\/\/ubaldofernandes.com\/?attachment_id=2873\" class=\"wp-image-2873\" srcset=\"https:\/\/ubaldofernandes.com\/wp-content\/uploads\/2021\/09\/Sessao-Rocas-12.jpg 1280w, https:\/\/ubaldofernandes.com\/wp-content\/uploads\/2021\/09\/Sessao-Rocas-12-300x188.jpg 300w, https:\/\/ubaldofernandes.com\/wp-content\/uploads\/2021\/09\/Sessao-Rocas-12-1024x641.jpg 1024w, https:\/\/ubaldofernandes.com\/wp-content\/uploads\/2021\/09\/Sessao-Rocas-12-768x481.jpg 768w\" sizes=\"auto, (max-width: 1280px) 100vw, 1280px\" \/><\/a><\/figure><\/li><li class=\"blocks-gallery-item\"><figure><a href=\"https:\/\/ubaldofernandes.com\/wp-content\/uploads\/2021\/09\/Sessao-Rocas-13.jpg\"><img loading=\"lazy\" decoding=\"async\" width=\"1280\" height=\"833\" src=\"https:\/\/ubaldofernandes.com\/wp-content\/uploads\/2021\/09\/Sessao-Rocas-13.jpg\" alt=\"\" data-id=\"2874\" data-full-url=\"https:\/\/ubaldofernandes.com\/wp-content\/uploads\/2021\/09\/Sessao-Rocas-13.jpg\" data-link=\"https:\/\/ubaldofernandes.com\/?attachment_id=2874\" class=\"wp-image-2874\" srcset=\"https:\/\/ubaldofernandes.com\/wp-content\/uploads\/2021\/09\/Sessao-Rocas-13.jpg 1280w, https:\/\/ubaldofernandes.com\/wp-content\/uploads\/2021\/09\/Sessao-Rocas-13-300x195.jpg 300w, https:\/\/ubaldofernandes.com\/wp-content\/uploads\/2021\/09\/Sessao-Rocas-13-1024x666.jpg 1024w, https:\/\/ubaldofernandes.com\/wp-content\/uploads\/2021\/09\/Sessao-Rocas-13-768x500.jpg 768w\" sizes=\"auto, (max-width: 1280px) 100vw, 1280px\" \/><\/a><\/figure><\/li><li class=\"blocks-gallery-item\"><figure><a href=\"https:\/\/ubaldofernandes.com\/wp-content\/uploads\/2021\/09\/Sessao-Rocas-14.jpg\"><img loading=\"lazy\" decoding=\"async\" width=\"1280\" height=\"792\" src=\"https:\/\/ubaldofernandes.com\/wp-content\/uploads\/2021\/09\/Sessao-Rocas-14.jpg\" alt=\"\" data-id=\"2875\" data-full-url=\"https:\/\/ubaldofernandes.com\/wp-content\/uploads\/2021\/09\/Sessao-Rocas-14.jpg\" data-link=\"https:\/\/ubaldofernandes.com\/?attachment_id=2875\" class=\"wp-image-2875\" srcset=\"https:\/\/ubaldofernandes.com\/wp-content\/uploads\/2021\/09\/Sessao-Rocas-14.jpg 1280w, https:\/\/ubaldofernandes.com\/wp-content\/uploads\/2021\/09\/Sessao-Rocas-14-300x186.jpg 300w, https:\/\/ubaldofernandes.com\/wp-content\/uploads\/2021\/09\/Sessao-Rocas-14-1024x634.jpg 1024w, https:\/\/ubaldofernandes.com\/wp-content\/uploads\/2021\/09\/Sessao-Rocas-14-768x475.jpg 768w\" sizes=\"auto, (max-width: 1280px) 100vw, 1280px\" \/><\/a><\/figure><\/li><li class=\"blocks-gallery-item\"><figure><a href=\"https:\/\/ubaldofernandes.com\/wp-content\/uploads\/2021\/09\/Sessao-Rocas-15.jpg\"><img loading=\"lazy\" decoding=\"async\" width=\"1280\" height=\"839\" src=\"https:\/\/ubaldofernandes.com\/wp-content\/uploads\/2021\/09\/Sessao-Rocas-15.jpg\" alt=\"\" data-id=\"2876\" data-full-url=\"https:\/\/ubaldofernandes.com\/wp-content\/uploads\/2021\/09\/Sessao-Rocas-15.jpg\" data-link=\"https:\/\/ubaldofernandes.com\/?attachment_id=2876\" class=\"wp-image-2876\" srcset=\"https:\/\/ubaldofernandes.com\/wp-content\/uploads\/2021\/09\/Sessao-Rocas-15.jpg 1280w, https:\/\/ubaldofernandes.com\/wp-content\/uploads\/2021\/09\/Sessao-Rocas-15-300x197.jpg 300w, https:\/\/ubaldofernandes.com\/wp-content\/uploads\/2021\/09\/Sessao-Rocas-15-1024x671.jpg 1024w, https:\/\/ubaldofernandes.com\/wp-content\/uploads\/2021\/09\/Sessao-Rocas-15-768x503.jpg 768w\" sizes=\"auto, (max-width: 1280px) 100vw, 1280px\" \/><\/a><\/figure><\/li><li class=\"blocks-gallery-item\"><figure><a href=\"https:\/\/ubaldofernandes.com\/wp-content\/uploads\/2021\/09\/Sessao-Rocas-16.jpg\"><img loading=\"lazy\" decoding=\"async\" width=\"1280\" height=\"801\" src=\"https:\/\/ubaldofernandes.com\/wp-content\/uploads\/2021\/09\/Sessao-Rocas-16.jpg\" alt=\"\" data-id=\"2877\" data-full-url=\"https:\/\/ubaldofernandes.com\/wp-content\/uploads\/2021\/09\/Sessao-Rocas-16.jpg\" data-link=\"https:\/\/ubaldofernandes.com\/?attachment_id=2877\" class=\"wp-image-2877\" srcset=\"https:\/\/ubaldofernandes.com\/wp-content\/uploads\/2021\/09\/Sessao-Rocas-16.jpg 1280w, https:\/\/ubaldofernandes.com\/wp-content\/uploads\/2021\/09\/Sessao-Rocas-16-300x188.jpg 300w, https:\/\/ubaldofernandes.com\/wp-content\/uploads\/2021\/09\/Sessao-Rocas-16-1024x641.jpg 1024w, https:\/\/ubaldofernandes.com\/wp-content\/uploads\/2021\/09\/Sessao-Rocas-16-768x481.jpg 768w\" sizes=\"auto, (max-width: 1280px) 100vw, 1280px\" \/><\/a><\/figure><\/li><li class=\"blocks-gallery-item\"><figure><a href=\"https:\/\/ubaldofernandes.com\/wp-content\/uploads\/2021\/09\/Sessao-Rocas-17.jpg\"><img loading=\"lazy\" decoding=\"async\" width=\"1280\" height=\"808\" src=\"https:\/\/ubaldofernandes.com\/wp-content\/uploads\/2021\/09\/Sessao-Rocas-17.jpg\" alt=\"\" data-id=\"2878\" data-full-url=\"https:\/\/ubaldofernandes.com\/wp-content\/uploads\/2021\/09\/Sessao-Rocas-17.jpg\" data-link=\"https:\/\/ubaldofernandes.com\/?attachment_id=2878\" class=\"wp-image-2878\" srcset=\"https:\/\/ubaldofernandes.com\/wp-content\/uploads\/2021\/09\/Sessao-Rocas-17.jpg 1280w, https:\/\/ubaldofernandes.com\/wp-content\/uploads\/2021\/09\/Sessao-Rocas-17-300x189.jpg 300w, https:\/\/ubaldofernandes.com\/wp-content\/uploads\/2021\/09\/Sessao-Rocas-17-1024x646.jpg 1024w, https:\/\/ubaldofernandes.com\/wp-content\/uploads\/2021\/09\/Sessao-Rocas-17-768x485.jpg 768w\" sizes=\"auto, (max-width: 1280px) 100vw, 1280px\" \/><\/a><\/figure><\/li><li class=\"blocks-gallery-item\"><figure><a href=\"https:\/\/ubaldofernandes.com\/wp-content\/uploads\/2021\/09\/Sessao-Rocas-18.jpg\"><img loading=\"lazy\" decoding=\"async\" width=\"1280\" height=\"796\" src=\"https:\/\/ubaldofernandes.com\/wp-content\/uploads\/2021\/09\/Sessao-Rocas-18.jpg\" alt=\"\" data-id=\"2879\" data-full-url=\"https:\/\/ubaldofernandes.com\/wp-content\/uploads\/2021\/09\/Sessao-Rocas-18.jpg\" data-link=\"https:\/\/ubaldofernandes.com\/?attachment_id=2879\" class=\"wp-image-2879\" srcset=\"https:\/\/ubaldofernandes.com\/wp-content\/uploads\/2021\/09\/Sessao-Rocas-18.jpg 1280w, https:\/\/ubaldofernandes.com\/wp-content\/uploads\/2021\/09\/Sessao-Rocas-18-300x187.jpg 300w, https:\/\/ubaldofernandes.com\/wp-content\/uploads\/2021\/09\/Sessao-Rocas-18-1024x637.jpg 1024w, https:\/\/ubaldofernandes.com\/wp-content\/uploads\/2021\/09\/Sessao-Rocas-18-768x478.jpg 768w\" sizes=\"auto, (max-width: 1280px) 100vw, 1280px\" \/><\/a><\/figure><\/li><li class=\"blocks-gallery-item\"><figure><a href=\"https:\/\/ubaldofernandes.com\/wp-content\/uploads\/2021\/09\/Sessao-Rocas-19.jpg\"><img loading=\"lazy\" decoding=\"async\" width=\"1280\" height=\"854\" src=\"https:\/\/ubaldofernandes.com\/wp-content\/uploads\/2021\/09\/Sessao-Rocas-19.jpg\" alt=\"\" data-id=\"2880\" data-full-url=\"https:\/\/ubaldofernandes.com\/wp-content\/uploads\/2021\/09\/Sessao-Rocas-19.jpg\" data-link=\"https:\/\/ubaldofernandes.com\/?attachment_id=2880\" class=\"wp-image-2880\" srcset=\"https:\/\/ubaldofernandes.com\/wp-content\/uploads\/2021\/09\/Sessao-Rocas-19.jpg 1280w, https:\/\/ubaldofernandes.com\/wp-content\/uploads\/2021\/09\/Sessao-Rocas-19-300x200.jpg 300w, https:\/\/ubaldofernandes.com\/wp-content\/uploads\/2021\/09\/Sessao-Rocas-19-1024x683.jpg 1024w, https:\/\/ubaldofernandes.com\/wp-content\/uploads\/2021\/09\/Sessao-Rocas-19-768x512.jpg 768w\" sizes=\"auto, (max-width: 1280px) 100vw, 1280px\" \/><\/a><\/figure><\/li><li class=\"blocks-gallery-item\"><figure><a href=\"https:\/\/ubaldofernandes.com\/wp-content\/uploads\/2021\/09\/Sessao-Rocas-20.jpg\"><img loading=\"lazy\" decoding=\"async\" width=\"1280\" height=\"854\" src=\"https:\/\/ubaldofernandes.com\/wp-content\/uploads\/2021\/09\/Sessao-Rocas-20.jpg\" alt=\"\" data-id=\"2881\" data-full-url=\"https:\/\/ubaldofernandes.com\/wp-content\/uploads\/2021\/09\/Sessao-Rocas-20.jpg\" data-link=\"https:\/\/ubaldofernandes.com\/?attachment_id=2881\" class=\"wp-image-2881\" srcset=\"https:\/\/ubaldofernandes.com\/wp-content\/uploads\/2021\/09\/Sessao-Rocas-20.jpg 1280w, https:\/\/ubaldofernandes.com\/wp-content\/uploads\/2021\/09\/Sessao-Rocas-20-300x200.jpg 300w, https:\/\/ubaldofernandes.com\/wp-content\/uploads\/2021\/09\/Sessao-Rocas-20-1024x683.jpg 1024w, https:\/\/ubaldofernandes.com\/wp-content\/uploads\/2021\/09\/Sessao-Rocas-20-768x512.jpg 768w\" sizes=\"auto, (max-width: 1280px) 100vw, 1280px\" \/><\/a><\/figure><\/li><li class=\"blocks-gallery-item\"><figure><a href=\"https:\/\/ubaldofernandes.com\/wp-content\/uploads\/2021\/09\/Sessao-Rocas-21.jpg\"><img loading=\"lazy\" decoding=\"async\" width=\"1280\" height=\"872\" src=\"https:\/\/ubaldofernandes.com\/wp-content\/uploads\/2021\/09\/Sessao-Rocas-21.jpg\" alt=\"\" data-id=\"2882\" data-full-url=\"https:\/\/ubaldofernandes.com\/wp-content\/uploads\/2021\/09\/Sessao-Rocas-21.jpg\" data-link=\"https:\/\/ubaldofernandes.com\/?attachment_id=2882\" class=\"wp-image-2882\" srcset=\"https:\/\/ubaldofernandes.com\/wp-content\/uploads\/2021\/09\/Sessao-Rocas-21.jpg 1280w, https:\/\/ubaldofernandes.com\/wp-content\/uploads\/2021\/09\/Sessao-Rocas-21-300x204.jpg 300w, https:\/\/ubaldofernandes.com\/wp-content\/uploads\/2021\/09\/Sessao-Rocas-21-1024x698.jpg 1024w, https:\/\/ubaldofernandes.com\/wp-content\/uploads\/2021\/09\/Sessao-Rocas-21-768x523.jpg 768w\" sizes=\"auto, (max-width: 1280px) 100vw, 1280px\" \/><\/a><\/figure><\/li><li class=\"blocks-gallery-item\"><figure><a href=\"https:\/\/ubaldofernandes.com\/wp-content\/uploads\/2021\/09\/Sessao-Rocas-22.jpg\"><img loading=\"lazy\" decoding=\"async\" width=\"1280\" height=\"815\" src=\"https:\/\/ubaldofernandes.com\/wp-content\/uploads\/2021\/09\/Sessao-Rocas-22.jpg\" alt=\"\" data-id=\"2883\" data-full-url=\"https:\/\/ubaldofernandes.com\/wp-content\/uploads\/2021\/09\/Sessao-Rocas-22.jpg\" data-link=\"https:\/\/ubaldofernandes.com\/?attachment_id=2883\" class=\"wp-image-2883\" srcset=\"https:\/\/ubaldofernandes.com\/wp-content\/uploads\/2021\/09\/Sessao-Rocas-22.jpg 1280w, https:\/\/ubaldofernandes.com\/wp-content\/uploads\/2021\/09\/Sessao-Rocas-22-300x191.jpg 300w, https:\/\/ubaldofernandes.com\/wp-content\/uploads\/2021\/09\/Sessao-Rocas-22-1024x652.jpg 1024w, https:\/\/ubaldofernandes.com\/wp-content\/uploads\/2021\/09\/Sessao-Rocas-22-768x489.jpg 768w\" sizes=\"auto, (max-width: 1280px) 100vw, 1280px\" \/><\/a><\/figure><\/li><li class=\"blocks-gallery-item\"><figure><a href=\"https:\/\/ubaldofernandes.com\/wp-content\/uploads\/2021\/09\/Sessao-Rocas-23.jpg\"><img loading=\"lazy\" decoding=\"async\" width=\"1280\" height=\"854\" src=\"https:\/\/ubaldofernandes.com\/wp-content\/uploads\/2021\/09\/Sessao-Rocas-23.jpg\" alt=\"\" data-id=\"2884\" data-full-url=\"https:\/\/ubaldofernandes.com\/wp-content\/uploads\/2021\/09\/Sessao-Rocas-23.jpg\" data-link=\"https:\/\/ubaldofernandes.com\/?attachment_id=2884\" class=\"wp-image-2884\" srcset=\"https:\/\/ubaldofernandes.com\/wp-content\/uploads\/2021\/09\/Sessao-Rocas-23.jpg 1280w, https:\/\/ubaldofernandes.com\/wp-content\/uploads\/2021\/09\/Sessao-Rocas-23-300x200.jpg 300w, https:\/\/ubaldofernandes.com\/wp-content\/uploads\/2021\/09\/Sessao-Rocas-23-1024x683.jpg 1024w, https:\/\/ubaldofernandes.com\/wp-content\/uploads\/2021\/09\/Sessao-Rocas-23-768x512.jpg 768w\" sizes=\"auto, (max-width: 1280px) 100vw, 1280px\" \/><\/a><\/figure><\/li><li class=\"blocks-gallery-item\"><figure><a href=\"https:\/\/ubaldofernandes.com\/wp-content\/uploads\/2021\/09\/Sessao-Rocas-24.jpg\"><img loading=\"lazy\" decoding=\"async\" width=\"1280\" height=\"828\" src=\"https:\/\/ubaldofernandes.com\/wp-content\/uploads\/2021\/09\/Sessao-Rocas-24.jpg\" alt=\"\" data-id=\"2885\" data-full-url=\"https:\/\/ubaldofernandes.com\/wp-content\/uploads\/2021\/09\/Sessao-Rocas-24.jpg\" data-link=\"https:\/\/ubaldofernandes.com\/?attachment_id=2885\" class=\"wp-image-2885\" srcset=\"https:\/\/ubaldofernandes.com\/wp-content\/uploads\/2021\/09\/Sessao-Rocas-24.jpg 1280w, https:\/\/ubaldofernandes.com\/wp-content\/uploads\/2021\/09\/Sessao-Rocas-24-300x194.jpg 300w, https:\/\/ubaldofernandes.com\/wp-content\/uploads\/2021\/09\/Sessao-Rocas-24-1024x662.jpg 1024w, https:\/\/ubaldofernandes.com\/wp-content\/uploads\/2021\/09\/Sessao-Rocas-24-768x497.jpg 768w\" sizes=\"auto, (max-width: 1280px) 100vw, 1280px\" \/><\/a><\/figure><\/li><li class=\"blocks-gallery-item\"><figure><a href=\"https:\/\/ubaldofernandes.com\/wp-content\/uploads\/2021\/09\/Sessao-Rocas-25.jpg\"><img loading=\"lazy\" decoding=\"async\" width=\"1280\" height=\"847\" src=\"https:\/\/ubaldofernandes.com\/wp-content\/uploads\/2021\/09\/Sessao-Rocas-25.jpg\" alt=\"\" data-id=\"2886\" data-full-url=\"https:\/\/ubaldofernandes.com\/wp-content\/uploads\/2021\/09\/Sessao-Rocas-25.jpg\" data-link=\"https:\/\/ubaldofernandes.com\/?attachment_id=2886\" class=\"wp-image-2886\" srcset=\"https:\/\/ubaldofernandes.com\/wp-content\/uploads\/2021\/09\/Sessao-Rocas-25.jpg 1280w, https:\/\/ubaldofernandes.com\/wp-content\/uploads\/2021\/09\/Sessao-Rocas-25-300x199.jpg 300w, https:\/\/ubaldofernandes.com\/wp-content\/uploads\/2021\/09\/Sessao-Rocas-25-1024x678.jpg 1024w, https:\/\/ubaldofernandes.com\/wp-content\/uploads\/2021\/09\/Sessao-Rocas-25-768x508.jpg 768w\" sizes=\"auto, (max-width: 1280px) 100vw, 1280px\" \/><\/a><\/figure><\/li><\/ul><\/figure>\n","protected":false},"featured_media":2861,"parent":0,"template":"","categories":[10],"class_list":["post-2860","actuation","type-actuation","status-publish","has-post-thumbnail","hentry","category-sessao-solene"],"acf":[],"yoast_head":"<!-- This site is optimized with the Yoast SEO plugin v24.6 - https:\/\/yoast.com\/wordpress\/plugins\/seo\/ -->\n<title>Ubaldo Fernandes homenageia 10 personalidades em alus\u00e3o ao Dia Municipal das Rocas - Ubaldo Fernandes<\/title>\n<meta name=\"robots\" content=\"index, follow, max-snippet:-1, max-image-preview:large, max-video-preview:-1\" \/>\n<link rel=\"canonical\" href=\"https:\/\/ubaldofernandes.com\/index.php\/actuation\/ubaldo-fernandes-homenageia-10-personalidades-em-alusao-ao-dia-municipal-das-rocas\/\" \/>\n<meta property=\"og:locale\" content=\"pt_BR\" \/>\n<meta property=\"og:type\" content=\"article\" \/>\n<meta property=\"og:title\" content=\"Ubaldo Fernandes homenageia 10 personalidades em alus\u00e3o ao Dia Municipal das Rocas - Ubaldo Fernandes\" \/>\n<meta property=\"og:description\" content=\"Um dos marcos no desenvolvimento das Rocas, o IFRN Cidade Alta\/Rocas foi palco, na noite desta sexta-feira (03), de uma Sess\u00e3o Solene em homenagem ao Dia Municipal das Rocas, institu\u00eddo em 2010 no Calend\u00e1rio Oficial de Eventos de Natal pelo Projeto de Lei n\u00b0 192\/10, de autoria do ent\u00e3o vereador Ubaldo Fernandes, hoje deputado estadual. [&hellip;]\" \/>\n<meta property=\"og:url\" content=\"https:\/\/ubaldofernandes.com\/index.php\/actuation\/ubaldo-fernandes-homenageia-10-personalidades-em-alusao-ao-dia-municipal-das-rocas\/\" \/>\n<meta property=\"og:site_name\" content=\"Ubaldo Fernandes\" \/>\n<meta property=\"article:modified_time\" content=\"2021-09-14T12:51:45+00:00\" \/>\n<meta property=\"og:image\" content=\"https:\/\/ubaldofernandes.com\/wp-content\/uploads\/2021\/09\/Sessao-Rocas-1.jpg\" \/>\n\t<meta property=\"og:image:width\" content=\"1280\" \/>\n\t<meta property=\"og:image:height\" content=\"844\" \/>\n\t<meta property=\"og:image:type\" content=\"image\/jpeg\" \/>\n<meta name=\"twitter:card\" content=\"summary_large_image\" \/>\n<meta name=\"twitter:label1\" content=\"Est. tempo de leitura\" \/>\n\t<meta name=\"twitter:data1\" content=\"3 minutos\" \/>\n<script type=\"application\/ld+json\" class=\"yoast-schema-graph\">{\"@context\":\"https:\/\/schema.org\",\"@graph\":[{\"@type\":\"WebPage\",\"@id\":\"https:\/\/ubaldofernandes.com\/index.php\/actuation\/ubaldo-fernandes-homenageia-10-personalidades-em-alusao-ao-dia-municipal-das-rocas\/\",\"url\":\"https:\/\/ubaldofernandes.com\/index.php\/actuation\/ubaldo-fernandes-homenageia-10-personalidades-em-alusao-ao-dia-municipal-das-rocas\/\",\"name\":\"Ubaldo Fernandes homenageia 10 personalidades em alus\u00e3o ao Dia Municipal das Rocas - Ubaldo Fernandes\",\"isPartOf\":{\"@id\":\"https:\/\/ubaldofernandes.com\/#website\"},\"primaryImageOfPage\":{\"@id\":\"https:\/\/ubaldofernandes.com\/index.php\/actuation\/ubaldo-fernandes-homenageia-10-personalidades-em-alusao-ao-dia-municipal-das-rocas\/#primaryimage\"},\"image\":{\"@id\":\"https:\/\/ubaldofernandes.com\/index.php\/actuation\/ubaldo-fernandes-homenageia-10-personalidades-em-alusao-ao-dia-municipal-das-rocas\/#primaryimage\"},\"thumbnailUrl\":\"https:\/\/ubaldofernandes.com\/wp-content\/uploads\/2021\/09\/Sessao-Rocas-1.jpg\",\"datePublished\":\"2021-09-04T12:26:00+00:00\",\"dateModified\":\"2021-09-14T12:51:45+00:00\",\"breadcrumb\":{\"@id\":\"https:\/\/ubaldofernandes.com\/index.php\/actuation\/ubaldo-fernandes-homenageia-10-personalidades-em-alusao-ao-dia-municipal-das-rocas\/#breadcrumb\"},\"inLanguage\":\"pt-BR\",\"potentialAction\":[{\"@type\":\"ReadAction\",\"target\":[\"https:\/\/ubaldofernandes.com\/index.php\/actuation\/ubaldo-fernandes-homenageia-10-personalidades-em-alusao-ao-dia-municipal-das-rocas\/\"]}]},{\"@type\":\"ImageObject\",\"inLanguage\":\"pt-BR\",\"@id\":\"https:\/\/ubaldofernandes.com\/index.php\/actuation\/ubaldo-fernandes-homenageia-10-personalidades-em-alusao-ao-dia-municipal-das-rocas\/#primaryimage\",\"url\":\"https:\/\/ubaldofernandes.com\/wp-content\/uploads\/2021\/09\/Sessao-Rocas-1.jpg\",\"contentUrl\":\"https:\/\/ubaldofernandes.com\/wp-content\/uploads\/2021\/09\/Sessao-Rocas-1.jpg\",\"width\":1280,\"height\":844},{\"@type\":\"BreadcrumbList\",\"@id\":\"https:\/\/ubaldofernandes.com\/index.php\/actuation\/ubaldo-fernandes-homenageia-10-personalidades-em-alusao-ao-dia-municipal-das-rocas\/#breadcrumb\",\"itemListElement\":[{\"@type\":\"ListItem\",\"position\":1,\"name\":\"In\u00edcio\",\"item\":\"https:\/\/ubaldofernandes.com\/\"},{\"@type\":\"ListItem\",\"position\":2,\"name\":\"Post Atua\u00e7\u00e3o Parlamentar\",\"item\":\"https:\/\/ubaldofernandes.com\/index.php\/actuation\/\"},{\"@type\":\"ListItem\",\"position\":3,\"name\":\"Ubaldo Fernandes homenageia 10 personalidades em alus\u00e3o ao Dia Municipal das Rocas\"}]},{\"@type\":\"WebSite\",\"@id\":\"https:\/\/ubaldofernandes.com\/#website\",\"url\":\"https:\/\/ubaldofernandes.com\/\",\"name\":\"Ubaldo Fernandes\",\"description\":\"Deputado Estadual\",\"potentialAction\":[{\"@type\":\"SearchAction\",\"target\":{\"@type\":\"EntryPoint\",\"urlTemplate\":\"https:\/\/ubaldofernandes.com\/?s={search_term_string}\"},\"query-input\":{\"@type\":\"PropertyValueSpecification\",\"valueRequired\":true,\"valueName\":\"search_term_string\"}}],\"inLanguage\":\"pt-BR\"}]}<\/script>\n<!-- \/ Yoast SEO plugin. -->","yoast_head_json":{"title":"Ubaldo Fernandes homenageia 10 personalidades em alus\u00e3o ao Dia Municipal das Rocas - Ubaldo Fernandes","robots":{"index":"index","follow":"follow","max-snippet":"max-snippet:-1","max-image-preview":"max-image-preview:large","max-video-preview":"max-video-preview:-1"},"canonical":"https:\/\/ubaldofernandes.com\/index.php\/actuation\/ubaldo-fernandes-homenageia-10-personalidades-em-alusao-ao-dia-municipal-das-rocas\/","og_locale":"pt_BR","og_type":"article","og_title":"Ubaldo Fernandes homenageia 10 personalidades em alus\u00e3o ao Dia Municipal das Rocas - Ubaldo Fernandes","og_description":"Um dos marcos no desenvolvimento das Rocas, o IFRN Cidade Alta\/Rocas foi palco, na noite desta sexta-feira (03), de uma Sess\u00e3o Solene em homenagem ao Dia Municipal das Rocas, institu\u00eddo em 2010 no Calend\u00e1rio Oficial de Eventos de Natal pelo Projeto de Lei n\u00b0 192\/10, de autoria do ent\u00e3o vereador Ubaldo Fernandes, hoje deputado estadual. [&hellip;]","og_url":"https:\/\/ubaldofernandes.com\/index.php\/actuation\/ubaldo-fernandes-homenageia-10-personalidades-em-alusao-ao-dia-municipal-das-rocas\/","og_site_name":"Ubaldo Fernandes","article_modified_time":"2021-09-14T12:51:45+00:00","og_image":[{"width":1280,"height":844,"url":"https:\/\/ubaldofernandes.com\/wp-content\/uploads\/2021\/09\/Sessao-Rocas-1.jpg","type":"image\/jpeg"}],"twitter_card":"summary_large_image","twitter_misc":{"Est. tempo de leitura":"3 minutos"},"schema":{"@context":"https:\/\/schema.org","@graph":[{"@type":"WebPage","@id":"https:\/\/ubaldofernandes.com\/index.php\/actuation\/ubaldo-fernandes-homenageia-10-personalidades-em-alusao-ao-dia-municipal-das-rocas\/","url":"https:\/\/ubaldofernandes.com\/index.php\/actuation\/ubaldo-fernandes-homenageia-10-personalidades-em-alusao-ao-dia-municipal-das-rocas\/","name":"Ubaldo Fernandes homenageia 10 personalidades em alus\u00e3o ao Dia Municipal das Rocas - Ubaldo Fernandes","isPartOf":{"@id":"https:\/\/ubaldofernandes.com\/#website"},"primaryImageOfPage":{"@id":"https:\/\/ubaldofernandes.com\/index.php\/actuation\/ubaldo-fernandes-homenageia-10-personalidades-em-alusao-ao-dia-municipal-das-rocas\/#primaryimage"},"image":{"@id":"https:\/\/ubaldofernandes.com\/index.php\/actuation\/ubaldo-fernandes-homenageia-10-personalidades-em-alusao-ao-dia-municipal-das-rocas\/#primaryimage"},"thumbnailUrl":"https:\/\/ubaldofernandes.com\/wp-content\/uploads\/2021\/09\/Sessao-Rocas-1.jpg","datePublished":"2021-09-04T12:26:00+00:00","dateModified":"2021-09-14T12:51:45+00:00","breadcrumb":{"@id":"https:\/\/ubaldofernandes.com\/index.php\/actuation\/ubaldo-fernandes-homenageia-10-personalidades-em-alusao-ao-dia-municipal-das-rocas\/#breadcrumb"},"inLanguage":"pt-BR","potentialAction":[{"@type":"ReadAction","target":["https:\/\/ubaldofernandes.com\/index.php\/actuation\/ubaldo-fernandes-homenageia-10-personalidades-em-alusao-ao-dia-municipal-das-rocas\/"]}]},{"@type":"ImageObject","inLanguage":"pt-BR","@id":"https:\/\/ubaldofernandes.com\/index.php\/actuation\/ubaldo-fernandes-homenageia-10-personalidades-em-alusao-ao-dia-municipal-das-rocas\/#primaryimage","url":"https:\/\/ubaldofernandes.com\/wp-content\/uploads\/2021\/09\/Sessao-Rocas-1.jpg","contentUrl":"https:\/\/ubaldofernandes.com\/wp-content\/uploads\/2021\/09\/Sessao-Rocas-1.jpg","width":1280,"height":844},{"@type":"BreadcrumbList","@id":"https:\/\/ubaldofernandes.com\/index.php\/actuation\/ubaldo-fernandes-homenageia-10-personalidades-em-alusao-ao-dia-municipal-das-rocas\/#breadcrumb","itemListElement":[{"@type":"ListItem","position":1,"name":"In\u00edcio","item":"https:\/\/ubaldofernandes.com\/"},{"@type":"ListItem","position":2,"name":"Post Atua\u00e7\u00e3o Parlamentar","item":"https:\/\/ubaldofernandes.com\/index.php\/actuation\/"},{"@type":"ListItem","position":3,"name":"Ubaldo Fernandes homenageia 10 personalidades em alus\u00e3o ao Dia Municipal das Rocas"}]},{"@type":"WebSite","@id":"https:\/\/ubaldofernandes.com\/#website","url":"https:\/\/ubaldofernandes.com\/","name":"Ubaldo Fernandes","description":"Deputado Estadual","potentialAction":[{"@type":"SearchAction","target":{"@type":"EntryPoint","urlTemplate":"https:\/\/ubaldofernandes.com\/?s={search_term_string}"},"query-input":{"@type":"PropertyValueSpecification","valueRequired":true,"valueName":"search_term_string"}}],"inLanguage":"pt-BR"}]}},"_links":{"self":[{"href":"https:\/\/ubaldofernandes.com\/index.php\/wp-json\/wp\/v2\/actuation\/2860","targetHints":{"allow":["GET"]}}],"collection":[{"href":"https:\/\/ubaldofernandes.com\/index.php\/wp-json\/wp\/v2\/actuation"}],"about":[{"href":"https:\/\/ubaldofernandes.com\/index.php\/wp-json\/wp\/v2\/types\/actuation"}],"wp:featuredmedia":[{"embeddable":true,"href":"https:\/\/ubaldofernandes.com\/index.php\/wp-json\/wp\/v2\/media\/2861"}],"wp:attachment":[{"href":"https:\/\/ubaldofernandes.com\/index.php\/wp-json\/wp\/v2\/media?parent=2860"}],"wp:term":[{"taxonomy":"category","embeddable":true,"href":"https:\/\/ubaldofernandes.com\/index.php\/wp-json\/wp\/v2\/categories?post=2860"}],"curies":[{"name":"wp","href":"https:\/\/api.w.org\/{rel}","templated":true}]}}