{"id":324,"date":"2019-06-14T09:00:00","date_gmt":"2019-06-14T12:00:00","guid":{"rendered":"https:\/\/ubaldofernandes.com\/?post_type=actuation&#038;p=324"},"modified":"2020-07-31T10:09:02","modified_gmt":"2020-07-31T13:09:02","slug":"por-proposicao-de-ubaldo-assembleia-homenageia-maiores-doadores-de-sangue-do-rn","status":"publish","type":"actuation","link":"https:\/\/ubaldofernandes.com\/index.php\/actuation\/por-proposicao-de-ubaldo-assembleia-homenageia-maiores-doadores-de-sangue-do-rn\/","title":{"rendered":"Por proposi\u00e7\u00e3o de Ubaldo, Assembleia homenageia maiores doadores de sangue do RN"},"content":{"rendered":"\n<p>Em raz\u00e3o do Dia Mundial do Doador de Sangue, a Assembleia Legislativa promoveu, nesta sexta-feira (14), uma Sess\u00e3o Solene para homenagear os maiores doadores de sangue do Rio Grande do Norte. A proposi\u00e7\u00e3o \u00e9 do deputado estadual Ubaldo Fernandes (PTC).<\/p>\n\n\n\n<p>\u201cN\u00f3s que fazemos parte desse poder reconhecemos e concedemos toda nossa gratid\u00e3o aos homenageados nesta data. Doar sangue \u00e9 um ato de solidariedade e de servir ao pr\u00f3ximo. Precisamos estimular, com exemplos, o ato de doar sangue. Com um gesto simples e uma \u00fanica doa\u00e7\u00e3o, pode-se salvar at\u00e9 quatro vidas\u201d, justifica o parlamentar. Segundo ele, o Minist\u00e9rio da Sa\u00fade (MS) trabalha para aumentar o n\u00famero de doa\u00e7\u00f5es, tanto que a idade m\u00ednima do doador foi reduzida de 18 para 16 anos, com autoriza\u00e7\u00e3o do respons\u00e1vel, e a m\u00e1xima, subiu para 69 anos.<\/p>\n\n\n\n<p>N\u00famero um em doa\u00e7\u00f5es no mundo, Paulo Neris, foi um dos homenageados. Ubaldo afirma que a hist\u00f3ria de Paulo Neris serve de inspira\u00e7\u00e3o para futuros doadores. Ele come\u00e7ou a doar sangue aos 18 anos, por influ\u00eancia do pai. Paulo j\u00e1 realizou 288 doa\u00e7\u00f5es, salvando sozinho 1.128 vidas.<\/p>\n\n\n\n<p>\u201cAonde a gente v\u00e1, temos que contagiar as pessoas com a nossa causa. Somos her\u00f3is an\u00f4nimos e a nossa miss\u00e3o \u00e9 salvar vidas\u201d, disse Paulo Neris, que tamb\u00e9m \u00e9 presidente da Associa\u00e7\u00e3o de Doadores de Sangue e Medula \u00d3ssea (Adosan).<\/p>\n\n\n\n<p>Durante a Sess\u00e3o Solene foi lan\u00e7ada a&nbsp;<a href=\"http:\/\/www.al.rn.gov.br\/portal\/assets\/site\/pdf\/Cartilha-doacao-de-sangue.pdf\" target=\"_blank\" rel=\"noreferrer noopener\">Cartilha do Doador<\/a>, elaborada pela Associa\u00e7\u00e3o dos Doadores de Sangue e Medula \u00d3ssea (Adosan), com orienta\u00e7\u00f5es f\u00e1ceis e did\u00e1ticas para futuros doadores.<\/p>\n\n\n\n<p>\u201cHoje sabemos que os estoques de sangue est\u00e3o sempre cr\u00edticos e que muitas pessoas s\u00f3 pensam em doar quando algu\u00e9m pr\u00f3ximo precisa. Ent\u00e3o, esse tipo de homenagem e divulga\u00e7\u00e3o s\u00e3o muito importantes para toda a popula\u00e7\u00e3o\u201d, argumenta o deputado.<\/p>\n\n\n\n<p>Participaram da Sess\u00e3o Solene o deputado estadual Hermano Morais (MDB), Breno Cabral, diretor do Centro de Ci\u00eancias da sa\u00fade da UFRN, Marcia Maria Di\u00f3genes,&nbsp; representando o diretor do Hemonorte, Rodrigo Villar, Maria Zelia Fernandes, diretora do Hemovida, Paulo Neris, presidente da Associa\u00e7\u00e3o de Doadores de Sangue e Medula \u00d3ssea (Adosan), Vereador Dinarte Torres, representando o presidente da C\u00e2mara Municipal de Natal,&nbsp; Ver Paulinho Freire.<\/p>\n\n\n\n<p>Foram homenageados<\/p>\n\n\n\n<p>Almir Cesar de Oliveira<\/p>\n\n\n\n<p>Elenildo de Lima da Silva<\/p>\n\n\n\n<p>Eleciana Silva de Aguiar Santos<\/p>\n\n\n\n<p>Jo\u00e1s da Costa Lima<\/p>\n\n\n\n<p>Jos\u00e9 Fabiano da Costa Lima<\/p>\n\n\n\n<p>Leoc\u00e1dia Silva de Almeida<\/p>\n\n\n\n<p>Liliana Lira Raposo<\/p>\n\n\n\n<p>Paulo Luiz de Lima Neris<\/p>\n\n\n\n<p>Paulo Ricardo Lima dos Santos<\/p>\n\n\n\n<p>Walter de Paiva Barreto<\/p>\n\n\n\n<p>Fotos: Eduardo Maia<\/p>\n\n\n\n<figure class=\"wp-block-gallery columns-3 is-cropped wp-block-gallery-1 is-layout-flex wp-block-gallery-is-layout-flex\"><ul class=\"blocks-gallery-grid\"><li class=\"blocks-gallery-item\"><figure><a href=\"https:\/\/ubaldofernandes.com\/wp-content\/uploads\/2020\/07\/doadores-1-scaled.jpg\"><img loading=\"lazy\" decoding=\"async\" width=\"1024\" height=\"683\" src=\"https:\/\/ubaldofernandes.com\/wp-content\/uploads\/2020\/07\/doadores-1-1024x683.jpg\" alt=\"\" data-id=\"669\" data-full-url=\"https:\/\/ubaldofernandes.com\/wp-content\/uploads\/2020\/07\/doadores-1-scaled.jpg\" data-link=\"https:\/\/ubaldofernandes.com\/index.php\/actuation\/por-proposicao-de-ubaldo-assembleia-homenageia-maiores-doadores-de-sangue-do-rn\/doadores-1\/\" class=\"wp-image-669\" srcset=\"https:\/\/ubaldofernandes.com\/wp-content\/uploads\/2020\/07\/doadores-1-1024x683.jpg 1024w, https:\/\/ubaldofernandes.com\/wp-content\/uploads\/2020\/07\/doadores-1-300x200.jpg 300w, https:\/\/ubaldofernandes.com\/wp-content\/uploads\/2020\/07\/doadores-1-768x512.jpg 768w, https:\/\/ubaldofernandes.com\/wp-content\/uploads\/2020\/07\/doadores-1-1536x1025.jpg 1536w, https:\/\/ubaldofernandes.com\/wp-content\/uploads\/2020\/07\/doadores-1-2048x1367.jpg 2048w\" sizes=\"auto, (max-width: 1024px) 100vw, 1024px\" \/><\/a><\/figure><\/li><li class=\"blocks-gallery-item\"><figure><a href=\"https:\/\/ubaldofernandes.com\/wp-content\/uploads\/2020\/07\/doadores-2-scaled.jpg\"><img loading=\"lazy\" decoding=\"async\" width=\"1024\" height=\"683\" src=\"https:\/\/ubaldofernandes.com\/wp-content\/uploads\/2020\/07\/doadores-2-1024x683.jpg\" alt=\"\" data-id=\"670\" data-full-url=\"https:\/\/ubaldofernandes.com\/wp-content\/uploads\/2020\/07\/doadores-2-scaled.jpg\" data-link=\"https:\/\/ubaldofernandes.com\/index.php\/actuation\/por-proposicao-de-ubaldo-assembleia-homenageia-maiores-doadores-de-sangue-do-rn\/doadores-2\/\" class=\"wp-image-670\" srcset=\"https:\/\/ubaldofernandes.com\/wp-content\/uploads\/2020\/07\/doadores-2-1024x683.jpg 1024w, https:\/\/ubaldofernandes.com\/wp-content\/uploads\/2020\/07\/doadores-2-300x200.jpg 300w, https:\/\/ubaldofernandes.com\/wp-content\/uploads\/2020\/07\/doadores-2-768x512.jpg 768w, https:\/\/ubaldofernandes.com\/wp-content\/uploads\/2020\/07\/doadores-2-1536x1025.jpg 1536w, https:\/\/ubaldofernandes.com\/wp-content\/uploads\/2020\/07\/doadores-2-2048x1367.jpg 2048w\" sizes=\"auto, (max-width: 1024px) 100vw, 1024px\" \/><\/a><\/figure><\/li><li class=\"blocks-gallery-item\"><figure><a href=\"https:\/\/ubaldofernandes.com\/wp-content\/uploads\/2020\/07\/doadores-3-scaled.jpg\"><img loading=\"lazy\" decoding=\"async\" width=\"1024\" height=\"683\" src=\"https:\/\/ubaldofernandes.com\/wp-content\/uploads\/2020\/07\/doadores-3-1024x683.jpg\" alt=\"\" data-id=\"671\" data-full-url=\"https:\/\/ubaldofernandes.com\/wp-content\/uploads\/2020\/07\/doadores-3-scaled.jpg\" data-link=\"https:\/\/ubaldofernandes.com\/index.php\/actuation\/por-proposicao-de-ubaldo-assembleia-homenageia-maiores-doadores-de-sangue-do-rn\/doadores-3\/\" class=\"wp-image-671\" srcset=\"https:\/\/ubaldofernandes.com\/wp-content\/uploads\/2020\/07\/doadores-3-1024x683.jpg 1024w, https:\/\/ubaldofernandes.com\/wp-content\/uploads\/2020\/07\/doadores-3-300x200.jpg 300w, https:\/\/ubaldofernandes.com\/wp-content\/uploads\/2020\/07\/doadores-3-768x512.jpg 768w, https:\/\/ubaldofernandes.com\/wp-content\/uploads\/2020\/07\/doadores-3-1536x1025.jpg 1536w, https:\/\/ubaldofernandes.com\/wp-content\/uploads\/2020\/07\/doadores-3-2048x1367.jpg 2048w\" sizes=\"auto, (max-width: 1024px) 100vw, 1024px\" \/><\/a><\/figure><\/li><li class=\"blocks-gallery-item\"><figure><a href=\"https:\/\/ubaldofernandes.com\/wp-content\/uploads\/2020\/07\/doadores-4-scaled.jpg\"><img loading=\"lazy\" decoding=\"async\" width=\"1024\" height=\"683\" src=\"https:\/\/ubaldofernandes.com\/wp-content\/uploads\/2020\/07\/doadores-4-1024x683.jpg\" alt=\"\" data-id=\"672\" data-full-url=\"https:\/\/ubaldofernandes.com\/wp-content\/uploads\/2020\/07\/doadores-4-scaled.jpg\" data-link=\"https:\/\/ubaldofernandes.com\/index.php\/actuation\/por-proposicao-de-ubaldo-assembleia-homenageia-maiores-doadores-de-sangue-do-rn\/doadores-4\/\" class=\"wp-image-672\" srcset=\"https:\/\/ubaldofernandes.com\/wp-content\/uploads\/2020\/07\/doadores-4-1024x683.jpg 1024w, https:\/\/ubaldofernandes.com\/wp-content\/uploads\/2020\/07\/doadores-4-300x200.jpg 300w, https:\/\/ubaldofernandes.com\/wp-content\/uploads\/2020\/07\/doadores-4-768x512.jpg 768w, https:\/\/ubaldofernandes.com\/wp-content\/uploads\/2020\/07\/doadores-4-1536x1025.jpg 1536w, https:\/\/ubaldofernandes.com\/wp-content\/uploads\/2020\/07\/doadores-4-2048x1367.jpg 2048w\" sizes=\"auto, (max-width: 1024px) 100vw, 1024px\" \/><\/a><\/figure><\/li><li class=\"blocks-gallery-item\"><figure><a href=\"https:\/\/ubaldofernandes.com\/wp-content\/uploads\/2020\/07\/doadores-5-scaled.jpg\"><img loading=\"lazy\" decoding=\"async\" width=\"1024\" height=\"683\" src=\"https:\/\/ubaldofernandes.com\/wp-content\/uploads\/2020\/07\/doadores-5-1024x683.jpg\" alt=\"\" data-id=\"673\" data-full-url=\"https:\/\/ubaldofernandes.com\/wp-content\/uploads\/2020\/07\/doadores-5-scaled.jpg\" data-link=\"https:\/\/ubaldofernandes.com\/index.php\/actuation\/por-proposicao-de-ubaldo-assembleia-homenageia-maiores-doadores-de-sangue-do-rn\/doadores-5\/\" class=\"wp-image-673\" srcset=\"https:\/\/ubaldofernandes.com\/wp-content\/uploads\/2020\/07\/doadores-5-1024x683.jpg 1024w, https:\/\/ubaldofernandes.com\/wp-content\/uploads\/2020\/07\/doadores-5-300x200.jpg 300w, https:\/\/ubaldofernandes.com\/wp-content\/uploads\/2020\/07\/doadores-5-768x512.jpg 768w, https:\/\/ubaldofernandes.com\/wp-content\/uploads\/2020\/07\/doadores-5-1536x1025.jpg 1536w, https:\/\/ubaldofernandes.com\/wp-content\/uploads\/2020\/07\/doadores-5-2048x1367.jpg 2048w\" sizes=\"auto, (max-width: 1024px) 100vw, 1024px\" \/><\/a><\/figure><\/li><li class=\"blocks-gallery-item\"><figure><a href=\"https:\/\/ubaldofernandes.com\/wp-content\/uploads\/2020\/07\/doadores-6-scaled.jpg\"><img loading=\"lazy\" decoding=\"async\" width=\"1024\" height=\"683\" src=\"https:\/\/ubaldofernandes.com\/wp-content\/uploads\/2020\/07\/doadores-6-1024x683.jpg\" alt=\"\" data-id=\"675\" data-full-url=\"https:\/\/ubaldofernandes.com\/wp-content\/uploads\/2020\/07\/doadores-6-scaled.jpg\" data-link=\"https:\/\/ubaldofernandes.com\/index.php\/actuation\/por-proposicao-de-ubaldo-assembleia-homenageia-maiores-doadores-de-sangue-do-rn\/doadores-6\/\" class=\"wp-image-675\" srcset=\"https:\/\/ubaldofernandes.com\/wp-content\/uploads\/2020\/07\/doadores-6-1024x683.jpg 1024w, https:\/\/ubaldofernandes.com\/wp-content\/uploads\/2020\/07\/doadores-6-300x200.jpg 300w, https:\/\/ubaldofernandes.com\/wp-content\/uploads\/2020\/07\/doadores-6-768x512.jpg 768w, https:\/\/ubaldofernandes.com\/wp-content\/uploads\/2020\/07\/doadores-6-1536x1025.jpg 1536w, https:\/\/ubaldofernandes.com\/wp-content\/uploads\/2020\/07\/doadores-6-2048x1367.jpg 2048w\" sizes=\"auto, (max-width: 1024px) 100vw, 1024px\" \/><\/a><\/figure><\/li><li class=\"blocks-gallery-item\"><figure><a href=\"https:\/\/ubaldofernandes.com\/wp-content\/uploads\/2020\/07\/doadores-7-scaled.jpg\"><img loading=\"lazy\" decoding=\"async\" width=\"1024\" height=\"683\" src=\"https:\/\/ubaldofernandes.com\/wp-content\/uploads\/2020\/07\/doadores-7-1024x683.jpg\" alt=\"\" data-id=\"676\" data-full-url=\"https:\/\/ubaldofernandes.com\/wp-content\/uploads\/2020\/07\/doadores-7-scaled.jpg\" data-link=\"https:\/\/ubaldofernandes.com\/index.php\/actuation\/por-proposicao-de-ubaldo-assembleia-homenageia-maiores-doadores-de-sangue-do-rn\/doadores-7\/\" class=\"wp-image-676\" srcset=\"https:\/\/ubaldofernandes.com\/wp-content\/uploads\/2020\/07\/doadores-7-1024x683.jpg 1024w, https:\/\/ubaldofernandes.com\/wp-content\/uploads\/2020\/07\/doadores-7-300x200.jpg 300w, https:\/\/ubaldofernandes.com\/wp-content\/uploads\/2020\/07\/doadores-7-768x512.jpg 768w, https:\/\/ubaldofernandes.com\/wp-content\/uploads\/2020\/07\/doadores-7-1536x1025.jpg 1536w, https:\/\/ubaldofernandes.com\/wp-content\/uploads\/2020\/07\/doadores-7-2048x1367.jpg 2048w\" sizes=\"auto, (max-width: 1024px) 100vw, 1024px\" \/><\/a><\/figure><\/li><li class=\"blocks-gallery-item\"><figure><a href=\"https:\/\/ubaldofernandes.com\/wp-content\/uploads\/2020\/07\/doadores-8-scaled.jpg\"><img loading=\"lazy\" decoding=\"async\" width=\"1024\" height=\"683\" src=\"https:\/\/ubaldofernandes.com\/wp-content\/uploads\/2020\/07\/doadores-8-1024x683.jpg\" alt=\"\" data-id=\"677\" data-full-url=\"https:\/\/ubaldofernandes.com\/wp-content\/uploads\/2020\/07\/doadores-8-scaled.jpg\" data-link=\"https:\/\/ubaldofernandes.com\/index.php\/actuation\/por-proposicao-de-ubaldo-assembleia-homenageia-maiores-doadores-de-sangue-do-rn\/doadores-8\/\" class=\"wp-image-677\" srcset=\"https:\/\/ubaldofernandes.com\/wp-content\/uploads\/2020\/07\/doadores-8-1024x683.jpg 1024w, https:\/\/ubaldofernandes.com\/wp-content\/uploads\/2020\/07\/doadores-8-300x200.jpg 300w, https:\/\/ubaldofernandes.com\/wp-content\/uploads\/2020\/07\/doadores-8-768x512.jpg 768w, https:\/\/ubaldofernandes.com\/wp-content\/uploads\/2020\/07\/doadores-8-1536x1025.jpg 1536w, https:\/\/ubaldofernandes.com\/wp-content\/uploads\/2020\/07\/doadores-8-2048x1367.jpg 2048w\" sizes=\"auto, (max-width: 1024px) 100vw, 1024px\" \/><\/a><\/figure><\/li><li class=\"blocks-gallery-item\"><figure><a href=\"https:\/\/ubaldofernandes.com\/wp-content\/uploads\/2020\/07\/doadores-9-scaled.jpg\"><img loading=\"lazy\" decoding=\"async\" width=\"1024\" height=\"683\" src=\"https:\/\/ubaldofernandes.com\/wp-content\/uploads\/2020\/07\/doadores-9-1024x683.jpg\" alt=\"\" data-id=\"678\" data-full-url=\"https:\/\/ubaldofernandes.com\/wp-content\/uploads\/2020\/07\/doadores-9-scaled.jpg\" data-link=\"https:\/\/ubaldofernandes.com\/index.php\/actuation\/por-proposicao-de-ubaldo-assembleia-homenageia-maiores-doadores-de-sangue-do-rn\/doadores-9\/\" class=\"wp-image-678\" srcset=\"https:\/\/ubaldofernandes.com\/wp-content\/uploads\/2020\/07\/doadores-9-1024x683.jpg 1024w, https:\/\/ubaldofernandes.com\/wp-content\/uploads\/2020\/07\/doadores-9-300x200.jpg 300w, https:\/\/ubaldofernandes.com\/wp-content\/uploads\/2020\/07\/doadores-9-768x512.jpg 768w, https:\/\/ubaldofernandes.com\/wp-content\/uploads\/2020\/07\/doadores-9-1536x1025.jpg 1536w, https:\/\/ubaldofernandes.com\/wp-content\/uploads\/2020\/07\/doadores-9-2048x1367.jpg 2048w\" sizes=\"auto, (max-width: 1024px) 100vw, 1024px\" \/><\/a><\/figure><\/li><li class=\"blocks-gallery-item\"><figure><a href=\"https:\/\/ubaldofernandes.com\/wp-content\/uploads\/2020\/07\/doadores-10-scaled.jpg\"><img loading=\"lazy\" decoding=\"async\" width=\"1024\" height=\"683\" src=\"https:\/\/ubaldofernandes.com\/wp-content\/uploads\/2020\/07\/doadores-10-1024x683.jpg\" alt=\"\" data-id=\"679\" data-full-url=\"https:\/\/ubaldofernandes.com\/wp-content\/uploads\/2020\/07\/doadores-10-scaled.jpg\" data-link=\"https:\/\/ubaldofernandes.com\/index.php\/actuation\/por-proposicao-de-ubaldo-assembleia-homenageia-maiores-doadores-de-sangue-do-rn\/doadores-10\/\" class=\"wp-image-679\" srcset=\"https:\/\/ubaldofernandes.com\/wp-content\/uploads\/2020\/07\/doadores-10-1024x683.jpg 1024w, https:\/\/ubaldofernandes.com\/wp-content\/uploads\/2020\/07\/doadores-10-300x200.jpg 300w, https:\/\/ubaldofernandes.com\/wp-content\/uploads\/2020\/07\/doadores-10-768x512.jpg 768w, https:\/\/ubaldofernandes.com\/wp-content\/uploads\/2020\/07\/doadores-10-1536x1025.jpg 1536w, https:\/\/ubaldofernandes.com\/wp-content\/uploads\/2020\/07\/doadores-10-2048x1367.jpg 2048w\" sizes=\"auto, (max-width: 1024px) 100vw, 1024px\" \/><\/a><\/figure><\/li><li class=\"blocks-gallery-item\"><figure><a href=\"https:\/\/ubaldofernandes.com\/wp-content\/uploads\/2020\/07\/doadores-11-scaled.jpg\"><img loading=\"lazy\" decoding=\"async\" width=\"1024\" height=\"683\" src=\"https:\/\/ubaldofernandes.com\/wp-content\/uploads\/2020\/07\/doadores-11-1024x683.jpg\" alt=\"\" data-id=\"680\" data-full-url=\"https:\/\/ubaldofernandes.com\/wp-content\/uploads\/2020\/07\/doadores-11-scaled.jpg\" data-link=\"https:\/\/ubaldofernandes.com\/index.php\/actuation\/por-proposicao-de-ubaldo-assembleia-homenageia-maiores-doadores-de-sangue-do-rn\/doadores-11\/\" class=\"wp-image-680\" srcset=\"https:\/\/ubaldofernandes.com\/wp-content\/uploads\/2020\/07\/doadores-11-1024x683.jpg 1024w, https:\/\/ubaldofernandes.com\/wp-content\/uploads\/2020\/07\/doadores-11-300x200.jpg 300w, https:\/\/ubaldofernandes.com\/wp-content\/uploads\/2020\/07\/doadores-11-768x512.jpg 768w, https:\/\/ubaldofernandes.com\/wp-content\/uploads\/2020\/07\/doadores-11-1536x1025.jpg 1536w, https:\/\/ubaldofernandes.com\/wp-content\/uploads\/2020\/07\/doadores-11-2048x1367.jpg 2048w\" sizes=\"auto, (max-width: 1024px) 100vw, 1024px\" \/><\/a><\/figure><\/li><li class=\"blocks-gallery-item\"><figure><a href=\"https:\/\/ubaldofernandes.com\/wp-content\/uploads\/2020\/07\/doadores-12-scaled.jpg\"><img loading=\"lazy\" decoding=\"async\" width=\"1024\" height=\"683\" src=\"https:\/\/ubaldofernandes.com\/wp-content\/uploads\/2020\/07\/doadores-12-1024x683.jpg\" alt=\"\" data-id=\"681\" data-full-url=\"https:\/\/ubaldofernandes.com\/wp-content\/uploads\/2020\/07\/doadores-12-scaled.jpg\" data-link=\"https:\/\/ubaldofernandes.com\/index.php\/actuation\/por-proposicao-de-ubaldo-assembleia-homenageia-maiores-doadores-de-sangue-do-rn\/doadores-12\/\" class=\"wp-image-681\" srcset=\"https:\/\/ubaldofernandes.com\/wp-content\/uploads\/2020\/07\/doadores-12-1024x683.jpg 1024w, https:\/\/ubaldofernandes.com\/wp-content\/uploads\/2020\/07\/doadores-12-300x200.jpg 300w, https:\/\/ubaldofernandes.com\/wp-content\/uploads\/2020\/07\/doadores-12-768x512.jpg 768w, https:\/\/ubaldofernandes.com\/wp-content\/uploads\/2020\/07\/doadores-12-1536x1025.jpg 1536w, https:\/\/ubaldofernandes.com\/wp-content\/uploads\/2020\/07\/doadores-12-2048x1367.jpg 2048w\" sizes=\"auto, (max-width: 1024px) 100vw, 1024px\" \/><\/a><\/figure><\/li><li class=\"blocks-gallery-item\"><figure><a href=\"https:\/\/ubaldofernandes.com\/wp-content\/uploads\/2020\/07\/doadores-13-scaled.jpg\"><img loading=\"lazy\" decoding=\"async\" width=\"1024\" height=\"683\" src=\"https:\/\/ubaldofernandes.com\/wp-content\/uploads\/2020\/07\/doadores-13-1024x683.jpg\" alt=\"\" data-id=\"682\" data-full-url=\"https:\/\/ubaldofernandes.com\/wp-content\/uploads\/2020\/07\/doadores-13-scaled.jpg\" data-link=\"https:\/\/ubaldofernandes.com\/index.php\/actuation\/por-proposicao-de-ubaldo-assembleia-homenageia-maiores-doadores-de-sangue-do-rn\/doadores-13\/\" class=\"wp-image-682\" srcset=\"https:\/\/ubaldofernandes.com\/wp-content\/uploads\/2020\/07\/doadores-13-1024x683.jpg 1024w, https:\/\/ubaldofernandes.com\/wp-content\/uploads\/2020\/07\/doadores-13-300x200.jpg 300w, https:\/\/ubaldofernandes.com\/wp-content\/uploads\/2020\/07\/doadores-13-768x512.jpg 768w, https:\/\/ubaldofernandes.com\/wp-content\/uploads\/2020\/07\/doadores-13-1536x1025.jpg 1536w, https:\/\/ubaldofernandes.com\/wp-content\/uploads\/2020\/07\/doadores-13-2048x1367.jpg 2048w\" sizes=\"auto, (max-width: 1024px) 100vw, 1024px\" \/><\/a><\/figure><\/li><li class=\"blocks-gallery-item\"><figure><a href=\"https:\/\/ubaldofernandes.com\/wp-content\/uploads\/2020\/07\/doadores-14-scaled.jpg\"><img loading=\"lazy\" decoding=\"async\" width=\"1024\" height=\"683\" src=\"https:\/\/ubaldofernandes.com\/wp-content\/uploads\/2020\/07\/doadores-14-1024x683.jpg\" alt=\"\" data-id=\"683\" data-full-url=\"https:\/\/ubaldofernandes.com\/wp-content\/uploads\/2020\/07\/doadores-14-scaled.jpg\" data-link=\"https:\/\/ubaldofernandes.com\/index.php\/actuation\/por-proposicao-de-ubaldo-assembleia-homenageia-maiores-doadores-de-sangue-do-rn\/doadores-14\/\" class=\"wp-image-683\" srcset=\"https:\/\/ubaldofernandes.com\/wp-content\/uploads\/2020\/07\/doadores-14-1024x683.jpg 1024w, https:\/\/ubaldofernandes.com\/wp-content\/uploads\/2020\/07\/doadores-14-300x200.jpg 300w, https:\/\/ubaldofernandes.com\/wp-content\/uploads\/2020\/07\/doadores-14-768x512.jpg 768w, https:\/\/ubaldofernandes.com\/wp-content\/uploads\/2020\/07\/doadores-14-1536x1025.jpg 1536w, https:\/\/ubaldofernandes.com\/wp-content\/uploads\/2020\/07\/doadores-14-2048x1367.jpg 2048w\" sizes=\"auto, (max-width: 1024px) 100vw, 1024px\" \/><\/a><\/figure><\/li><li class=\"blocks-gallery-item\"><figure><a href=\"https:\/\/ubaldofernandes.com\/wp-content\/uploads\/2020\/07\/doadores-15-scaled.jpg\"><img loading=\"lazy\" decoding=\"async\" width=\"1024\" height=\"683\" src=\"https:\/\/ubaldofernandes.com\/wp-content\/uploads\/2020\/07\/doadores-15-1024x683.jpg\" alt=\"\" data-id=\"684\" data-full-url=\"https:\/\/ubaldofernandes.com\/wp-content\/uploads\/2020\/07\/doadores-15-scaled.jpg\" data-link=\"https:\/\/ubaldofernandes.com\/index.php\/actuation\/por-proposicao-de-ubaldo-assembleia-homenageia-maiores-doadores-de-sangue-do-rn\/doadores-15\/\" class=\"wp-image-684\" srcset=\"https:\/\/ubaldofernandes.com\/wp-content\/uploads\/2020\/07\/doadores-15-1024x683.jpg 1024w, https:\/\/ubaldofernandes.com\/wp-content\/uploads\/2020\/07\/doadores-15-300x200.jpg 300w, https:\/\/ubaldofernandes.com\/wp-content\/uploads\/2020\/07\/doadores-15-768x512.jpg 768w, https:\/\/ubaldofernandes.com\/wp-content\/uploads\/2020\/07\/doadores-15-1536x1025.jpg 1536w, https:\/\/ubaldofernandes.com\/wp-content\/uploads\/2020\/07\/doadores-15-2048x1367.jpg 2048w\" sizes=\"auto, (max-width: 1024px) 100vw, 1024px\" \/><\/a><\/figure><\/li><li class=\"blocks-gallery-item\"><figure><a href=\"https:\/\/ubaldofernandes.com\/wp-content\/uploads\/2020\/07\/doadores-16-scaled.jpg\"><img loading=\"lazy\" decoding=\"async\" width=\"1024\" height=\"683\" src=\"https:\/\/ubaldofernandes.com\/wp-content\/uploads\/2020\/07\/doadores-16-1024x683.jpg\" alt=\"\" data-id=\"685\" data-full-url=\"https:\/\/ubaldofernandes.com\/wp-content\/uploads\/2020\/07\/doadores-16-scaled.jpg\" data-link=\"https:\/\/ubaldofernandes.com\/index.php\/actuation\/por-proposicao-de-ubaldo-assembleia-homenageia-maiores-doadores-de-sangue-do-rn\/doadores-16\/\" class=\"wp-image-685\" srcset=\"https:\/\/ubaldofernandes.com\/wp-content\/uploads\/2020\/07\/doadores-16-1024x683.jpg 1024w, https:\/\/ubaldofernandes.com\/wp-content\/uploads\/2020\/07\/doadores-16-300x200.jpg 300w, https:\/\/ubaldofernandes.com\/wp-content\/uploads\/2020\/07\/doadores-16-768x512.jpg 768w, https:\/\/ubaldofernandes.com\/wp-content\/uploads\/2020\/07\/doadores-16-1536x1025.jpg 1536w, https:\/\/ubaldofernandes.com\/wp-content\/uploads\/2020\/07\/doadores-16-2048x1367.jpg 2048w\" sizes=\"auto, (max-width: 1024px) 100vw, 1024px\" \/><\/a><\/figure><\/li><li class=\"blocks-gallery-item\"><figure><a href=\"https:\/\/ubaldofernandes.com\/wp-content\/uploads\/2020\/07\/doadores-17-scaled.jpg\"><img loading=\"lazy\" decoding=\"async\" width=\"1024\" height=\"683\" src=\"https:\/\/ubaldofernandes.com\/wp-content\/uploads\/2020\/07\/doadores-17-1024x683.jpg\" alt=\"\" data-id=\"686\" data-full-url=\"https:\/\/ubaldofernandes.com\/wp-content\/uploads\/2020\/07\/doadores-17-scaled.jpg\" data-link=\"https:\/\/ubaldofernandes.com\/index.php\/actuation\/por-proposicao-de-ubaldo-assembleia-homenageia-maiores-doadores-de-sangue-do-rn\/doadores-17\/\" class=\"wp-image-686\" srcset=\"https:\/\/ubaldofernandes.com\/wp-content\/uploads\/2020\/07\/doadores-17-1024x683.jpg 1024w, https:\/\/ubaldofernandes.com\/wp-content\/uploads\/2020\/07\/doadores-17-300x200.jpg 300w, https:\/\/ubaldofernandes.com\/wp-content\/uploads\/2020\/07\/doadores-17-768x512.jpg 768w, https:\/\/ubaldofernandes.com\/wp-content\/uploads\/2020\/07\/doadores-17-1536x1025.jpg 1536w, https:\/\/ubaldofernandes.com\/wp-content\/uploads\/2020\/07\/doadores-17-2048x1367.jpg 2048w\" sizes=\"auto, (max-width: 1024px) 100vw, 1024px\" \/><\/a><\/figure><\/li><\/ul><\/figure>\n","protected":false},"featured_media":325,"parent":0,"template":"","categories":[10],"class_list":["post-324","actuation","type-actuation","status-publish","has-post-thumbnail","hentry","category-sessao-solene"],"acf":[],"yoast_head":"<!-- This site is optimized with the Yoast SEO plugin v24.6 - https:\/\/yoast.com\/wordpress\/plugins\/seo\/ -->\n<title>Por proposi\u00e7\u00e3o de Ubaldo, Assembleia homenageia maiores doadores de sangue do RN - Ubaldo Fernandes<\/title>\n<meta name=\"robots\" content=\"index, follow, max-snippet:-1, max-image-preview:large, max-video-preview:-1\" \/>\n<link rel=\"canonical\" href=\"https:\/\/ubaldofernandes.com\/index.php\/actuation\/por-proposicao-de-ubaldo-assembleia-homenageia-maiores-doadores-de-sangue-do-rn\/\" \/>\n<meta property=\"og:locale\" content=\"pt_BR\" \/>\n<meta property=\"og:type\" content=\"article\" \/>\n<meta property=\"og:title\" content=\"Por proposi\u00e7\u00e3o de Ubaldo, Assembleia homenageia maiores doadores de sangue do RN - Ubaldo Fernandes\" \/>\n<meta property=\"og:description\" content=\"Em raz\u00e3o do Dia Mundial do Doador de Sangue, a Assembleia Legislativa promoveu, nesta sexta-feira (14), uma Sess\u00e3o Solene para homenagear os maiores doadores de sangue do Rio Grande do Norte. A proposi\u00e7\u00e3o \u00e9 do deputado estadual Ubaldo Fernandes (PTC). \u201cN\u00f3s que fazemos parte desse poder reconhecemos e concedemos toda nossa gratid\u00e3o aos homenageados nesta [&hellip;]\" \/>\n<meta property=\"og:url\" content=\"https:\/\/ubaldofernandes.com\/index.php\/actuation\/por-proposicao-de-ubaldo-assembleia-homenageia-maiores-doadores-de-sangue-do-rn\/\" \/>\n<meta property=\"og:site_name\" content=\"Ubaldo Fernandes\" \/>\n<meta property=\"article:modified_time\" content=\"2020-07-31T13:09:02+00:00\" \/>\n<meta property=\"og:image\" content=\"https:\/\/ubaldofernandes.com\/wp-content\/uploads\/2020\/07\/845209c39d8499c9cfbbd413434cfba0.jpg\" \/>\n\t<meta property=\"og:image:width\" content=\"1274\" \/>\n\t<meta property=\"og:image:height\" content=\"850\" \/>\n\t<meta property=\"og:image:type\" content=\"image\/jpeg\" \/>\n<meta name=\"twitter:card\" content=\"summary_large_image\" \/>\n<meta name=\"twitter:label1\" content=\"Est. tempo de leitura\" \/>\n\t<meta name=\"twitter:data1\" content=\"2 minutos\" \/>\n<script type=\"application\/ld+json\" class=\"yoast-schema-graph\">{\"@context\":\"https:\/\/schema.org\",\"@graph\":[{\"@type\":\"WebPage\",\"@id\":\"https:\/\/ubaldofernandes.com\/index.php\/actuation\/por-proposicao-de-ubaldo-assembleia-homenageia-maiores-doadores-de-sangue-do-rn\/\",\"url\":\"https:\/\/ubaldofernandes.com\/index.php\/actuation\/por-proposicao-de-ubaldo-assembleia-homenageia-maiores-doadores-de-sangue-do-rn\/\",\"name\":\"Por proposi\u00e7\u00e3o de Ubaldo, Assembleia homenageia maiores doadores de sangue do RN - Ubaldo Fernandes\",\"isPartOf\":{\"@id\":\"https:\/\/ubaldofernandes.com\/#website\"},\"primaryImageOfPage\":{\"@id\":\"https:\/\/ubaldofernandes.com\/index.php\/actuation\/por-proposicao-de-ubaldo-assembleia-homenageia-maiores-doadores-de-sangue-do-rn\/#primaryimage\"},\"image\":{\"@id\":\"https:\/\/ubaldofernandes.com\/index.php\/actuation\/por-proposicao-de-ubaldo-assembleia-homenageia-maiores-doadores-de-sangue-do-rn\/#primaryimage\"},\"thumbnailUrl\":\"https:\/\/ubaldofernandes.com\/wp-content\/uploads\/2020\/07\/845209c39d8499c9cfbbd413434cfba0.jpg\",\"datePublished\":\"2019-06-14T12:00:00+00:00\",\"dateModified\":\"2020-07-31T13:09:02+00:00\",\"breadcrumb\":{\"@id\":\"https:\/\/ubaldofernandes.com\/index.php\/actuation\/por-proposicao-de-ubaldo-assembleia-homenageia-maiores-doadores-de-sangue-do-rn\/#breadcrumb\"},\"inLanguage\":\"pt-BR\",\"potentialAction\":[{\"@type\":\"ReadAction\",\"target\":[\"https:\/\/ubaldofernandes.com\/index.php\/actuation\/por-proposicao-de-ubaldo-assembleia-homenageia-maiores-doadores-de-sangue-do-rn\/\"]}]},{\"@type\":\"ImageObject\",\"inLanguage\":\"pt-BR\",\"@id\":\"https:\/\/ubaldofernandes.com\/index.php\/actuation\/por-proposicao-de-ubaldo-assembleia-homenageia-maiores-doadores-de-sangue-do-rn\/#primaryimage\",\"url\":\"https:\/\/ubaldofernandes.com\/wp-content\/uploads\/2020\/07\/845209c39d8499c9cfbbd413434cfba0.jpg\",\"contentUrl\":\"https:\/\/ubaldofernandes.com\/wp-content\/uploads\/2020\/07\/845209c39d8499c9cfbbd413434cfba0.jpg\",\"width\":1274,\"height\":850},{\"@type\":\"BreadcrumbList\",\"@id\":\"https:\/\/ubaldofernandes.com\/index.php\/actuation\/por-proposicao-de-ubaldo-assembleia-homenageia-maiores-doadores-de-sangue-do-rn\/#breadcrumb\",\"itemListElement\":[{\"@type\":\"ListItem\",\"position\":1,\"name\":\"In\u00edcio\",\"item\":\"https:\/\/ubaldofernandes.com\/\"},{\"@type\":\"ListItem\",\"position\":2,\"name\":\"Post Atua\u00e7\u00e3o Parlamentar\",\"item\":\"https:\/\/ubaldofernandes.com\/index.php\/actuation\/\"},{\"@type\":\"ListItem\",\"position\":3,\"name\":\"Por proposi\u00e7\u00e3o de Ubaldo, Assembleia homenageia maiores doadores de sangue do RN\"}]},{\"@type\":\"WebSite\",\"@id\":\"https:\/\/ubaldofernandes.com\/#website\",\"url\":\"https:\/\/ubaldofernandes.com\/\",\"name\":\"Ubaldo Fernandes\",\"description\":\"Deputado Estadual\",\"potentialAction\":[{\"@type\":\"SearchAction\",\"target\":{\"@type\":\"EntryPoint\",\"urlTemplate\":\"https:\/\/ubaldofernandes.com\/?s={search_term_string}\"},\"query-input\":{\"@type\":\"PropertyValueSpecification\",\"valueRequired\":true,\"valueName\":\"search_term_string\"}}],\"inLanguage\":\"pt-BR\"}]}<\/script>\n<!-- \/ Yoast SEO plugin. -->","yoast_head_json":{"title":"Por proposi\u00e7\u00e3o de Ubaldo, Assembleia homenageia maiores doadores de sangue do RN - Ubaldo Fernandes","robots":{"index":"index","follow":"follow","max-snippet":"max-snippet:-1","max-image-preview":"max-image-preview:large","max-video-preview":"max-video-preview:-1"},"canonical":"https:\/\/ubaldofernandes.com\/index.php\/actuation\/por-proposicao-de-ubaldo-assembleia-homenageia-maiores-doadores-de-sangue-do-rn\/","og_locale":"pt_BR","og_type":"article","og_title":"Por proposi\u00e7\u00e3o de Ubaldo, Assembleia homenageia maiores doadores de sangue do RN - Ubaldo Fernandes","og_description":"Em raz\u00e3o do Dia Mundial do Doador de Sangue, a Assembleia Legislativa promoveu, nesta sexta-feira (14), uma Sess\u00e3o Solene para homenagear os maiores doadores de sangue do Rio Grande do Norte. A proposi\u00e7\u00e3o \u00e9 do deputado estadual Ubaldo Fernandes (PTC). \u201cN\u00f3s que fazemos parte desse poder reconhecemos e concedemos toda nossa gratid\u00e3o aos homenageados nesta [&hellip;]","og_url":"https:\/\/ubaldofernandes.com\/index.php\/actuation\/por-proposicao-de-ubaldo-assembleia-homenageia-maiores-doadores-de-sangue-do-rn\/","og_site_name":"Ubaldo Fernandes","article_modified_time":"2020-07-31T13:09:02+00:00","og_image":[{"width":1274,"height":850,"url":"https:\/\/ubaldofernandes.com\/wp-content\/uploads\/2020\/07\/845209c39d8499c9cfbbd413434cfba0.jpg","type":"image\/jpeg"}],"twitter_card":"summary_large_image","twitter_misc":{"Est. tempo de leitura":"2 minutos"},"schema":{"@context":"https:\/\/schema.org","@graph":[{"@type":"WebPage","@id":"https:\/\/ubaldofernandes.com\/index.php\/actuation\/por-proposicao-de-ubaldo-assembleia-homenageia-maiores-doadores-de-sangue-do-rn\/","url":"https:\/\/ubaldofernandes.com\/index.php\/actuation\/por-proposicao-de-ubaldo-assembleia-homenageia-maiores-doadores-de-sangue-do-rn\/","name":"Por proposi\u00e7\u00e3o de Ubaldo, Assembleia homenageia maiores doadores de sangue do RN - Ubaldo Fernandes","isPartOf":{"@id":"https:\/\/ubaldofernandes.com\/#website"},"primaryImageOfPage":{"@id":"https:\/\/ubaldofernandes.com\/index.php\/actuation\/por-proposicao-de-ubaldo-assembleia-homenageia-maiores-doadores-de-sangue-do-rn\/#primaryimage"},"image":{"@id":"https:\/\/ubaldofernandes.com\/index.php\/actuation\/por-proposicao-de-ubaldo-assembleia-homenageia-maiores-doadores-de-sangue-do-rn\/#primaryimage"},"thumbnailUrl":"https:\/\/ubaldofernandes.com\/wp-content\/uploads\/2020\/07\/845209c39d8499c9cfbbd413434cfba0.jpg","datePublished":"2019-06-14T12:00:00+00:00","dateModified":"2020-07-31T13:09:02+00:00","breadcrumb":{"@id":"https:\/\/ubaldofernandes.com\/index.php\/actuation\/por-proposicao-de-ubaldo-assembleia-homenageia-maiores-doadores-de-sangue-do-rn\/#breadcrumb"},"inLanguage":"pt-BR","potentialAction":[{"@type":"ReadAction","target":["https:\/\/ubaldofernandes.com\/index.php\/actuation\/por-proposicao-de-ubaldo-assembleia-homenageia-maiores-doadores-de-sangue-do-rn\/"]}]},{"@type":"ImageObject","inLanguage":"pt-BR","@id":"https:\/\/ubaldofernandes.com\/index.php\/actuation\/por-proposicao-de-ubaldo-assembleia-homenageia-maiores-doadores-de-sangue-do-rn\/#primaryimage","url":"https:\/\/ubaldofernandes.com\/wp-content\/uploads\/2020\/07\/845209c39d8499c9cfbbd413434cfba0.jpg","contentUrl":"https:\/\/ubaldofernandes.com\/wp-content\/uploads\/2020\/07\/845209c39d8499c9cfbbd413434cfba0.jpg","width":1274,"height":850},{"@type":"BreadcrumbList","@id":"https:\/\/ubaldofernandes.com\/index.php\/actuation\/por-proposicao-de-ubaldo-assembleia-homenageia-maiores-doadores-de-sangue-do-rn\/#breadcrumb","itemListElement":[{"@type":"ListItem","position":1,"name":"In\u00edcio","item":"https:\/\/ubaldofernandes.com\/"},{"@type":"ListItem","position":2,"name":"Post Atua\u00e7\u00e3o Parlamentar","item":"https:\/\/ubaldofernandes.com\/index.php\/actuation\/"},{"@type":"ListItem","position":3,"name":"Por proposi\u00e7\u00e3o de Ubaldo, Assembleia homenageia maiores doadores de sangue do RN"}]},{"@type":"WebSite","@id":"https:\/\/ubaldofernandes.com\/#website","url":"https:\/\/ubaldofernandes.com\/","name":"Ubaldo Fernandes","description":"Deputado Estadual","potentialAction":[{"@type":"SearchAction","target":{"@type":"EntryPoint","urlTemplate":"https:\/\/ubaldofernandes.com\/?s={search_term_string}"},"query-input":{"@type":"PropertyValueSpecification","valueRequired":true,"valueName":"search_term_string"}}],"inLanguage":"pt-BR"}]}},"_links":{"self":[{"href":"https:\/\/ubaldofernandes.com\/index.php\/wp-json\/wp\/v2\/actuation\/324","targetHints":{"allow":["GET"]}}],"collection":[{"href":"https:\/\/ubaldofernandes.com\/index.php\/wp-json\/wp\/v2\/actuation"}],"about":[{"href":"https:\/\/ubaldofernandes.com\/index.php\/wp-json\/wp\/v2\/types\/actuation"}],"wp:featuredmedia":[{"embeddable":true,"href":"https:\/\/ubaldofernandes.com\/index.php\/wp-json\/wp\/v2\/media\/325"}],"wp:attachment":[{"href":"https:\/\/ubaldofernandes.com\/index.php\/wp-json\/wp\/v2\/media?parent=324"}],"wp:term":[{"taxonomy":"category","embeddable":true,"href":"https:\/\/ubaldofernandes.com\/index.php\/wp-json\/wp\/v2\/categories?post=324"}],"curies":[{"name":"wp","href":"https:\/\/api.w.org\/{rel}","templated":true}]}}