{"id":374,"date":"2020-03-17T10:00:00","date_gmt":"2020-03-17T13:00:00","guid":{"rendered":"https:\/\/ubaldofernandes.com\/?post_type=actuation&#038;p=374"},"modified":"2020-07-30T14:17:23","modified_gmt":"2020-07-30T17:17:23","slug":"comissao-do-legislativo-aprova-materia-que-veta-praticas-abusivas-de-telefonicas","status":"publish","type":"actuation","link":"https:\/\/ubaldofernandes.com\/index.php\/actuation\/comissao-do-legislativo-aprova-materia-que-veta-praticas-abusivas-de-telefonicas\/","title":{"rendered":"Comiss\u00e3o do Legislativo aprova mat\u00e9ria que veta pr\u00e1ticas abusivas de telef\u00f4nicas"},"content":{"rendered":"\n<p>A Comiss\u00e3o de Defesa do Consumidor, Meio Ambiente e Interior da Assembleia Legislativa do Rio Grande do Norte promoveu na manh\u00e3 desta ter\u00e7a-feira (17) a 2\u00aa reuni\u00e3o ordin\u00e1ria do ano, oportunidade em que apreciou e aprovou o Projeto de Lei n\u00ba 155\/2019, de autoria do deputado George Soares (PL), que disp\u00f5e sobre a prote\u00e7\u00e3o do consumidor norte-rio-grandense em rela\u00e7\u00e3o as pr\u00e1ticas abusivas por parte de prestadoras de servi\u00e7os de telecomunica\u00e7\u00f5es.<\/p>\n\n\n\n<p>\u201cApresento parecer favor\u00e1vel a essa importante mat\u00e9ria que resguarda o direito do consumidor potiguar e limita pr\u00e1ticas abusivas e lesivas por parte das operadoras no tocante \u00e0 comercializa\u00e7\u00e3o de planos de servi\u00e7os de telecomunica\u00e7\u00f5es com outros servi\u00e7os embutidos, pr\u00e1tica conhecida como casadinha\u201d, relatou o deputado Ubaldo Fernandes (PL).<\/p>\n\n\n\n<p>O projeto de lei define como pr\u00e1ticas abusivas aquelas referentes \u00e0 oferta e comercializa\u00e7\u00e3o de servi\u00e7os de valor adicionado (SVA), digitais, complementares, suplementares ou qualquer outro, independente de sua denomina\u00e7\u00e3o, de forma onerosa ao consumidor, quando agregados a planos de servi\u00e7os de telecomunica\u00e7\u00f5es sem a autoriza\u00e7\u00e3o pr\u00e9via e expressa do consumidor. De forma geral, os servi\u00e7os oferecidos de forma acrescentada incluem, na maioria das vezes, m\u00fasica, banca de revistas, hor\u00f3scopo, jogos e outros.<\/p>\n\n\n\n<p>Integrante da comiss\u00e3o, o deputado Sandro Pimentel (PSOL) tamb\u00e9m votou favor\u00e1vel ao projeto, que segue agora para tr\u00e2mite nas demais comiss\u00f5es t\u00e9cnicas da Casa. Na oportunidade, o parlamentar alertou para a import\u00e2ncia de ado\u00e7\u00e3o de medidas preventivas ao coronav\u00edrus tamb\u00e9m em animais de estima\u00e7\u00e3o.<\/p>\n\n\n\n<p>\u201cNo que diz respeito aos animais pets, tem havido d\u00favidas sobre se eles tamb\u00e9m s\u00e3o pass\u00edveis de infec\u00e7\u00e3o pelo Covid-19. A Organiza\u00e7\u00e3o Mundial da Sa\u00fade (OMS) reportou um caso em Hong Kong, na China, mas que n\u00e3o foi comprovado. Na d\u00favida, \u00e9 prudente adotarmos os mesmos cuidados em rela\u00e7\u00e3o aos animais\u201d, observou Sandro.<\/p>\n","protected":false},"featured_media":375,"parent":0,"template":"","categories":[5],"class_list":["post-374","actuation","type-actuation","status-publish","has-post-thumbnail","hentry","category-comissoes"],"acf":[],"yoast_head":"<!-- This site is optimized with the Yoast SEO plugin v24.6 - https:\/\/yoast.com\/wordpress\/plugins\/seo\/ -->\n<title>Comiss\u00e3o do Legislativo aprova mat\u00e9ria que veta pr\u00e1ticas abusivas de telef\u00f4nicas - Ubaldo Fernandes<\/title>\n<meta name=\"robots\" content=\"index, follow, max-snippet:-1, max-image-preview:large, max-video-preview:-1\" \/>\n<link rel=\"canonical\" href=\"https:\/\/ubaldofernandes.com\/index.php\/actuation\/comissao-do-legislativo-aprova-materia-que-veta-praticas-abusivas-de-telefonicas\/\" \/>\n<meta property=\"og:locale\" content=\"pt_BR\" \/>\n<meta property=\"og:type\" content=\"article\" \/>\n<meta property=\"og:title\" content=\"Comiss\u00e3o do Legislativo aprova mat\u00e9ria que veta pr\u00e1ticas abusivas de telef\u00f4nicas - Ubaldo Fernandes\" \/>\n<meta property=\"og:description\" content=\"A Comiss\u00e3o de Defesa do Consumidor, Meio Ambiente e Interior da Assembleia Legislativa do Rio Grande do Norte promoveu na manh\u00e3 desta ter\u00e7a-feira (17) a 2\u00aa reuni\u00e3o ordin\u00e1ria do ano, oportunidade em que apreciou e aprovou o Projeto de Lei n\u00ba 155\/2019, de autoria do deputado George Soares (PL), que disp\u00f5e sobre a prote\u00e7\u00e3o do [&hellip;]\" \/>\n<meta property=\"og:url\" content=\"https:\/\/ubaldofernandes.com\/index.php\/actuation\/comissao-do-legislativo-aprova-materia-que-veta-praticas-abusivas-de-telefonicas\/\" \/>\n<meta property=\"og:site_name\" content=\"Ubaldo Fernandes\" \/>\n<meta property=\"article:modified_time\" content=\"2020-07-30T17:17:23+00:00\" \/>\n<meta property=\"og:image\" content=\"https:\/\/ubaldofernandes.com\/wp-content\/uploads\/2020\/03\/ubaldo-fernandes-7.jpg\" \/>\n\t<meta property=\"og:image:width\" content=\"1274\" \/>\n\t<meta property=\"og:image:height\" content=\"850\" \/>\n\t<meta property=\"og:image:type\" content=\"image\/jpeg\" \/>\n<meta name=\"twitter:card\" content=\"summary_large_image\" \/>\n<meta name=\"twitter:label1\" content=\"Est. tempo de leitura\" \/>\n\t<meta name=\"twitter:data1\" content=\"2 minutos\" \/>\n<script type=\"application\/ld+json\" class=\"yoast-schema-graph\">{\"@context\":\"https:\/\/schema.org\",\"@graph\":[{\"@type\":\"WebPage\",\"@id\":\"https:\/\/ubaldofernandes.com\/index.php\/actuation\/comissao-do-legislativo-aprova-materia-que-veta-praticas-abusivas-de-telefonicas\/\",\"url\":\"https:\/\/ubaldofernandes.com\/index.php\/actuation\/comissao-do-legislativo-aprova-materia-que-veta-praticas-abusivas-de-telefonicas\/\",\"name\":\"Comiss\u00e3o do Legislativo aprova mat\u00e9ria que veta pr\u00e1ticas abusivas de telef\u00f4nicas - Ubaldo Fernandes\",\"isPartOf\":{\"@id\":\"https:\/\/ubaldofernandes.com\/#website\"},\"primaryImageOfPage\":{\"@id\":\"https:\/\/ubaldofernandes.com\/index.php\/actuation\/comissao-do-legislativo-aprova-materia-que-veta-praticas-abusivas-de-telefonicas\/#primaryimage\"},\"image\":{\"@id\":\"https:\/\/ubaldofernandes.com\/index.php\/actuation\/comissao-do-legislativo-aprova-materia-que-veta-praticas-abusivas-de-telefonicas\/#primaryimage\"},\"thumbnailUrl\":\"https:\/\/ubaldofernandes.com\/wp-content\/uploads\/2020\/03\/ubaldo-fernandes-7.jpg\",\"datePublished\":\"2020-03-17T13:00:00+00:00\",\"dateModified\":\"2020-07-30T17:17:23+00:00\",\"breadcrumb\":{\"@id\":\"https:\/\/ubaldofernandes.com\/index.php\/actuation\/comissao-do-legislativo-aprova-materia-que-veta-praticas-abusivas-de-telefonicas\/#breadcrumb\"},\"inLanguage\":\"pt-BR\",\"potentialAction\":[{\"@type\":\"ReadAction\",\"target\":[\"https:\/\/ubaldofernandes.com\/index.php\/actuation\/comissao-do-legislativo-aprova-materia-que-veta-praticas-abusivas-de-telefonicas\/\"]}]},{\"@type\":\"ImageObject\",\"inLanguage\":\"pt-BR\",\"@id\":\"https:\/\/ubaldofernandes.com\/index.php\/actuation\/comissao-do-legislativo-aprova-materia-que-veta-praticas-abusivas-de-telefonicas\/#primaryimage\",\"url\":\"https:\/\/ubaldofernandes.com\/wp-content\/uploads\/2020\/03\/ubaldo-fernandes-7.jpg\",\"contentUrl\":\"https:\/\/ubaldofernandes.com\/wp-content\/uploads\/2020\/03\/ubaldo-fernandes-7.jpg\",\"width\":1274,\"height\":850},{\"@type\":\"BreadcrumbList\",\"@id\":\"https:\/\/ubaldofernandes.com\/index.php\/actuation\/comissao-do-legislativo-aprova-materia-que-veta-praticas-abusivas-de-telefonicas\/#breadcrumb\",\"itemListElement\":[{\"@type\":\"ListItem\",\"position\":1,\"name\":\"In\u00edcio\",\"item\":\"https:\/\/ubaldofernandes.com\/\"},{\"@type\":\"ListItem\",\"position\":2,\"name\":\"Post Atua\u00e7\u00e3o Parlamentar\",\"item\":\"https:\/\/ubaldofernandes.com\/index.php\/actuation\/\"},{\"@type\":\"ListItem\",\"position\":3,\"name\":\"Comiss\u00e3o do Legislativo aprova mat\u00e9ria que veta pr\u00e1ticas abusivas de telef\u00f4nicas\"}]},{\"@type\":\"WebSite\",\"@id\":\"https:\/\/ubaldofernandes.com\/#website\",\"url\":\"https:\/\/ubaldofernandes.com\/\",\"name\":\"Ubaldo Fernandes\",\"description\":\"Deputado Estadual\",\"potentialAction\":[{\"@type\":\"SearchAction\",\"target\":{\"@type\":\"EntryPoint\",\"urlTemplate\":\"https:\/\/ubaldofernandes.com\/?s={search_term_string}\"},\"query-input\":{\"@type\":\"PropertyValueSpecification\",\"valueRequired\":true,\"valueName\":\"search_term_string\"}}],\"inLanguage\":\"pt-BR\"}]}<\/script>\n<!-- \/ Yoast SEO plugin. -->","yoast_head_json":{"title":"Comiss\u00e3o do Legislativo aprova mat\u00e9ria que veta pr\u00e1ticas abusivas de telef\u00f4nicas - Ubaldo Fernandes","robots":{"index":"index","follow":"follow","max-snippet":"max-snippet:-1","max-image-preview":"max-image-preview:large","max-video-preview":"max-video-preview:-1"},"canonical":"https:\/\/ubaldofernandes.com\/index.php\/actuation\/comissao-do-legislativo-aprova-materia-que-veta-praticas-abusivas-de-telefonicas\/","og_locale":"pt_BR","og_type":"article","og_title":"Comiss\u00e3o do Legislativo aprova mat\u00e9ria que veta pr\u00e1ticas abusivas de telef\u00f4nicas - Ubaldo Fernandes","og_description":"A Comiss\u00e3o de Defesa do Consumidor, Meio Ambiente e Interior da Assembleia Legislativa do Rio Grande do Norte promoveu na manh\u00e3 desta ter\u00e7a-feira (17) a 2\u00aa reuni\u00e3o ordin\u00e1ria do ano, oportunidade em que apreciou e aprovou o Projeto de Lei n\u00ba 155\/2019, de autoria do deputado George Soares (PL), que disp\u00f5e sobre a prote\u00e7\u00e3o do [&hellip;]","og_url":"https:\/\/ubaldofernandes.com\/index.php\/actuation\/comissao-do-legislativo-aprova-materia-que-veta-praticas-abusivas-de-telefonicas\/","og_site_name":"Ubaldo Fernandes","article_modified_time":"2020-07-30T17:17:23+00:00","og_image":[{"width":1274,"height":850,"url":"https:\/\/ubaldofernandes.com\/wp-content\/uploads\/2020\/03\/ubaldo-fernandes-7.jpg","type":"image\/jpeg"}],"twitter_card":"summary_large_image","twitter_misc":{"Est. tempo de leitura":"2 minutos"},"schema":{"@context":"https:\/\/schema.org","@graph":[{"@type":"WebPage","@id":"https:\/\/ubaldofernandes.com\/index.php\/actuation\/comissao-do-legislativo-aprova-materia-que-veta-praticas-abusivas-de-telefonicas\/","url":"https:\/\/ubaldofernandes.com\/index.php\/actuation\/comissao-do-legislativo-aprova-materia-que-veta-praticas-abusivas-de-telefonicas\/","name":"Comiss\u00e3o do Legislativo aprova mat\u00e9ria que veta pr\u00e1ticas abusivas de telef\u00f4nicas - Ubaldo Fernandes","isPartOf":{"@id":"https:\/\/ubaldofernandes.com\/#website"},"primaryImageOfPage":{"@id":"https:\/\/ubaldofernandes.com\/index.php\/actuation\/comissao-do-legislativo-aprova-materia-que-veta-praticas-abusivas-de-telefonicas\/#primaryimage"},"image":{"@id":"https:\/\/ubaldofernandes.com\/index.php\/actuation\/comissao-do-legislativo-aprova-materia-que-veta-praticas-abusivas-de-telefonicas\/#primaryimage"},"thumbnailUrl":"https:\/\/ubaldofernandes.com\/wp-content\/uploads\/2020\/03\/ubaldo-fernandes-7.jpg","datePublished":"2020-03-17T13:00:00+00:00","dateModified":"2020-07-30T17:17:23+00:00","breadcrumb":{"@id":"https:\/\/ubaldofernandes.com\/index.php\/actuation\/comissao-do-legislativo-aprova-materia-que-veta-praticas-abusivas-de-telefonicas\/#breadcrumb"},"inLanguage":"pt-BR","potentialAction":[{"@type":"ReadAction","target":["https:\/\/ubaldofernandes.com\/index.php\/actuation\/comissao-do-legislativo-aprova-materia-que-veta-praticas-abusivas-de-telefonicas\/"]}]},{"@type":"ImageObject","inLanguage":"pt-BR","@id":"https:\/\/ubaldofernandes.com\/index.php\/actuation\/comissao-do-legislativo-aprova-materia-que-veta-praticas-abusivas-de-telefonicas\/#primaryimage","url":"https:\/\/ubaldofernandes.com\/wp-content\/uploads\/2020\/03\/ubaldo-fernandes-7.jpg","contentUrl":"https:\/\/ubaldofernandes.com\/wp-content\/uploads\/2020\/03\/ubaldo-fernandes-7.jpg","width":1274,"height":850},{"@type":"BreadcrumbList","@id":"https:\/\/ubaldofernandes.com\/index.php\/actuation\/comissao-do-legislativo-aprova-materia-que-veta-praticas-abusivas-de-telefonicas\/#breadcrumb","itemListElement":[{"@type":"ListItem","position":1,"name":"In\u00edcio","item":"https:\/\/ubaldofernandes.com\/"},{"@type":"ListItem","position":2,"name":"Post Atua\u00e7\u00e3o Parlamentar","item":"https:\/\/ubaldofernandes.com\/index.php\/actuation\/"},{"@type":"ListItem","position":3,"name":"Comiss\u00e3o do Legislativo aprova mat\u00e9ria que veta pr\u00e1ticas abusivas de telef\u00f4nicas"}]},{"@type":"WebSite","@id":"https:\/\/ubaldofernandes.com\/#website","url":"https:\/\/ubaldofernandes.com\/","name":"Ubaldo Fernandes","description":"Deputado Estadual","potentialAction":[{"@type":"SearchAction","target":{"@type":"EntryPoint","urlTemplate":"https:\/\/ubaldofernandes.com\/?s={search_term_string}"},"query-input":{"@type":"PropertyValueSpecification","valueRequired":true,"valueName":"search_term_string"}}],"inLanguage":"pt-BR"}]}},"_links":{"self":[{"href":"https:\/\/ubaldofernandes.com\/index.php\/wp-json\/wp\/v2\/actuation\/374","targetHints":{"allow":["GET"]}}],"collection":[{"href":"https:\/\/ubaldofernandes.com\/index.php\/wp-json\/wp\/v2\/actuation"}],"about":[{"href":"https:\/\/ubaldofernandes.com\/index.php\/wp-json\/wp\/v2\/types\/actuation"}],"wp:featuredmedia":[{"embeddable":true,"href":"https:\/\/ubaldofernandes.com\/index.php\/wp-json\/wp\/v2\/media\/375"}],"wp:attachment":[{"href":"https:\/\/ubaldofernandes.com\/index.php\/wp-json\/wp\/v2\/media?parent=374"}],"wp:term":[{"taxonomy":"category","embeddable":true,"href":"https:\/\/ubaldofernandes.com\/index.php\/wp-json\/wp\/v2\/categories?post=374"}],"curies":[{"name":"wp","href":"https:\/\/api.w.org\/{rel}","templated":true}]}}