{"id":376,"date":"2020-02-18T15:00:00","date_gmt":"2020-02-18T18:00:00","guid":{"rendered":"https:\/\/ubaldofernandes.com\/?post_type=actuation&#038;p=376"},"modified":"2020-07-28T18:17:57","modified_gmt":"2020-07-28T21:17:57","slug":"audiencia-explana-medidas-de-combate-ao-coronavirus-no-rn","status":"publish","type":"actuation","link":"https:\/\/ubaldofernandes.com\/index.php\/actuation\/audiencia-explana-medidas-de-combate-ao-coronavirus-no-rn\/","title":{"rendered":"Audi\u00eancia explana medidas de combate ao coronav\u00edrus no RN"},"content":{"rendered":"\n<p>A Assembleia Legislativa promoveu, na tarde desta ter\u00e7a-feira (18), audi\u00eancia p\u00fablica com o tema \u201ccoronav\u00edrus e RN: estamos preparados?\u201d. O objetivo do debate proposto pelo deputado Ubaldo Fernandes (PL) foi esclarecer sobre o plano estadual de preven\u00e7\u00e3o e combate \u00e0 doen\u00e7a, al\u00e9m de divulgar outras informa\u00e7\u00f5es pertinentes para a sociedade.<\/p>\n\n\n\n<p>\u201cPrecisamos nos preocupar com a preven\u00e7\u00e3o, j\u00e1 que o coronav\u00edrus vem se espalhando rapidamente pelo mundo. Queremos saber das autoridades locais quais medidas est\u00e3o sendo tomadas. Sabemos que o Rio Grande do Norte \u00e9 vocacionado para o turismo e, se n\u00e3o tivermos o devido controle, a epidemia pode afetar a sa\u00fade da popula\u00e7\u00e3o e a economia norte-rio-grandense\u201d, destacou Ubaldo.<\/p>\n\n\n\n<p>Enriquecendo o debate com dados atualizados sobre a enfermidade, o parlamentar informou que j\u00e1 existem 25 pa\u00edses atingidos, fora a China, pa\u00eds origin\u00e1rio da doen\u00e7a. Sobre a quantidade de mortes, a China teve 1.772 registradas; Jap\u00e3o, Filipinas e Fran\u00e7a somam tr\u00eas; al\u00e9m disso, foram notificados 71.429 casos em todo o mundo (70.635 somente no pa\u00eds de origem). &nbsp;<\/p>\n\n\n\n<p>De acordo com n\u00fameros do Minist\u00e9rio da Sa\u00fade divulgados na \u00faltima segunda-feira (17), o Brasil permanece sem registro do novo coronav\u00edrus, por\u00e9m com tr\u00eas casos suspeitos e monitorados (dois em S\u00e3o Paulo e um no Rio Grande do Sul). At\u00e9 agora, 45 casos j\u00e1 foram descartados em todo o Brasil.<\/p>\n\n\n\n<p>Iniciando os discursos dos integrantes da Mesa dos Trabalhos, o Capit\u00e3o de Fragata e Capit\u00e3o dos Portos no RN, Oswaldo Silva Neto, esclareceu as duas tarefas essenciais da Marinha do Brasil nesta quest\u00e3o: monitoramento e acompanhamento do tr\u00e1fego mar\u00edtimo e salvaguarda das vidas humanas no mar.<\/p>\n\n\n\n<p>\u201cA Marinha prov\u00ea informa\u00e7\u00f5es antecipadas aos \u00f3rg\u00e3os competentes sobre a possibilidade de interesse no acompanhamento de algum navio, por exemplo, um que tenha passado na China nos \u00faltimos trinta dias\u201d.<\/p>\n\n\n\n<p>Segundo o Capit\u00e3o, a partir disso as institui\u00e7\u00f5es tomam as provid\u00eancias cab\u00edveis. \u201cSe um navio desse j\u00e1 est\u00e1 com uma pessoa infectada, a Marinha vai fazer o socorro \u00e0 pessoa, no mar\u201d, explicou.<\/p>\n\n\n\n<p>A Subcoordenadora de Vigil\u00e2ncia Epidemiol\u00f3gica da Secretaria de Sa\u00fade P\u00fablica do RN (Sesap), Alessandra de Menezes, relatou que a formata\u00e7\u00e3o do Plano de Conting\u00eancia do Estado foi fruto de um esfor\u00e7o conjunto da Sesap e da Secretaria Municipal de Sa\u00fade de Natal, al\u00e9m da Coordena\u00e7\u00e3o da ANVISA (Ag\u00eancia Nacional de Vigil\u00e2ncia Sanit\u00e1ria) em Natal.<\/p>\n\n\n\n<p>\u201cPrimeiro fizemos uma discuss\u00e3o t\u00e9cnica com diretores m\u00e9dicos de hospitais p\u00fablicos e privados do RN sobre a introdu\u00e7\u00e3o e a detec\u00e7\u00e3o do v\u00edrus no Estado; depois iniciamos as articula\u00e7\u00f5es com os diversos \u00f3rg\u00e3os envolvidos, para discutir o fluxo que seria estabelecido e os n\u00edveis diferentes de atua\u00e7\u00e3o: fora do Brasil, em outro estado, aqui no RN e em caso de aumento de casos locais\u201d, explicou.<\/p>\n\n\n\n<p>Ainda conforme a subcoordenadora, no dia 10 de fevereiro deste ano o Plano foi publicado e, atualmente, j\u00e1 foi apresentado a todas as secretarias municipais do Estado. \u201cHoje temos toda uma rede assistencial, vigil\u00e2ncia laboratorial ativa e rede de comunica\u00e7\u00e3o preparada\u201d, concluiu. &nbsp;<\/p>\n\n\n\n<p>J\u00e1 a representante dos secret\u00e1rios municipais de sa\u00fade do RN, Maria Elisa Soares, demonstrou preocupa\u00e7\u00e3o n\u00e3o apenas com o coronav\u00edrus, mas tamb\u00e9m com outras doen\u00e7as que acometem os potiguares h\u00e1 mais tempo.<\/p>\n\n\n\n<p>\u201c\u00c9 nos munic\u00edpios que as pessoas adoecem e precisam de apoio. Por isso \u00e9 importante discutir esse v\u00edrus e as medidas a serem tomadas, sim; mas n\u00f3s precisamos debater os problemas e as dificuldades da Sa\u00fade P\u00fablica do RN como um todo. Os munic\u00edpios est\u00e3o pedindo socorro h\u00e1 muito tempo por causa de enfermidades como dengue, H1N1, sarampo\u201d, disse.<\/p>\n\n\n\n<p>Coordenador de Vigil\u00e2ncia Sanit\u00e1ria de Portos, Aeroportos, Fronteiras e Recintos Alfandegados do RN (CVPAF-RN), Francisco Canind\u00e9 de Souza garantiu que, ap\u00f3s a publica\u00e7\u00e3o, no dia 22 de janeiro, da nota t\u00e9cnica da ANVISA para portos, aeroportos e fronteiras, a institui\u00e7\u00e3o j\u00e1 come\u00e7ou a agir. \u201cA resposta foi imediata e o plano logo surtiu efeito. Al\u00e9m disso, estamos sempre nos atualizando e nos mantendo preparados para qualquer mudan\u00e7a de cen\u00e1rio\u201d, frisou.<\/p>\n\n\n\n<p>O Diretor Geral do Hospital Giselda Trigueiro, Dr. Andr\u00e9 de Ara\u00fajo Prudente, enfatizou o risco de dizer que o RN est\u00e1 preparado para o aparecimento de um caso de coronav\u00edrus.<\/p>\n\n\n\n<p>\u201cDizer que a gente t\u00e1 preparado para um caso de coronav\u00edrus \u00e9 arriscado, e eu n\u00e3o farei isso. Mas eu posso dizer que nunca vi uma mobiliza\u00e7\u00e3o t\u00e3o grande como esta. O RN foi um dos primeiros estados a ter um fluxograma bem defendido e foi o primeiro a publicar um protocolo de manejo cl\u00ednico da doen\u00e7a. Inclusive, o Minist\u00e9rio da Sa\u00fade fez o seu, 15 dias depois, baseado no nosso\u201d, detalhou.<\/p>\n\n\n\n<p>Ele lembrou ainda o fato de que o Brasil tem vantagens em rela\u00e7\u00e3o aos outros pa\u00edses, j\u00e1 que a exposi\u00e7\u00e3o aos raios ultravioleta e a altas temperaturas destr\u00f3i o v\u00edrus.<\/p>\n\n\n\n<p>Magali C\u00e2mara, Diretora do Laborat\u00f3rio Central (Lacen), afirmou que \u201co laborat\u00f3rio tem uma equipe bem preparada e boas condi\u00e7\u00f5es estruturais para lidar com a enfermidade\u201d.<\/p>\n\n\n\n<p>\u201cN\u00f3s temos o meio de transporte viral preparado e j\u00e1 pedimos mais materiais, para que n\u00e3o haja falta, se viermos a precisar. Ent\u00e3o, se acontecerem casos aqui, teremos condi\u00e7\u00f5es de dar uma resposta razo\u00e1vel para a popula\u00e7\u00e3o norte-rio-grandense\u201d, completou.<\/p>\n\n\n\n<p>A Coordenadora Geral do SAMU \u2013 RN, Wilma Dantas, disse que o \u00f3rg\u00e3o est\u00e1 sempre sendo provocado pela Sesap e j\u00e1 fez as divis\u00f5es. \u201cO SAMU Natal vai fazer o porto e transportar para o hospital de refer\u00eancia. J\u00e1 o SAMU RN vai fazer aeroporto e porto de Areia Branca\u201d, explicou a coordenadora.<\/p>\n\n\n\n<p>Maria da Concei\u00e7\u00e3o Medeiros, Coordenadora do Meio Ambiente da Companhia Docas do RN (CODERN), explicou o que est\u00e1 sendo feito hoje nos portos de Natal e Areia Branca.<\/p>\n\n\n\n<p>\u201cTemos m\u00e1scaras, luvas e batas para casos suspeitos. Todo o protocolo j\u00e1 foi desenhado e n\u00f3s estamos preparados para segui-lo. Mas eu quero chamar a aten\u00e7\u00e3o para o fato de que todo esse cuidado \u00e9 para existir n\u00e3o s\u00f3 com o coronav\u00edrus, mas como todos os outros\u201d, alertou.<\/p>\n\n\n\n<p>Ao final da audi\u00eancia, Ubaldo Fernandes elogiou o empenho dos \u00f3rg\u00e3os envolvidos no Plano de Conting\u00eancia do RN, refor\u00e7ando a import\u00e2ncia da integra\u00e7\u00e3o para o sucesso do trabalho.<\/p>\n\n\n\n<p>Como encaminhamento, ser\u00e1 enviado ao Governo do Estado um documento em que se solicita um maior apoio e integra\u00e7\u00e3o da Secretaria Estadual de Sa\u00fade com o Porto de Areia Branca.<\/p>\n\n\n\n<p>A Assembleia Legislativa promoveu, na tarde desta ter\u00e7a-feira (18), audi\u00eancia p\u00fablica com o tema \u201ccoronav\u00edrus e RN: estamos preparados?\u201d. O objetivo do debate proposto pelo deputado Ubaldo Fernandes (PL) foi esclarecer sobre o plano estadual de preven\u00e7\u00e3o e combate \u00e0 doen\u00e7a, al\u00e9m de divulgar outras informa\u00e7\u00f5es pertinentes para a sociedade.<\/p>\n\n\n\n<p>\u201cPrecisamos nos preocupar com a preven\u00e7\u00e3o, j\u00e1 que o coronav\u00edrus vem se espalhando rapidamente pelo mundo. Queremos saber das autoridades locais quais medidas est\u00e3o sendo tomadas. Sabemos que o Rio Grande do Norte \u00e9 vocacionado para o turismo e, se n\u00e3o tivermos o devido controle, a epidemia pode afetar a sa\u00fade da popula\u00e7\u00e3o e a economia norte-rio-grandense\u201d, destacou Ubaldo.<\/p>\n\n\n\n<p>Enriquecendo o debate com dados atualizados sobre a enfermidade, o parlamentar informou que j\u00e1 existem 25 pa\u00edses atingidos, fora a China, pa\u00eds origin\u00e1rio da doen\u00e7a. Sobre a quantidade de mortes, a China teve 1.772 registradas; Jap\u00e3o, Filipinas e Fran\u00e7a somam tr\u00eas; al\u00e9m disso, foram notificados 71.429 casos em todo o mundo (70.635 somente no pa\u00eds de origem). &nbsp;<\/p>\n\n\n\n<p>De acordo com n\u00fameros do Minist\u00e9rio da Sa\u00fade divulgados na \u00faltima segunda-feira (17), o Brasil permanece sem registro do novo coronav\u00edrus, por\u00e9m com tr\u00eas casos suspeitos e monitorados (dois em S\u00e3o Paulo e um no Rio Grande do Sul). At\u00e9 agora, 45 casos j\u00e1 foram descartados em todo o Brasil.<\/p>\n\n\n\n<p>Iniciando os discursos dos integrantes da Mesa dos Trabalhos, o Capit\u00e3o de Fragata e Capit\u00e3o dos Portos no RN, Oswaldo Silva Neto, esclareceu as duas tarefas essenciais da Marinha do Brasil nesta quest\u00e3o: monitoramento e acompanhamento do tr\u00e1fego mar\u00edtimo e salvaguarda das vidas humanas no mar.<\/p>\n\n\n\n<p>\u201cA Marinha prov\u00ea informa\u00e7\u00f5es antecipadas aos \u00f3rg\u00e3os competentes sobre a possibilidade de interesse no acompanhamento de algum navio, por exemplo, um que tenha passado na China nos \u00faltimos trinta dias\u201d.<\/p>\n\n\n\n<p>Segundo o Capit\u00e3o, a partir disso as institui\u00e7\u00f5es tomam as provid\u00eancias cab\u00edveis. \u201cSe um navio desse j\u00e1 est\u00e1 com uma pessoa infectada, a Marinha vai fazer o socorro \u00e0 pessoa, no mar\u201d, explicou.<\/p>\n\n\n\n<p>A Subcoordenadora de Vigil\u00e2ncia Epidemiol\u00f3gica da Secretaria de Sa\u00fade P\u00fablica do RN (Sesap), Alessandra de Menezes, relatou que a formata\u00e7\u00e3o do Plano de Conting\u00eancia do Estado foi fruto de um esfor\u00e7o conjunto da Sesap e da Secretaria Municipal de Sa\u00fade de Natal, al\u00e9m da Coordena\u00e7\u00e3o da ANVISA (Ag\u00eancia Nacional de Vigil\u00e2ncia Sanit\u00e1ria) em Natal.<\/p>\n\n\n\n<p>\u201cPrimeiro fizemos uma discuss\u00e3o t\u00e9cnica com diretores m\u00e9dicos de hospitais p\u00fablicos e privados do RN sobre a introdu\u00e7\u00e3o e a detec\u00e7\u00e3o do v\u00edrus no Estado; depois iniciamos as articula\u00e7\u00f5es com os diversos \u00f3rg\u00e3os envolvidos, para discutir o fluxo que seria estabelecido e os n\u00edveis diferentes de atua\u00e7\u00e3o: fora do Brasil, em outro estado, aqui no RN e em caso de aumento de casos locais\u201d, explicou.<\/p>\n\n\n\n<p>Ainda conforme a subcoordenadora, no dia 10 de fevereiro deste ano o Plano foi publicado e, atualmente, j\u00e1 foi apresentado a todas as secretarias municipais do Estado. \u201cHoje temos toda uma rede assistencial, vigil\u00e2ncia laboratorial ativa e rede de comunica\u00e7\u00e3o preparada\u201d, concluiu. &nbsp;<\/p>\n\n\n\n<p>J\u00e1 a representante dos secret\u00e1rios municipais de sa\u00fade do RN, Maria Elisa Soares, demonstrou preocupa\u00e7\u00e3o n\u00e3o apenas com o coronav\u00edrus, mas tamb\u00e9m com outras doen\u00e7as que acometem os potiguares h\u00e1 mais tempo.<\/p>\n\n\n\n<p>\u201c\u00c9 nos munic\u00edpios que as pessoas adoecem e precisam de apoio. Por isso \u00e9 importante discutir esse v\u00edrus e as medidas a serem tomadas, sim; mas n\u00f3s precisamos debater os problemas e as dificuldades da Sa\u00fade P\u00fablica do RN como um todo. Os munic\u00edpios est\u00e3o pedindo socorro h\u00e1 muito tempo por causa de enfermidades como dengue, H1N1, sarampo\u201d, disse.<\/p>\n\n\n\n<p>Coordenador de Vigil\u00e2ncia Sanit\u00e1ria de Portos, Aeroportos, Fronteiras e Recintos Alfandegados do RN (CVPAF-RN), Francisco Canind\u00e9 de Souza garantiu que, ap\u00f3s a publica\u00e7\u00e3o, no dia 22 de janeiro, da nota t\u00e9cnica da ANVISA para portos, aeroportos e fronteiras, a institui\u00e7\u00e3o j\u00e1 come\u00e7ou a agir. \u201cA resposta foi imediata e o plano logo surtiu efeito. Al\u00e9m disso, estamos sempre nos atualizando e nos mantendo preparados para qualquer mudan\u00e7a de cen\u00e1rio\u201d, frisou.<\/p>\n\n\n\n<p>O Diretor Geral do Hospital Giselda Trigueiro, Dr. Andr\u00e9 de Ara\u00fajo Prudente, enfatizou o risco de dizer que o RN est\u00e1 preparado para o aparecimento de um caso de coronav\u00edrus.<\/p>\n\n\n\n<p>\u201cDizer que a gente t\u00e1 preparado para um caso de coronav\u00edrus \u00e9 arriscado, e eu n\u00e3o farei isso. Mas eu posso dizer que nunca vi uma mobiliza\u00e7\u00e3o t\u00e3o grande como esta. O RN foi um dos primeiros estados a ter um fluxograma bem defendido e foi o primeiro a publicar um protocolo de manejo cl\u00ednico da doen\u00e7a. Inclusive, o Minist\u00e9rio da Sa\u00fade fez o seu, 15 dias depois, baseado no nosso\u201d, detalhou.<\/p>\n\n\n\n<p>Ele lembrou ainda o fato de que o Brasil tem vantagens em rela\u00e7\u00e3o aos outros pa\u00edses, j\u00e1 que a exposi\u00e7\u00e3o aos raios ultravioleta e a altas temperaturas destr\u00f3i o v\u00edrus.<\/p>\n\n\n\n<p>Magali C\u00e2mara, Diretora do Laborat\u00f3rio Central (Lacen), afirmou que \u201co laborat\u00f3rio tem uma equipe bem preparada e boas condi\u00e7\u00f5es estruturais para lidar com a enfermidade\u201d.<\/p>\n\n\n\n<p>\u201cN\u00f3s temos o meio de transporte viral preparado e j\u00e1 pedimos mais materiais, para que n\u00e3o haja falta, se viermos a precisar. Ent\u00e3o, se acontecerem casos aqui, teremos condi\u00e7\u00f5es de dar uma resposta razo\u00e1vel para a popula\u00e7\u00e3o norte-rio-grandense\u201d, completou.<\/p>\n\n\n\n<p>A Coordenadora Geral do SAMU \u2013 RN, Wilma Dantas, disse que o \u00f3rg\u00e3o est\u00e1 sempre sendo provocado pela Sesap e j\u00e1 fez as divis\u00f5es. \u201cO SAMU Natal vai fazer o porto e transportar para o hospital de refer\u00eancia. J\u00e1 o SAMU RN vai fazer aeroporto e porto de Areia Branca\u201d, explicou a coordenadora.<\/p>\n\n\n\n<p>Maria da Concei\u00e7\u00e3o Medeiros, Coordenadora do Meio Ambiente da Companhia Docas do RN (CODERN), explicou o que est\u00e1 sendo feito hoje nos portos de Natal e Areia Branca.<\/p>\n\n\n\n<p>\u201cTemos m\u00e1scaras, luvas e batas para casos suspeitos. Todo o protocolo j\u00e1 foi desenhado e n\u00f3s estamos preparados para segui-lo. Mas eu quero chamar a aten\u00e7\u00e3o para o fato de que todo esse cuidado \u00e9 para existir n\u00e3o s\u00f3 com o coronav\u00edrus, mas como todos os outros\u201d, alertou.<\/p>\n\n\n\n<p>Ao final da audi\u00eancia, Ubaldo Fernandes elogiou o empenho dos \u00f3rg\u00e3os envolvidos no Plano de Conting\u00eancia do RN, refor\u00e7ando a import\u00e2ncia da integra\u00e7\u00e3o para o sucesso do trabalho.<\/p>\n\n\n\n<p>Como encaminhamento, ser\u00e1 enviado ao Governo do Estado um documento em que se solicita um maior apoio e integra\u00e7\u00e3o da Secretaria Estadual de Sa\u00fade com o Porto de Areia Branca.<\/p>\n\n\n\n<p>Fotos: &nbsp;Eduardo Maia<\/p>\n\n\n\n<figure class=\"wp-block-gallery columns-3 is-cropped wp-block-gallery-1 is-layout-flex wp-block-gallery-is-layout-flex\"><ul class=\"blocks-gallery-grid\"><li class=\"blocks-gallery-item\"><figure><a href=\"https:\/\/ubaldofernandes.com\/wp-content\/uploads\/2020\/07\/corona-1-1-scaled.jpg\"><img loading=\"lazy\" decoding=\"async\" width=\"1024\" height=\"683\" src=\"https:\/\/ubaldofernandes.com\/wp-content\/uploads\/2020\/07\/corona-1-1-1024x683.jpg\" alt=\"\" data-id=\"512\" data-full-url=\"https:\/\/ubaldofernandes.com\/wp-content\/uploads\/2020\/07\/corona-1-1-scaled.jpg\" data-link=\"https:\/\/ubaldofernandes.com\/index.php\/actuation\/audiencia-explana-medidas-de-combate-ao-coronavirus-no-rn\/corona-1-1\/\" class=\"wp-image-512\" srcset=\"https:\/\/ubaldofernandes.com\/wp-content\/uploads\/2020\/07\/corona-1-1-1024x683.jpg 1024w, https:\/\/ubaldofernandes.com\/wp-content\/uploads\/2020\/07\/corona-1-1-300x200.jpg 300w, https:\/\/ubaldofernandes.com\/wp-content\/uploads\/2020\/07\/corona-1-1-768x512.jpg 768w, https:\/\/ubaldofernandes.com\/wp-content\/uploads\/2020\/07\/corona-1-1-1536x1025.jpg 1536w, https:\/\/ubaldofernandes.com\/wp-content\/uploads\/2020\/07\/corona-1-1-2048x1367.jpg 2048w\" sizes=\"auto, (max-width: 1024px) 100vw, 1024px\" \/><\/a><\/figure><\/li><li class=\"blocks-gallery-item\"><figure><a href=\"https:\/\/ubaldofernandes.com\/wp-content\/uploads\/2020\/07\/corona-2-1-scaled.jpg\"><img loading=\"lazy\" decoding=\"async\" width=\"1024\" height=\"683\" src=\"https:\/\/ubaldofernandes.com\/wp-content\/uploads\/2020\/07\/corona-2-1-1024x683.jpg\" alt=\"\" data-id=\"513\" data-full-url=\"https:\/\/ubaldofernandes.com\/wp-content\/uploads\/2020\/07\/corona-2-1-scaled.jpg\" data-link=\"https:\/\/ubaldofernandes.com\/index.php\/actuation\/audiencia-explana-medidas-de-combate-ao-coronavirus-no-rn\/corona-2-1\/\" class=\"wp-image-513\" srcset=\"https:\/\/ubaldofernandes.com\/wp-content\/uploads\/2020\/07\/corona-2-1-1024x683.jpg 1024w, https:\/\/ubaldofernandes.com\/wp-content\/uploads\/2020\/07\/corona-2-1-300x200.jpg 300w, https:\/\/ubaldofernandes.com\/wp-content\/uploads\/2020\/07\/corona-2-1-768x512.jpg 768w, https:\/\/ubaldofernandes.com\/wp-content\/uploads\/2020\/07\/corona-2-1-1536x1025.jpg 1536w, https:\/\/ubaldofernandes.com\/wp-content\/uploads\/2020\/07\/corona-2-1-2048x1367.jpg 2048w\" sizes=\"auto, (max-width: 1024px) 100vw, 1024px\" \/><\/a><\/figure><\/li><li class=\"blocks-gallery-item\"><figure><a href=\"https:\/\/ubaldofernandes.com\/wp-content\/uploads\/2020\/07\/corona-3-1-scaled.jpg\"><img loading=\"lazy\" decoding=\"async\" width=\"1024\" height=\"683\" src=\"https:\/\/ubaldofernandes.com\/wp-content\/uploads\/2020\/07\/corona-3-1-1024x683.jpg\" alt=\"\" data-id=\"514\" data-full-url=\"https:\/\/ubaldofernandes.com\/wp-content\/uploads\/2020\/07\/corona-3-1-scaled.jpg\" data-link=\"https:\/\/ubaldofernandes.com\/index.php\/actuation\/audiencia-explana-medidas-de-combate-ao-coronavirus-no-rn\/corona-3-1\/\" class=\"wp-image-514\" srcset=\"https:\/\/ubaldofernandes.com\/wp-content\/uploads\/2020\/07\/corona-3-1-1024x683.jpg 1024w, https:\/\/ubaldofernandes.com\/wp-content\/uploads\/2020\/07\/corona-3-1-300x200.jpg 300w, https:\/\/ubaldofernandes.com\/wp-content\/uploads\/2020\/07\/corona-3-1-768x512.jpg 768w, https:\/\/ubaldofernandes.com\/wp-content\/uploads\/2020\/07\/corona-3-1-1536x1025.jpg 1536w, https:\/\/ubaldofernandes.com\/wp-content\/uploads\/2020\/07\/corona-3-1-2048x1367.jpg 2048w\" sizes=\"auto, (max-width: 1024px) 100vw, 1024px\" \/><\/a><\/figure><\/li><li class=\"blocks-gallery-item\"><figure><a href=\"https:\/\/ubaldofernandes.com\/wp-content\/uploads\/2020\/07\/corona-4-1-scaled.jpg\"><img loading=\"lazy\" decoding=\"async\" width=\"1024\" height=\"683\" src=\"https:\/\/ubaldofernandes.com\/wp-content\/uploads\/2020\/07\/corona-4-1-1024x683.jpg\" alt=\"\" data-id=\"515\" data-full-url=\"https:\/\/ubaldofernandes.com\/wp-content\/uploads\/2020\/07\/corona-4-1-scaled.jpg\" data-link=\"https:\/\/ubaldofernandes.com\/index.php\/actuation\/audiencia-explana-medidas-de-combate-ao-coronavirus-no-rn\/corona-4-1\/\" class=\"wp-image-515\" srcset=\"https:\/\/ubaldofernandes.com\/wp-content\/uploads\/2020\/07\/corona-4-1-1024x683.jpg 1024w, https:\/\/ubaldofernandes.com\/wp-content\/uploads\/2020\/07\/corona-4-1-300x200.jpg 300w, https:\/\/ubaldofernandes.com\/wp-content\/uploads\/2020\/07\/corona-4-1-768x512.jpg 768w, https:\/\/ubaldofernandes.com\/wp-content\/uploads\/2020\/07\/corona-4-1-1536x1025.jpg 1536w, https:\/\/ubaldofernandes.com\/wp-content\/uploads\/2020\/07\/corona-4-1-2048x1367.jpg 2048w\" sizes=\"auto, (max-width: 1024px) 100vw, 1024px\" \/><\/a><\/figure><\/li><li class=\"blocks-gallery-item\"><figure><a href=\"https:\/\/ubaldofernandes.com\/wp-content\/uploads\/2020\/07\/corona-5-1-scaled.jpg\"><img loading=\"lazy\" decoding=\"async\" width=\"1024\" height=\"683\" src=\"https:\/\/ubaldofernandes.com\/wp-content\/uploads\/2020\/07\/corona-5-1-1024x683.jpg\" alt=\"\" data-id=\"516\" data-full-url=\"https:\/\/ubaldofernandes.com\/wp-content\/uploads\/2020\/07\/corona-5-1-scaled.jpg\" data-link=\"https:\/\/ubaldofernandes.com\/index.php\/actuation\/audiencia-explana-medidas-de-combate-ao-coronavirus-no-rn\/corona-5-1\/\" class=\"wp-image-516\" srcset=\"https:\/\/ubaldofernandes.com\/wp-content\/uploads\/2020\/07\/corona-5-1-1024x683.jpg 1024w, https:\/\/ubaldofernandes.com\/wp-content\/uploads\/2020\/07\/corona-5-1-300x200.jpg 300w, https:\/\/ubaldofernandes.com\/wp-content\/uploads\/2020\/07\/corona-5-1-768x512.jpg 768w, https:\/\/ubaldofernandes.com\/wp-content\/uploads\/2020\/07\/corona-5-1-1536x1025.jpg 1536w, https:\/\/ubaldofernandes.com\/wp-content\/uploads\/2020\/07\/corona-5-1-2048x1367.jpg 2048w\" sizes=\"auto, (max-width: 1024px) 100vw, 1024px\" \/><\/a><\/figure><\/li><li class=\"blocks-gallery-item\"><figure><a href=\"https:\/\/ubaldofernandes.com\/wp-content\/uploads\/2020\/07\/corona-6-1-scaled.jpg\"><img loading=\"lazy\" decoding=\"async\" width=\"1024\" height=\"683\" src=\"https:\/\/ubaldofernandes.com\/wp-content\/uploads\/2020\/07\/corona-6-1-1024x683.jpg\" alt=\"\" data-id=\"517\" data-full-url=\"https:\/\/ubaldofernandes.com\/wp-content\/uploads\/2020\/07\/corona-6-1-scaled.jpg\" data-link=\"https:\/\/ubaldofernandes.com\/index.php\/actuation\/audiencia-explana-medidas-de-combate-ao-coronavirus-no-rn\/corona-6-1\/\" class=\"wp-image-517\" srcset=\"https:\/\/ubaldofernandes.com\/wp-content\/uploads\/2020\/07\/corona-6-1-1024x683.jpg 1024w, https:\/\/ubaldofernandes.com\/wp-content\/uploads\/2020\/07\/corona-6-1-300x200.jpg 300w, https:\/\/ubaldofernandes.com\/wp-content\/uploads\/2020\/07\/corona-6-1-768x512.jpg 768w, https:\/\/ubaldofernandes.com\/wp-content\/uploads\/2020\/07\/corona-6-1-1536x1025.jpg 1536w, https:\/\/ubaldofernandes.com\/wp-content\/uploads\/2020\/07\/corona-6-1-2048x1367.jpg 2048w\" sizes=\"auto, (max-width: 1024px) 100vw, 1024px\" \/><\/a><\/figure><\/li><li class=\"blocks-gallery-item\"><figure><a href=\"https:\/\/ubaldofernandes.com\/wp-content\/uploads\/2020\/07\/corona-7-1-scaled.jpg\"><img loading=\"lazy\" decoding=\"async\" width=\"1024\" height=\"683\" src=\"https:\/\/ubaldofernandes.com\/wp-content\/uploads\/2020\/07\/corona-7-1-1024x683.jpg\" alt=\"\" data-id=\"518\" data-full-url=\"https:\/\/ubaldofernandes.com\/wp-content\/uploads\/2020\/07\/corona-7-1-scaled.jpg\" data-link=\"https:\/\/ubaldofernandes.com\/index.php\/actuation\/audiencia-explana-medidas-de-combate-ao-coronavirus-no-rn\/corona-7-1\/\" class=\"wp-image-518\" srcset=\"https:\/\/ubaldofernandes.com\/wp-content\/uploads\/2020\/07\/corona-7-1-1024x683.jpg 1024w, https:\/\/ubaldofernandes.com\/wp-content\/uploads\/2020\/07\/corona-7-1-300x200.jpg 300w, https:\/\/ubaldofernandes.com\/wp-content\/uploads\/2020\/07\/corona-7-1-768x512.jpg 768w, https:\/\/ubaldofernandes.com\/wp-content\/uploads\/2020\/07\/corona-7-1-1536x1025.jpg 1536w, https:\/\/ubaldofernandes.com\/wp-content\/uploads\/2020\/07\/corona-7-1-2048x1367.jpg 2048w\" sizes=\"auto, (max-width: 1024px) 100vw, 1024px\" \/><\/a><\/figure><\/li><li class=\"blocks-gallery-item\"><figure><a href=\"https:\/\/ubaldofernandes.com\/wp-content\/uploads\/2020\/07\/corona-8-1-scaled.jpg\"><img loading=\"lazy\" decoding=\"async\" width=\"1024\" height=\"683\" src=\"https:\/\/ubaldofernandes.com\/wp-content\/uploads\/2020\/07\/corona-8-1-1024x683.jpg\" alt=\"\" data-id=\"519\" data-full-url=\"https:\/\/ubaldofernandes.com\/wp-content\/uploads\/2020\/07\/corona-8-1-scaled.jpg\" data-link=\"https:\/\/ubaldofernandes.com\/index.php\/actuation\/audiencia-explana-medidas-de-combate-ao-coronavirus-no-rn\/corona-8-1\/\" class=\"wp-image-519\" srcset=\"https:\/\/ubaldofernandes.com\/wp-content\/uploads\/2020\/07\/corona-8-1-1024x683.jpg 1024w, https:\/\/ubaldofernandes.com\/wp-content\/uploads\/2020\/07\/corona-8-1-300x200.jpg 300w, https:\/\/ubaldofernandes.com\/wp-content\/uploads\/2020\/07\/corona-8-1-768x512.jpg 768w, https:\/\/ubaldofernandes.com\/wp-content\/uploads\/2020\/07\/corona-8-1-1536x1025.jpg 1536w, https:\/\/ubaldofernandes.com\/wp-content\/uploads\/2020\/07\/corona-8-1-2048x1367.jpg 2048w\" sizes=\"auto, (max-width: 1024px) 100vw, 1024px\" \/><\/a><\/figure><\/li><li class=\"blocks-gallery-item\"><figure><a href=\"https:\/\/ubaldofernandes.com\/wp-content\/uploads\/2020\/07\/corona-9-1-scaled.jpg\"><img loading=\"lazy\" decoding=\"async\" width=\"1024\" height=\"683\" src=\"https:\/\/ubaldofernandes.com\/wp-content\/uploads\/2020\/07\/corona-9-1-1024x683.jpg\" alt=\"\" data-id=\"520\" data-full-url=\"https:\/\/ubaldofernandes.com\/wp-content\/uploads\/2020\/07\/corona-9-1-scaled.jpg\" data-link=\"https:\/\/ubaldofernandes.com\/index.php\/actuation\/audiencia-explana-medidas-de-combate-ao-coronavirus-no-rn\/corona-9-1\/\" class=\"wp-image-520\" srcset=\"https:\/\/ubaldofernandes.com\/wp-content\/uploads\/2020\/07\/corona-9-1-1024x683.jpg 1024w, https:\/\/ubaldofernandes.com\/wp-content\/uploads\/2020\/07\/corona-9-1-300x200.jpg 300w, https:\/\/ubaldofernandes.com\/wp-content\/uploads\/2020\/07\/corona-9-1-768x512.jpg 768w, https:\/\/ubaldofernandes.com\/wp-content\/uploads\/2020\/07\/corona-9-1-1536x1025.jpg 1536w, https:\/\/ubaldofernandes.com\/wp-content\/uploads\/2020\/07\/corona-9-1-2048x1367.jpg 2048w\" sizes=\"auto, (max-width: 1024px) 100vw, 1024px\" \/><\/a><\/figure><\/li><li class=\"blocks-gallery-item\"><figure><a href=\"https:\/\/ubaldofernandes.com\/wp-content\/uploads\/2020\/07\/corona-10-1-scaled.jpg\"><img loading=\"lazy\" decoding=\"async\" width=\"1024\" height=\"683\" src=\"https:\/\/ubaldofernandes.com\/wp-content\/uploads\/2020\/07\/corona-10-1-1024x683.jpg\" alt=\"\" data-id=\"521\" data-full-url=\"https:\/\/ubaldofernandes.com\/wp-content\/uploads\/2020\/07\/corona-10-1-scaled.jpg\" data-link=\"https:\/\/ubaldofernandes.com\/index.php\/actuation\/audiencia-explana-medidas-de-combate-ao-coronavirus-no-rn\/corona-10-1\/\" class=\"wp-image-521\" srcset=\"https:\/\/ubaldofernandes.com\/wp-content\/uploads\/2020\/07\/corona-10-1-1024x683.jpg 1024w, https:\/\/ubaldofernandes.com\/wp-content\/uploads\/2020\/07\/corona-10-1-300x200.jpg 300w, https:\/\/ubaldofernandes.com\/wp-content\/uploads\/2020\/07\/corona-10-1-768x512.jpg 768w, https:\/\/ubaldofernandes.com\/wp-content\/uploads\/2020\/07\/corona-10-1-1536x1025.jpg 1536w, https:\/\/ubaldofernandes.com\/wp-content\/uploads\/2020\/07\/corona-10-1-2048x1367.jpg 2048w\" sizes=\"auto, (max-width: 1024px) 100vw, 1024px\" \/><\/a><\/figure><\/li><li class=\"blocks-gallery-item\"><figure><a href=\"https:\/\/ubaldofernandes.com\/wp-content\/uploads\/2020\/07\/corona-11-1-scaled.jpg\"><img loading=\"lazy\" decoding=\"async\" width=\"1024\" height=\"683\" src=\"https:\/\/ubaldofernandes.com\/wp-content\/uploads\/2020\/07\/corona-11-1-1024x683.jpg\" alt=\"\" data-id=\"522\" data-full-url=\"https:\/\/ubaldofernandes.com\/wp-content\/uploads\/2020\/07\/corona-11-1-scaled.jpg\" data-link=\"https:\/\/ubaldofernandes.com\/index.php\/actuation\/audiencia-explana-medidas-de-combate-ao-coronavirus-no-rn\/corona-11-1\/\" class=\"wp-image-522\" srcset=\"https:\/\/ubaldofernandes.com\/wp-content\/uploads\/2020\/07\/corona-11-1-1024x683.jpg 1024w, https:\/\/ubaldofernandes.com\/wp-content\/uploads\/2020\/07\/corona-11-1-300x200.jpg 300w, https:\/\/ubaldofernandes.com\/wp-content\/uploads\/2020\/07\/corona-11-1-768x512.jpg 768w, https:\/\/ubaldofernandes.com\/wp-content\/uploads\/2020\/07\/corona-11-1-1536x1025.jpg 1536w, https:\/\/ubaldofernandes.com\/wp-content\/uploads\/2020\/07\/corona-11-1-2048x1367.jpg 2048w\" sizes=\"auto, (max-width: 1024px) 100vw, 1024px\" \/><\/a><\/figure><\/li><li class=\"blocks-gallery-item\"><figure><a href=\"https:\/\/ubaldofernandes.com\/wp-content\/uploads\/2020\/07\/corona-12-1-scaled.jpg\"><img loading=\"lazy\" decoding=\"async\" width=\"1024\" height=\"683\" src=\"https:\/\/ubaldofernandes.com\/wp-content\/uploads\/2020\/07\/corona-12-1-1024x683.jpg\" alt=\"\" data-id=\"523\" data-full-url=\"https:\/\/ubaldofernandes.com\/wp-content\/uploads\/2020\/07\/corona-12-1-scaled.jpg\" data-link=\"https:\/\/ubaldofernandes.com\/index.php\/actuation\/audiencia-explana-medidas-de-combate-ao-coronavirus-no-rn\/corona-12-1\/\" class=\"wp-image-523\" srcset=\"https:\/\/ubaldofernandes.com\/wp-content\/uploads\/2020\/07\/corona-12-1-1024x683.jpg 1024w, https:\/\/ubaldofernandes.com\/wp-content\/uploads\/2020\/07\/corona-12-1-300x200.jpg 300w, https:\/\/ubaldofernandes.com\/wp-content\/uploads\/2020\/07\/corona-12-1-768x512.jpg 768w, https:\/\/ubaldofernandes.com\/wp-content\/uploads\/2020\/07\/corona-12-1-1536x1025.jpg 1536w, https:\/\/ubaldofernandes.com\/wp-content\/uploads\/2020\/07\/corona-12-1-2048x1367.jpg 2048w\" sizes=\"auto, (max-width: 1024px) 100vw, 1024px\" \/><\/a><\/figure><\/li><\/ul><\/figure>\n","protected":false},"featured_media":377,"parent":0,"template":"","categories":[4],"class_list":["post-376","actuation","type-actuation","status-publish","has-post-thumbnail","hentry","category-audiencias"],"acf":[],"yoast_head":"<!-- This site is optimized with the Yoast SEO plugin v24.6 - https:\/\/yoast.com\/wordpress\/plugins\/seo\/ -->\n<title>Audi\u00eancia explana medidas de combate ao coronav\u00edrus no RN - Ubaldo Fernandes<\/title>\n<meta name=\"robots\" content=\"index, follow, max-snippet:-1, max-image-preview:large, max-video-preview:-1\" \/>\n<link rel=\"canonical\" href=\"https:\/\/ubaldofernandes.com\/index.php\/actuation\/audiencia-explana-medidas-de-combate-ao-coronavirus-no-rn\/\" \/>\n<meta property=\"og:locale\" content=\"pt_BR\" \/>\n<meta property=\"og:type\" content=\"article\" \/>\n<meta property=\"og:title\" content=\"Audi\u00eancia explana medidas de combate ao coronav\u00edrus no RN - Ubaldo Fernandes\" \/>\n<meta property=\"og:description\" content=\"A Assembleia Legislativa promoveu, na tarde desta ter\u00e7a-feira (18), audi\u00eancia p\u00fablica com o tema \u201ccoronav\u00edrus e RN: estamos preparados?\u201d. O objetivo do debate proposto pelo deputado Ubaldo Fernandes (PL) foi esclarecer sobre o plano estadual de preven\u00e7\u00e3o e combate \u00e0 doen\u00e7a, al\u00e9m de divulgar outras informa\u00e7\u00f5es pertinentes para a sociedade. \u201cPrecisamos nos preocupar com a [&hellip;]\" \/>\n<meta property=\"og:url\" content=\"https:\/\/ubaldofernandes.com\/index.php\/actuation\/audiencia-explana-medidas-de-combate-ao-coronavirus-no-rn\/\" \/>\n<meta property=\"og:site_name\" content=\"Ubaldo Fernandes\" \/>\n<meta property=\"article:modified_time\" content=\"2020-07-28T21:17:57+00:00\" \/>\n<meta property=\"og:image\" content=\"https:\/\/ubaldofernandes.com\/wp-content\/uploads\/2020\/07\/UBALDO-FERNANDES-8.jpg\" \/>\n\t<meta property=\"og:image:width\" content=\"1274\" \/>\n\t<meta property=\"og:image:height\" content=\"850\" \/>\n\t<meta property=\"og:image:type\" content=\"image\/jpeg\" \/>\n<meta name=\"twitter:card\" content=\"summary_large_image\" \/>\n<meta name=\"twitter:label1\" content=\"Est. tempo de leitura\" \/>\n\t<meta name=\"twitter:data1\" content=\"12 minutos\" \/>\n<script type=\"application\/ld+json\" class=\"yoast-schema-graph\">{\"@context\":\"https:\/\/schema.org\",\"@graph\":[{\"@type\":\"WebPage\",\"@id\":\"https:\/\/ubaldofernandes.com\/index.php\/actuation\/audiencia-explana-medidas-de-combate-ao-coronavirus-no-rn\/\",\"url\":\"https:\/\/ubaldofernandes.com\/index.php\/actuation\/audiencia-explana-medidas-de-combate-ao-coronavirus-no-rn\/\",\"name\":\"Audi\u00eancia explana medidas de combate ao coronav\u00edrus no RN - Ubaldo Fernandes\",\"isPartOf\":{\"@id\":\"https:\/\/ubaldofernandes.com\/#website\"},\"primaryImageOfPage\":{\"@id\":\"https:\/\/ubaldofernandes.com\/index.php\/actuation\/audiencia-explana-medidas-de-combate-ao-coronavirus-no-rn\/#primaryimage\"},\"image\":{\"@id\":\"https:\/\/ubaldofernandes.com\/index.php\/actuation\/audiencia-explana-medidas-de-combate-ao-coronavirus-no-rn\/#primaryimage\"},\"thumbnailUrl\":\"https:\/\/ubaldofernandes.com\/wp-content\/uploads\/2020\/07\/UBALDO-FERNANDES-8.jpg\",\"datePublished\":\"2020-02-18T18:00:00+00:00\",\"dateModified\":\"2020-07-28T21:17:57+00:00\",\"breadcrumb\":{\"@id\":\"https:\/\/ubaldofernandes.com\/index.php\/actuation\/audiencia-explana-medidas-de-combate-ao-coronavirus-no-rn\/#breadcrumb\"},\"inLanguage\":\"pt-BR\",\"potentialAction\":[{\"@type\":\"ReadAction\",\"target\":[\"https:\/\/ubaldofernandes.com\/index.php\/actuation\/audiencia-explana-medidas-de-combate-ao-coronavirus-no-rn\/\"]}]},{\"@type\":\"ImageObject\",\"inLanguage\":\"pt-BR\",\"@id\":\"https:\/\/ubaldofernandes.com\/index.php\/actuation\/audiencia-explana-medidas-de-combate-ao-coronavirus-no-rn\/#primaryimage\",\"url\":\"https:\/\/ubaldofernandes.com\/wp-content\/uploads\/2020\/07\/UBALDO-FERNANDES-8.jpg\",\"contentUrl\":\"https:\/\/ubaldofernandes.com\/wp-content\/uploads\/2020\/07\/UBALDO-FERNANDES-8.jpg\",\"width\":1274,\"height\":850},{\"@type\":\"BreadcrumbList\",\"@id\":\"https:\/\/ubaldofernandes.com\/index.php\/actuation\/audiencia-explana-medidas-de-combate-ao-coronavirus-no-rn\/#breadcrumb\",\"itemListElement\":[{\"@type\":\"ListItem\",\"position\":1,\"name\":\"In\u00edcio\",\"item\":\"https:\/\/ubaldofernandes.com\/\"},{\"@type\":\"ListItem\",\"position\":2,\"name\":\"Post Atua\u00e7\u00e3o Parlamentar\",\"item\":\"https:\/\/ubaldofernandes.com\/index.php\/actuation\/\"},{\"@type\":\"ListItem\",\"position\":3,\"name\":\"Audi\u00eancia explana medidas de combate ao coronav\u00edrus no RN\"}]},{\"@type\":\"WebSite\",\"@id\":\"https:\/\/ubaldofernandes.com\/#website\",\"url\":\"https:\/\/ubaldofernandes.com\/\",\"name\":\"Ubaldo Fernandes\",\"description\":\"Deputado Estadual\",\"potentialAction\":[{\"@type\":\"SearchAction\",\"target\":{\"@type\":\"EntryPoint\",\"urlTemplate\":\"https:\/\/ubaldofernandes.com\/?s={search_term_string}\"},\"query-input\":{\"@type\":\"PropertyValueSpecification\",\"valueRequired\":true,\"valueName\":\"search_term_string\"}}],\"inLanguage\":\"pt-BR\"}]}<\/script>\n<!-- \/ Yoast SEO plugin. -->","yoast_head_json":{"title":"Audi\u00eancia explana medidas de combate ao coronav\u00edrus no RN - Ubaldo Fernandes","robots":{"index":"index","follow":"follow","max-snippet":"max-snippet:-1","max-image-preview":"max-image-preview:large","max-video-preview":"max-video-preview:-1"},"canonical":"https:\/\/ubaldofernandes.com\/index.php\/actuation\/audiencia-explana-medidas-de-combate-ao-coronavirus-no-rn\/","og_locale":"pt_BR","og_type":"article","og_title":"Audi\u00eancia explana medidas de combate ao coronav\u00edrus no RN - Ubaldo Fernandes","og_description":"A Assembleia Legislativa promoveu, na tarde desta ter\u00e7a-feira (18), audi\u00eancia p\u00fablica com o tema \u201ccoronav\u00edrus e RN: estamos preparados?\u201d. O objetivo do debate proposto pelo deputado Ubaldo Fernandes (PL) foi esclarecer sobre o plano estadual de preven\u00e7\u00e3o e combate \u00e0 doen\u00e7a, al\u00e9m de divulgar outras informa\u00e7\u00f5es pertinentes para a sociedade. \u201cPrecisamos nos preocupar com a [&hellip;]","og_url":"https:\/\/ubaldofernandes.com\/index.php\/actuation\/audiencia-explana-medidas-de-combate-ao-coronavirus-no-rn\/","og_site_name":"Ubaldo Fernandes","article_modified_time":"2020-07-28T21:17:57+00:00","og_image":[{"width":1274,"height":850,"url":"https:\/\/ubaldofernandes.com\/wp-content\/uploads\/2020\/07\/UBALDO-FERNANDES-8.jpg","type":"image\/jpeg"}],"twitter_card":"summary_large_image","twitter_misc":{"Est. tempo de leitura":"12 minutos"},"schema":{"@context":"https:\/\/schema.org","@graph":[{"@type":"WebPage","@id":"https:\/\/ubaldofernandes.com\/index.php\/actuation\/audiencia-explana-medidas-de-combate-ao-coronavirus-no-rn\/","url":"https:\/\/ubaldofernandes.com\/index.php\/actuation\/audiencia-explana-medidas-de-combate-ao-coronavirus-no-rn\/","name":"Audi\u00eancia explana medidas de combate ao coronav\u00edrus no RN - Ubaldo Fernandes","isPartOf":{"@id":"https:\/\/ubaldofernandes.com\/#website"},"primaryImageOfPage":{"@id":"https:\/\/ubaldofernandes.com\/index.php\/actuation\/audiencia-explana-medidas-de-combate-ao-coronavirus-no-rn\/#primaryimage"},"image":{"@id":"https:\/\/ubaldofernandes.com\/index.php\/actuation\/audiencia-explana-medidas-de-combate-ao-coronavirus-no-rn\/#primaryimage"},"thumbnailUrl":"https:\/\/ubaldofernandes.com\/wp-content\/uploads\/2020\/07\/UBALDO-FERNANDES-8.jpg","datePublished":"2020-02-18T18:00:00+00:00","dateModified":"2020-07-28T21:17:57+00:00","breadcrumb":{"@id":"https:\/\/ubaldofernandes.com\/index.php\/actuation\/audiencia-explana-medidas-de-combate-ao-coronavirus-no-rn\/#breadcrumb"},"inLanguage":"pt-BR","potentialAction":[{"@type":"ReadAction","target":["https:\/\/ubaldofernandes.com\/index.php\/actuation\/audiencia-explana-medidas-de-combate-ao-coronavirus-no-rn\/"]}]},{"@type":"ImageObject","inLanguage":"pt-BR","@id":"https:\/\/ubaldofernandes.com\/index.php\/actuation\/audiencia-explana-medidas-de-combate-ao-coronavirus-no-rn\/#primaryimage","url":"https:\/\/ubaldofernandes.com\/wp-content\/uploads\/2020\/07\/UBALDO-FERNANDES-8.jpg","contentUrl":"https:\/\/ubaldofernandes.com\/wp-content\/uploads\/2020\/07\/UBALDO-FERNANDES-8.jpg","width":1274,"height":850},{"@type":"BreadcrumbList","@id":"https:\/\/ubaldofernandes.com\/index.php\/actuation\/audiencia-explana-medidas-de-combate-ao-coronavirus-no-rn\/#breadcrumb","itemListElement":[{"@type":"ListItem","position":1,"name":"In\u00edcio","item":"https:\/\/ubaldofernandes.com\/"},{"@type":"ListItem","position":2,"name":"Post Atua\u00e7\u00e3o Parlamentar","item":"https:\/\/ubaldofernandes.com\/index.php\/actuation\/"},{"@type":"ListItem","position":3,"name":"Audi\u00eancia explana medidas de combate ao coronav\u00edrus no RN"}]},{"@type":"WebSite","@id":"https:\/\/ubaldofernandes.com\/#website","url":"https:\/\/ubaldofernandes.com\/","name":"Ubaldo Fernandes","description":"Deputado Estadual","potentialAction":[{"@type":"SearchAction","target":{"@type":"EntryPoint","urlTemplate":"https:\/\/ubaldofernandes.com\/?s={search_term_string}"},"query-input":{"@type":"PropertyValueSpecification","valueRequired":true,"valueName":"search_term_string"}}],"inLanguage":"pt-BR"}]}},"_links":{"self":[{"href":"https:\/\/ubaldofernandes.com\/index.php\/wp-json\/wp\/v2\/actuation\/376","targetHints":{"allow":["GET"]}}],"collection":[{"href":"https:\/\/ubaldofernandes.com\/index.php\/wp-json\/wp\/v2\/actuation"}],"about":[{"href":"https:\/\/ubaldofernandes.com\/index.php\/wp-json\/wp\/v2\/types\/actuation"}],"wp:featuredmedia":[{"embeddable":true,"href":"https:\/\/ubaldofernandes.com\/index.php\/wp-json\/wp\/v2\/media\/377"}],"wp:attachment":[{"href":"https:\/\/ubaldofernandes.com\/index.php\/wp-json\/wp\/v2\/media?parent=376"}],"wp:term":[{"taxonomy":"category","embeddable":true,"href":"https:\/\/ubaldofernandes.com\/index.php\/wp-json\/wp\/v2\/categories?post=376"}],"curies":[{"name":"wp","href":"https:\/\/api.w.org\/{rel}","templated":true}]}}