{"id":4187,"date":"2022-03-10T13:29:59","date_gmt":"2022-03-10T16:29:59","guid":{"rendered":"https:\/\/ubaldofernandes.com\/?post_type=actuation&#038;p=4187"},"modified":"2022-03-12T11:33:10","modified_gmt":"2022-03-12T14:33:10","slug":"comissao-de-constituicao-e-justica-da-alrn-faz-reuniao-extra-e-aprova-cinco-materias","status":"publish","type":"actuation","link":"https:\/\/ubaldofernandes.com\/index.php\/actuation\/comissao-de-constituicao-e-justica-da-alrn-faz-reuniao-extra-e-aprova-cinco-materias\/","title":{"rendered":"Comiss\u00e3o de Constitui\u00e7\u00e3o e Justi\u00e7a da ALRN faz reuni\u00e3o extra e aprova cinco mat\u00e9rias"},"content":{"rendered":"\n<p>A Comiss\u00e3o de Constitui\u00e7\u00e3o, Justi\u00e7a e Reda\u00e7\u00e3o realizou reuni\u00e3o extraordin\u00e1ria esta manh\u00e3, sob a presid\u00eancia do deputado George Soares (PL), para discutir e votar cinco mat\u00e9rias, duas delas importantes para a Funda\u00e7\u00e3o Universidade do Estado do Rio Grande do Norte (FUERN), uma de origem no Tribunal de Justi\u00e7a do Estado, uma da Mesa Diretora da Assembleia Legislativa e uma de iniciativa do deputado Kleber Rodrigues (PL).<\/p>\n\n\n\n<p>Aprovadas por unanimidade dos participantes da reuni\u00e3o, pelo sistema presencial e remoto, os dois projetos de iniciativa do Governo do Estado que beneficiam professores e servidores t\u00e9cnicos administrativos da UERN, foram relatados pelos deputados Francisco do PT e pelo deputado George Soares, que apresentaram emendas modificativas.<\/p>\n\n\n\n<p>Um dos projetos institui o Plano de Cargos, Carreira e Remunera\u00e7\u00e3o dos servidores t\u00e9cnicos administrativos da Fuern. O outro institui o Plano de Cargos, Carreira e Remunera\u00e7\u00e3o dos Professores do Ensino Superior da Institui\u00e7\u00e3o. A mat\u00e9ria do Tribunal de Justi\u00e7a, um Projeto de Lei Complementar altera a reda\u00e7\u00e3o do artigo 28 da Lei Complementar 242, de 10 de julho de 2002.<\/p>\n\n\n\n<p>O da Mesa Diretora da Assembleia fixa o quadro remunerat\u00f3rio relativo \u00e0s fun\u00e7\u00f5es de confian\u00e7a de Assessor T\u00e9cnico-Consultivo Institu\u00eddas atrav\u00e9s da resolu\u00e7\u00e3o 089 de 12 de dezembro de 2017.&nbsp; A mat\u00e9ria de iniciativa do deputado Kleber Rodrigues disp\u00f5e sobre mudan\u00e7a de denomina\u00e7\u00e3o de escola de ensino fundamental no munic\u00edpio de Equador para Escola de Ensino Fundamental Kessia Cristina Barros da Silva Oliveira.<\/p>\n\n\n\n<p>Participaram da reuni\u00e3o os deputados Galeno Torquato (PSD), Francisco do PT, Souza (PSB), Jac\u00f3 J\u00e1come (PSD), Subtenente Eliabe (SDD), Ubaldo Fernandes (PL) e a suplente deputada Isolda Dantas (PT).<\/p>\n\n\n\n<p>As reuni\u00f5es da CCJ ser\u00e3o realizadas \u00e0s ter\u00e7as-feiras. \u201cJ\u00e1 solicitamos da assessoria que seja feito um levantamento dos processos que j\u00e1 chegaram este ano e os que que n\u00e3o foram analisados no ano passado, para que sejam distribu\u00eddos aos relatores\u201d, disse o deputado George Soares.<\/p>\n","protected":false},"featured_media":0,"parent":0,"template":"","categories":[5],"class_list":["post-4187","actuation","type-actuation","status-publish","hentry","category-comissoes"],"acf":[],"yoast_head":"<!-- This site is optimized with the Yoast SEO plugin v24.6 - https:\/\/yoast.com\/wordpress\/plugins\/seo\/ -->\n<title>Comiss\u00e3o de Constitui\u00e7\u00e3o e Justi\u00e7a da ALRN faz reuni\u00e3o extra e aprova cinco mat\u00e9rias - Ubaldo Fernandes<\/title>\n<meta name=\"robots\" content=\"index, follow, max-snippet:-1, max-image-preview:large, max-video-preview:-1\" \/>\n<link rel=\"canonical\" href=\"https:\/\/ubaldofernandes.com\/index.php\/actuation\/comissao-de-constituicao-e-justica-da-alrn-faz-reuniao-extra-e-aprova-cinco-materias\/\" \/>\n<meta property=\"og:locale\" content=\"pt_BR\" \/>\n<meta property=\"og:type\" content=\"article\" \/>\n<meta property=\"og:title\" content=\"Comiss\u00e3o de Constitui\u00e7\u00e3o e Justi\u00e7a da ALRN faz reuni\u00e3o extra e aprova cinco mat\u00e9rias - Ubaldo Fernandes\" \/>\n<meta property=\"og:description\" content=\"A Comiss\u00e3o de Constitui\u00e7\u00e3o, Justi\u00e7a e Reda\u00e7\u00e3o realizou reuni\u00e3o extraordin\u00e1ria esta manh\u00e3, sob a presid\u00eancia do deputado George Soares (PL), para discutir e votar cinco mat\u00e9rias, duas delas importantes para a Funda\u00e7\u00e3o Universidade do Estado do Rio Grande do Norte (FUERN), uma de origem no Tribunal de Justi\u00e7a do Estado, uma da Mesa Diretora da [&hellip;]\" \/>\n<meta property=\"og:url\" content=\"https:\/\/ubaldofernandes.com\/index.php\/actuation\/comissao-de-constituicao-e-justica-da-alrn-faz-reuniao-extra-e-aprova-cinco-materias\/\" \/>\n<meta property=\"og:site_name\" content=\"Ubaldo Fernandes\" \/>\n<meta property=\"article:modified_time\" content=\"2022-03-12T14:33:10+00:00\" \/>\n<meta name=\"twitter:card\" content=\"summary_large_image\" \/>\n<meta name=\"twitter:label1\" content=\"Est. tempo de leitura\" \/>\n\t<meta name=\"twitter:data1\" content=\"2 minutos\" \/>\n<script type=\"application\/ld+json\" class=\"yoast-schema-graph\">{\"@context\":\"https:\/\/schema.org\",\"@graph\":[{\"@type\":\"WebPage\",\"@id\":\"https:\/\/ubaldofernandes.com\/index.php\/actuation\/comissao-de-constituicao-e-justica-da-alrn-faz-reuniao-extra-e-aprova-cinco-materias\/\",\"url\":\"https:\/\/ubaldofernandes.com\/index.php\/actuation\/comissao-de-constituicao-e-justica-da-alrn-faz-reuniao-extra-e-aprova-cinco-materias\/\",\"name\":\"Comiss\u00e3o de Constitui\u00e7\u00e3o e Justi\u00e7a da ALRN faz reuni\u00e3o extra e aprova cinco mat\u00e9rias - Ubaldo Fernandes\",\"isPartOf\":{\"@id\":\"https:\/\/ubaldofernandes.com\/#website\"},\"datePublished\":\"2022-03-10T16:29:59+00:00\",\"dateModified\":\"2022-03-12T14:33:10+00:00\",\"breadcrumb\":{\"@id\":\"https:\/\/ubaldofernandes.com\/index.php\/actuation\/comissao-de-constituicao-e-justica-da-alrn-faz-reuniao-extra-e-aprova-cinco-materias\/#breadcrumb\"},\"inLanguage\":\"pt-BR\",\"potentialAction\":[{\"@type\":\"ReadAction\",\"target\":[\"https:\/\/ubaldofernandes.com\/index.php\/actuation\/comissao-de-constituicao-e-justica-da-alrn-faz-reuniao-extra-e-aprova-cinco-materias\/\"]}]},{\"@type\":\"BreadcrumbList\",\"@id\":\"https:\/\/ubaldofernandes.com\/index.php\/actuation\/comissao-de-constituicao-e-justica-da-alrn-faz-reuniao-extra-e-aprova-cinco-materias\/#breadcrumb\",\"itemListElement\":[{\"@type\":\"ListItem\",\"position\":1,\"name\":\"In\u00edcio\",\"item\":\"https:\/\/ubaldofernandes.com\/\"},{\"@type\":\"ListItem\",\"position\":2,\"name\":\"Post Atua\u00e7\u00e3o Parlamentar\",\"item\":\"https:\/\/ubaldofernandes.com\/index.php\/actuation\/\"},{\"@type\":\"ListItem\",\"position\":3,\"name\":\"Comiss\u00e3o de Constitui\u00e7\u00e3o e Justi\u00e7a da ALRN faz reuni\u00e3o extra e aprova cinco mat\u00e9rias\"}]},{\"@type\":\"WebSite\",\"@id\":\"https:\/\/ubaldofernandes.com\/#website\",\"url\":\"https:\/\/ubaldofernandes.com\/\",\"name\":\"Ubaldo Fernandes\",\"description\":\"Deputado Estadual\",\"potentialAction\":[{\"@type\":\"SearchAction\",\"target\":{\"@type\":\"EntryPoint\",\"urlTemplate\":\"https:\/\/ubaldofernandes.com\/?s={search_term_string}\"},\"query-input\":{\"@type\":\"PropertyValueSpecification\",\"valueRequired\":true,\"valueName\":\"search_term_string\"}}],\"inLanguage\":\"pt-BR\"}]}<\/script>\n<!-- \/ Yoast SEO plugin. -->","yoast_head_json":{"title":"Comiss\u00e3o de Constitui\u00e7\u00e3o e Justi\u00e7a da ALRN faz reuni\u00e3o extra e aprova cinco mat\u00e9rias - Ubaldo Fernandes","robots":{"index":"index","follow":"follow","max-snippet":"max-snippet:-1","max-image-preview":"max-image-preview:large","max-video-preview":"max-video-preview:-1"},"canonical":"https:\/\/ubaldofernandes.com\/index.php\/actuation\/comissao-de-constituicao-e-justica-da-alrn-faz-reuniao-extra-e-aprova-cinco-materias\/","og_locale":"pt_BR","og_type":"article","og_title":"Comiss\u00e3o de Constitui\u00e7\u00e3o e Justi\u00e7a da ALRN faz reuni\u00e3o extra e aprova cinco mat\u00e9rias - Ubaldo Fernandes","og_description":"A Comiss\u00e3o de Constitui\u00e7\u00e3o, Justi\u00e7a e Reda\u00e7\u00e3o realizou reuni\u00e3o extraordin\u00e1ria esta manh\u00e3, sob a presid\u00eancia do deputado George Soares (PL), para discutir e votar cinco mat\u00e9rias, duas delas importantes para a Funda\u00e7\u00e3o Universidade do Estado do Rio Grande do Norte (FUERN), uma de origem no Tribunal de Justi\u00e7a do Estado, uma da Mesa Diretora da [&hellip;]","og_url":"https:\/\/ubaldofernandes.com\/index.php\/actuation\/comissao-de-constituicao-e-justica-da-alrn-faz-reuniao-extra-e-aprova-cinco-materias\/","og_site_name":"Ubaldo Fernandes","article_modified_time":"2022-03-12T14:33:10+00:00","twitter_card":"summary_large_image","twitter_misc":{"Est. tempo de leitura":"2 minutos"},"schema":{"@context":"https:\/\/schema.org","@graph":[{"@type":"WebPage","@id":"https:\/\/ubaldofernandes.com\/index.php\/actuation\/comissao-de-constituicao-e-justica-da-alrn-faz-reuniao-extra-e-aprova-cinco-materias\/","url":"https:\/\/ubaldofernandes.com\/index.php\/actuation\/comissao-de-constituicao-e-justica-da-alrn-faz-reuniao-extra-e-aprova-cinco-materias\/","name":"Comiss\u00e3o de Constitui\u00e7\u00e3o e Justi\u00e7a da ALRN faz reuni\u00e3o extra e aprova cinco mat\u00e9rias - Ubaldo Fernandes","isPartOf":{"@id":"https:\/\/ubaldofernandes.com\/#website"},"datePublished":"2022-03-10T16:29:59+00:00","dateModified":"2022-03-12T14:33:10+00:00","breadcrumb":{"@id":"https:\/\/ubaldofernandes.com\/index.php\/actuation\/comissao-de-constituicao-e-justica-da-alrn-faz-reuniao-extra-e-aprova-cinco-materias\/#breadcrumb"},"inLanguage":"pt-BR","potentialAction":[{"@type":"ReadAction","target":["https:\/\/ubaldofernandes.com\/index.php\/actuation\/comissao-de-constituicao-e-justica-da-alrn-faz-reuniao-extra-e-aprova-cinco-materias\/"]}]},{"@type":"BreadcrumbList","@id":"https:\/\/ubaldofernandes.com\/index.php\/actuation\/comissao-de-constituicao-e-justica-da-alrn-faz-reuniao-extra-e-aprova-cinco-materias\/#breadcrumb","itemListElement":[{"@type":"ListItem","position":1,"name":"In\u00edcio","item":"https:\/\/ubaldofernandes.com\/"},{"@type":"ListItem","position":2,"name":"Post Atua\u00e7\u00e3o Parlamentar","item":"https:\/\/ubaldofernandes.com\/index.php\/actuation\/"},{"@type":"ListItem","position":3,"name":"Comiss\u00e3o de Constitui\u00e7\u00e3o e Justi\u00e7a da ALRN faz reuni\u00e3o extra e aprova cinco mat\u00e9rias"}]},{"@type":"WebSite","@id":"https:\/\/ubaldofernandes.com\/#website","url":"https:\/\/ubaldofernandes.com\/","name":"Ubaldo Fernandes","description":"Deputado Estadual","potentialAction":[{"@type":"SearchAction","target":{"@type":"EntryPoint","urlTemplate":"https:\/\/ubaldofernandes.com\/?s={search_term_string}"},"query-input":{"@type":"PropertyValueSpecification","valueRequired":true,"valueName":"search_term_string"}}],"inLanguage":"pt-BR"}]}},"_links":{"self":[{"href":"https:\/\/ubaldofernandes.com\/index.php\/wp-json\/wp\/v2\/actuation\/4187","targetHints":{"allow":["GET"]}}],"collection":[{"href":"https:\/\/ubaldofernandes.com\/index.php\/wp-json\/wp\/v2\/actuation"}],"about":[{"href":"https:\/\/ubaldofernandes.com\/index.php\/wp-json\/wp\/v2\/types\/actuation"}],"wp:attachment":[{"href":"https:\/\/ubaldofernandes.com\/index.php\/wp-json\/wp\/v2\/media?parent=4187"}],"wp:term":[{"taxonomy":"category","embeddable":true,"href":"https:\/\/ubaldofernandes.com\/index.php\/wp-json\/wp\/v2\/categories?post=4187"}],"curies":[{"name":"wp","href":"https:\/\/api.w.org\/{rel}","templated":true}]}}