{"id":4990,"date":"2023-03-07T12:12:00","date_gmt":"2023-03-07T15:12:00","guid":{"rendered":"https:\/\/ubaldofernandes.com\/?post_type=actuation&#038;p=4990"},"modified":"2023-03-09T10:27:01","modified_gmt":"2023-03-09T13:27:01","slug":"em-primeira-reuniao-da-legislatura-ccj-aprova-nome-para-diretoria-da-arsep","status":"publish","type":"actuation","link":"https:\/\/ubaldofernandes.com\/index.php\/actuation\/em-primeira-reuniao-da-legislatura-ccj-aprova-nome-para-diretoria-da-arsep\/","title":{"rendered":"Em primeira reuni\u00e3o da Legislatura, CCJ aprova nome para diretoria da ARSEP"},"content":{"rendered":"\n<p>A primeira reuni\u00e3o da Comiss\u00e3o de Constitui\u00e7\u00e3o, Justi\u00e7a e Reda\u00e7\u00e3o (CCJ) na atual Legislatura, realizada na manh\u00e3 desta ter\u00e7a-feira (7), foi considerada movimentada e produtiva pelo presidente do grupo permanente de trabalho, deputado Francisco do PT. Das 14 mat\u00e9rias analisadas e votadas pelos deputados, uma mereceu destaque, segundo avalia\u00e7\u00e3o do parlamentar. Trata-se da indica\u00e7\u00e3o pelo Governo do Estado do ex-vereador por Natal, George C\u00e2mara, para o cargo de diretor aut\u00e1rquico da Ag\u00eancia Reguladora de Servi\u00e7os P\u00fablicos (ARSEP).<\/p>\n\n\n\n<p>\u201cA reuni\u00e3o foi muito boa, com um n\u00edvel de discuss\u00e3o que pretendemos impulsionar ao longo dos nossos trabalhos &#8211; dentro desse esp\u00edrito colaborativo dos deputados. Em alguns momentos teremos debates mais intensos, mas sempre dentro desse esp\u00edrito. Destaco aqui a argui\u00e7\u00e3o de George C\u00e2mara e posterior vota\u00e7\u00e3o, com aprova\u00e7\u00e3o da sua indica\u00e7\u00e3o para uma diretoria da ARSEP\u201d, destacou o presidente da CCJ. &nbsp;<\/p>\n\n\n\n<p>Durante a reuni\u00e3o, o deputado Galeno Torquato (PSDB) sugeriu que, quando um relator n\u00e3o puder comparecer a uma reuni\u00e3o que tenha relat\u00f3rio a apresentar, comunique a aus\u00eancia \u00e0 Comiss\u00e3o para que a relatoria seja repassada a outro colega, buscando o n\u00e3o represamento de mat\u00e9rias no grupo &#8211; com o que concordou o presidente Francisco.<\/p>\n\n\n\n<p>Das 16 mat\u00e9rias constantes na pauta, 13 foram aprovadas por unanimidade, uma foi baixada em dilig\u00eancia e duas n\u00e3o foram relatadas. Participaram ainda da reuni\u00e3o os deputados Dr. Kerginaldo (PSDB), Ubaldo Fernandes (PSDB), Adjuto Dias (MDB) e Hermano Morais (PV).<\/p>\n","protected":false},"featured_media":4991,"parent":0,"template":"","categories":[5],"class_list":["post-4990","actuation","type-actuation","status-publish","has-post-thumbnail","hentry","category-comissoes"],"acf":[],"yoast_head":"<!-- This site is optimized with the Yoast SEO plugin v24.6 - https:\/\/yoast.com\/wordpress\/plugins\/seo\/ -->\n<title>Em primeira reuni\u00e3o da Legislatura, CCJ aprova nome para diretoria da ARSEP - Ubaldo Fernandes<\/title>\n<meta name=\"robots\" content=\"index, follow, max-snippet:-1, max-image-preview:large, max-video-preview:-1\" \/>\n<link rel=\"canonical\" href=\"https:\/\/ubaldofernandes.com\/index.php\/actuation\/em-primeira-reuniao-da-legislatura-ccj-aprova-nome-para-diretoria-da-arsep\/\" \/>\n<meta property=\"og:locale\" content=\"pt_BR\" \/>\n<meta property=\"og:type\" content=\"article\" \/>\n<meta property=\"og:title\" content=\"Em primeira reuni\u00e3o da Legislatura, CCJ aprova nome para diretoria da ARSEP - Ubaldo Fernandes\" \/>\n<meta property=\"og:description\" content=\"A primeira reuni\u00e3o da Comiss\u00e3o de Constitui\u00e7\u00e3o, Justi\u00e7a e Reda\u00e7\u00e3o (CCJ) na atual Legislatura, realizada na manh\u00e3 desta ter\u00e7a-feira (7), foi considerada movimentada e produtiva pelo presidente do grupo permanente de trabalho, deputado Francisco do PT. Das 14 mat\u00e9rias analisadas e votadas pelos deputados, uma mereceu destaque, segundo avalia\u00e7\u00e3o do parlamentar. Trata-se da indica\u00e7\u00e3o pelo [&hellip;]\" \/>\n<meta property=\"og:url\" content=\"https:\/\/ubaldofernandes.com\/index.php\/actuation\/em-primeira-reuniao-da-legislatura-ccj-aprova-nome-para-diretoria-da-arsep\/\" \/>\n<meta property=\"og:site_name\" content=\"Ubaldo Fernandes\" \/>\n<meta property=\"article:modified_time\" content=\"2023-03-09T13:27:01+00:00\" \/>\n<meta property=\"og:image\" content=\"https:\/\/ubaldofernandes.com\/wp-content\/uploads\/2023\/03\/ubaldo-comissao-ccj-scaled.jpg\" \/>\n\t<meta property=\"og:image:width\" content=\"2560\" \/>\n\t<meta property=\"og:image:height\" content=\"1707\" \/>\n\t<meta property=\"og:image:type\" content=\"image\/jpeg\" \/>\n<meta name=\"twitter:card\" content=\"summary_large_image\" \/>\n<meta name=\"twitter:label1\" content=\"Est. tempo de leitura\" \/>\n\t<meta name=\"twitter:data1\" content=\"1 minuto\" \/>\n<script type=\"application\/ld+json\" class=\"yoast-schema-graph\">{\"@context\":\"https:\/\/schema.org\",\"@graph\":[{\"@type\":\"WebPage\",\"@id\":\"https:\/\/ubaldofernandes.com\/index.php\/actuation\/em-primeira-reuniao-da-legislatura-ccj-aprova-nome-para-diretoria-da-arsep\/\",\"url\":\"https:\/\/ubaldofernandes.com\/index.php\/actuation\/em-primeira-reuniao-da-legislatura-ccj-aprova-nome-para-diretoria-da-arsep\/\",\"name\":\"Em primeira reuni\u00e3o da Legislatura, CCJ aprova nome para diretoria da ARSEP - Ubaldo Fernandes\",\"isPartOf\":{\"@id\":\"https:\/\/ubaldofernandes.com\/#website\"},\"primaryImageOfPage\":{\"@id\":\"https:\/\/ubaldofernandes.com\/index.php\/actuation\/em-primeira-reuniao-da-legislatura-ccj-aprova-nome-para-diretoria-da-arsep\/#primaryimage\"},\"image\":{\"@id\":\"https:\/\/ubaldofernandes.com\/index.php\/actuation\/em-primeira-reuniao-da-legislatura-ccj-aprova-nome-para-diretoria-da-arsep\/#primaryimage\"},\"thumbnailUrl\":\"https:\/\/ubaldofernandes.com\/wp-content\/uploads\/2023\/03\/ubaldo-comissao-ccj-scaled.jpg\",\"datePublished\":\"2023-03-07T15:12:00+00:00\",\"dateModified\":\"2023-03-09T13:27:01+00:00\",\"breadcrumb\":{\"@id\":\"https:\/\/ubaldofernandes.com\/index.php\/actuation\/em-primeira-reuniao-da-legislatura-ccj-aprova-nome-para-diretoria-da-arsep\/#breadcrumb\"},\"inLanguage\":\"pt-BR\",\"potentialAction\":[{\"@type\":\"ReadAction\",\"target\":[\"https:\/\/ubaldofernandes.com\/index.php\/actuation\/em-primeira-reuniao-da-legislatura-ccj-aprova-nome-para-diretoria-da-arsep\/\"]}]},{\"@type\":\"ImageObject\",\"inLanguage\":\"pt-BR\",\"@id\":\"https:\/\/ubaldofernandes.com\/index.php\/actuation\/em-primeira-reuniao-da-legislatura-ccj-aprova-nome-para-diretoria-da-arsep\/#primaryimage\",\"url\":\"https:\/\/ubaldofernandes.com\/wp-content\/uploads\/2023\/03\/ubaldo-comissao-ccj-scaled.jpg\",\"contentUrl\":\"https:\/\/ubaldofernandes.com\/wp-content\/uploads\/2023\/03\/ubaldo-comissao-ccj-scaled.jpg\",\"width\":2560,\"height\":1707},{\"@type\":\"BreadcrumbList\",\"@id\":\"https:\/\/ubaldofernandes.com\/index.php\/actuation\/em-primeira-reuniao-da-legislatura-ccj-aprova-nome-para-diretoria-da-arsep\/#breadcrumb\",\"itemListElement\":[{\"@type\":\"ListItem\",\"position\":1,\"name\":\"In\u00edcio\",\"item\":\"https:\/\/ubaldofernandes.com\/\"},{\"@type\":\"ListItem\",\"position\":2,\"name\":\"Post Atua\u00e7\u00e3o Parlamentar\",\"item\":\"https:\/\/ubaldofernandes.com\/index.php\/actuation\/\"},{\"@type\":\"ListItem\",\"position\":3,\"name\":\"Em primeira reuni\u00e3o da Legislatura, CCJ aprova nome para diretoria da ARSEP\"}]},{\"@type\":\"WebSite\",\"@id\":\"https:\/\/ubaldofernandes.com\/#website\",\"url\":\"https:\/\/ubaldofernandes.com\/\",\"name\":\"Ubaldo Fernandes\",\"description\":\"Deputado Estadual\",\"potentialAction\":[{\"@type\":\"SearchAction\",\"target\":{\"@type\":\"EntryPoint\",\"urlTemplate\":\"https:\/\/ubaldofernandes.com\/?s={search_term_string}\"},\"query-input\":{\"@type\":\"PropertyValueSpecification\",\"valueRequired\":true,\"valueName\":\"search_term_string\"}}],\"inLanguage\":\"pt-BR\"}]}<\/script>\n<!-- \/ Yoast SEO plugin. -->","yoast_head_json":{"title":"Em primeira reuni\u00e3o da Legislatura, CCJ aprova nome para diretoria da ARSEP - Ubaldo Fernandes","robots":{"index":"index","follow":"follow","max-snippet":"max-snippet:-1","max-image-preview":"max-image-preview:large","max-video-preview":"max-video-preview:-1"},"canonical":"https:\/\/ubaldofernandes.com\/index.php\/actuation\/em-primeira-reuniao-da-legislatura-ccj-aprova-nome-para-diretoria-da-arsep\/","og_locale":"pt_BR","og_type":"article","og_title":"Em primeira reuni\u00e3o da Legislatura, CCJ aprova nome para diretoria da ARSEP - Ubaldo Fernandes","og_description":"A primeira reuni\u00e3o da Comiss\u00e3o de Constitui\u00e7\u00e3o, Justi\u00e7a e Reda\u00e7\u00e3o (CCJ) na atual Legislatura, realizada na manh\u00e3 desta ter\u00e7a-feira (7), foi considerada movimentada e produtiva pelo presidente do grupo permanente de trabalho, deputado Francisco do PT. Das 14 mat\u00e9rias analisadas e votadas pelos deputados, uma mereceu destaque, segundo avalia\u00e7\u00e3o do parlamentar. Trata-se da indica\u00e7\u00e3o pelo [&hellip;]","og_url":"https:\/\/ubaldofernandes.com\/index.php\/actuation\/em-primeira-reuniao-da-legislatura-ccj-aprova-nome-para-diretoria-da-arsep\/","og_site_name":"Ubaldo Fernandes","article_modified_time":"2023-03-09T13:27:01+00:00","og_image":[{"width":2560,"height":1707,"url":"https:\/\/ubaldofernandes.com\/wp-content\/uploads\/2023\/03\/ubaldo-comissao-ccj-scaled.jpg","type":"image\/jpeg"}],"twitter_card":"summary_large_image","twitter_misc":{"Est. tempo de leitura":"1 minuto"},"schema":{"@context":"https:\/\/schema.org","@graph":[{"@type":"WebPage","@id":"https:\/\/ubaldofernandes.com\/index.php\/actuation\/em-primeira-reuniao-da-legislatura-ccj-aprova-nome-para-diretoria-da-arsep\/","url":"https:\/\/ubaldofernandes.com\/index.php\/actuation\/em-primeira-reuniao-da-legislatura-ccj-aprova-nome-para-diretoria-da-arsep\/","name":"Em primeira reuni\u00e3o da Legislatura, CCJ aprova nome para diretoria da ARSEP - Ubaldo Fernandes","isPartOf":{"@id":"https:\/\/ubaldofernandes.com\/#website"},"primaryImageOfPage":{"@id":"https:\/\/ubaldofernandes.com\/index.php\/actuation\/em-primeira-reuniao-da-legislatura-ccj-aprova-nome-para-diretoria-da-arsep\/#primaryimage"},"image":{"@id":"https:\/\/ubaldofernandes.com\/index.php\/actuation\/em-primeira-reuniao-da-legislatura-ccj-aprova-nome-para-diretoria-da-arsep\/#primaryimage"},"thumbnailUrl":"https:\/\/ubaldofernandes.com\/wp-content\/uploads\/2023\/03\/ubaldo-comissao-ccj-scaled.jpg","datePublished":"2023-03-07T15:12:00+00:00","dateModified":"2023-03-09T13:27:01+00:00","breadcrumb":{"@id":"https:\/\/ubaldofernandes.com\/index.php\/actuation\/em-primeira-reuniao-da-legislatura-ccj-aprova-nome-para-diretoria-da-arsep\/#breadcrumb"},"inLanguage":"pt-BR","potentialAction":[{"@type":"ReadAction","target":["https:\/\/ubaldofernandes.com\/index.php\/actuation\/em-primeira-reuniao-da-legislatura-ccj-aprova-nome-para-diretoria-da-arsep\/"]}]},{"@type":"ImageObject","inLanguage":"pt-BR","@id":"https:\/\/ubaldofernandes.com\/index.php\/actuation\/em-primeira-reuniao-da-legislatura-ccj-aprova-nome-para-diretoria-da-arsep\/#primaryimage","url":"https:\/\/ubaldofernandes.com\/wp-content\/uploads\/2023\/03\/ubaldo-comissao-ccj-scaled.jpg","contentUrl":"https:\/\/ubaldofernandes.com\/wp-content\/uploads\/2023\/03\/ubaldo-comissao-ccj-scaled.jpg","width":2560,"height":1707},{"@type":"BreadcrumbList","@id":"https:\/\/ubaldofernandes.com\/index.php\/actuation\/em-primeira-reuniao-da-legislatura-ccj-aprova-nome-para-diretoria-da-arsep\/#breadcrumb","itemListElement":[{"@type":"ListItem","position":1,"name":"In\u00edcio","item":"https:\/\/ubaldofernandes.com\/"},{"@type":"ListItem","position":2,"name":"Post Atua\u00e7\u00e3o Parlamentar","item":"https:\/\/ubaldofernandes.com\/index.php\/actuation\/"},{"@type":"ListItem","position":3,"name":"Em primeira reuni\u00e3o da Legislatura, CCJ aprova nome para diretoria da ARSEP"}]},{"@type":"WebSite","@id":"https:\/\/ubaldofernandes.com\/#website","url":"https:\/\/ubaldofernandes.com\/","name":"Ubaldo Fernandes","description":"Deputado Estadual","potentialAction":[{"@type":"SearchAction","target":{"@type":"EntryPoint","urlTemplate":"https:\/\/ubaldofernandes.com\/?s={search_term_string}"},"query-input":{"@type":"PropertyValueSpecification","valueRequired":true,"valueName":"search_term_string"}}],"inLanguage":"pt-BR"}]}},"_links":{"self":[{"href":"https:\/\/ubaldofernandes.com\/index.php\/wp-json\/wp\/v2\/actuation\/4990","targetHints":{"allow":["GET"]}}],"collection":[{"href":"https:\/\/ubaldofernandes.com\/index.php\/wp-json\/wp\/v2\/actuation"}],"about":[{"href":"https:\/\/ubaldofernandes.com\/index.php\/wp-json\/wp\/v2\/types\/actuation"}],"wp:featuredmedia":[{"embeddable":true,"href":"https:\/\/ubaldofernandes.com\/index.php\/wp-json\/wp\/v2\/media\/4991"}],"wp:attachment":[{"href":"https:\/\/ubaldofernandes.com\/index.php\/wp-json\/wp\/v2\/media?parent=4990"}],"wp:term":[{"taxonomy":"category","embeddable":true,"href":"https:\/\/ubaldofernandes.com\/index.php\/wp-json\/wp\/v2\/categories?post=4990"}],"curies":[{"name":"wp","href":"https:\/\/api.w.org\/{rel}","templated":true}]}}