{"id":5137,"date":"2023-05-16T14:57:00","date_gmt":"2023-05-16T17:57:00","guid":{"rendered":"https:\/\/ubaldofernandes.com\/?post_type=actuation&#038;p=5137"},"modified":"2023-05-17T10:20:39","modified_gmt":"2023-05-17T13:20:39","slug":"decreto-que-suspende-reajuste-do-icms-tem-parecer-contrario-na-ccj-da-alrn","status":"publish","type":"actuation","link":"https:\/\/ubaldofernandes.com\/index.php\/actuation\/decreto-que-suspende-reajuste-do-icms-tem-parecer-contrario-na-ccj-da-alrn\/","title":{"rendered":"Decreto que suspende reajuste do ICMS tem parecer contr\u00e1rio na CCJ da ALRN"},"content":{"rendered":"\n<p>O decreto legislativo que susta o reajuste da al\u00edquota modal do ICMS no Rio Grande do Norte teve parecer contr\u00e1rio aprovado pela Comiss\u00e3o de Constitui\u00e7\u00e3o e Justi\u00e7a (CCJ) da Assembleia Legislativa do Estado. A decis\u00e3o do colegiado ocorreu em reuni\u00e3o nesta quarta-feira (16). Mas, como o relat\u00f3rio apresentado pelo deputado estadual Hermano Morais (PV) teve dois votos discordantes, a mat\u00e9ria ser\u00e1 analisada no plen\u00e1rio da Casa.<\/p>\n\n\n\n<p>A proposta \u00e9 de autoria do deputado estadual Gustavo Carvalho (PSDB) e mira em derrubar o decreto do Governo do Estado que aumentou o ICMS de 18% para 20%. No colegiado, 5 parlamentares ficaram a favor do relat\u00f3rio contra o projeto (Hermano Morais, Divaneide Bas\u00edlio, Ubaldo Fernandes e Dr. Kerginaldo). O deputado Kleber Rodrigues (PSDB), que n\u00e3o estava presente na CCJ, j\u00e1 tinha votado a favor em outra reuni\u00e3o. Enquanto dois deputados ficaram contra o relator e a favor da discuss\u00e3o da pauta em sess\u00e3o plen\u00e1ria (Adjuto Dias e Galeno Torquato).<\/p>\n\n\n\n<p>A CCJ ainda aprovou uma s\u00e9rie de projetos em tramita\u00e7\u00e3o na Casa. Os dois primeiros reconhecem como de utilidade p\u00fablica estadual a Associa\u00e7\u00e3o Martinense de Comunica\u00e7\u00e3o e a Federa\u00e7\u00e3o de Motociclismo do RN, ambos relatados pelo deputado Adjuto Dias (MDB), sendo o primeiro de autoria de Francisco do PT e o segundo de Ubaldo Fernandes (PV).<\/p>\n\n\n\n<p>Em seguida, sob relat\u00f3rio do deputado Dr. Kerginaldo (PSDB), foram aprovadas mais tr\u00eas mat\u00e9rias. A primeira de autoria de Dr. Bernardo (PSDB), consolida as divisas territoriais entre os munic\u00edpios de Umarizal, Apodi e Olho D&#8217;\u00c1gua do Borges. Em seguida, de iniciativa de Nelter Queiroz (PSDB), a denomina\u00e7\u00e3o de Ant\u00f4nio Pereira Filho ao trecho da RN-087 que liga os munic\u00edpios de Lagoa Nova e Cerro Cor\u00e1. E, por \u00faltimo, a denomina\u00e7\u00e3o de Prefeito Ant\u00f4nio Assun\u00e7\u00e3o ao trecho da RN-203 que liga as cidades de Santana do Matos a Bod\u00f3.<\/p>\n\n\n\n<p>Na sequ\u00eancia, foi a vez do deputado Galeno Torquato (PSDB) apresentar seus relat\u00f3rios a mais tr\u00eas propostas. Foi aprovada mat\u00e9ria que estabelece princ\u00edpios e diretrizes para a\u00e7\u00f5es de detec\u00e7\u00e3o de viol\u00eancia dom\u00e9stica contra crian\u00e7as e adolescentes, criado por Kleber Rodrigues (PSDB). Tamb\u00e9m passou no colegiado a classifica\u00e7\u00e3o da surdez unilateral como defici\u00eancia auditiva, por sugest\u00e3o de Nelter Queiroz (PSDB). O terceiro relat\u00f3rio de Galeno foi pela aprova\u00e7\u00e3o da Associa\u00e7\u00e3o Comunit\u00e1ria Timbaubinha, em Jardim de Piranhas, como de utilidade p\u00fablica estadual, por iniciativa de Ubaldo.<\/p>\n\n\n\n<p>Sob responsabilidade do presidente da CCJ, Hermano Morais, tamb\u00e9m tiveram aprova\u00e7\u00e3o os relat\u00f3rios favor\u00e1veis a tornar Patrim\u00f4nio Imaterial e Cultural do RN a iguaria &#8220;fil\u00f3&#8221;, tradicional de Apodi; e a denomina\u00e7\u00e3o da ala dos gabinetes da ALRN de &#8220;Deputado Raimundo Fernandes&#8221;.<\/p>\n\n\n\n<p>Por fim, Ubaldo Fernandes tamb\u00e9m apresentou seus relat\u00f3rios que foram aprovados por unanimidade. O primeiro, em rela\u00e7\u00e3o a iniciativa do presidente da Casa, deputado Ezequiel Ferreira, que reconhece como Patrim\u00f4nio Imaterial, Hist\u00f3rico, Cultural e Tur\u00edstico do RN o &#8220;Festival de Inverno de Serra de S\u00e3o Bento&#8221;. Tamb\u00e9m aprovado projeto do ex-deputado Sandro Pimentel (Psol) que disp\u00f5e sobre a constru\u00e7\u00e3o de passagens para a fauna dom\u00e9stica e silvestre nas rodovias do RN. A \u00faltima an\u00e1lise foi em rela\u00e7\u00e3o a uma iniciativa do Executivo, que prev\u00ea a reorganiza\u00e7\u00e3o administrativa do Governo, tamb\u00e9m aprovado.<\/p>\n\n\n\n<p>A reuni\u00e3o da CCJ contou com as presen\u00e7as dos deputados Hermano Morais, Adjuto Dias, Galeno Torquato, Ubaldo Fernandes, Dr. Kerginaldo e Divaneide Bas\u00edlio.<\/p>\n\n\n\n<p><\/p>\n","protected":false},"featured_media":5138,"parent":0,"template":"","categories":[5],"class_list":["post-5137","actuation","type-actuation","status-publish","has-post-thumbnail","hentry","category-comissoes"],"acf":[],"yoast_head":"<!-- This site is optimized with the Yoast SEO plugin v24.6 - https:\/\/yoast.com\/wordpress\/plugins\/seo\/ -->\n<title>Decreto que suspende reajuste do ICMS tem parecer contr\u00e1rio na CCJ da ALRN - Ubaldo Fernandes<\/title>\n<meta name=\"robots\" content=\"index, follow, max-snippet:-1, max-image-preview:large, max-video-preview:-1\" \/>\n<link rel=\"canonical\" href=\"https:\/\/ubaldofernandes.com\/index.php\/actuation\/decreto-que-suspende-reajuste-do-icms-tem-parecer-contrario-na-ccj-da-alrn\/\" \/>\n<meta property=\"og:locale\" content=\"pt_BR\" \/>\n<meta property=\"og:type\" content=\"article\" \/>\n<meta property=\"og:title\" content=\"Decreto que suspende reajuste do ICMS tem parecer contr\u00e1rio na CCJ da ALRN - Ubaldo Fernandes\" \/>\n<meta property=\"og:description\" content=\"O decreto legislativo que susta o reajuste da al\u00edquota modal do ICMS no Rio Grande do Norte teve parecer contr\u00e1rio aprovado pela Comiss\u00e3o de Constitui\u00e7\u00e3o e Justi\u00e7a (CCJ) da Assembleia Legislativa do Estado. A decis\u00e3o do colegiado ocorreu em reuni\u00e3o nesta quarta-feira (16). Mas, como o relat\u00f3rio apresentado pelo deputado estadual Hermano Morais (PV) teve [&hellip;]\" \/>\n<meta property=\"og:url\" content=\"https:\/\/ubaldofernandes.com\/index.php\/actuation\/decreto-que-suspende-reajuste-do-icms-tem-parecer-contrario-na-ccj-da-alrn\/\" \/>\n<meta property=\"og:site_name\" content=\"Ubaldo Fernandes\" \/>\n<meta property=\"article:modified_time\" content=\"2023-05-17T13:20:39+00:00\" \/>\n<meta property=\"og:image\" content=\"https:\/\/ubaldofernandes.com\/wp-content\/uploads\/2023\/05\/CCJ-160523-scaled.jpg\" \/>\n\t<meta property=\"og:image:width\" content=\"2560\" \/>\n\t<meta property=\"og:image:height\" content=\"1703\" \/>\n\t<meta property=\"og:image:type\" content=\"image\/jpeg\" \/>\n<meta name=\"twitter:card\" content=\"summary_large_image\" \/>\n<meta name=\"twitter:label1\" content=\"Est. tempo de leitura\" \/>\n\t<meta name=\"twitter:data1\" content=\"3 minutos\" \/>\n<script type=\"application\/ld+json\" class=\"yoast-schema-graph\">{\"@context\":\"https:\/\/schema.org\",\"@graph\":[{\"@type\":\"WebPage\",\"@id\":\"https:\/\/ubaldofernandes.com\/index.php\/actuation\/decreto-que-suspende-reajuste-do-icms-tem-parecer-contrario-na-ccj-da-alrn\/\",\"url\":\"https:\/\/ubaldofernandes.com\/index.php\/actuation\/decreto-que-suspende-reajuste-do-icms-tem-parecer-contrario-na-ccj-da-alrn\/\",\"name\":\"Decreto que suspende reajuste do ICMS tem parecer contr\u00e1rio na CCJ da ALRN - Ubaldo Fernandes\",\"isPartOf\":{\"@id\":\"https:\/\/ubaldofernandes.com\/#website\"},\"primaryImageOfPage\":{\"@id\":\"https:\/\/ubaldofernandes.com\/index.php\/actuation\/decreto-que-suspende-reajuste-do-icms-tem-parecer-contrario-na-ccj-da-alrn\/#primaryimage\"},\"image\":{\"@id\":\"https:\/\/ubaldofernandes.com\/index.php\/actuation\/decreto-que-suspende-reajuste-do-icms-tem-parecer-contrario-na-ccj-da-alrn\/#primaryimage\"},\"thumbnailUrl\":\"https:\/\/ubaldofernandes.com\/wp-content\/uploads\/2023\/05\/CCJ-160523-scaled.jpg\",\"datePublished\":\"2023-05-16T17:57:00+00:00\",\"dateModified\":\"2023-05-17T13:20:39+00:00\",\"breadcrumb\":{\"@id\":\"https:\/\/ubaldofernandes.com\/index.php\/actuation\/decreto-que-suspende-reajuste-do-icms-tem-parecer-contrario-na-ccj-da-alrn\/#breadcrumb\"},\"inLanguage\":\"pt-BR\",\"potentialAction\":[{\"@type\":\"ReadAction\",\"target\":[\"https:\/\/ubaldofernandes.com\/index.php\/actuation\/decreto-que-suspende-reajuste-do-icms-tem-parecer-contrario-na-ccj-da-alrn\/\"]}]},{\"@type\":\"ImageObject\",\"inLanguage\":\"pt-BR\",\"@id\":\"https:\/\/ubaldofernandes.com\/index.php\/actuation\/decreto-que-suspende-reajuste-do-icms-tem-parecer-contrario-na-ccj-da-alrn\/#primaryimage\",\"url\":\"https:\/\/ubaldofernandes.com\/wp-content\/uploads\/2023\/05\/CCJ-160523-scaled.jpg\",\"contentUrl\":\"https:\/\/ubaldofernandes.com\/wp-content\/uploads\/2023\/05\/CCJ-160523-scaled.jpg\",\"width\":2560,\"height\":1703},{\"@type\":\"BreadcrumbList\",\"@id\":\"https:\/\/ubaldofernandes.com\/index.php\/actuation\/decreto-que-suspende-reajuste-do-icms-tem-parecer-contrario-na-ccj-da-alrn\/#breadcrumb\",\"itemListElement\":[{\"@type\":\"ListItem\",\"position\":1,\"name\":\"In\u00edcio\",\"item\":\"https:\/\/ubaldofernandes.com\/\"},{\"@type\":\"ListItem\",\"position\":2,\"name\":\"Post Atua\u00e7\u00e3o Parlamentar\",\"item\":\"https:\/\/ubaldofernandes.com\/index.php\/actuation\/\"},{\"@type\":\"ListItem\",\"position\":3,\"name\":\"Decreto que suspende reajuste do ICMS tem parecer contr\u00e1rio na CCJ da ALRN\"}]},{\"@type\":\"WebSite\",\"@id\":\"https:\/\/ubaldofernandes.com\/#website\",\"url\":\"https:\/\/ubaldofernandes.com\/\",\"name\":\"Ubaldo Fernandes\",\"description\":\"Deputado Estadual\",\"potentialAction\":[{\"@type\":\"SearchAction\",\"target\":{\"@type\":\"EntryPoint\",\"urlTemplate\":\"https:\/\/ubaldofernandes.com\/?s={search_term_string}\"},\"query-input\":{\"@type\":\"PropertyValueSpecification\",\"valueRequired\":true,\"valueName\":\"search_term_string\"}}],\"inLanguage\":\"pt-BR\"}]}<\/script>\n<!-- \/ Yoast SEO plugin. -->","yoast_head_json":{"title":"Decreto que suspende reajuste do ICMS tem parecer contr\u00e1rio na CCJ da ALRN - Ubaldo Fernandes","robots":{"index":"index","follow":"follow","max-snippet":"max-snippet:-1","max-image-preview":"max-image-preview:large","max-video-preview":"max-video-preview:-1"},"canonical":"https:\/\/ubaldofernandes.com\/index.php\/actuation\/decreto-que-suspende-reajuste-do-icms-tem-parecer-contrario-na-ccj-da-alrn\/","og_locale":"pt_BR","og_type":"article","og_title":"Decreto que suspende reajuste do ICMS tem parecer contr\u00e1rio na CCJ da ALRN - Ubaldo Fernandes","og_description":"O decreto legislativo que susta o reajuste da al\u00edquota modal do ICMS no Rio Grande do Norte teve parecer contr\u00e1rio aprovado pela Comiss\u00e3o de Constitui\u00e7\u00e3o e Justi\u00e7a (CCJ) da Assembleia Legislativa do Estado. A decis\u00e3o do colegiado ocorreu em reuni\u00e3o nesta quarta-feira (16). Mas, como o relat\u00f3rio apresentado pelo deputado estadual Hermano Morais (PV) teve [&hellip;]","og_url":"https:\/\/ubaldofernandes.com\/index.php\/actuation\/decreto-que-suspende-reajuste-do-icms-tem-parecer-contrario-na-ccj-da-alrn\/","og_site_name":"Ubaldo Fernandes","article_modified_time":"2023-05-17T13:20:39+00:00","og_image":[{"width":2560,"height":1703,"url":"https:\/\/ubaldofernandes.com\/wp-content\/uploads\/2023\/05\/CCJ-160523-scaled.jpg","type":"image\/jpeg"}],"twitter_card":"summary_large_image","twitter_misc":{"Est. tempo de leitura":"3 minutos"},"schema":{"@context":"https:\/\/schema.org","@graph":[{"@type":"WebPage","@id":"https:\/\/ubaldofernandes.com\/index.php\/actuation\/decreto-que-suspende-reajuste-do-icms-tem-parecer-contrario-na-ccj-da-alrn\/","url":"https:\/\/ubaldofernandes.com\/index.php\/actuation\/decreto-que-suspende-reajuste-do-icms-tem-parecer-contrario-na-ccj-da-alrn\/","name":"Decreto que suspende reajuste do ICMS tem parecer contr\u00e1rio na CCJ da ALRN - Ubaldo Fernandes","isPartOf":{"@id":"https:\/\/ubaldofernandes.com\/#website"},"primaryImageOfPage":{"@id":"https:\/\/ubaldofernandes.com\/index.php\/actuation\/decreto-que-suspende-reajuste-do-icms-tem-parecer-contrario-na-ccj-da-alrn\/#primaryimage"},"image":{"@id":"https:\/\/ubaldofernandes.com\/index.php\/actuation\/decreto-que-suspende-reajuste-do-icms-tem-parecer-contrario-na-ccj-da-alrn\/#primaryimage"},"thumbnailUrl":"https:\/\/ubaldofernandes.com\/wp-content\/uploads\/2023\/05\/CCJ-160523-scaled.jpg","datePublished":"2023-05-16T17:57:00+00:00","dateModified":"2023-05-17T13:20:39+00:00","breadcrumb":{"@id":"https:\/\/ubaldofernandes.com\/index.php\/actuation\/decreto-que-suspende-reajuste-do-icms-tem-parecer-contrario-na-ccj-da-alrn\/#breadcrumb"},"inLanguage":"pt-BR","potentialAction":[{"@type":"ReadAction","target":["https:\/\/ubaldofernandes.com\/index.php\/actuation\/decreto-que-suspende-reajuste-do-icms-tem-parecer-contrario-na-ccj-da-alrn\/"]}]},{"@type":"ImageObject","inLanguage":"pt-BR","@id":"https:\/\/ubaldofernandes.com\/index.php\/actuation\/decreto-que-suspende-reajuste-do-icms-tem-parecer-contrario-na-ccj-da-alrn\/#primaryimage","url":"https:\/\/ubaldofernandes.com\/wp-content\/uploads\/2023\/05\/CCJ-160523-scaled.jpg","contentUrl":"https:\/\/ubaldofernandes.com\/wp-content\/uploads\/2023\/05\/CCJ-160523-scaled.jpg","width":2560,"height":1703},{"@type":"BreadcrumbList","@id":"https:\/\/ubaldofernandes.com\/index.php\/actuation\/decreto-que-suspende-reajuste-do-icms-tem-parecer-contrario-na-ccj-da-alrn\/#breadcrumb","itemListElement":[{"@type":"ListItem","position":1,"name":"In\u00edcio","item":"https:\/\/ubaldofernandes.com\/"},{"@type":"ListItem","position":2,"name":"Post Atua\u00e7\u00e3o Parlamentar","item":"https:\/\/ubaldofernandes.com\/index.php\/actuation\/"},{"@type":"ListItem","position":3,"name":"Decreto que suspende reajuste do ICMS tem parecer contr\u00e1rio na CCJ da ALRN"}]},{"@type":"WebSite","@id":"https:\/\/ubaldofernandes.com\/#website","url":"https:\/\/ubaldofernandes.com\/","name":"Ubaldo Fernandes","description":"Deputado Estadual","potentialAction":[{"@type":"SearchAction","target":{"@type":"EntryPoint","urlTemplate":"https:\/\/ubaldofernandes.com\/?s={search_term_string}"},"query-input":{"@type":"PropertyValueSpecification","valueRequired":true,"valueName":"search_term_string"}}],"inLanguage":"pt-BR"}]}},"_links":{"self":[{"href":"https:\/\/ubaldofernandes.com\/index.php\/wp-json\/wp\/v2\/actuation\/5137","targetHints":{"allow":["GET"]}}],"collection":[{"href":"https:\/\/ubaldofernandes.com\/index.php\/wp-json\/wp\/v2\/actuation"}],"about":[{"href":"https:\/\/ubaldofernandes.com\/index.php\/wp-json\/wp\/v2\/types\/actuation"}],"wp:featuredmedia":[{"embeddable":true,"href":"https:\/\/ubaldofernandes.com\/index.php\/wp-json\/wp\/v2\/media\/5138"}],"wp:attachment":[{"href":"https:\/\/ubaldofernandes.com\/index.php\/wp-json\/wp\/v2\/media?parent=5137"}],"wp:term":[{"taxonomy":"category","embeddable":true,"href":"https:\/\/ubaldofernandes.com\/index.php\/wp-json\/wp\/v2\/categories?post=5137"}],"curies":[{"name":"wp","href":"https:\/\/api.w.org\/{rel}","templated":true}]}}