{"id":5322,"date":"2023-07-13T12:38:00","date_gmt":"2023-07-13T15:38:00","guid":{"rendered":"https:\/\/ubaldofernandes.com\/?post_type=actuation&#038;p=5322"},"modified":"2023-07-17T09:41:57","modified_gmt":"2023-07-17T12:41:57","slug":"programa-tendas-violetas-e-aprovado-pela-comissao-de-direitos-humanos-da-alrn","status":"publish","type":"actuation","link":"https:\/\/ubaldofernandes.com\/index.php\/actuation\/programa-tendas-violetas-e-aprovado-pela-comissao-de-direitos-humanos-da-alrn\/","title":{"rendered":"Programa \u201cTendas violetas\u201d \u00e9 aprovado pela Comiss\u00e3o de Direitos Humanos da ALRN"},"content":{"rendered":"\n<p>Os membros da Comiss\u00e3o de Defesa do Consumidor, Direitos Humanos e Cidadania da Assembleia Legislativa do Rio Grande do Norte aprovaram, \u00e0 unanimidade, o projeto de lei que cria o Programa \u201cTendas Violetas\u201d, no RN. A ideia da autora do projeto, deputada Eudiane Macedo (PV), \u00e9 que o estado se torne cada vez mais atraente, com grande potencial tur\u00edstico e que o&nbsp; poder&nbsp; p\u00fablico&nbsp; mostre&nbsp; efetividade&nbsp; no combate&nbsp; \u00e0&nbsp; importuna\u00e7\u00e3o,&nbsp; ao&nbsp; abuso&nbsp; e&nbsp; \u00e0&nbsp; viol\u00eancia&nbsp; de&nbsp; car\u00e1ter&nbsp; sexual,&nbsp; pr\u00e1ticas&nbsp; inaceit\u00e1veis&nbsp; do ponto de vista da dignidade da pessoa humana constitucionalmente assegurada.<\/p>\n\n\n\n<p>(&#8230;) Outro projeto apreciado e aprovado pela Comiss\u00e3o foi a mat\u00e9ria que institui a pol\u00edtica estadual Vini Jr. de combate ao racismo nos est\u00e1dios e nas arenas esportivas do Estado do Rio Grande do Norte. \u201cO presente projeto de lei tem como objetivo tornar os est\u00e1dios e demais arenas esportivas do Estado em lugares acolhedores para toda a comunidade esportiva: torcedores, jogadores, \u00e1rbitros, jornalistas, bem como os tornarem expoentes da pr\u00e1tica antirracista no \u00e2mbito do Estado do Rio Grande do Norte. Existe um racismo estrutural no Brasil por mais que algumas poucas vozes tentam falar que n\u00e3o\u201d, justificou o autor do projeto Francisco do PT.<\/p>\n\n\n\n<p>Os projetos seguem o rito processual da Casa at\u00e9 chegar a plen\u00e1rio para aprecia\u00e7\u00e3o e vota\u00e7\u00e3o dos deputados.<\/p>\n","protected":false},"featured_media":5323,"parent":0,"template":"","categories":[5],"class_list":["post-5322","actuation","type-actuation","status-publish","has-post-thumbnail","hentry","category-comissoes"],"acf":[],"yoast_head":"<!-- This site is optimized with the Yoast SEO plugin v24.6 - https:\/\/yoast.com\/wordpress\/plugins\/seo\/ -->\n<title>Programa \u201cTendas violetas\u201d \u00e9 aprovado pela Comiss\u00e3o de Direitos Humanos da ALRN - Ubaldo Fernandes<\/title>\n<meta name=\"robots\" content=\"index, follow, max-snippet:-1, max-image-preview:large, max-video-preview:-1\" \/>\n<link rel=\"canonical\" href=\"https:\/\/ubaldofernandes.com\/index.php\/actuation\/programa-tendas-violetas-e-aprovado-pela-comissao-de-direitos-humanos-da-alrn\/\" \/>\n<meta property=\"og:locale\" content=\"pt_BR\" \/>\n<meta property=\"og:type\" content=\"article\" \/>\n<meta property=\"og:title\" content=\"Programa \u201cTendas violetas\u201d \u00e9 aprovado pela Comiss\u00e3o de Direitos Humanos da ALRN - Ubaldo Fernandes\" \/>\n<meta property=\"og:description\" content=\"Os membros da Comiss\u00e3o de Defesa do Consumidor, Direitos Humanos e Cidadania da Assembleia Legislativa do Rio Grande do Norte aprovaram, \u00e0 unanimidade, o projeto de lei que cria o Programa \u201cTendas Violetas\u201d, no RN. A ideia da autora do projeto, deputada Eudiane Macedo (PV), \u00e9 que o estado se torne cada vez mais atraente, [&hellip;]\" \/>\n<meta property=\"og:url\" content=\"https:\/\/ubaldofernandes.com\/index.php\/actuation\/programa-tendas-violetas-e-aprovado-pela-comissao-de-direitos-humanos-da-alrn\/\" \/>\n<meta property=\"og:site_name\" content=\"Ubaldo Fernandes\" \/>\n<meta property=\"article:modified_time\" content=\"2023-07-17T12:41:57+00:00\" \/>\n<meta property=\"og:image\" content=\"https:\/\/ubaldofernandes.com\/wp-content\/uploads\/2023\/07\/Comissoes-130723.jpg\" \/>\n\t<meta property=\"og:image:width\" content=\"1450\" \/>\n\t<meta property=\"og:image:height\" content=\"936\" \/>\n\t<meta property=\"og:image:type\" content=\"image\/jpeg\" \/>\n<meta name=\"twitter:card\" content=\"summary_large_image\" \/>\n<meta name=\"twitter:label1\" content=\"Est. tempo de leitura\" \/>\n\t<meta name=\"twitter:data1\" content=\"1 minuto\" \/>\n<script type=\"application\/ld+json\" class=\"yoast-schema-graph\">{\"@context\":\"https:\/\/schema.org\",\"@graph\":[{\"@type\":\"WebPage\",\"@id\":\"https:\/\/ubaldofernandes.com\/index.php\/actuation\/programa-tendas-violetas-e-aprovado-pela-comissao-de-direitos-humanos-da-alrn\/\",\"url\":\"https:\/\/ubaldofernandes.com\/index.php\/actuation\/programa-tendas-violetas-e-aprovado-pela-comissao-de-direitos-humanos-da-alrn\/\",\"name\":\"Programa \u201cTendas violetas\u201d \u00e9 aprovado pela Comiss\u00e3o de Direitos Humanos da ALRN - Ubaldo Fernandes\",\"isPartOf\":{\"@id\":\"https:\/\/ubaldofernandes.com\/#website\"},\"primaryImageOfPage\":{\"@id\":\"https:\/\/ubaldofernandes.com\/index.php\/actuation\/programa-tendas-violetas-e-aprovado-pela-comissao-de-direitos-humanos-da-alrn\/#primaryimage\"},\"image\":{\"@id\":\"https:\/\/ubaldofernandes.com\/index.php\/actuation\/programa-tendas-violetas-e-aprovado-pela-comissao-de-direitos-humanos-da-alrn\/#primaryimage\"},\"thumbnailUrl\":\"https:\/\/ubaldofernandes.com\/wp-content\/uploads\/2023\/07\/Comissoes-130723.jpg\",\"datePublished\":\"2023-07-13T15:38:00+00:00\",\"dateModified\":\"2023-07-17T12:41:57+00:00\",\"breadcrumb\":{\"@id\":\"https:\/\/ubaldofernandes.com\/index.php\/actuation\/programa-tendas-violetas-e-aprovado-pela-comissao-de-direitos-humanos-da-alrn\/#breadcrumb\"},\"inLanguage\":\"pt-BR\",\"potentialAction\":[{\"@type\":\"ReadAction\",\"target\":[\"https:\/\/ubaldofernandes.com\/index.php\/actuation\/programa-tendas-violetas-e-aprovado-pela-comissao-de-direitos-humanos-da-alrn\/\"]}]},{\"@type\":\"ImageObject\",\"inLanguage\":\"pt-BR\",\"@id\":\"https:\/\/ubaldofernandes.com\/index.php\/actuation\/programa-tendas-violetas-e-aprovado-pela-comissao-de-direitos-humanos-da-alrn\/#primaryimage\",\"url\":\"https:\/\/ubaldofernandes.com\/wp-content\/uploads\/2023\/07\/Comissoes-130723.jpg\",\"contentUrl\":\"https:\/\/ubaldofernandes.com\/wp-content\/uploads\/2023\/07\/Comissoes-130723.jpg\",\"width\":1450,\"height\":936},{\"@type\":\"BreadcrumbList\",\"@id\":\"https:\/\/ubaldofernandes.com\/index.php\/actuation\/programa-tendas-violetas-e-aprovado-pela-comissao-de-direitos-humanos-da-alrn\/#breadcrumb\",\"itemListElement\":[{\"@type\":\"ListItem\",\"position\":1,\"name\":\"In\u00edcio\",\"item\":\"https:\/\/ubaldofernandes.com\/\"},{\"@type\":\"ListItem\",\"position\":2,\"name\":\"Post Atua\u00e7\u00e3o Parlamentar\",\"item\":\"https:\/\/ubaldofernandes.com\/index.php\/actuation\/\"},{\"@type\":\"ListItem\",\"position\":3,\"name\":\"Programa \u201cTendas violetas\u201d \u00e9 aprovado pela Comiss\u00e3o de Direitos Humanos da ALRN\"}]},{\"@type\":\"WebSite\",\"@id\":\"https:\/\/ubaldofernandes.com\/#website\",\"url\":\"https:\/\/ubaldofernandes.com\/\",\"name\":\"Ubaldo Fernandes\",\"description\":\"Deputado Estadual\",\"potentialAction\":[{\"@type\":\"SearchAction\",\"target\":{\"@type\":\"EntryPoint\",\"urlTemplate\":\"https:\/\/ubaldofernandes.com\/?s={search_term_string}\"},\"query-input\":{\"@type\":\"PropertyValueSpecification\",\"valueRequired\":true,\"valueName\":\"search_term_string\"}}],\"inLanguage\":\"pt-BR\"}]}<\/script>\n<!-- \/ Yoast SEO plugin. -->","yoast_head_json":{"title":"Programa \u201cTendas violetas\u201d \u00e9 aprovado pela Comiss\u00e3o de Direitos Humanos da ALRN - Ubaldo Fernandes","robots":{"index":"index","follow":"follow","max-snippet":"max-snippet:-1","max-image-preview":"max-image-preview:large","max-video-preview":"max-video-preview:-1"},"canonical":"https:\/\/ubaldofernandes.com\/index.php\/actuation\/programa-tendas-violetas-e-aprovado-pela-comissao-de-direitos-humanos-da-alrn\/","og_locale":"pt_BR","og_type":"article","og_title":"Programa \u201cTendas violetas\u201d \u00e9 aprovado pela Comiss\u00e3o de Direitos Humanos da ALRN - Ubaldo Fernandes","og_description":"Os membros da Comiss\u00e3o de Defesa do Consumidor, Direitos Humanos e Cidadania da Assembleia Legislativa do Rio Grande do Norte aprovaram, \u00e0 unanimidade, o projeto de lei que cria o Programa \u201cTendas Violetas\u201d, no RN. A ideia da autora do projeto, deputada Eudiane Macedo (PV), \u00e9 que o estado se torne cada vez mais atraente, [&hellip;]","og_url":"https:\/\/ubaldofernandes.com\/index.php\/actuation\/programa-tendas-violetas-e-aprovado-pela-comissao-de-direitos-humanos-da-alrn\/","og_site_name":"Ubaldo Fernandes","article_modified_time":"2023-07-17T12:41:57+00:00","og_image":[{"width":1450,"height":936,"url":"https:\/\/ubaldofernandes.com\/wp-content\/uploads\/2023\/07\/Comissoes-130723.jpg","type":"image\/jpeg"}],"twitter_card":"summary_large_image","twitter_misc":{"Est. tempo de leitura":"1 minuto"},"schema":{"@context":"https:\/\/schema.org","@graph":[{"@type":"WebPage","@id":"https:\/\/ubaldofernandes.com\/index.php\/actuation\/programa-tendas-violetas-e-aprovado-pela-comissao-de-direitos-humanos-da-alrn\/","url":"https:\/\/ubaldofernandes.com\/index.php\/actuation\/programa-tendas-violetas-e-aprovado-pela-comissao-de-direitos-humanos-da-alrn\/","name":"Programa \u201cTendas violetas\u201d \u00e9 aprovado pela Comiss\u00e3o de Direitos Humanos da ALRN - Ubaldo Fernandes","isPartOf":{"@id":"https:\/\/ubaldofernandes.com\/#website"},"primaryImageOfPage":{"@id":"https:\/\/ubaldofernandes.com\/index.php\/actuation\/programa-tendas-violetas-e-aprovado-pela-comissao-de-direitos-humanos-da-alrn\/#primaryimage"},"image":{"@id":"https:\/\/ubaldofernandes.com\/index.php\/actuation\/programa-tendas-violetas-e-aprovado-pela-comissao-de-direitos-humanos-da-alrn\/#primaryimage"},"thumbnailUrl":"https:\/\/ubaldofernandes.com\/wp-content\/uploads\/2023\/07\/Comissoes-130723.jpg","datePublished":"2023-07-13T15:38:00+00:00","dateModified":"2023-07-17T12:41:57+00:00","breadcrumb":{"@id":"https:\/\/ubaldofernandes.com\/index.php\/actuation\/programa-tendas-violetas-e-aprovado-pela-comissao-de-direitos-humanos-da-alrn\/#breadcrumb"},"inLanguage":"pt-BR","potentialAction":[{"@type":"ReadAction","target":["https:\/\/ubaldofernandes.com\/index.php\/actuation\/programa-tendas-violetas-e-aprovado-pela-comissao-de-direitos-humanos-da-alrn\/"]}]},{"@type":"ImageObject","inLanguage":"pt-BR","@id":"https:\/\/ubaldofernandes.com\/index.php\/actuation\/programa-tendas-violetas-e-aprovado-pela-comissao-de-direitos-humanos-da-alrn\/#primaryimage","url":"https:\/\/ubaldofernandes.com\/wp-content\/uploads\/2023\/07\/Comissoes-130723.jpg","contentUrl":"https:\/\/ubaldofernandes.com\/wp-content\/uploads\/2023\/07\/Comissoes-130723.jpg","width":1450,"height":936},{"@type":"BreadcrumbList","@id":"https:\/\/ubaldofernandes.com\/index.php\/actuation\/programa-tendas-violetas-e-aprovado-pela-comissao-de-direitos-humanos-da-alrn\/#breadcrumb","itemListElement":[{"@type":"ListItem","position":1,"name":"In\u00edcio","item":"https:\/\/ubaldofernandes.com\/"},{"@type":"ListItem","position":2,"name":"Post Atua\u00e7\u00e3o Parlamentar","item":"https:\/\/ubaldofernandes.com\/index.php\/actuation\/"},{"@type":"ListItem","position":3,"name":"Programa \u201cTendas violetas\u201d \u00e9 aprovado pela Comiss\u00e3o de Direitos Humanos da ALRN"}]},{"@type":"WebSite","@id":"https:\/\/ubaldofernandes.com\/#website","url":"https:\/\/ubaldofernandes.com\/","name":"Ubaldo Fernandes","description":"Deputado Estadual","potentialAction":[{"@type":"SearchAction","target":{"@type":"EntryPoint","urlTemplate":"https:\/\/ubaldofernandes.com\/?s={search_term_string}"},"query-input":{"@type":"PropertyValueSpecification","valueRequired":true,"valueName":"search_term_string"}}],"inLanguage":"pt-BR"}]}},"_links":{"self":[{"href":"https:\/\/ubaldofernandes.com\/index.php\/wp-json\/wp\/v2\/actuation\/5322","targetHints":{"allow":["GET"]}}],"collection":[{"href":"https:\/\/ubaldofernandes.com\/index.php\/wp-json\/wp\/v2\/actuation"}],"about":[{"href":"https:\/\/ubaldofernandes.com\/index.php\/wp-json\/wp\/v2\/types\/actuation"}],"wp:featuredmedia":[{"embeddable":true,"href":"https:\/\/ubaldofernandes.com\/index.php\/wp-json\/wp\/v2\/media\/5323"}],"wp:attachment":[{"href":"https:\/\/ubaldofernandes.com\/index.php\/wp-json\/wp\/v2\/media?parent=5322"}],"wp:term":[{"taxonomy":"category","embeddable":true,"href":"https:\/\/ubaldofernandes.com\/index.php\/wp-json\/wp\/v2\/categories?post=5322"}],"curies":[{"name":"wp","href":"https:\/\/api.w.org\/{rel}","templated":true}]}}