{"id":5463,"date":"2022-11-16T13:59:00","date_gmt":"2022-11-16T16:59:00","guid":{"rendered":"https:\/\/ubaldofernandes.com\/?post_type=actuation&#038;p=5463"},"modified":"2023-07-17T16:01:14","modified_gmt":"2023-07-17T19:01:14","slug":"ccj-aprova-projeto-que-ratifica-protocolo-de-intencoes-para-consorcio-brasil-verde","status":"publish","type":"actuation","link":"https:\/\/ubaldofernandes.com\/index.php\/actuation\/ccj-aprova-projeto-que-ratifica-protocolo-de-intencoes-para-consorcio-brasil-verde\/","title":{"rendered":"CCJ aprova projeto que ratifica protocolo de inten\u00e7\u00f5es para Cons\u00f3rcio Brasil Verde"},"content":{"rendered":"\n<p>Com relatoria do deputado Francisco do PT, os deputados que comp\u00f5em a Comiss\u00e3o de Constitui\u00e7\u00e3o Justi\u00e7a e Reda\u00e7\u00e3o (CCJ) da Assembleia Legislativa aprovaram o projeto de iniciativa do governo estadual que ratifica o protocolo de inten\u00e7\u00f5es para o Rio Grande do Norte fazer parte da constitui\u00e7\u00e3o do cons\u00f3rcio interestadual sobre o clima, o Cons\u00f3rcio Brasil Verde. Aprova\u00e7\u00e3o se deu durante a reuni\u00e3o realizada na manh\u00e3 desta quarta-feira (16).<\/p>\n\n\n\n<p>Na sua justificativa, o Executivo defende que o cons\u00f3rcio entre os 18 estados vai permitir ganhos na escala da contrata\u00e7\u00e3o de servi\u00e7os e bens e nas a\u00e7\u00f5es gerais voltadas para a quest\u00e3o do enfrentamento aos efeitos adversos das mudan\u00e7as clim\u00e1ticas.<\/p>\n\n\n\n<p>Compor\u00e3o o cons\u00f3rcio, al\u00e9m do RN, os estados do Acre, Alagoas, Amap\u00e1, Bahia, Distrito Federal, Esp\u00edrito Santo, Goi\u00e1s, Maranh\u00e3o, Mato Grosso, Mato Grosso do Sul, Minas Gerais, Par\u00e1, Para\u00edba, Paran\u00e1, Piau\u00ed, Pernambuco e Rio Grande do Sul.<\/p>\n\n\n\n<p>Tamb\u00e9m foram aprovados pela CCJ o projeto de iniciativa do presidente da Casa, deputado Ezequiel Ferreira (PSDB), que estabelece as divisas territoriais entre os munic\u00edpios de Serra Caiada, Senador El\u00f3i de Souza, Boa Sa\u00fade, Tangar\u00e1 e Lagoa de Velhos. O projeto obedece \u00e0s coordenadas geod\u00e9sicas previstas na lei. De iniciativa do Tribunal de Justi\u00e7a (TJRN), a CCJ aprovou ainda projeto sobre o Plano de Cargos, Carreiras e Remunera\u00e7\u00e3o (PCCR).<\/p>\n","protected":false},"featured_media":5464,"parent":0,"template":"","categories":[5],"class_list":["post-5463","actuation","type-actuation","status-publish","has-post-thumbnail","hentry","category-comissoes"],"acf":[],"yoast_head":"<!-- This site is optimized with the Yoast SEO plugin v24.6 - https:\/\/yoast.com\/wordpress\/plugins\/seo\/ -->\n<title>CCJ aprova projeto que ratifica protocolo de inten\u00e7\u00f5es para Cons\u00f3rcio Brasil Verde - Ubaldo Fernandes<\/title>\n<meta name=\"robots\" content=\"index, follow, max-snippet:-1, max-image-preview:large, max-video-preview:-1\" \/>\n<link rel=\"canonical\" href=\"https:\/\/ubaldofernandes.com\/index.php\/actuation\/ccj-aprova-projeto-que-ratifica-protocolo-de-intencoes-para-consorcio-brasil-verde\/\" \/>\n<meta property=\"og:locale\" content=\"pt_BR\" \/>\n<meta property=\"og:type\" content=\"article\" \/>\n<meta property=\"og:title\" content=\"CCJ aprova projeto que ratifica protocolo de inten\u00e7\u00f5es para Cons\u00f3rcio Brasil Verde - Ubaldo Fernandes\" \/>\n<meta property=\"og:description\" content=\"Com relatoria do deputado Francisco do PT, os deputados que comp\u00f5em a Comiss\u00e3o de Constitui\u00e7\u00e3o Justi\u00e7a e Reda\u00e7\u00e3o (CCJ) da Assembleia Legislativa aprovaram o projeto de iniciativa do governo estadual que ratifica o protocolo de inten\u00e7\u00f5es para o Rio Grande do Norte fazer parte da constitui\u00e7\u00e3o do cons\u00f3rcio interestadual sobre o clima, o Cons\u00f3rcio Brasil [&hellip;]\" \/>\n<meta property=\"og:url\" content=\"https:\/\/ubaldofernandes.com\/index.php\/actuation\/ccj-aprova-projeto-que-ratifica-protocolo-de-intencoes-para-consorcio-brasil-verde\/\" \/>\n<meta property=\"og:site_name\" content=\"Ubaldo Fernandes\" \/>\n<meta property=\"article:modified_time\" content=\"2023-07-17T19:01:14+00:00\" \/>\n<meta property=\"og:image\" content=\"https:\/\/ubaldofernandes.com\/wp-content\/uploads\/2023\/07\/Comissao-161122.jpg\" \/>\n\t<meta property=\"og:image:width\" content=\"1599\" \/>\n\t<meta property=\"og:image:height\" content=\"1066\" \/>\n\t<meta property=\"og:image:type\" content=\"image\/jpeg\" \/>\n<meta name=\"twitter:card\" content=\"summary_large_image\" \/>\n<meta name=\"twitter:label1\" content=\"Est. tempo de leitura\" \/>\n\t<meta name=\"twitter:data1\" content=\"1 minuto\" \/>\n<script type=\"application\/ld+json\" class=\"yoast-schema-graph\">{\"@context\":\"https:\/\/schema.org\",\"@graph\":[{\"@type\":\"WebPage\",\"@id\":\"https:\/\/ubaldofernandes.com\/index.php\/actuation\/ccj-aprova-projeto-que-ratifica-protocolo-de-intencoes-para-consorcio-brasil-verde\/\",\"url\":\"https:\/\/ubaldofernandes.com\/index.php\/actuation\/ccj-aprova-projeto-que-ratifica-protocolo-de-intencoes-para-consorcio-brasil-verde\/\",\"name\":\"CCJ aprova projeto que ratifica protocolo de inten\u00e7\u00f5es para Cons\u00f3rcio Brasil Verde - Ubaldo Fernandes\",\"isPartOf\":{\"@id\":\"https:\/\/ubaldofernandes.com\/#website\"},\"primaryImageOfPage\":{\"@id\":\"https:\/\/ubaldofernandes.com\/index.php\/actuation\/ccj-aprova-projeto-que-ratifica-protocolo-de-intencoes-para-consorcio-brasil-verde\/#primaryimage\"},\"image\":{\"@id\":\"https:\/\/ubaldofernandes.com\/index.php\/actuation\/ccj-aprova-projeto-que-ratifica-protocolo-de-intencoes-para-consorcio-brasil-verde\/#primaryimage\"},\"thumbnailUrl\":\"https:\/\/ubaldofernandes.com\/wp-content\/uploads\/2023\/07\/Comissao-161122.jpg\",\"datePublished\":\"2022-11-16T16:59:00+00:00\",\"dateModified\":\"2023-07-17T19:01:14+00:00\",\"breadcrumb\":{\"@id\":\"https:\/\/ubaldofernandes.com\/index.php\/actuation\/ccj-aprova-projeto-que-ratifica-protocolo-de-intencoes-para-consorcio-brasil-verde\/#breadcrumb\"},\"inLanguage\":\"pt-BR\",\"potentialAction\":[{\"@type\":\"ReadAction\",\"target\":[\"https:\/\/ubaldofernandes.com\/index.php\/actuation\/ccj-aprova-projeto-que-ratifica-protocolo-de-intencoes-para-consorcio-brasil-verde\/\"]}]},{\"@type\":\"ImageObject\",\"inLanguage\":\"pt-BR\",\"@id\":\"https:\/\/ubaldofernandes.com\/index.php\/actuation\/ccj-aprova-projeto-que-ratifica-protocolo-de-intencoes-para-consorcio-brasil-verde\/#primaryimage\",\"url\":\"https:\/\/ubaldofernandes.com\/wp-content\/uploads\/2023\/07\/Comissao-161122.jpg\",\"contentUrl\":\"https:\/\/ubaldofernandes.com\/wp-content\/uploads\/2023\/07\/Comissao-161122.jpg\",\"width\":1599,\"height\":1066},{\"@type\":\"BreadcrumbList\",\"@id\":\"https:\/\/ubaldofernandes.com\/index.php\/actuation\/ccj-aprova-projeto-que-ratifica-protocolo-de-intencoes-para-consorcio-brasil-verde\/#breadcrumb\",\"itemListElement\":[{\"@type\":\"ListItem\",\"position\":1,\"name\":\"In\u00edcio\",\"item\":\"https:\/\/ubaldofernandes.com\/\"},{\"@type\":\"ListItem\",\"position\":2,\"name\":\"Post Atua\u00e7\u00e3o Parlamentar\",\"item\":\"https:\/\/ubaldofernandes.com\/index.php\/actuation\/\"},{\"@type\":\"ListItem\",\"position\":3,\"name\":\"CCJ aprova projeto que ratifica protocolo de inten\u00e7\u00f5es para Cons\u00f3rcio Brasil Verde\"}]},{\"@type\":\"WebSite\",\"@id\":\"https:\/\/ubaldofernandes.com\/#website\",\"url\":\"https:\/\/ubaldofernandes.com\/\",\"name\":\"Ubaldo Fernandes\",\"description\":\"Deputado Estadual\",\"potentialAction\":[{\"@type\":\"SearchAction\",\"target\":{\"@type\":\"EntryPoint\",\"urlTemplate\":\"https:\/\/ubaldofernandes.com\/?s={search_term_string}\"},\"query-input\":{\"@type\":\"PropertyValueSpecification\",\"valueRequired\":true,\"valueName\":\"search_term_string\"}}],\"inLanguage\":\"pt-BR\"}]}<\/script>\n<!-- \/ Yoast SEO plugin. -->","yoast_head_json":{"title":"CCJ aprova projeto que ratifica protocolo de inten\u00e7\u00f5es para Cons\u00f3rcio Brasil Verde - Ubaldo Fernandes","robots":{"index":"index","follow":"follow","max-snippet":"max-snippet:-1","max-image-preview":"max-image-preview:large","max-video-preview":"max-video-preview:-1"},"canonical":"https:\/\/ubaldofernandes.com\/index.php\/actuation\/ccj-aprova-projeto-que-ratifica-protocolo-de-intencoes-para-consorcio-brasil-verde\/","og_locale":"pt_BR","og_type":"article","og_title":"CCJ aprova projeto que ratifica protocolo de inten\u00e7\u00f5es para Cons\u00f3rcio Brasil Verde - Ubaldo Fernandes","og_description":"Com relatoria do deputado Francisco do PT, os deputados que comp\u00f5em a Comiss\u00e3o de Constitui\u00e7\u00e3o Justi\u00e7a e Reda\u00e7\u00e3o (CCJ) da Assembleia Legislativa aprovaram o projeto de iniciativa do governo estadual que ratifica o protocolo de inten\u00e7\u00f5es para o Rio Grande do Norte fazer parte da constitui\u00e7\u00e3o do cons\u00f3rcio interestadual sobre o clima, o Cons\u00f3rcio Brasil [&hellip;]","og_url":"https:\/\/ubaldofernandes.com\/index.php\/actuation\/ccj-aprova-projeto-que-ratifica-protocolo-de-intencoes-para-consorcio-brasil-verde\/","og_site_name":"Ubaldo Fernandes","article_modified_time":"2023-07-17T19:01:14+00:00","og_image":[{"width":1599,"height":1066,"url":"https:\/\/ubaldofernandes.com\/wp-content\/uploads\/2023\/07\/Comissao-161122.jpg","type":"image\/jpeg"}],"twitter_card":"summary_large_image","twitter_misc":{"Est. tempo de leitura":"1 minuto"},"schema":{"@context":"https:\/\/schema.org","@graph":[{"@type":"WebPage","@id":"https:\/\/ubaldofernandes.com\/index.php\/actuation\/ccj-aprova-projeto-que-ratifica-protocolo-de-intencoes-para-consorcio-brasil-verde\/","url":"https:\/\/ubaldofernandes.com\/index.php\/actuation\/ccj-aprova-projeto-que-ratifica-protocolo-de-intencoes-para-consorcio-brasil-verde\/","name":"CCJ aprova projeto que ratifica protocolo de inten\u00e7\u00f5es para Cons\u00f3rcio Brasil Verde - Ubaldo Fernandes","isPartOf":{"@id":"https:\/\/ubaldofernandes.com\/#website"},"primaryImageOfPage":{"@id":"https:\/\/ubaldofernandes.com\/index.php\/actuation\/ccj-aprova-projeto-que-ratifica-protocolo-de-intencoes-para-consorcio-brasil-verde\/#primaryimage"},"image":{"@id":"https:\/\/ubaldofernandes.com\/index.php\/actuation\/ccj-aprova-projeto-que-ratifica-protocolo-de-intencoes-para-consorcio-brasil-verde\/#primaryimage"},"thumbnailUrl":"https:\/\/ubaldofernandes.com\/wp-content\/uploads\/2023\/07\/Comissao-161122.jpg","datePublished":"2022-11-16T16:59:00+00:00","dateModified":"2023-07-17T19:01:14+00:00","breadcrumb":{"@id":"https:\/\/ubaldofernandes.com\/index.php\/actuation\/ccj-aprova-projeto-que-ratifica-protocolo-de-intencoes-para-consorcio-brasil-verde\/#breadcrumb"},"inLanguage":"pt-BR","potentialAction":[{"@type":"ReadAction","target":["https:\/\/ubaldofernandes.com\/index.php\/actuation\/ccj-aprova-projeto-que-ratifica-protocolo-de-intencoes-para-consorcio-brasil-verde\/"]}]},{"@type":"ImageObject","inLanguage":"pt-BR","@id":"https:\/\/ubaldofernandes.com\/index.php\/actuation\/ccj-aprova-projeto-que-ratifica-protocolo-de-intencoes-para-consorcio-brasil-verde\/#primaryimage","url":"https:\/\/ubaldofernandes.com\/wp-content\/uploads\/2023\/07\/Comissao-161122.jpg","contentUrl":"https:\/\/ubaldofernandes.com\/wp-content\/uploads\/2023\/07\/Comissao-161122.jpg","width":1599,"height":1066},{"@type":"BreadcrumbList","@id":"https:\/\/ubaldofernandes.com\/index.php\/actuation\/ccj-aprova-projeto-que-ratifica-protocolo-de-intencoes-para-consorcio-brasil-verde\/#breadcrumb","itemListElement":[{"@type":"ListItem","position":1,"name":"In\u00edcio","item":"https:\/\/ubaldofernandes.com\/"},{"@type":"ListItem","position":2,"name":"Post Atua\u00e7\u00e3o Parlamentar","item":"https:\/\/ubaldofernandes.com\/index.php\/actuation\/"},{"@type":"ListItem","position":3,"name":"CCJ aprova projeto que ratifica protocolo de inten\u00e7\u00f5es para Cons\u00f3rcio Brasil Verde"}]},{"@type":"WebSite","@id":"https:\/\/ubaldofernandes.com\/#website","url":"https:\/\/ubaldofernandes.com\/","name":"Ubaldo Fernandes","description":"Deputado Estadual","potentialAction":[{"@type":"SearchAction","target":{"@type":"EntryPoint","urlTemplate":"https:\/\/ubaldofernandes.com\/?s={search_term_string}"},"query-input":{"@type":"PropertyValueSpecification","valueRequired":true,"valueName":"search_term_string"}}],"inLanguage":"pt-BR"}]}},"_links":{"self":[{"href":"https:\/\/ubaldofernandes.com\/index.php\/wp-json\/wp\/v2\/actuation\/5463","targetHints":{"allow":["GET"]}}],"collection":[{"href":"https:\/\/ubaldofernandes.com\/index.php\/wp-json\/wp\/v2\/actuation"}],"about":[{"href":"https:\/\/ubaldofernandes.com\/index.php\/wp-json\/wp\/v2\/types\/actuation"}],"wp:featuredmedia":[{"embeddable":true,"href":"https:\/\/ubaldofernandes.com\/index.php\/wp-json\/wp\/v2\/media\/5464"}],"wp:attachment":[{"href":"https:\/\/ubaldofernandes.com\/index.php\/wp-json\/wp\/v2\/media?parent=5463"}],"wp:term":[{"taxonomy":"category","embeddable":true,"href":"https:\/\/ubaldofernandes.com\/index.php\/wp-json\/wp\/v2\/categories?post=5463"}],"curies":[{"name":"wp","href":"https:\/\/api.w.org\/{rel}","templated":true}]}}