{"id":596,"date":"2020-05-06T14:00:00","date_gmt":"2020-05-06T17:00:00","guid":{"rendered":"https:\/\/ubaldofernandes.com\/?post_type=actuation&#038;p=596"},"modified":"2020-07-30T16:26:50","modified_gmt":"2020-07-30T19:26:50","slug":"cff-debate-situacao-economica-do-estado-com-secretario-de-planejamento","status":"publish","type":"actuation","link":"https:\/\/ubaldofernandes.com\/index.php\/actuation\/cff-debate-situacao-economica-do-estado-com-secretario-de-planejamento\/","title":{"rendered":"CFF debate situa\u00e7\u00e3o econ\u00f4mica do estado com Secret\u00e1rio de Planejamento"},"content":{"rendered":"\n<p>A reuni\u00e3o da Comiss\u00e3o de Finan\u00e7as e Fiscaliza\u00e7\u00e3o (CFF) realizada na tarde desta quarta-feira (6), pelo Sistema de Delibera\u00e7\u00e3o Remota (SDR) da Assembleia Legislativa, contou com a presen\u00e7a do secret\u00e1rio de Finan\u00e7as e Planejamento, Aldemir Freire, convocado para prestar esclarecimento sobre a situa\u00e7\u00e3o econ\u00f4mica e financeira do Estado, recursos dos \u00f3rg\u00e3os na conta \u00fanica do Executivo, pagamento de emendas parlamentares e do piso salarial dos professores.<\/p>\n\n\n\n<p>O primeiro questionamento foi feito pelo presidente da Comiss\u00e3o, Kelps Lima (SDD) que registrou que o secret\u00e1rio n\u00e3o respondia os of\u00edcios encaminhados pela Comiss\u00e3o e por isso tinha sido convocado. O deputado tamb\u00e9m abordou a falta de di\u00e1logo com os professores.<\/p>\n\n\n\n<p>\u201cSecret\u00e1rio, o governo alega que n\u00e3o podia cumprir a folha de pagamento dos professores, mas pagar n\u00e3o \u00e9 opcional. \u00c9 obrigat\u00f3rio pagar o piso dos professores. A governadora parece que tem essa op\u00e7\u00e3o de n\u00e3o pagar. Foram presas mercadorias na Cidade da Esperan\u00e7a de pessoas do com\u00e9rcio informal e est\u00e3o sendo liberadas mediante uma multa de R$10 mil. Vai ter di\u00e1logo com eles ou \u00e9 obriga\u00e7\u00e3o legal\u201d, questionou Kelps.<\/p>\n\n\n\n<p>Depois de fazer uma explana\u00e7\u00e3o sobre a situa\u00e7\u00e3o financeira do Estado, que segundo ele est\u00e1 com uma grande redu\u00e7\u00e3o na arrecada\u00e7\u00e3o do ICMS em rela\u00e7\u00e3o a 2019, o secret\u00e1rio afirmou que as negocia\u00e7\u00f5es pararam quando come\u00e7ou a pandemia, mas v\u00e3o continuar os di\u00e1logos.<\/p>\n\n\n\n<p>\u201cN\u00f3s vamos pagar o piso integral de forma parcelada. Estamos construindo uma proposta e os di\u00e1logos ocorrem quase que diariamente com a professora que \u00e9 a leg\u00edtima representante da categoria que est\u00e1 na presid\u00eancia do Sindicato\u201d, afirmou o secret\u00e1rio, no que foi replicado pelo deputado Kelps, afirmando que quem est\u00e1 dialogando com o governo \u00e9 uma hist\u00f3rica militante partid\u00e1ria.<\/p>\n\n\n\n<p>O secret\u00e1rio informou aos deputados que participaram da reuni\u00e3o, que o Estado est\u00e1 esperando uma compensa\u00e7\u00e3o da Uni\u00e3o para recuperar as perdas na arrecada\u00e7\u00e3o do ICMS.<\/p>\n\n\n\n<p>O deputado Gustavo Carvalho (PSDB) argumentou que s\u00f3 o PT consegue pagar contas com conversa, com di\u00e1logo. \u201cEu s\u00f3 consigo pagar minhas contas com dinheiro. O Governo do Estado precisa fazer a sua parte. Os 167 munic\u00edpios do Rio Grande do Norte est\u00e3o precisando de um gesto do Governo do Estado, da mesma maneira como est\u00e1 tendo do Governo Federal\u201d, afirmou Gustavo.<\/p>\n\n\n\n<p>Participaram tamb\u00e9m da reuni\u00e3o os deputados Tomba Farias (PSDB), Get\u00falio R\u00eago (DEM), Ubaldo Fernandes (PL) e Souza.(PSB).<\/p>\n\n\n\n<p>Ao final da reuni\u00e3o foram aprovadas duas mat\u00e9rias que estavam na pauta. O Projeto de Lei de iniciativa do deputado Kleber Rodrigues (PL) que Institui o Programa de Aten\u00e7\u00e3o \u00e0s Mulheres V\u00edtimas de Estupro, com o objetivo de dar&nbsp;&nbsp; apoio e identificar per\u00edcias e o Projeto do Minist\u00e9rio P\u00fablico de Comunica\u00e7\u00e3o de celebra\u00e7\u00e3o de conv\u00eanio.<\/p>\n","protected":false},"featured_media":597,"parent":0,"template":"","categories":[5],"class_list":["post-596","actuation","type-actuation","status-publish","has-post-thumbnail","hentry","category-comissoes"],"acf":[],"yoast_head":"<!-- This site is optimized with the Yoast SEO plugin v24.6 - https:\/\/yoast.com\/wordpress\/plugins\/seo\/ -->\n<title>CFF debate situa\u00e7\u00e3o econ\u00f4mica do estado com Secret\u00e1rio de Planejamento - Ubaldo Fernandes<\/title>\n<meta name=\"robots\" content=\"index, follow, max-snippet:-1, max-image-preview:large, max-video-preview:-1\" \/>\n<link rel=\"canonical\" href=\"https:\/\/ubaldofernandes.com\/index.php\/actuation\/cff-debate-situacao-economica-do-estado-com-secretario-de-planejamento\/\" \/>\n<meta property=\"og:locale\" content=\"pt_BR\" \/>\n<meta property=\"og:type\" content=\"article\" \/>\n<meta property=\"og:title\" content=\"CFF debate situa\u00e7\u00e3o econ\u00f4mica do estado com Secret\u00e1rio de Planejamento - Ubaldo Fernandes\" \/>\n<meta property=\"og:description\" content=\"A reuni\u00e3o da Comiss\u00e3o de Finan\u00e7as e Fiscaliza\u00e7\u00e3o (CFF) realizada na tarde desta quarta-feira (6), pelo Sistema de Delibera\u00e7\u00e3o Remota (SDR) da Assembleia Legislativa, contou com a presen\u00e7a do secret\u00e1rio de Finan\u00e7as e Planejamento, Aldemir Freire, convocado para prestar esclarecimento sobre a situa\u00e7\u00e3o econ\u00f4mica e financeira do Estado, recursos dos \u00f3rg\u00e3os na conta \u00fanica do [&hellip;]\" \/>\n<meta property=\"og:url\" content=\"https:\/\/ubaldofernandes.com\/index.php\/actuation\/cff-debate-situacao-economica-do-estado-com-secretario-de-planejamento\/\" \/>\n<meta property=\"og:site_name\" content=\"Ubaldo Fernandes\" \/>\n<meta property=\"article:modified_time\" content=\"2020-07-30T19:26:50+00:00\" \/>\n<meta property=\"og:image\" content=\"https:\/\/ubaldofernandes.com\/wp-content\/uploads\/2020\/07\/UB-1.jpeg\" \/>\n\t<meta property=\"og:image:width\" content=\"1280\" \/>\n\t<meta property=\"og:image:height\" content=\"850\" \/>\n\t<meta property=\"og:image:type\" content=\"image\/jpeg\" \/>\n<meta name=\"twitter:card\" content=\"summary_large_image\" \/>\n<meta name=\"twitter:label1\" content=\"Est. tempo de leitura\" \/>\n\t<meta name=\"twitter:data1\" content=\"3 minutos\" \/>\n<script type=\"application\/ld+json\" class=\"yoast-schema-graph\">{\"@context\":\"https:\/\/schema.org\",\"@graph\":[{\"@type\":\"WebPage\",\"@id\":\"https:\/\/ubaldofernandes.com\/index.php\/actuation\/cff-debate-situacao-economica-do-estado-com-secretario-de-planejamento\/\",\"url\":\"https:\/\/ubaldofernandes.com\/index.php\/actuation\/cff-debate-situacao-economica-do-estado-com-secretario-de-planejamento\/\",\"name\":\"CFF debate situa\u00e7\u00e3o econ\u00f4mica do estado com Secret\u00e1rio de Planejamento - Ubaldo Fernandes\",\"isPartOf\":{\"@id\":\"https:\/\/ubaldofernandes.com\/#website\"},\"primaryImageOfPage\":{\"@id\":\"https:\/\/ubaldofernandes.com\/index.php\/actuation\/cff-debate-situacao-economica-do-estado-com-secretario-de-planejamento\/#primaryimage\"},\"image\":{\"@id\":\"https:\/\/ubaldofernandes.com\/index.php\/actuation\/cff-debate-situacao-economica-do-estado-com-secretario-de-planejamento\/#primaryimage\"},\"thumbnailUrl\":\"https:\/\/ubaldofernandes.com\/wp-content\/uploads\/2020\/07\/UB-1.jpeg\",\"datePublished\":\"2020-05-06T17:00:00+00:00\",\"dateModified\":\"2020-07-30T19:26:50+00:00\",\"breadcrumb\":{\"@id\":\"https:\/\/ubaldofernandes.com\/index.php\/actuation\/cff-debate-situacao-economica-do-estado-com-secretario-de-planejamento\/#breadcrumb\"},\"inLanguage\":\"pt-BR\",\"potentialAction\":[{\"@type\":\"ReadAction\",\"target\":[\"https:\/\/ubaldofernandes.com\/index.php\/actuation\/cff-debate-situacao-economica-do-estado-com-secretario-de-planejamento\/\"]}]},{\"@type\":\"ImageObject\",\"inLanguage\":\"pt-BR\",\"@id\":\"https:\/\/ubaldofernandes.com\/index.php\/actuation\/cff-debate-situacao-economica-do-estado-com-secretario-de-planejamento\/#primaryimage\",\"url\":\"https:\/\/ubaldofernandes.com\/wp-content\/uploads\/2020\/07\/UB-1.jpeg\",\"contentUrl\":\"https:\/\/ubaldofernandes.com\/wp-content\/uploads\/2020\/07\/UB-1.jpeg\",\"width\":1280,\"height\":850},{\"@type\":\"BreadcrumbList\",\"@id\":\"https:\/\/ubaldofernandes.com\/index.php\/actuation\/cff-debate-situacao-economica-do-estado-com-secretario-de-planejamento\/#breadcrumb\",\"itemListElement\":[{\"@type\":\"ListItem\",\"position\":1,\"name\":\"In\u00edcio\",\"item\":\"https:\/\/ubaldofernandes.com\/\"},{\"@type\":\"ListItem\",\"position\":2,\"name\":\"Post Atua\u00e7\u00e3o Parlamentar\",\"item\":\"https:\/\/ubaldofernandes.com\/index.php\/actuation\/\"},{\"@type\":\"ListItem\",\"position\":3,\"name\":\"CFF debate situa\u00e7\u00e3o econ\u00f4mica do estado com Secret\u00e1rio de Planejamento\"}]},{\"@type\":\"WebSite\",\"@id\":\"https:\/\/ubaldofernandes.com\/#website\",\"url\":\"https:\/\/ubaldofernandes.com\/\",\"name\":\"Ubaldo Fernandes\",\"description\":\"Deputado Estadual\",\"potentialAction\":[{\"@type\":\"SearchAction\",\"target\":{\"@type\":\"EntryPoint\",\"urlTemplate\":\"https:\/\/ubaldofernandes.com\/?s={search_term_string}\"},\"query-input\":{\"@type\":\"PropertyValueSpecification\",\"valueRequired\":true,\"valueName\":\"search_term_string\"}}],\"inLanguage\":\"pt-BR\"}]}<\/script>\n<!-- \/ Yoast SEO plugin. -->","yoast_head_json":{"title":"CFF debate situa\u00e7\u00e3o econ\u00f4mica do estado com Secret\u00e1rio de Planejamento - Ubaldo Fernandes","robots":{"index":"index","follow":"follow","max-snippet":"max-snippet:-1","max-image-preview":"max-image-preview:large","max-video-preview":"max-video-preview:-1"},"canonical":"https:\/\/ubaldofernandes.com\/index.php\/actuation\/cff-debate-situacao-economica-do-estado-com-secretario-de-planejamento\/","og_locale":"pt_BR","og_type":"article","og_title":"CFF debate situa\u00e7\u00e3o econ\u00f4mica do estado com Secret\u00e1rio de Planejamento - Ubaldo Fernandes","og_description":"A reuni\u00e3o da Comiss\u00e3o de Finan\u00e7as e Fiscaliza\u00e7\u00e3o (CFF) realizada na tarde desta quarta-feira (6), pelo Sistema de Delibera\u00e7\u00e3o Remota (SDR) da Assembleia Legislativa, contou com a presen\u00e7a do secret\u00e1rio de Finan\u00e7as e Planejamento, Aldemir Freire, convocado para prestar esclarecimento sobre a situa\u00e7\u00e3o econ\u00f4mica e financeira do Estado, recursos dos \u00f3rg\u00e3os na conta \u00fanica do [&hellip;]","og_url":"https:\/\/ubaldofernandes.com\/index.php\/actuation\/cff-debate-situacao-economica-do-estado-com-secretario-de-planejamento\/","og_site_name":"Ubaldo Fernandes","article_modified_time":"2020-07-30T19:26:50+00:00","og_image":[{"width":1280,"height":850,"url":"https:\/\/ubaldofernandes.com\/wp-content\/uploads\/2020\/07\/UB-1.jpeg","type":"image\/jpeg"}],"twitter_card":"summary_large_image","twitter_misc":{"Est. tempo de leitura":"3 minutos"},"schema":{"@context":"https:\/\/schema.org","@graph":[{"@type":"WebPage","@id":"https:\/\/ubaldofernandes.com\/index.php\/actuation\/cff-debate-situacao-economica-do-estado-com-secretario-de-planejamento\/","url":"https:\/\/ubaldofernandes.com\/index.php\/actuation\/cff-debate-situacao-economica-do-estado-com-secretario-de-planejamento\/","name":"CFF debate situa\u00e7\u00e3o econ\u00f4mica do estado com Secret\u00e1rio de Planejamento - Ubaldo Fernandes","isPartOf":{"@id":"https:\/\/ubaldofernandes.com\/#website"},"primaryImageOfPage":{"@id":"https:\/\/ubaldofernandes.com\/index.php\/actuation\/cff-debate-situacao-economica-do-estado-com-secretario-de-planejamento\/#primaryimage"},"image":{"@id":"https:\/\/ubaldofernandes.com\/index.php\/actuation\/cff-debate-situacao-economica-do-estado-com-secretario-de-planejamento\/#primaryimage"},"thumbnailUrl":"https:\/\/ubaldofernandes.com\/wp-content\/uploads\/2020\/07\/UB-1.jpeg","datePublished":"2020-05-06T17:00:00+00:00","dateModified":"2020-07-30T19:26:50+00:00","breadcrumb":{"@id":"https:\/\/ubaldofernandes.com\/index.php\/actuation\/cff-debate-situacao-economica-do-estado-com-secretario-de-planejamento\/#breadcrumb"},"inLanguage":"pt-BR","potentialAction":[{"@type":"ReadAction","target":["https:\/\/ubaldofernandes.com\/index.php\/actuation\/cff-debate-situacao-economica-do-estado-com-secretario-de-planejamento\/"]}]},{"@type":"ImageObject","inLanguage":"pt-BR","@id":"https:\/\/ubaldofernandes.com\/index.php\/actuation\/cff-debate-situacao-economica-do-estado-com-secretario-de-planejamento\/#primaryimage","url":"https:\/\/ubaldofernandes.com\/wp-content\/uploads\/2020\/07\/UB-1.jpeg","contentUrl":"https:\/\/ubaldofernandes.com\/wp-content\/uploads\/2020\/07\/UB-1.jpeg","width":1280,"height":850},{"@type":"BreadcrumbList","@id":"https:\/\/ubaldofernandes.com\/index.php\/actuation\/cff-debate-situacao-economica-do-estado-com-secretario-de-planejamento\/#breadcrumb","itemListElement":[{"@type":"ListItem","position":1,"name":"In\u00edcio","item":"https:\/\/ubaldofernandes.com\/"},{"@type":"ListItem","position":2,"name":"Post Atua\u00e7\u00e3o Parlamentar","item":"https:\/\/ubaldofernandes.com\/index.php\/actuation\/"},{"@type":"ListItem","position":3,"name":"CFF debate situa\u00e7\u00e3o econ\u00f4mica do estado com Secret\u00e1rio de Planejamento"}]},{"@type":"WebSite","@id":"https:\/\/ubaldofernandes.com\/#website","url":"https:\/\/ubaldofernandes.com\/","name":"Ubaldo Fernandes","description":"Deputado Estadual","potentialAction":[{"@type":"SearchAction","target":{"@type":"EntryPoint","urlTemplate":"https:\/\/ubaldofernandes.com\/?s={search_term_string}"},"query-input":{"@type":"PropertyValueSpecification","valueRequired":true,"valueName":"search_term_string"}}],"inLanguage":"pt-BR"}]}},"_links":{"self":[{"href":"https:\/\/ubaldofernandes.com\/index.php\/wp-json\/wp\/v2\/actuation\/596","targetHints":{"allow":["GET"]}}],"collection":[{"href":"https:\/\/ubaldofernandes.com\/index.php\/wp-json\/wp\/v2\/actuation"}],"about":[{"href":"https:\/\/ubaldofernandes.com\/index.php\/wp-json\/wp\/v2\/types\/actuation"}],"wp:featuredmedia":[{"embeddable":true,"href":"https:\/\/ubaldofernandes.com\/index.php\/wp-json\/wp\/v2\/media\/597"}],"wp:attachment":[{"href":"https:\/\/ubaldofernandes.com\/index.php\/wp-json\/wp\/v2\/media?parent=596"}],"wp:term":[{"taxonomy":"category","embeddable":true,"href":"https:\/\/ubaldofernandes.com\/index.php\/wp-json\/wp\/v2\/categories?post=596"}],"curies":[{"name":"wp","href":"https:\/\/api.w.org\/{rel}","templated":true}]}}