{"id":6008,"date":"2023-09-26T14:51:00","date_gmt":"2023-09-26T17:51:00","guid":{"rendered":"https:\/\/ubaldofernandes.com\/?post_type=actuation&#038;p=6008"},"modified":"2023-09-27T11:52:19","modified_gmt":"2023-09-27T14:52:19","slug":"ccj-da-assembleia-aprova-proibicao-de-smartphones-em-sala-de-aula","status":"publish","type":"actuation","link":"https:\/\/ubaldofernandes.com\/index.php\/actuation\/ccj-da-assembleia-aprova-proibicao-de-smartphones-em-sala-de-aula\/","title":{"rendered":"CCJ da Assembleia aprova proibi\u00e7\u00e3o de smartphones em sala de aula"},"content":{"rendered":"\n<p>Os deputados da Comiss\u00e3o de Constitui\u00e7\u00e3o, Justi\u00e7a e Reda\u00e7\u00e3o (CCJ) da Assembleia Legislativa do Rio Grande do Norte aprovaram o Projeto de Lei que disp\u00f5e sobre a proibi\u00e7\u00e3o do uso de smartphones em salas de aula para fins n\u00e3o pedag\u00f3gicos no RN. O propositor da mat\u00e9ria, deputado Hermano Morais (PV), destacou a conclus\u00e3o de um relat\u00f3rio global produzido pela Organiza\u00e7\u00e3o das Na\u00e7\u00f5es Unidas para a Educa\u00e7\u00e3o, a Ci\u00eancia e a Cultura (Unesco) acerca dos &nbsp;efeitos do uso &nbsp;excessivo &nbsp;do &nbsp;celular no desempenho educacional e na estabilidade emocional de crian\u00e7as e adolescentes.<\/p>\n\n\n\n<p>\u201cFaz-se urgente a ado\u00e7\u00e3o de medidas efetivas que venham a enfrentar essa problem\u00e1tica. Inicialmente, sobreleva ressaltar que aqui n\u00e3o se nega o potencial das tecnologias informacionais no mundo moderno. No entanto, ainda \u00e9 preciso debater at\u00e9 que ponto a tecnologia transformou a educa\u00e7\u00e3o\u201d, justifica a proposta apresentada por Hermano Morais.<\/p>\n\n\n\n<p>Outras 11 mat\u00e9rias foram apreciadas na reuni\u00e3o desta ter\u00e7a-feira (26), sendo duas de autoria do Minist\u00e9rio P\u00fablico do RN, uma que aperfei\u00e7oa a estrutura organizacional do \u00f3rg\u00e3o e outra para reajustar a remunera\u00e7\u00e3o dos servidores efetivos e cargos comissionados do quadro de servi\u00e7os auxiliares de apoio administrativo do MPRN.<\/p>\n\n\n\n<p>As demais mat\u00e9rias aprovadas foram a de autoria do deputado Luiz Eduardo (SDD) que institui a pol\u00edtica &#8220;Praia Cidad\u00e3&#8221;; de Francisco do PT sobre a inclus\u00e3o do mel de abelha no card\u00e1pio da merenda escolar da rede p\u00fablica de ensino do RN e de Divaneide Bas\u00edlio (PT) criando a Rota Tur\u00edstica do Cavalo-Marinho, que compreende os munic\u00edpios de Macau, Guamar\u00e9 e Galinhos.&nbsp;<\/p>\n\n\n\n<p>Duas institui\u00e7\u00f5es foram reconhecidas como de utilidade p\u00fablica: a Associa\u00e7\u00e3o Pedro Avelinense de Futsal do munic\u00edpio de Pedro Avelino e o Instituto Nen\u00e9m Borges e a festa religiosa ao Bom Jesus dos Navegantes, padroeiro de Touros, foi reconhecida como patrim\u00f4nio cultural e imaterial do RN, proposta de Divaneide Bas\u00edlio (PT).<\/p>\n\n\n\n<p>O calend\u00e1rio estadual de eventos tamb\u00e9m foi pauta da reuni\u00e3o, recebendo sugest\u00e3o para mais tr\u00eas datas comemorativas: o Dia Estadual do Beach T\u00eannis, proposto por Coronel Azevedo (PL); o Dia Estadual do Motofretista (motoboy e mototaxista) no RN, a ser comemorado anualmente em 24 de setembro, proposto por Cristiane Dantas (SDD) e a Semana do Jovem Empreendedor, proposta pelo deputado Kleber Rodrigues (SDD).<\/p>\n\n\n\n<p><strong>Registro<\/strong><br>Presidindo a sess\u00e3o desta ter\u00e7a-feira, o deputado estadual Francisco do PT avaliou positivamente sua participa\u00e7\u00e3o como palestrante no 1\u00ba Encontro do F\u00f3rum Permanente das Comiss\u00f5es de Constitui\u00e7\u00e3o e Justi\u00e7a e de Reda\u00e7\u00e3o (CCJ), realizado no per\u00edodo de 19 a 21 de setembro na Assembleia Legislativa de Rond\u00f4nia (Alero).<\/p>\n\n\n\n<p>\u201cFoi extremamente positivo, principalmente pelo aspecto de trocas de experi\u00eancias realizadas com v\u00e1rios estados brasileiros. Pude avaliar que, dependendo dos aspectos, estamos \u00e0 frente de outras CCJ\u2019s do ponto de vista da constitucionalidade e regimentalidade, por exemplo. Somos a \u00faltima comiss\u00e3o a ser ouvida, caso uma mat\u00e9ria receba emendas ou substitutivos em uma outra comiss\u00e3o. Em outras assembleias, acontece de a mat\u00e9ria ir direto para o plen\u00e1rio sem ter essas emendas analisada. Portanto, nossa experi\u00eancia compartilhada foi muito bem recebida pelos presentes\u201d, avaliou.<\/p>\n","protected":false},"featured_media":6009,"parent":0,"template":"","categories":[5],"class_list":["post-6008","actuation","type-actuation","status-publish","has-post-thumbnail","hentry","category-comissoes"],"acf":[],"yoast_head":"<!-- This site is optimized with the Yoast SEO plugin v24.6 - https:\/\/yoast.com\/wordpress\/plugins\/seo\/ -->\n<title>CCJ da Assembleia aprova proibi\u00e7\u00e3o de smartphones em sala de aula - Ubaldo Fernandes<\/title>\n<meta name=\"robots\" content=\"index, follow, max-snippet:-1, max-image-preview:large, max-video-preview:-1\" \/>\n<link rel=\"canonical\" href=\"https:\/\/ubaldofernandes.com\/index.php\/actuation\/ccj-da-assembleia-aprova-proibicao-de-smartphones-em-sala-de-aula\/\" \/>\n<meta property=\"og:locale\" content=\"pt_BR\" \/>\n<meta property=\"og:type\" content=\"article\" \/>\n<meta property=\"og:title\" content=\"CCJ da Assembleia aprova proibi\u00e7\u00e3o de smartphones em sala de aula - Ubaldo Fernandes\" \/>\n<meta property=\"og:description\" content=\"Os deputados da Comiss\u00e3o de Constitui\u00e7\u00e3o, Justi\u00e7a e Reda\u00e7\u00e3o (CCJ) da Assembleia Legislativa do Rio Grande do Norte aprovaram o Projeto de Lei que disp\u00f5e sobre a proibi\u00e7\u00e3o do uso de smartphones em salas de aula para fins n\u00e3o pedag\u00f3gicos no RN. O propositor da mat\u00e9ria, deputado Hermano Morais (PV), destacou a conclus\u00e3o de um [&hellip;]\" \/>\n<meta property=\"og:url\" content=\"https:\/\/ubaldofernandes.com\/index.php\/actuation\/ccj-da-assembleia-aprova-proibicao-de-smartphones-em-sala-de-aula\/\" \/>\n<meta property=\"og:site_name\" content=\"Ubaldo Fernandes\" \/>\n<meta property=\"article:modified_time\" content=\"2023-09-27T14:52:19+00:00\" \/>\n<meta property=\"og:image\" content=\"https:\/\/ubaldofernandes.com\/wp-content\/uploads\/2023\/09\/CCJ-260923-scaled.jpg\" \/>\n\t<meta property=\"og:image:width\" content=\"2560\" \/>\n\t<meta property=\"og:image:height\" content=\"1707\" \/>\n\t<meta property=\"og:image:type\" content=\"image\/jpeg\" \/>\n<meta name=\"twitter:card\" content=\"summary_large_image\" \/>\n<meta name=\"twitter:label1\" content=\"Est. tempo de leitura\" \/>\n\t<meta name=\"twitter:data1\" content=\"3 minutos\" \/>\n<script type=\"application\/ld+json\" class=\"yoast-schema-graph\">{\"@context\":\"https:\/\/schema.org\",\"@graph\":[{\"@type\":\"WebPage\",\"@id\":\"https:\/\/ubaldofernandes.com\/index.php\/actuation\/ccj-da-assembleia-aprova-proibicao-de-smartphones-em-sala-de-aula\/\",\"url\":\"https:\/\/ubaldofernandes.com\/index.php\/actuation\/ccj-da-assembleia-aprova-proibicao-de-smartphones-em-sala-de-aula\/\",\"name\":\"CCJ da Assembleia aprova proibi\u00e7\u00e3o de smartphones em sala de aula - Ubaldo Fernandes\",\"isPartOf\":{\"@id\":\"https:\/\/ubaldofernandes.com\/#website\"},\"primaryImageOfPage\":{\"@id\":\"https:\/\/ubaldofernandes.com\/index.php\/actuation\/ccj-da-assembleia-aprova-proibicao-de-smartphones-em-sala-de-aula\/#primaryimage\"},\"image\":{\"@id\":\"https:\/\/ubaldofernandes.com\/index.php\/actuation\/ccj-da-assembleia-aprova-proibicao-de-smartphones-em-sala-de-aula\/#primaryimage\"},\"thumbnailUrl\":\"https:\/\/ubaldofernandes.com\/wp-content\/uploads\/2023\/09\/CCJ-260923-scaled.jpg\",\"datePublished\":\"2023-09-26T17:51:00+00:00\",\"dateModified\":\"2023-09-27T14:52:19+00:00\",\"breadcrumb\":{\"@id\":\"https:\/\/ubaldofernandes.com\/index.php\/actuation\/ccj-da-assembleia-aprova-proibicao-de-smartphones-em-sala-de-aula\/#breadcrumb\"},\"inLanguage\":\"pt-BR\",\"potentialAction\":[{\"@type\":\"ReadAction\",\"target\":[\"https:\/\/ubaldofernandes.com\/index.php\/actuation\/ccj-da-assembleia-aprova-proibicao-de-smartphones-em-sala-de-aula\/\"]}]},{\"@type\":\"ImageObject\",\"inLanguage\":\"pt-BR\",\"@id\":\"https:\/\/ubaldofernandes.com\/index.php\/actuation\/ccj-da-assembleia-aprova-proibicao-de-smartphones-em-sala-de-aula\/#primaryimage\",\"url\":\"https:\/\/ubaldofernandes.com\/wp-content\/uploads\/2023\/09\/CCJ-260923-scaled.jpg\",\"contentUrl\":\"https:\/\/ubaldofernandes.com\/wp-content\/uploads\/2023\/09\/CCJ-260923-scaled.jpg\",\"width\":2560,\"height\":1707},{\"@type\":\"BreadcrumbList\",\"@id\":\"https:\/\/ubaldofernandes.com\/index.php\/actuation\/ccj-da-assembleia-aprova-proibicao-de-smartphones-em-sala-de-aula\/#breadcrumb\",\"itemListElement\":[{\"@type\":\"ListItem\",\"position\":1,\"name\":\"In\u00edcio\",\"item\":\"https:\/\/ubaldofernandes.com\/\"},{\"@type\":\"ListItem\",\"position\":2,\"name\":\"Post Atua\u00e7\u00e3o Parlamentar\",\"item\":\"https:\/\/ubaldofernandes.com\/index.php\/actuation\/\"},{\"@type\":\"ListItem\",\"position\":3,\"name\":\"CCJ da Assembleia aprova proibi\u00e7\u00e3o de smartphones em sala de aula\"}]},{\"@type\":\"WebSite\",\"@id\":\"https:\/\/ubaldofernandes.com\/#website\",\"url\":\"https:\/\/ubaldofernandes.com\/\",\"name\":\"Ubaldo Fernandes\",\"description\":\"Deputado Estadual\",\"potentialAction\":[{\"@type\":\"SearchAction\",\"target\":{\"@type\":\"EntryPoint\",\"urlTemplate\":\"https:\/\/ubaldofernandes.com\/?s={search_term_string}\"},\"query-input\":{\"@type\":\"PropertyValueSpecification\",\"valueRequired\":true,\"valueName\":\"search_term_string\"}}],\"inLanguage\":\"pt-BR\"}]}<\/script>\n<!-- \/ Yoast SEO plugin. -->","yoast_head_json":{"title":"CCJ da Assembleia aprova proibi\u00e7\u00e3o de smartphones em sala de aula - Ubaldo Fernandes","robots":{"index":"index","follow":"follow","max-snippet":"max-snippet:-1","max-image-preview":"max-image-preview:large","max-video-preview":"max-video-preview:-1"},"canonical":"https:\/\/ubaldofernandes.com\/index.php\/actuation\/ccj-da-assembleia-aprova-proibicao-de-smartphones-em-sala-de-aula\/","og_locale":"pt_BR","og_type":"article","og_title":"CCJ da Assembleia aprova proibi\u00e7\u00e3o de smartphones em sala de aula - Ubaldo Fernandes","og_description":"Os deputados da Comiss\u00e3o de Constitui\u00e7\u00e3o, Justi\u00e7a e Reda\u00e7\u00e3o (CCJ) da Assembleia Legislativa do Rio Grande do Norte aprovaram o Projeto de Lei que disp\u00f5e sobre a proibi\u00e7\u00e3o do uso de smartphones em salas de aula para fins n\u00e3o pedag\u00f3gicos no RN. O propositor da mat\u00e9ria, deputado Hermano Morais (PV), destacou a conclus\u00e3o de um [&hellip;]","og_url":"https:\/\/ubaldofernandes.com\/index.php\/actuation\/ccj-da-assembleia-aprova-proibicao-de-smartphones-em-sala-de-aula\/","og_site_name":"Ubaldo Fernandes","article_modified_time":"2023-09-27T14:52:19+00:00","og_image":[{"width":2560,"height":1707,"url":"https:\/\/ubaldofernandes.com\/wp-content\/uploads\/2023\/09\/CCJ-260923-scaled.jpg","type":"image\/jpeg"}],"twitter_card":"summary_large_image","twitter_misc":{"Est. tempo de leitura":"3 minutos"},"schema":{"@context":"https:\/\/schema.org","@graph":[{"@type":"WebPage","@id":"https:\/\/ubaldofernandes.com\/index.php\/actuation\/ccj-da-assembleia-aprova-proibicao-de-smartphones-em-sala-de-aula\/","url":"https:\/\/ubaldofernandes.com\/index.php\/actuation\/ccj-da-assembleia-aprova-proibicao-de-smartphones-em-sala-de-aula\/","name":"CCJ da Assembleia aprova proibi\u00e7\u00e3o de smartphones em sala de aula - Ubaldo Fernandes","isPartOf":{"@id":"https:\/\/ubaldofernandes.com\/#website"},"primaryImageOfPage":{"@id":"https:\/\/ubaldofernandes.com\/index.php\/actuation\/ccj-da-assembleia-aprova-proibicao-de-smartphones-em-sala-de-aula\/#primaryimage"},"image":{"@id":"https:\/\/ubaldofernandes.com\/index.php\/actuation\/ccj-da-assembleia-aprova-proibicao-de-smartphones-em-sala-de-aula\/#primaryimage"},"thumbnailUrl":"https:\/\/ubaldofernandes.com\/wp-content\/uploads\/2023\/09\/CCJ-260923-scaled.jpg","datePublished":"2023-09-26T17:51:00+00:00","dateModified":"2023-09-27T14:52:19+00:00","breadcrumb":{"@id":"https:\/\/ubaldofernandes.com\/index.php\/actuation\/ccj-da-assembleia-aprova-proibicao-de-smartphones-em-sala-de-aula\/#breadcrumb"},"inLanguage":"pt-BR","potentialAction":[{"@type":"ReadAction","target":["https:\/\/ubaldofernandes.com\/index.php\/actuation\/ccj-da-assembleia-aprova-proibicao-de-smartphones-em-sala-de-aula\/"]}]},{"@type":"ImageObject","inLanguage":"pt-BR","@id":"https:\/\/ubaldofernandes.com\/index.php\/actuation\/ccj-da-assembleia-aprova-proibicao-de-smartphones-em-sala-de-aula\/#primaryimage","url":"https:\/\/ubaldofernandes.com\/wp-content\/uploads\/2023\/09\/CCJ-260923-scaled.jpg","contentUrl":"https:\/\/ubaldofernandes.com\/wp-content\/uploads\/2023\/09\/CCJ-260923-scaled.jpg","width":2560,"height":1707},{"@type":"BreadcrumbList","@id":"https:\/\/ubaldofernandes.com\/index.php\/actuation\/ccj-da-assembleia-aprova-proibicao-de-smartphones-em-sala-de-aula\/#breadcrumb","itemListElement":[{"@type":"ListItem","position":1,"name":"In\u00edcio","item":"https:\/\/ubaldofernandes.com\/"},{"@type":"ListItem","position":2,"name":"Post Atua\u00e7\u00e3o Parlamentar","item":"https:\/\/ubaldofernandes.com\/index.php\/actuation\/"},{"@type":"ListItem","position":3,"name":"CCJ da Assembleia aprova proibi\u00e7\u00e3o de smartphones em sala de aula"}]},{"@type":"WebSite","@id":"https:\/\/ubaldofernandes.com\/#website","url":"https:\/\/ubaldofernandes.com\/","name":"Ubaldo Fernandes","description":"Deputado Estadual","potentialAction":[{"@type":"SearchAction","target":{"@type":"EntryPoint","urlTemplate":"https:\/\/ubaldofernandes.com\/?s={search_term_string}"},"query-input":{"@type":"PropertyValueSpecification","valueRequired":true,"valueName":"search_term_string"}}],"inLanguage":"pt-BR"}]}},"_links":{"self":[{"href":"https:\/\/ubaldofernandes.com\/index.php\/wp-json\/wp\/v2\/actuation\/6008","targetHints":{"allow":["GET"]}}],"collection":[{"href":"https:\/\/ubaldofernandes.com\/index.php\/wp-json\/wp\/v2\/actuation"}],"about":[{"href":"https:\/\/ubaldofernandes.com\/index.php\/wp-json\/wp\/v2\/types\/actuation"}],"wp:featuredmedia":[{"embeddable":true,"href":"https:\/\/ubaldofernandes.com\/index.php\/wp-json\/wp\/v2\/media\/6009"}],"wp:attachment":[{"href":"https:\/\/ubaldofernandes.com\/index.php\/wp-json\/wp\/v2\/media?parent=6008"}],"wp:term":[{"taxonomy":"category","embeddable":true,"href":"https:\/\/ubaldofernandes.com\/index.php\/wp-json\/wp\/v2\/categories?post=6008"}],"curies":[{"name":"wp","href":"https:\/\/api.w.org\/{rel}","templated":true}]}}