{"id":6543,"date":"2024-04-30T15:06:14","date_gmt":"2024-04-30T18:06:14","guid":{"rendered":"https:\/\/ubaldofernandes.com\/?post_type=actuation&#038;p=6543"},"modified":"2024-04-30T15:11:29","modified_gmt":"2024-04-30T18:11:29","slug":"ccj-aprova-projeto-que-assegura-beneficios-para-os-portadores-de-doenca-renal-cronica","status":"publish","type":"actuation","link":"https:\/\/ubaldofernandes.com\/index.php\/actuation\/ccj-aprova-projeto-que-assegura-beneficios-para-os-portadores-de-doenca-renal-cronica\/","title":{"rendered":"CCJ aprova projeto que assegura benef\u00edcios para os portadores de doen\u00e7a renal cr\u00f4nica"},"content":{"rendered":"\n<p>A Comiss\u00e3o de Constitui\u00e7\u00e3o, Justi\u00e7a e Reda\u00e7\u00e3o (CCJ) da Assembleia Legislativa do Rio Grande do Norte aprovou nesta ter\u00e7a-feira (30) o projeto de lei que classifica a doen\u00e7a renal cr\u00f4nica e assegura os direitos e benef\u00edcios previstos na Constitui\u00e7\u00e3o do Estado e na Legisla\u00e7\u00e3o estadual para a pessoa com defici\u00eancia.<\/p>\n\n\n\n<p>De autoria do deputado estadual George Soares (PV), o projeto de lei visa atender a uma parcela significativa da sociedade que sofre com esta doen\u00e7a, visto que, em virtude da manuten\u00e7\u00e3o de uma atividade remunerada por um paciente que necessita afastar-se do trabalho tr\u00eas ou quatro dias por semana para submeter-se a um tratamento \u00e9 praticamente invi\u00e1vel.<\/p>\n\n\n\n<p>\u201cCiente das dificuldades e limita\u00e7\u00f5es impostas aos pacientes renais cr\u00f4nicos que vivenciam situa\u00e7\u00f5es semelhantes \u00e0quelas enfrentadas pelas pessoas com defici\u00eancia, entendo que estes necessitam de tratamento semelhante por parte da legisla\u00e7\u00e3o estadual\u201d, justificou o deputado.<\/p>\n\n\n\n<p>De autoria do deputado Dr. Kerginaldo (PSDB), foi aprovado \u00e0 unanimidade o projeto de lei que disp\u00f5e sobre a realiza\u00e7\u00e3o do teste da urina em rec\u00e9m-nascidos pela rede de sa\u00fade p\u00fablica do Estado.<\/p>\n\n\n\n<p>O projeto de lei que disp\u00f5e sobre a coleta cont\u00ednua de lixo eletr\u00f4nico de pequeno porte nas escolas p\u00fablicas e privadas do Estado tamb\u00e9m foi aprovado. A mat\u00e9ria \u00e9 de autoria do deputado Ivanilson Oliveira (Uni\u00e3o).<\/p>\n\n\n\n<p>Ainda na pauta, os deputados analisaram e aprovaram \u00e0 unanimidade o projeto de lei que institui diretrizes para a pol\u00edtica de aten\u00e7\u00e3o \u00e0 sa\u00fade mental materna no Rio Grande do Norte. \u201cUma doen\u00e7a que acomete milhares de mulheres e que necessita da aten\u00e7\u00e3o dos poderes, como forma de proteger as m\u00e3es e as crian\u00e7as que passam por uma situa\u00e7\u00e3o t\u00e3o delicada como essa. Uma pol\u00edtica p\u00fablica que garante mais um direito a mulher\u201d, disse o deputado Ubaldo Fernandes, autor do projeto.<\/p>\n\n\n\n<p>Na sequ\u00eancia os deputados aprovaram as leis: que institui a Pol\u00edtica Estadual de Prote\u00e7\u00e3o e Defesa Civil (PEPDEC); a que disp\u00f5e san\u00e7\u00f5es administrativas acerca da aquisi\u00e7\u00e3o, transporte, estocagem, distribui\u00e7\u00e3o ou revenda de produtos combust\u00edvel adulterado no RN; que institui o selo \u201cEscola Mais Segura\u201d para certificar as institui\u00e7\u00f5es de ensino que adotarem plano de evacua\u00e7\u00e3o, realiza\u00e7\u00e3o de palestras e treinamentos em caso de inc\u00eandios, danos estruturais e demais emerg\u00eancias em suas instala\u00e7\u00f5es e a que institui o Dia Estadual do Frentista. Leis propostas respectivamente pelos deputados Luiz Eduardo, Ubaldo Fernandes, Kleber Rodrigues e Cristiane Dantas.<\/p>\n\n\n\n<p>Presentes na reuni\u00e3o, os deputados Kleber Rodrigues (PSDB), Isolda Dantas (PT), Galeno Torquato (PSDB), Adjuto Dias (MDB) e Hermano Morais (PV) reconheceram institui\u00e7\u00f5es como de utilidade p\u00fablica, eventos como patrim\u00f4nio cultural, imaterial, hist\u00f3rico e religioso e aprovaram t\u00edtulos honor\u00edficos de cidad\u00e3os norte-rio-grandenses.<\/p>\n\n\n\n<p>As mat\u00e9rias aprovadas na CCJ seguem a tramita\u00e7\u00e3o regimental da Casa Legislativa at\u00e9 chegar em plen\u00e1rio onde ser\u00e3o apreciadas e votadas pelos deputados estaduais.<\/p>\n","protected":false},"featured_media":6544,"parent":0,"template":"","categories":[5],"class_list":["post-6543","actuation","type-actuation","status-publish","has-post-thumbnail","hentry","category-comissoes"],"acf":[],"yoast_head":"<!-- This site is optimized with the Yoast SEO plugin v24.6 - https:\/\/yoast.com\/wordpress\/plugins\/seo\/ -->\n<title>CCJ aprova projeto que assegura benef\u00edcios para os portadores de doen\u00e7a renal cr\u00f4nica - Ubaldo Fernandes<\/title>\n<meta name=\"robots\" content=\"index, follow, max-snippet:-1, max-image-preview:large, max-video-preview:-1\" \/>\n<link rel=\"canonical\" href=\"https:\/\/ubaldofernandes.com\/index.php\/actuation\/ccj-aprova-projeto-que-assegura-beneficios-para-os-portadores-de-doenca-renal-cronica\/\" \/>\n<meta property=\"og:locale\" content=\"pt_BR\" \/>\n<meta property=\"og:type\" content=\"article\" \/>\n<meta property=\"og:title\" content=\"CCJ aprova projeto que assegura benef\u00edcios para os portadores de doen\u00e7a renal cr\u00f4nica - Ubaldo Fernandes\" \/>\n<meta property=\"og:description\" content=\"A Comiss\u00e3o de Constitui\u00e7\u00e3o, Justi\u00e7a e Reda\u00e7\u00e3o (CCJ) da Assembleia Legislativa do Rio Grande do Norte aprovou nesta ter\u00e7a-feira (30) o projeto de lei que classifica a doen\u00e7a renal cr\u00f4nica e assegura os direitos e benef\u00edcios previstos na Constitui\u00e7\u00e3o do Estado e na Legisla\u00e7\u00e3o estadual para a pessoa com defici\u00eancia. De autoria do deputado estadual [&hellip;]\" \/>\n<meta property=\"og:url\" content=\"https:\/\/ubaldofernandes.com\/index.php\/actuation\/ccj-aprova-projeto-que-assegura-beneficios-para-os-portadores-de-doenca-renal-cronica\/\" \/>\n<meta property=\"og:site_name\" content=\"Ubaldo Fernandes\" \/>\n<meta property=\"article:modified_time\" content=\"2024-04-30T18:11:29+00:00\" \/>\n<meta property=\"og:image\" content=\"https:\/\/ubaldofernandes.com\/wp-content\/uploads\/2024\/04\/CCJ-3004.jpg\" \/>\n\t<meta property=\"og:image:width\" content=\"1600\" \/>\n\t<meta property=\"og:image:height\" content=\"1066\" \/>\n\t<meta property=\"og:image:type\" content=\"image\/jpeg\" \/>\n<meta name=\"twitter:card\" content=\"summary_large_image\" \/>\n<meta name=\"twitter:label1\" content=\"Est. tempo de leitura\" \/>\n\t<meta name=\"twitter:data1\" content=\"3 minutos\" \/>\n<script type=\"application\/ld+json\" class=\"yoast-schema-graph\">{\"@context\":\"https:\/\/schema.org\",\"@graph\":[{\"@type\":\"WebPage\",\"@id\":\"https:\/\/ubaldofernandes.com\/index.php\/actuation\/ccj-aprova-projeto-que-assegura-beneficios-para-os-portadores-de-doenca-renal-cronica\/\",\"url\":\"https:\/\/ubaldofernandes.com\/index.php\/actuation\/ccj-aprova-projeto-que-assegura-beneficios-para-os-portadores-de-doenca-renal-cronica\/\",\"name\":\"CCJ aprova projeto que assegura benef\u00edcios para os portadores de doen\u00e7a renal cr\u00f4nica - Ubaldo Fernandes\",\"isPartOf\":{\"@id\":\"https:\/\/ubaldofernandes.com\/#website\"},\"primaryImageOfPage\":{\"@id\":\"https:\/\/ubaldofernandes.com\/index.php\/actuation\/ccj-aprova-projeto-que-assegura-beneficios-para-os-portadores-de-doenca-renal-cronica\/#primaryimage\"},\"image\":{\"@id\":\"https:\/\/ubaldofernandes.com\/index.php\/actuation\/ccj-aprova-projeto-que-assegura-beneficios-para-os-portadores-de-doenca-renal-cronica\/#primaryimage\"},\"thumbnailUrl\":\"https:\/\/ubaldofernandes.com\/wp-content\/uploads\/2024\/04\/CCJ-3004.jpg\",\"datePublished\":\"2024-04-30T18:06:14+00:00\",\"dateModified\":\"2024-04-30T18:11:29+00:00\",\"breadcrumb\":{\"@id\":\"https:\/\/ubaldofernandes.com\/index.php\/actuation\/ccj-aprova-projeto-que-assegura-beneficios-para-os-portadores-de-doenca-renal-cronica\/#breadcrumb\"},\"inLanguage\":\"pt-BR\",\"potentialAction\":[{\"@type\":\"ReadAction\",\"target\":[\"https:\/\/ubaldofernandes.com\/index.php\/actuation\/ccj-aprova-projeto-que-assegura-beneficios-para-os-portadores-de-doenca-renal-cronica\/\"]}]},{\"@type\":\"ImageObject\",\"inLanguage\":\"pt-BR\",\"@id\":\"https:\/\/ubaldofernandes.com\/index.php\/actuation\/ccj-aprova-projeto-que-assegura-beneficios-para-os-portadores-de-doenca-renal-cronica\/#primaryimage\",\"url\":\"https:\/\/ubaldofernandes.com\/wp-content\/uploads\/2024\/04\/CCJ-3004.jpg\",\"contentUrl\":\"https:\/\/ubaldofernandes.com\/wp-content\/uploads\/2024\/04\/CCJ-3004.jpg\",\"width\":1600,\"height\":1066},{\"@type\":\"BreadcrumbList\",\"@id\":\"https:\/\/ubaldofernandes.com\/index.php\/actuation\/ccj-aprova-projeto-que-assegura-beneficios-para-os-portadores-de-doenca-renal-cronica\/#breadcrumb\",\"itemListElement\":[{\"@type\":\"ListItem\",\"position\":1,\"name\":\"In\u00edcio\",\"item\":\"https:\/\/ubaldofernandes.com\/\"},{\"@type\":\"ListItem\",\"position\":2,\"name\":\"Post Atua\u00e7\u00e3o Parlamentar\",\"item\":\"https:\/\/ubaldofernandes.com\/index.php\/actuation\/\"},{\"@type\":\"ListItem\",\"position\":3,\"name\":\"CCJ aprova projeto que assegura benef\u00edcios para os portadores de doen\u00e7a renal cr\u00f4nica\"}]},{\"@type\":\"WebSite\",\"@id\":\"https:\/\/ubaldofernandes.com\/#website\",\"url\":\"https:\/\/ubaldofernandes.com\/\",\"name\":\"Ubaldo Fernandes\",\"description\":\"Deputado Estadual\",\"potentialAction\":[{\"@type\":\"SearchAction\",\"target\":{\"@type\":\"EntryPoint\",\"urlTemplate\":\"https:\/\/ubaldofernandes.com\/?s={search_term_string}\"},\"query-input\":{\"@type\":\"PropertyValueSpecification\",\"valueRequired\":true,\"valueName\":\"search_term_string\"}}],\"inLanguage\":\"pt-BR\"}]}<\/script>\n<!-- \/ Yoast SEO plugin. -->","yoast_head_json":{"title":"CCJ aprova projeto que assegura benef\u00edcios para os portadores de doen\u00e7a renal cr\u00f4nica - Ubaldo Fernandes","robots":{"index":"index","follow":"follow","max-snippet":"max-snippet:-1","max-image-preview":"max-image-preview:large","max-video-preview":"max-video-preview:-1"},"canonical":"https:\/\/ubaldofernandes.com\/index.php\/actuation\/ccj-aprova-projeto-que-assegura-beneficios-para-os-portadores-de-doenca-renal-cronica\/","og_locale":"pt_BR","og_type":"article","og_title":"CCJ aprova projeto que assegura benef\u00edcios para os portadores de doen\u00e7a renal cr\u00f4nica - Ubaldo Fernandes","og_description":"A Comiss\u00e3o de Constitui\u00e7\u00e3o, Justi\u00e7a e Reda\u00e7\u00e3o (CCJ) da Assembleia Legislativa do Rio Grande do Norte aprovou nesta ter\u00e7a-feira (30) o projeto de lei que classifica a doen\u00e7a renal cr\u00f4nica e assegura os direitos e benef\u00edcios previstos na Constitui\u00e7\u00e3o do Estado e na Legisla\u00e7\u00e3o estadual para a pessoa com defici\u00eancia. De autoria do deputado estadual [&hellip;]","og_url":"https:\/\/ubaldofernandes.com\/index.php\/actuation\/ccj-aprova-projeto-que-assegura-beneficios-para-os-portadores-de-doenca-renal-cronica\/","og_site_name":"Ubaldo Fernandes","article_modified_time":"2024-04-30T18:11:29+00:00","og_image":[{"width":1600,"height":1066,"url":"https:\/\/ubaldofernandes.com\/wp-content\/uploads\/2024\/04\/CCJ-3004.jpg","type":"image\/jpeg"}],"twitter_card":"summary_large_image","twitter_misc":{"Est. tempo de leitura":"3 minutos"},"schema":{"@context":"https:\/\/schema.org","@graph":[{"@type":"WebPage","@id":"https:\/\/ubaldofernandes.com\/index.php\/actuation\/ccj-aprova-projeto-que-assegura-beneficios-para-os-portadores-de-doenca-renal-cronica\/","url":"https:\/\/ubaldofernandes.com\/index.php\/actuation\/ccj-aprova-projeto-que-assegura-beneficios-para-os-portadores-de-doenca-renal-cronica\/","name":"CCJ aprova projeto que assegura benef\u00edcios para os portadores de doen\u00e7a renal cr\u00f4nica - Ubaldo Fernandes","isPartOf":{"@id":"https:\/\/ubaldofernandes.com\/#website"},"primaryImageOfPage":{"@id":"https:\/\/ubaldofernandes.com\/index.php\/actuation\/ccj-aprova-projeto-que-assegura-beneficios-para-os-portadores-de-doenca-renal-cronica\/#primaryimage"},"image":{"@id":"https:\/\/ubaldofernandes.com\/index.php\/actuation\/ccj-aprova-projeto-que-assegura-beneficios-para-os-portadores-de-doenca-renal-cronica\/#primaryimage"},"thumbnailUrl":"https:\/\/ubaldofernandes.com\/wp-content\/uploads\/2024\/04\/CCJ-3004.jpg","datePublished":"2024-04-30T18:06:14+00:00","dateModified":"2024-04-30T18:11:29+00:00","breadcrumb":{"@id":"https:\/\/ubaldofernandes.com\/index.php\/actuation\/ccj-aprova-projeto-que-assegura-beneficios-para-os-portadores-de-doenca-renal-cronica\/#breadcrumb"},"inLanguage":"pt-BR","potentialAction":[{"@type":"ReadAction","target":["https:\/\/ubaldofernandes.com\/index.php\/actuation\/ccj-aprova-projeto-que-assegura-beneficios-para-os-portadores-de-doenca-renal-cronica\/"]}]},{"@type":"ImageObject","inLanguage":"pt-BR","@id":"https:\/\/ubaldofernandes.com\/index.php\/actuation\/ccj-aprova-projeto-que-assegura-beneficios-para-os-portadores-de-doenca-renal-cronica\/#primaryimage","url":"https:\/\/ubaldofernandes.com\/wp-content\/uploads\/2024\/04\/CCJ-3004.jpg","contentUrl":"https:\/\/ubaldofernandes.com\/wp-content\/uploads\/2024\/04\/CCJ-3004.jpg","width":1600,"height":1066},{"@type":"BreadcrumbList","@id":"https:\/\/ubaldofernandes.com\/index.php\/actuation\/ccj-aprova-projeto-que-assegura-beneficios-para-os-portadores-de-doenca-renal-cronica\/#breadcrumb","itemListElement":[{"@type":"ListItem","position":1,"name":"In\u00edcio","item":"https:\/\/ubaldofernandes.com\/"},{"@type":"ListItem","position":2,"name":"Post Atua\u00e7\u00e3o Parlamentar","item":"https:\/\/ubaldofernandes.com\/index.php\/actuation\/"},{"@type":"ListItem","position":3,"name":"CCJ aprova projeto que assegura benef\u00edcios para os portadores de doen\u00e7a renal cr\u00f4nica"}]},{"@type":"WebSite","@id":"https:\/\/ubaldofernandes.com\/#website","url":"https:\/\/ubaldofernandes.com\/","name":"Ubaldo Fernandes","description":"Deputado Estadual","potentialAction":[{"@type":"SearchAction","target":{"@type":"EntryPoint","urlTemplate":"https:\/\/ubaldofernandes.com\/?s={search_term_string}"},"query-input":{"@type":"PropertyValueSpecification","valueRequired":true,"valueName":"search_term_string"}}],"inLanguage":"pt-BR"}]}},"_links":{"self":[{"href":"https:\/\/ubaldofernandes.com\/index.php\/wp-json\/wp\/v2\/actuation\/6543","targetHints":{"allow":["GET"]}}],"collection":[{"href":"https:\/\/ubaldofernandes.com\/index.php\/wp-json\/wp\/v2\/actuation"}],"about":[{"href":"https:\/\/ubaldofernandes.com\/index.php\/wp-json\/wp\/v2\/types\/actuation"}],"wp:featuredmedia":[{"embeddable":true,"href":"https:\/\/ubaldofernandes.com\/index.php\/wp-json\/wp\/v2\/media\/6544"}],"wp:attachment":[{"href":"https:\/\/ubaldofernandes.com\/index.php\/wp-json\/wp\/v2\/media?parent=6543"}],"wp:term":[{"taxonomy":"category","embeddable":true,"href":"https:\/\/ubaldofernandes.com\/index.php\/wp-json\/wp\/v2\/categories?post=6543"}],"curies":[{"name":"wp","href":"https:\/\/api.w.org\/{rel}","templated":true}]}}