{"id":7059,"date":"2024-08-30T14:10:00","date_gmt":"2024-08-30T17:10:00","guid":{"rendered":"https:\/\/ubaldofernandes.com\/?post_type=actuation&#038;p=7059"},"modified":"2024-09-02T14:30:57","modified_gmt":"2024-09-02T17:30:57","slug":"assembleia-legislativa-homenageia-sacerdotes-do-rn-em-sessao-solene","status":"publish","type":"actuation","link":"https:\/\/ubaldofernandes.com\/index.php\/actuation\/assembleia-legislativa-homenageia-sacerdotes-do-rn-em-sessao-solene\/","title":{"rendered":"Assembleia Legislativa homenageia sacerdotes do RN em sess\u00e3o solene"},"content":{"rendered":"\n<p>A Assembleia Legislativa do Rio Grande do Norte realizou uma sess\u00e3o solene para homenagear sacerdotes da Arquidiocese de Natal em comemora\u00e7\u00e3o ao Dia do Padre, celebrado nacionalmente em 4 de agosto, em homenagem \u00e0 festa de S\u00e3o Jo\u00e3o Maria Vianney, que \u00e9 o padroeiro de todos os sacerdotes. A sess\u00e3o foi uma iniciativa do deputado Ubaldo Fernandes (PSDB). O objetivo foi reconhecer e celebrar o trabalho dos padres, que dedicam suas vidas ao sacerd\u00f3cio e desempenham um papel crucial no contexto humanit\u00e1rio e religioso da sociedade.<\/p>\n\n\n\n<p>&#8220;Nada mais justo que congratular e homenagear aqueles que t\u00eam suas vidas vocacionadas em prol do sacerd\u00f3cio, uma miss\u00e3o t\u00e3o nobre e singular. Estamos honrando 10 padres da Arquidiocese de Natal que, com amor a Cristo e \u00e0 Sua Igreja, t\u00eam levado a palavra de Deus e os Sacramentos da reden\u00e7\u00e3o crist\u00e3 \u00e0 vida do povo potiguar&#8221;, destacou o deputado Ubaldo Fernandes.<\/p>\n\n\n\n<p>Al\u00e9m do deputado propositor da sess\u00e3o solene, os parlamentares Divaneide Bas\u00edlio (PT), Terezinha Maia (PL), Neilton Di\u00f3genes (PP), Hermano Morais (PV) e Eudiane Macedo (PV) tamb\u00e9m indicaram nomes para serem homenageados pelos relevantes servi\u00e7os prestados \u00e0 sociedade potiguar.<\/p>\n\n\n\n<p>O padre Yago Carvalho de Souza agradeceu em nome de todos os homenageados. \u201cAgradecemos esta homenagem de hoje e sabemos que este pleito n\u00e3o \u00e9 para n\u00f3s, como nos recorda o ap\u00f3stolo Paulo, e sim para Nosso Senhor Jesus Cristo, representado nesta manh\u00e3 por cada sacerdote homenageado. Muito obrigado!\u201d<\/p>\n\n\n\n<p>O Rio Grande do Norte tem hoje mais de 2 milh\u00f5es e 100 mil fi\u00e9is cat\u00f3licos e 330 padres, o que corresponde a 6.364 fi\u00e9is cuidados por cada padre. No final da solenidade, houve uma apresenta\u00e7\u00e3o do Coral da Assembleia Legislativa, composto por servidores da Casa Legislativa.<\/p>\n\n\n\n<p>Na ocasi\u00e3o, foram homenageados:<\/p>\n\n\n\n<p>Monsenhor Aldo Alves Pimentel<\/p>\n\n\n\n<p>Padre Francisco Franklin de Ara\u00fajo<\/p>\n\n\n\n<p>Padre Artur Diego Lopes da Silva<\/p>\n\n\n\n<p>Padre Thalles Henrique Ara\u00fajo da Silva<\/p>\n\n\n\n<p>Padre Iranildo Virg\u00edlio da Cruz<\/p>\n\n\n\n<p>Padre Ronneyvingli Edley Galv\u00e3o Bezerra<\/p>\n\n\n\n<p>Padre Francisco das Chagas Costa<\/p>\n\n\n\n<p>Padre Yago Carvalho de Souza<\/p>\n\n\n\n<p>Padre Jo\u00e3o Maria dos Anjos Sobrinho<\/p>\n\n\n\n<p>Padre Marcelo Bezerra Coutinho<\/p>\n\n\n\n<figure class=\"wp-block-gallery has-nested-images columns-default is-cropped wp-block-gallery-1 is-layout-flex wp-block-gallery-is-layout-flex\">\n<figure class=\"wp-block-image size-medium\"><a href=\"https:\/\/ubaldofernandes.com\/wp-content\/uploads\/2024\/09\/WhatsApp-Image-2024-09-02-at-14.19.26-1.jpeg\"><img loading=\"lazy\" decoding=\"async\" width=\"300\" height=\"200\" data-id=\"7062\" src=\"https:\/\/ubaldofernandes.com\/wp-content\/uploads\/2024\/09\/WhatsApp-Image-2024-09-02-at-14.19.26-1-300x200.jpeg\" alt=\"\" class=\"wp-image-7062\" srcset=\"https:\/\/ubaldofernandes.com\/wp-content\/uploads\/2024\/09\/WhatsApp-Image-2024-09-02-at-14.19.26-1-300x200.jpeg 300w, https:\/\/ubaldofernandes.com\/wp-content\/uploads\/2024\/09\/WhatsApp-Image-2024-09-02-at-14.19.26-1-1024x681.jpeg 1024w, https:\/\/ubaldofernandes.com\/wp-content\/uploads\/2024\/09\/WhatsApp-Image-2024-09-02-at-14.19.26-1-768x511.jpeg 768w, https:\/\/ubaldofernandes.com\/wp-content\/uploads\/2024\/09\/WhatsApp-Image-2024-09-02-at-14.19.26-1-1536x1022.jpeg 1536w, https:\/\/ubaldofernandes.com\/wp-content\/uploads\/2024\/09\/WhatsApp-Image-2024-09-02-at-14.19.26-1-2048x1362.jpeg 2048w\" sizes=\"auto, (max-width: 300px) 100vw, 300px\" \/><\/a><\/figure>\n\n\n\n<figure class=\"wp-block-image size-medium\"><a href=\"https:\/\/ubaldofernandes.com\/wp-content\/uploads\/2024\/09\/WhatsApp-Image-2024-09-02-at-14.19.27-1.jpeg\"><img loading=\"lazy\" decoding=\"async\" width=\"300\" height=\"200\" data-id=\"7061\" src=\"https:\/\/ubaldofernandes.com\/wp-content\/uploads\/2024\/09\/WhatsApp-Image-2024-09-02-at-14.19.27-1-300x200.jpeg\" alt=\"\" class=\"wp-image-7061\" srcset=\"https:\/\/ubaldofernandes.com\/wp-content\/uploads\/2024\/09\/WhatsApp-Image-2024-09-02-at-14.19.27-1-300x200.jpeg 300w, https:\/\/ubaldofernandes.com\/wp-content\/uploads\/2024\/09\/WhatsApp-Image-2024-09-02-at-14.19.27-1-1024x681.jpeg 1024w, https:\/\/ubaldofernandes.com\/wp-content\/uploads\/2024\/09\/WhatsApp-Image-2024-09-02-at-14.19.27-1-768x511.jpeg 768w, https:\/\/ubaldofernandes.com\/wp-content\/uploads\/2024\/09\/WhatsApp-Image-2024-09-02-at-14.19.27-1-1536x1022.jpeg 1536w, https:\/\/ubaldofernandes.com\/wp-content\/uploads\/2024\/09\/WhatsApp-Image-2024-09-02-at-14.19.27-1-2048x1362.jpeg 2048w\" sizes=\"auto, (max-width: 300px) 100vw, 300px\" \/><\/a><\/figure>\n\n\n\n<figure class=\"wp-block-image size-medium\"><a href=\"https:\/\/ubaldofernandes.com\/wp-content\/uploads\/2024\/09\/WhatsApp-Image-2024-09-02-at-14.19.27-2.jpeg\"><img loading=\"lazy\" decoding=\"async\" width=\"300\" height=\"200\" data-id=\"7066\" src=\"https:\/\/ubaldofernandes.com\/wp-content\/uploads\/2024\/09\/WhatsApp-Image-2024-09-02-at-14.19.27-2-300x200.jpeg\" alt=\"\" class=\"wp-image-7066\" srcset=\"https:\/\/ubaldofernandes.com\/wp-content\/uploads\/2024\/09\/WhatsApp-Image-2024-09-02-at-14.19.27-2-300x200.jpeg 300w, https:\/\/ubaldofernandes.com\/wp-content\/uploads\/2024\/09\/WhatsApp-Image-2024-09-02-at-14.19.27-2-1024x681.jpeg 1024w, https:\/\/ubaldofernandes.com\/wp-content\/uploads\/2024\/09\/WhatsApp-Image-2024-09-02-at-14.19.27-2-768x511.jpeg 768w, https:\/\/ubaldofernandes.com\/wp-content\/uploads\/2024\/09\/WhatsApp-Image-2024-09-02-at-14.19.27-2-1536x1022.jpeg 1536w, https:\/\/ubaldofernandes.com\/wp-content\/uploads\/2024\/09\/WhatsApp-Image-2024-09-02-at-14.19.27-2-2048x1362.jpeg 2048w\" sizes=\"auto, (max-width: 300px) 100vw, 300px\" \/><\/a><\/figure>\n\n\n\n<figure class=\"wp-block-image size-medium\"><a href=\"https:\/\/ubaldofernandes.com\/wp-content\/uploads\/2024\/09\/WhatsApp-Image-2024-09-02-at-14.19.27.jpeg\"><img loading=\"lazy\" decoding=\"async\" width=\"300\" height=\"200\" data-id=\"7064\" src=\"https:\/\/ubaldofernandes.com\/wp-content\/uploads\/2024\/09\/WhatsApp-Image-2024-09-02-at-14.19.27-300x200.jpeg\" alt=\"\" class=\"wp-image-7064\" srcset=\"https:\/\/ubaldofernandes.com\/wp-content\/uploads\/2024\/09\/WhatsApp-Image-2024-09-02-at-14.19.27-300x200.jpeg 300w, https:\/\/ubaldofernandes.com\/wp-content\/uploads\/2024\/09\/WhatsApp-Image-2024-09-02-at-14.19.27-1024x681.jpeg 1024w, https:\/\/ubaldofernandes.com\/wp-content\/uploads\/2024\/09\/WhatsApp-Image-2024-09-02-at-14.19.27-768x511.jpeg 768w, https:\/\/ubaldofernandes.com\/wp-content\/uploads\/2024\/09\/WhatsApp-Image-2024-09-02-at-14.19.27-1536x1022.jpeg 1536w, https:\/\/ubaldofernandes.com\/wp-content\/uploads\/2024\/09\/WhatsApp-Image-2024-09-02-at-14.19.27-2048x1362.jpeg 2048w\" sizes=\"auto, (max-width: 300px) 100vw, 300px\" \/><\/a><\/figure>\n\n\n\n<figure class=\"wp-block-image size-medium\"><a href=\"https:\/\/ubaldofernandes.com\/wp-content\/uploads\/2024\/09\/WhatsApp-Image-2024-09-02-at-14.19.28-1.jpeg\"><img loading=\"lazy\" decoding=\"async\" width=\"300\" height=\"200\" data-id=\"7065\" src=\"https:\/\/ubaldofernandes.com\/wp-content\/uploads\/2024\/09\/WhatsApp-Image-2024-09-02-at-14.19.28-1-300x200.jpeg\" alt=\"\" class=\"wp-image-7065\" srcset=\"https:\/\/ubaldofernandes.com\/wp-content\/uploads\/2024\/09\/WhatsApp-Image-2024-09-02-at-14.19.28-1-300x200.jpeg 300w, https:\/\/ubaldofernandes.com\/wp-content\/uploads\/2024\/09\/WhatsApp-Image-2024-09-02-at-14.19.28-1-1024x681.jpeg 1024w, https:\/\/ubaldofernandes.com\/wp-content\/uploads\/2024\/09\/WhatsApp-Image-2024-09-02-at-14.19.28-1-768x511.jpeg 768w, https:\/\/ubaldofernandes.com\/wp-content\/uploads\/2024\/09\/WhatsApp-Image-2024-09-02-at-14.19.28-1-1536x1022.jpeg 1536w, https:\/\/ubaldofernandes.com\/wp-content\/uploads\/2024\/09\/WhatsApp-Image-2024-09-02-at-14.19.28-1-2048x1362.jpeg 2048w\" sizes=\"auto, (max-width: 300px) 100vw, 300px\" \/><\/a><\/figure>\n\n\n\n<figure class=\"wp-block-image size-medium\"><a href=\"https:\/\/ubaldofernandes.com\/wp-content\/uploads\/2024\/09\/WhatsApp-Image-2024-09-02-at-14.19.28-2.jpeg\"><img loading=\"lazy\" decoding=\"async\" width=\"300\" height=\"200\" data-id=\"7063\" src=\"https:\/\/ubaldofernandes.com\/wp-content\/uploads\/2024\/09\/WhatsApp-Image-2024-09-02-at-14.19.28-2-300x200.jpeg\" alt=\"\" class=\"wp-image-7063\" srcset=\"https:\/\/ubaldofernandes.com\/wp-content\/uploads\/2024\/09\/WhatsApp-Image-2024-09-02-at-14.19.28-2-300x200.jpeg 300w, https:\/\/ubaldofernandes.com\/wp-content\/uploads\/2024\/09\/WhatsApp-Image-2024-09-02-at-14.19.28-2-1024x682.jpeg 1024w, https:\/\/ubaldofernandes.com\/wp-content\/uploads\/2024\/09\/WhatsApp-Image-2024-09-02-at-14.19.28-2-768x512.jpeg 768w, https:\/\/ubaldofernandes.com\/wp-content\/uploads\/2024\/09\/WhatsApp-Image-2024-09-02-at-14.19.28-2-1536x1024.jpeg 1536w, https:\/\/ubaldofernandes.com\/wp-content\/uploads\/2024\/09\/WhatsApp-Image-2024-09-02-at-14.19.28-2-2048x1365.jpeg 2048w\" sizes=\"auto, (max-width: 300px) 100vw, 300px\" \/><\/a><\/figure>\n\n\n\n<figure class=\"wp-block-image size-medium\"><a href=\"https:\/\/ubaldofernandes.com\/wp-content\/uploads\/2024\/09\/WhatsApp-Image-2024-09-02-at-14.19.28-3.jpeg\"><img loading=\"lazy\" decoding=\"async\" width=\"300\" height=\"200\" data-id=\"7070\" src=\"https:\/\/ubaldofernandes.com\/wp-content\/uploads\/2024\/09\/WhatsApp-Image-2024-09-02-at-14.19.28-3-300x200.jpeg\" alt=\"\" class=\"wp-image-7070\" srcset=\"https:\/\/ubaldofernandes.com\/wp-content\/uploads\/2024\/09\/WhatsApp-Image-2024-09-02-at-14.19.28-3-300x200.jpeg 300w, https:\/\/ubaldofernandes.com\/wp-content\/uploads\/2024\/09\/WhatsApp-Image-2024-09-02-at-14.19.28-3-1024x682.jpeg 1024w, https:\/\/ubaldofernandes.com\/wp-content\/uploads\/2024\/09\/WhatsApp-Image-2024-09-02-at-14.19.28-3-768x512.jpeg 768w, https:\/\/ubaldofernandes.com\/wp-content\/uploads\/2024\/09\/WhatsApp-Image-2024-09-02-at-14.19.28-3-1536x1024.jpeg 1536w, https:\/\/ubaldofernandes.com\/wp-content\/uploads\/2024\/09\/WhatsApp-Image-2024-09-02-at-14.19.28-3-2048x1365.jpeg 2048w\" sizes=\"auto, (max-width: 300px) 100vw, 300px\" \/><\/a><\/figure>\n\n\n\n<figure class=\"wp-block-image size-medium\"><a href=\"https:\/\/ubaldofernandes.com\/wp-content\/uploads\/2024\/09\/WhatsApp-Image-2024-09-02-at-14.19.28.jpeg\"><img loading=\"lazy\" decoding=\"async\" width=\"300\" height=\"200\" data-id=\"7069\" src=\"https:\/\/ubaldofernandes.com\/wp-content\/uploads\/2024\/09\/WhatsApp-Image-2024-09-02-at-14.19.28-300x200.jpeg\" alt=\"\" class=\"wp-image-7069\" srcset=\"https:\/\/ubaldofernandes.com\/wp-content\/uploads\/2024\/09\/WhatsApp-Image-2024-09-02-at-14.19.28-300x200.jpeg 300w, https:\/\/ubaldofernandes.com\/wp-content\/uploads\/2024\/09\/WhatsApp-Image-2024-09-02-at-14.19.28-1024x681.jpeg 1024w, https:\/\/ubaldofernandes.com\/wp-content\/uploads\/2024\/09\/WhatsApp-Image-2024-09-02-at-14.19.28-768x511.jpeg 768w, https:\/\/ubaldofernandes.com\/wp-content\/uploads\/2024\/09\/WhatsApp-Image-2024-09-02-at-14.19.28-1536x1022.jpeg 1536w, https:\/\/ubaldofernandes.com\/wp-content\/uploads\/2024\/09\/WhatsApp-Image-2024-09-02-at-14.19.28-2048x1362.jpeg 2048w\" sizes=\"auto, (max-width: 300px) 100vw, 300px\" \/><\/a><\/figure>\n\n\n\n<figure class=\"wp-block-image size-medium\"><a href=\"https:\/\/ubaldofernandes.com\/wp-content\/uploads\/2024\/09\/WhatsApp-Image-2024-09-02-at-14.19.29-1.jpeg\"><img loading=\"lazy\" decoding=\"async\" width=\"300\" height=\"200\" data-id=\"7071\" src=\"https:\/\/ubaldofernandes.com\/wp-content\/uploads\/2024\/09\/WhatsApp-Image-2024-09-02-at-14.19.29-1-300x200.jpeg\" alt=\"\" class=\"wp-image-7071\" srcset=\"https:\/\/ubaldofernandes.com\/wp-content\/uploads\/2024\/09\/WhatsApp-Image-2024-09-02-at-14.19.29-1-300x200.jpeg 300w, https:\/\/ubaldofernandes.com\/wp-content\/uploads\/2024\/09\/WhatsApp-Image-2024-09-02-at-14.19.29-1-1024x682.jpeg 1024w, https:\/\/ubaldofernandes.com\/wp-content\/uploads\/2024\/09\/WhatsApp-Image-2024-09-02-at-14.19.29-1-768x512.jpeg 768w, https:\/\/ubaldofernandes.com\/wp-content\/uploads\/2024\/09\/WhatsApp-Image-2024-09-02-at-14.19.29-1-1536x1024.jpeg 1536w, https:\/\/ubaldofernandes.com\/wp-content\/uploads\/2024\/09\/WhatsApp-Image-2024-09-02-at-14.19.29-1-2048x1365.jpeg 2048w\" sizes=\"auto, (max-width: 300px) 100vw, 300px\" \/><\/a><\/figure>\n\n\n\n<figure class=\"wp-block-image size-medium\"><a href=\"https:\/\/ubaldofernandes.com\/wp-content\/uploads\/2024\/09\/WhatsApp-Image-2024-09-02-at-14.19.29-2.jpeg\"><img loading=\"lazy\" decoding=\"async\" width=\"300\" height=\"200\" data-id=\"7068\" src=\"https:\/\/ubaldofernandes.com\/wp-content\/uploads\/2024\/09\/WhatsApp-Image-2024-09-02-at-14.19.29-2-300x200.jpeg\" alt=\"\" class=\"wp-image-7068\" srcset=\"https:\/\/ubaldofernandes.com\/wp-content\/uploads\/2024\/09\/WhatsApp-Image-2024-09-02-at-14.19.29-2-300x200.jpeg 300w, https:\/\/ubaldofernandes.com\/wp-content\/uploads\/2024\/09\/WhatsApp-Image-2024-09-02-at-14.19.29-2-1024x682.jpeg 1024w, https:\/\/ubaldofernandes.com\/wp-content\/uploads\/2024\/09\/WhatsApp-Image-2024-09-02-at-14.19.29-2-768x512.jpeg 768w, https:\/\/ubaldofernandes.com\/wp-content\/uploads\/2024\/09\/WhatsApp-Image-2024-09-02-at-14.19.29-2-1536x1024.jpeg 1536w, https:\/\/ubaldofernandes.com\/wp-content\/uploads\/2024\/09\/WhatsApp-Image-2024-09-02-at-14.19.29-2-2048x1365.jpeg 2048w\" sizes=\"auto, (max-width: 300px) 100vw, 300px\" \/><\/a><\/figure>\n\n\n\n<figure class=\"wp-block-image size-medium\"><a href=\"https:\/\/ubaldofernandes.com\/wp-content\/uploads\/2024\/09\/WhatsApp-Image-2024-09-02-at-14.19.29.jpeg\"><img loading=\"lazy\" decoding=\"async\" width=\"300\" height=\"200\" data-id=\"7067\" src=\"https:\/\/ubaldofernandes.com\/wp-content\/uploads\/2024\/09\/WhatsApp-Image-2024-09-02-at-14.19.29-300x200.jpeg\" alt=\"\" class=\"wp-image-7067\" srcset=\"https:\/\/ubaldofernandes.com\/wp-content\/uploads\/2024\/09\/WhatsApp-Image-2024-09-02-at-14.19.29-300x200.jpeg 300w, https:\/\/ubaldofernandes.com\/wp-content\/uploads\/2024\/09\/WhatsApp-Image-2024-09-02-at-14.19.29-1024x682.jpeg 1024w, https:\/\/ubaldofernandes.com\/wp-content\/uploads\/2024\/09\/WhatsApp-Image-2024-09-02-at-14.19.29-768x512.jpeg 768w, https:\/\/ubaldofernandes.com\/wp-content\/uploads\/2024\/09\/WhatsApp-Image-2024-09-02-at-14.19.29-1536x1024.jpeg 1536w, https:\/\/ubaldofernandes.com\/wp-content\/uploads\/2024\/09\/WhatsApp-Image-2024-09-02-at-14.19.29-2048x1365.jpeg 2048w\" sizes=\"auto, (max-width: 300px) 100vw, 300px\" \/><\/a><\/figure>\n<\/figure>\n","protected":false},"featured_media":7060,"parent":0,"template":"","categories":[10],"class_list":["post-7059","actuation","type-actuation","status-publish","has-post-thumbnail","hentry","category-sessao-solene"],"acf":[],"yoast_head":"<!-- This site is optimized with the Yoast SEO plugin v24.6 - https:\/\/yoast.com\/wordpress\/plugins\/seo\/ -->\n<title>Assembleia Legislativa homenageia sacerdotes do RN em sess\u00e3o solene - Ubaldo Fernandes<\/title>\n<meta name=\"robots\" content=\"index, follow, max-snippet:-1, max-image-preview:large, max-video-preview:-1\" \/>\n<link rel=\"canonical\" href=\"https:\/\/ubaldofernandes.com\/index.php\/actuation\/assembleia-legislativa-homenageia-sacerdotes-do-rn-em-sessao-solene\/\" \/>\n<meta property=\"og:locale\" content=\"pt_BR\" \/>\n<meta property=\"og:type\" content=\"article\" \/>\n<meta property=\"og:title\" content=\"Assembleia Legislativa homenageia sacerdotes do RN em sess\u00e3o solene - Ubaldo Fernandes\" \/>\n<meta property=\"og:description\" content=\"A Assembleia Legislativa do Rio Grande do Norte realizou uma sess\u00e3o solene para homenagear sacerdotes da Arquidiocese de Natal em comemora\u00e7\u00e3o ao Dia do Padre, celebrado nacionalmente em 4 de agosto, em homenagem \u00e0 festa de S\u00e3o Jo\u00e3o Maria Vianney, que \u00e9 o padroeiro de todos os sacerdotes. A sess\u00e3o foi uma iniciativa do deputado [&hellip;]\" \/>\n<meta property=\"og:url\" content=\"https:\/\/ubaldofernandes.com\/index.php\/actuation\/assembleia-legislativa-homenageia-sacerdotes-do-rn-em-sessao-solene\/\" \/>\n<meta property=\"og:site_name\" content=\"Ubaldo Fernandes\" \/>\n<meta property=\"article:modified_time\" content=\"2024-09-02T17:30:57+00:00\" \/>\n<meta property=\"og:image\" content=\"https:\/\/ubaldofernandes.com\/wp-content\/uploads\/2024\/08\/WhatsApp-Image-2024-09-02-at-14.19.26.jpeg\" \/>\n\t<meta property=\"og:image:width\" content=\"2560\" \/>\n\t<meta property=\"og:image:height\" content=\"1703\" \/>\n\t<meta property=\"og:image:type\" content=\"image\/jpeg\" \/>\n<meta name=\"twitter:card\" content=\"summary_large_image\" \/>\n<meta name=\"twitter:label1\" content=\"Est. tempo de leitura\" \/>\n\t<meta name=\"twitter:data1\" content=\"2 minutos\" \/>\n<script type=\"application\/ld+json\" class=\"yoast-schema-graph\">{\"@context\":\"https:\/\/schema.org\",\"@graph\":[{\"@type\":\"WebPage\",\"@id\":\"https:\/\/ubaldofernandes.com\/index.php\/actuation\/assembleia-legislativa-homenageia-sacerdotes-do-rn-em-sessao-solene\/\",\"url\":\"https:\/\/ubaldofernandes.com\/index.php\/actuation\/assembleia-legislativa-homenageia-sacerdotes-do-rn-em-sessao-solene\/\",\"name\":\"Assembleia Legislativa homenageia sacerdotes do RN em sess\u00e3o solene - Ubaldo Fernandes\",\"isPartOf\":{\"@id\":\"https:\/\/ubaldofernandes.com\/#website\"},\"primaryImageOfPage\":{\"@id\":\"https:\/\/ubaldofernandes.com\/index.php\/actuation\/assembleia-legislativa-homenageia-sacerdotes-do-rn-em-sessao-solene\/#primaryimage\"},\"image\":{\"@id\":\"https:\/\/ubaldofernandes.com\/index.php\/actuation\/assembleia-legislativa-homenageia-sacerdotes-do-rn-em-sessao-solene\/#primaryimage\"},\"thumbnailUrl\":\"https:\/\/ubaldofernandes.com\/wp-content\/uploads\/2024\/08\/WhatsApp-Image-2024-09-02-at-14.19.26.jpeg\",\"datePublished\":\"2024-08-30T17:10:00+00:00\",\"dateModified\":\"2024-09-02T17:30:57+00:00\",\"breadcrumb\":{\"@id\":\"https:\/\/ubaldofernandes.com\/index.php\/actuation\/assembleia-legislativa-homenageia-sacerdotes-do-rn-em-sessao-solene\/#breadcrumb\"},\"inLanguage\":\"pt-BR\",\"potentialAction\":[{\"@type\":\"ReadAction\",\"target\":[\"https:\/\/ubaldofernandes.com\/index.php\/actuation\/assembleia-legislativa-homenageia-sacerdotes-do-rn-em-sessao-solene\/\"]}]},{\"@type\":\"ImageObject\",\"inLanguage\":\"pt-BR\",\"@id\":\"https:\/\/ubaldofernandes.com\/index.php\/actuation\/assembleia-legislativa-homenageia-sacerdotes-do-rn-em-sessao-solene\/#primaryimage\",\"url\":\"https:\/\/ubaldofernandes.com\/wp-content\/uploads\/2024\/08\/WhatsApp-Image-2024-09-02-at-14.19.26.jpeg\",\"contentUrl\":\"https:\/\/ubaldofernandes.com\/wp-content\/uploads\/2024\/08\/WhatsApp-Image-2024-09-02-at-14.19.26.jpeg\",\"width\":2560,\"height\":1703},{\"@type\":\"BreadcrumbList\",\"@id\":\"https:\/\/ubaldofernandes.com\/index.php\/actuation\/assembleia-legislativa-homenageia-sacerdotes-do-rn-em-sessao-solene\/#breadcrumb\",\"itemListElement\":[{\"@type\":\"ListItem\",\"position\":1,\"name\":\"In\u00edcio\",\"item\":\"https:\/\/ubaldofernandes.com\/\"},{\"@type\":\"ListItem\",\"position\":2,\"name\":\"Post Atua\u00e7\u00e3o Parlamentar\",\"item\":\"https:\/\/ubaldofernandes.com\/index.php\/actuation\/\"},{\"@type\":\"ListItem\",\"position\":3,\"name\":\"Assembleia Legislativa homenageia sacerdotes do RN em sess\u00e3o solene\"}]},{\"@type\":\"WebSite\",\"@id\":\"https:\/\/ubaldofernandes.com\/#website\",\"url\":\"https:\/\/ubaldofernandes.com\/\",\"name\":\"Ubaldo Fernandes\",\"description\":\"Deputado Estadual\",\"potentialAction\":[{\"@type\":\"SearchAction\",\"target\":{\"@type\":\"EntryPoint\",\"urlTemplate\":\"https:\/\/ubaldofernandes.com\/?s={search_term_string}\"},\"query-input\":{\"@type\":\"PropertyValueSpecification\",\"valueRequired\":true,\"valueName\":\"search_term_string\"}}],\"inLanguage\":\"pt-BR\"}]}<\/script>\n<!-- \/ Yoast SEO plugin. -->","yoast_head_json":{"title":"Assembleia Legislativa homenageia sacerdotes do RN em sess\u00e3o solene - Ubaldo Fernandes","robots":{"index":"index","follow":"follow","max-snippet":"max-snippet:-1","max-image-preview":"max-image-preview:large","max-video-preview":"max-video-preview:-1"},"canonical":"https:\/\/ubaldofernandes.com\/index.php\/actuation\/assembleia-legislativa-homenageia-sacerdotes-do-rn-em-sessao-solene\/","og_locale":"pt_BR","og_type":"article","og_title":"Assembleia Legislativa homenageia sacerdotes do RN em sess\u00e3o solene - Ubaldo Fernandes","og_description":"A Assembleia Legislativa do Rio Grande do Norte realizou uma sess\u00e3o solene para homenagear sacerdotes da Arquidiocese de Natal em comemora\u00e7\u00e3o ao Dia do Padre, celebrado nacionalmente em 4 de agosto, em homenagem \u00e0 festa de S\u00e3o Jo\u00e3o Maria Vianney, que \u00e9 o padroeiro de todos os sacerdotes. A sess\u00e3o foi uma iniciativa do deputado [&hellip;]","og_url":"https:\/\/ubaldofernandes.com\/index.php\/actuation\/assembleia-legislativa-homenageia-sacerdotes-do-rn-em-sessao-solene\/","og_site_name":"Ubaldo Fernandes","article_modified_time":"2024-09-02T17:30:57+00:00","og_image":[{"width":2560,"height":1703,"url":"https:\/\/ubaldofernandes.com\/wp-content\/uploads\/2024\/08\/WhatsApp-Image-2024-09-02-at-14.19.26.jpeg","type":"image\/jpeg"}],"twitter_card":"summary_large_image","twitter_misc":{"Est. tempo de leitura":"2 minutos"},"schema":{"@context":"https:\/\/schema.org","@graph":[{"@type":"WebPage","@id":"https:\/\/ubaldofernandes.com\/index.php\/actuation\/assembleia-legislativa-homenageia-sacerdotes-do-rn-em-sessao-solene\/","url":"https:\/\/ubaldofernandes.com\/index.php\/actuation\/assembleia-legislativa-homenageia-sacerdotes-do-rn-em-sessao-solene\/","name":"Assembleia Legislativa homenageia sacerdotes do RN em sess\u00e3o solene - Ubaldo Fernandes","isPartOf":{"@id":"https:\/\/ubaldofernandes.com\/#website"},"primaryImageOfPage":{"@id":"https:\/\/ubaldofernandes.com\/index.php\/actuation\/assembleia-legislativa-homenageia-sacerdotes-do-rn-em-sessao-solene\/#primaryimage"},"image":{"@id":"https:\/\/ubaldofernandes.com\/index.php\/actuation\/assembleia-legislativa-homenageia-sacerdotes-do-rn-em-sessao-solene\/#primaryimage"},"thumbnailUrl":"https:\/\/ubaldofernandes.com\/wp-content\/uploads\/2024\/08\/WhatsApp-Image-2024-09-02-at-14.19.26.jpeg","datePublished":"2024-08-30T17:10:00+00:00","dateModified":"2024-09-02T17:30:57+00:00","breadcrumb":{"@id":"https:\/\/ubaldofernandes.com\/index.php\/actuation\/assembleia-legislativa-homenageia-sacerdotes-do-rn-em-sessao-solene\/#breadcrumb"},"inLanguage":"pt-BR","potentialAction":[{"@type":"ReadAction","target":["https:\/\/ubaldofernandes.com\/index.php\/actuation\/assembleia-legislativa-homenageia-sacerdotes-do-rn-em-sessao-solene\/"]}]},{"@type":"ImageObject","inLanguage":"pt-BR","@id":"https:\/\/ubaldofernandes.com\/index.php\/actuation\/assembleia-legislativa-homenageia-sacerdotes-do-rn-em-sessao-solene\/#primaryimage","url":"https:\/\/ubaldofernandes.com\/wp-content\/uploads\/2024\/08\/WhatsApp-Image-2024-09-02-at-14.19.26.jpeg","contentUrl":"https:\/\/ubaldofernandes.com\/wp-content\/uploads\/2024\/08\/WhatsApp-Image-2024-09-02-at-14.19.26.jpeg","width":2560,"height":1703},{"@type":"BreadcrumbList","@id":"https:\/\/ubaldofernandes.com\/index.php\/actuation\/assembleia-legislativa-homenageia-sacerdotes-do-rn-em-sessao-solene\/#breadcrumb","itemListElement":[{"@type":"ListItem","position":1,"name":"In\u00edcio","item":"https:\/\/ubaldofernandes.com\/"},{"@type":"ListItem","position":2,"name":"Post Atua\u00e7\u00e3o Parlamentar","item":"https:\/\/ubaldofernandes.com\/index.php\/actuation\/"},{"@type":"ListItem","position":3,"name":"Assembleia Legislativa homenageia sacerdotes do RN em sess\u00e3o solene"}]},{"@type":"WebSite","@id":"https:\/\/ubaldofernandes.com\/#website","url":"https:\/\/ubaldofernandes.com\/","name":"Ubaldo Fernandes","description":"Deputado Estadual","potentialAction":[{"@type":"SearchAction","target":{"@type":"EntryPoint","urlTemplate":"https:\/\/ubaldofernandes.com\/?s={search_term_string}"},"query-input":{"@type":"PropertyValueSpecification","valueRequired":true,"valueName":"search_term_string"}}],"inLanguage":"pt-BR"}]}},"_links":{"self":[{"href":"https:\/\/ubaldofernandes.com\/index.php\/wp-json\/wp\/v2\/actuation\/7059","targetHints":{"allow":["GET"]}}],"collection":[{"href":"https:\/\/ubaldofernandes.com\/index.php\/wp-json\/wp\/v2\/actuation"}],"about":[{"href":"https:\/\/ubaldofernandes.com\/index.php\/wp-json\/wp\/v2\/types\/actuation"}],"wp:featuredmedia":[{"embeddable":true,"href":"https:\/\/ubaldofernandes.com\/index.php\/wp-json\/wp\/v2\/media\/7060"}],"wp:attachment":[{"href":"https:\/\/ubaldofernandes.com\/index.php\/wp-json\/wp\/v2\/media?parent=7059"}],"wp:term":[{"taxonomy":"category","embeddable":true,"href":"https:\/\/ubaldofernandes.com\/index.php\/wp-json\/wp\/v2\/categories?post=7059"}],"curies":[{"name":"wp","href":"https:\/\/api.w.org\/{rel}","templated":true}]}}