{"id":7323,"date":"2024-12-12T13:30:00","date_gmt":"2024-12-12T16:30:00","guid":{"rendered":"https:\/\/ubaldofernandes.com\/?post_type=actuation&#038;p=7323"},"modified":"2024-12-12T14:19:08","modified_gmt":"2024-12-12T17:19:08","slug":"comissao-de-defesa-do-consumidor-faz-balanco-anual-das-atividades","status":"publish","type":"actuation","link":"https:\/\/ubaldofernandes.com\/index.php\/actuation\/comissao-de-defesa-do-consumidor-faz-balanco-anual-das-atividades\/","title":{"rendered":"Comiss\u00e3o de Defesa do Consumidor faz balan\u00e7o anual das atividades"},"content":{"rendered":"\n<p>Os membros da Comiss\u00e3o de Defesa do Consumidor, Dos Direitos Humanos e Cidadania da Assembleia Legislativa reuniram-se nesta quinta-feira (12) para a \u00faltima reuni\u00e3o do ano. Na pauta, um balan\u00e7o das atividades desenvolvidas em 2024 na comiss\u00e3o.<\/p>\n\n\n\n<p>\u201cCumprimos um calend\u00e1rio extenso de atividades, onde sa\u00edmos um pouco dos entremuros da Casa Legislativa e fomos \u00e0s ruas e estivemos mais pr\u00f3ximos do cidad\u00e3o. Um ano muito proveitoso e de muita dedica\u00e7\u00e3o e trabalho\u201d, resumiu a presidente Divaneide Bas\u00edlio (PT).<\/p>\n\n\n\n<p>Ao todo foram dez reuni\u00f5es ordin\u00e1rias e administrativas, a\u00e7\u00f5es de boas pr\u00e1ticas na P\u00e1scoa, Dia das M\u00e3es, black Friday, sobre a taxa rosa, audi\u00eancias p\u00fablicas que debateram os \u201cTaxa Rosa\u201d, \u201c60 anos do Golpe Militar\u201d, \u201cJulho das Pretas\u201d, al\u00e9m da visita institucional de prefeitos em Portugal e \u00e0 cidade de Serra do Mel.<\/p>\n\n\n\n<p>Os parlamentares zeraram a pauta da comiss\u00e3o ao aprovar por unanimidade a mat\u00e9ria que disp\u00f5e sobre a obrigatoriedade dos aeroportos a fixarem placas e cartazes contendo informa\u00e7\u00f5es a respeito dos diretos dos passageiros em casos de atrasos e cancelamentos de voos no Estado.<\/p>\n\n\n\n<p>\u201cTorna-se imprescind\u00edvel adotar medidas que visem informar e proteger os passageiros, garantindo-lhes acesso a seus direitos e promovendo uma rela\u00e7\u00e3o mais equilibrada entre consumidores e empresas a\u00e9reas. A fixa\u00e7\u00e3o de placas ou banners nos aeroportos com informa\u00e7\u00f5es claras e precisas sobre os direitos dos passageiros em casos de atrasos e cancelamentos de voos \u00e9 uma medida proativa e eficaz nesse sentido\u201d, justificou o autor da mat\u00e9ria, deputado Ubaldo Fernandes.<\/p>\n","protected":false},"featured_media":7324,"parent":0,"template":"","categories":[5],"class_list":["post-7323","actuation","type-actuation","status-publish","has-post-thumbnail","hentry","category-comissoes"],"acf":[],"yoast_head":"<!-- This site is optimized with the Yoast SEO plugin v24.6 - https:\/\/yoast.com\/wordpress\/plugins\/seo\/ -->\n<title>Comiss\u00e3o de Defesa do Consumidor faz balan\u00e7o anual das atividades - Ubaldo Fernandes<\/title>\n<meta name=\"robots\" content=\"index, follow, max-snippet:-1, max-image-preview:large, max-video-preview:-1\" \/>\n<link rel=\"canonical\" href=\"https:\/\/ubaldofernandes.com\/index.php\/actuation\/comissao-de-defesa-do-consumidor-faz-balanco-anual-das-atividades\/\" \/>\n<meta property=\"og:locale\" content=\"pt_BR\" \/>\n<meta property=\"og:type\" content=\"article\" \/>\n<meta property=\"og:title\" content=\"Comiss\u00e3o de Defesa do Consumidor faz balan\u00e7o anual das atividades - Ubaldo Fernandes\" \/>\n<meta property=\"og:description\" content=\"Os membros da Comiss\u00e3o de Defesa do Consumidor, Dos Direitos Humanos e Cidadania da Assembleia Legislativa reuniram-se nesta quinta-feira (12) para a \u00faltima reuni\u00e3o do ano. Na pauta, um balan\u00e7o das atividades desenvolvidas em 2024 na comiss\u00e3o. \u201cCumprimos um calend\u00e1rio extenso de atividades, onde sa\u00edmos um pouco dos entremuros da Casa Legislativa e fomos \u00e0s [&hellip;]\" \/>\n<meta property=\"og:url\" content=\"https:\/\/ubaldofernandes.com\/index.php\/actuation\/comissao-de-defesa-do-consumidor-faz-balanco-anual-das-atividades\/\" \/>\n<meta property=\"og:site_name\" content=\"Ubaldo Fernandes\" \/>\n<meta property=\"article:modified_time\" content=\"2024-12-12T17:19:08+00:00\" \/>\n<meta property=\"og:image\" content=\"https:\/\/ubaldofernandes.com\/wp-content\/uploads\/2024\/12\/C1m8JVPGPe4zrW1CiJMyzg5PIM9aoIDTuXDHCTeV-scaled.jpg\" \/>\n\t<meta property=\"og:image:width\" content=\"2560\" \/>\n\t<meta property=\"og:image:height\" content=\"1703\" \/>\n\t<meta property=\"og:image:type\" content=\"image\/jpeg\" \/>\n<meta name=\"twitter:card\" content=\"summary_large_image\" \/>\n<meta name=\"twitter:label1\" content=\"Est. tempo de leitura\" \/>\n\t<meta name=\"twitter:data1\" content=\"1 minuto\" \/>\n<script type=\"application\/ld+json\" class=\"yoast-schema-graph\">{\"@context\":\"https:\/\/schema.org\",\"@graph\":[{\"@type\":\"WebPage\",\"@id\":\"https:\/\/ubaldofernandes.com\/index.php\/actuation\/comissao-de-defesa-do-consumidor-faz-balanco-anual-das-atividades\/\",\"url\":\"https:\/\/ubaldofernandes.com\/index.php\/actuation\/comissao-de-defesa-do-consumidor-faz-balanco-anual-das-atividades\/\",\"name\":\"Comiss\u00e3o de Defesa do Consumidor faz balan\u00e7o anual das atividades - Ubaldo Fernandes\",\"isPartOf\":{\"@id\":\"https:\/\/ubaldofernandes.com\/#website\"},\"primaryImageOfPage\":{\"@id\":\"https:\/\/ubaldofernandes.com\/index.php\/actuation\/comissao-de-defesa-do-consumidor-faz-balanco-anual-das-atividades\/#primaryimage\"},\"image\":{\"@id\":\"https:\/\/ubaldofernandes.com\/index.php\/actuation\/comissao-de-defesa-do-consumidor-faz-balanco-anual-das-atividades\/#primaryimage\"},\"thumbnailUrl\":\"https:\/\/ubaldofernandes.com\/wp-content\/uploads\/2024\/12\/C1m8JVPGPe4zrW1CiJMyzg5PIM9aoIDTuXDHCTeV-scaled.jpg\",\"datePublished\":\"2024-12-12T16:30:00+00:00\",\"dateModified\":\"2024-12-12T17:19:08+00:00\",\"breadcrumb\":{\"@id\":\"https:\/\/ubaldofernandes.com\/index.php\/actuation\/comissao-de-defesa-do-consumidor-faz-balanco-anual-das-atividades\/#breadcrumb\"},\"inLanguage\":\"pt-BR\",\"potentialAction\":[{\"@type\":\"ReadAction\",\"target\":[\"https:\/\/ubaldofernandes.com\/index.php\/actuation\/comissao-de-defesa-do-consumidor-faz-balanco-anual-das-atividades\/\"]}]},{\"@type\":\"ImageObject\",\"inLanguage\":\"pt-BR\",\"@id\":\"https:\/\/ubaldofernandes.com\/index.php\/actuation\/comissao-de-defesa-do-consumidor-faz-balanco-anual-das-atividades\/#primaryimage\",\"url\":\"https:\/\/ubaldofernandes.com\/wp-content\/uploads\/2024\/12\/C1m8JVPGPe4zrW1CiJMyzg5PIM9aoIDTuXDHCTeV-scaled.jpg\",\"contentUrl\":\"https:\/\/ubaldofernandes.com\/wp-content\/uploads\/2024\/12\/C1m8JVPGPe4zrW1CiJMyzg5PIM9aoIDTuXDHCTeV-scaled.jpg\",\"width\":2560,\"height\":1703},{\"@type\":\"BreadcrumbList\",\"@id\":\"https:\/\/ubaldofernandes.com\/index.php\/actuation\/comissao-de-defesa-do-consumidor-faz-balanco-anual-das-atividades\/#breadcrumb\",\"itemListElement\":[{\"@type\":\"ListItem\",\"position\":1,\"name\":\"In\u00edcio\",\"item\":\"https:\/\/ubaldofernandes.com\/\"},{\"@type\":\"ListItem\",\"position\":2,\"name\":\"Post Atua\u00e7\u00e3o Parlamentar\",\"item\":\"https:\/\/ubaldofernandes.com\/index.php\/actuation\/\"},{\"@type\":\"ListItem\",\"position\":3,\"name\":\"Comiss\u00e3o de Defesa do Consumidor faz balan\u00e7o anual das atividades\"}]},{\"@type\":\"WebSite\",\"@id\":\"https:\/\/ubaldofernandes.com\/#website\",\"url\":\"https:\/\/ubaldofernandes.com\/\",\"name\":\"Ubaldo Fernandes\",\"description\":\"Deputado Estadual\",\"potentialAction\":[{\"@type\":\"SearchAction\",\"target\":{\"@type\":\"EntryPoint\",\"urlTemplate\":\"https:\/\/ubaldofernandes.com\/?s={search_term_string}\"},\"query-input\":{\"@type\":\"PropertyValueSpecification\",\"valueRequired\":true,\"valueName\":\"search_term_string\"}}],\"inLanguage\":\"pt-BR\"}]}<\/script>\n<!-- \/ Yoast SEO plugin. -->","yoast_head_json":{"title":"Comiss\u00e3o de Defesa do Consumidor faz balan\u00e7o anual das atividades - Ubaldo Fernandes","robots":{"index":"index","follow":"follow","max-snippet":"max-snippet:-1","max-image-preview":"max-image-preview:large","max-video-preview":"max-video-preview:-1"},"canonical":"https:\/\/ubaldofernandes.com\/index.php\/actuation\/comissao-de-defesa-do-consumidor-faz-balanco-anual-das-atividades\/","og_locale":"pt_BR","og_type":"article","og_title":"Comiss\u00e3o de Defesa do Consumidor faz balan\u00e7o anual das atividades - Ubaldo Fernandes","og_description":"Os membros da Comiss\u00e3o de Defesa do Consumidor, Dos Direitos Humanos e Cidadania da Assembleia Legislativa reuniram-se nesta quinta-feira (12) para a \u00faltima reuni\u00e3o do ano. Na pauta, um balan\u00e7o das atividades desenvolvidas em 2024 na comiss\u00e3o. \u201cCumprimos um calend\u00e1rio extenso de atividades, onde sa\u00edmos um pouco dos entremuros da Casa Legislativa e fomos \u00e0s [&hellip;]","og_url":"https:\/\/ubaldofernandes.com\/index.php\/actuation\/comissao-de-defesa-do-consumidor-faz-balanco-anual-das-atividades\/","og_site_name":"Ubaldo Fernandes","article_modified_time":"2024-12-12T17:19:08+00:00","og_image":[{"width":2560,"height":1703,"url":"https:\/\/ubaldofernandes.com\/wp-content\/uploads\/2024\/12\/C1m8JVPGPe4zrW1CiJMyzg5PIM9aoIDTuXDHCTeV-scaled.jpg","type":"image\/jpeg"}],"twitter_card":"summary_large_image","twitter_misc":{"Est. tempo de leitura":"1 minuto"},"schema":{"@context":"https:\/\/schema.org","@graph":[{"@type":"WebPage","@id":"https:\/\/ubaldofernandes.com\/index.php\/actuation\/comissao-de-defesa-do-consumidor-faz-balanco-anual-das-atividades\/","url":"https:\/\/ubaldofernandes.com\/index.php\/actuation\/comissao-de-defesa-do-consumidor-faz-balanco-anual-das-atividades\/","name":"Comiss\u00e3o de Defesa do Consumidor faz balan\u00e7o anual das atividades - Ubaldo Fernandes","isPartOf":{"@id":"https:\/\/ubaldofernandes.com\/#website"},"primaryImageOfPage":{"@id":"https:\/\/ubaldofernandes.com\/index.php\/actuation\/comissao-de-defesa-do-consumidor-faz-balanco-anual-das-atividades\/#primaryimage"},"image":{"@id":"https:\/\/ubaldofernandes.com\/index.php\/actuation\/comissao-de-defesa-do-consumidor-faz-balanco-anual-das-atividades\/#primaryimage"},"thumbnailUrl":"https:\/\/ubaldofernandes.com\/wp-content\/uploads\/2024\/12\/C1m8JVPGPe4zrW1CiJMyzg5PIM9aoIDTuXDHCTeV-scaled.jpg","datePublished":"2024-12-12T16:30:00+00:00","dateModified":"2024-12-12T17:19:08+00:00","breadcrumb":{"@id":"https:\/\/ubaldofernandes.com\/index.php\/actuation\/comissao-de-defesa-do-consumidor-faz-balanco-anual-das-atividades\/#breadcrumb"},"inLanguage":"pt-BR","potentialAction":[{"@type":"ReadAction","target":["https:\/\/ubaldofernandes.com\/index.php\/actuation\/comissao-de-defesa-do-consumidor-faz-balanco-anual-das-atividades\/"]}]},{"@type":"ImageObject","inLanguage":"pt-BR","@id":"https:\/\/ubaldofernandes.com\/index.php\/actuation\/comissao-de-defesa-do-consumidor-faz-balanco-anual-das-atividades\/#primaryimage","url":"https:\/\/ubaldofernandes.com\/wp-content\/uploads\/2024\/12\/C1m8JVPGPe4zrW1CiJMyzg5PIM9aoIDTuXDHCTeV-scaled.jpg","contentUrl":"https:\/\/ubaldofernandes.com\/wp-content\/uploads\/2024\/12\/C1m8JVPGPe4zrW1CiJMyzg5PIM9aoIDTuXDHCTeV-scaled.jpg","width":2560,"height":1703},{"@type":"BreadcrumbList","@id":"https:\/\/ubaldofernandes.com\/index.php\/actuation\/comissao-de-defesa-do-consumidor-faz-balanco-anual-das-atividades\/#breadcrumb","itemListElement":[{"@type":"ListItem","position":1,"name":"In\u00edcio","item":"https:\/\/ubaldofernandes.com\/"},{"@type":"ListItem","position":2,"name":"Post Atua\u00e7\u00e3o Parlamentar","item":"https:\/\/ubaldofernandes.com\/index.php\/actuation\/"},{"@type":"ListItem","position":3,"name":"Comiss\u00e3o de Defesa do Consumidor faz balan\u00e7o anual das atividades"}]},{"@type":"WebSite","@id":"https:\/\/ubaldofernandes.com\/#website","url":"https:\/\/ubaldofernandes.com\/","name":"Ubaldo Fernandes","description":"Deputado Estadual","potentialAction":[{"@type":"SearchAction","target":{"@type":"EntryPoint","urlTemplate":"https:\/\/ubaldofernandes.com\/?s={search_term_string}"},"query-input":{"@type":"PropertyValueSpecification","valueRequired":true,"valueName":"search_term_string"}}],"inLanguage":"pt-BR"}]}},"_links":{"self":[{"href":"https:\/\/ubaldofernandes.com\/index.php\/wp-json\/wp\/v2\/actuation\/7323","targetHints":{"allow":["GET"]}}],"collection":[{"href":"https:\/\/ubaldofernandes.com\/index.php\/wp-json\/wp\/v2\/actuation"}],"about":[{"href":"https:\/\/ubaldofernandes.com\/index.php\/wp-json\/wp\/v2\/types\/actuation"}],"wp:featuredmedia":[{"embeddable":true,"href":"https:\/\/ubaldofernandes.com\/index.php\/wp-json\/wp\/v2\/media\/7324"}],"wp:attachment":[{"href":"https:\/\/ubaldofernandes.com\/index.php\/wp-json\/wp\/v2\/media?parent=7323"}],"wp:term":[{"taxonomy":"category","embeddable":true,"href":"https:\/\/ubaldofernandes.com\/index.php\/wp-json\/wp\/v2\/categories?post=7323"}],"curies":[{"name":"wp","href":"https:\/\/api.w.org\/{rel}","templated":true}]}}