{"id":7481,"date":"2025-02-14T12:09:00","date_gmt":"2025-02-14T15:09:00","guid":{"rendered":"https:\/\/ubaldofernandes.com\/?post_type=actuation&#038;p=7481"},"modified":"2025-02-17T16:11:17","modified_gmt":"2025-02-17T19:11:17","slug":"lei-no-12-074-de-07-de-fevereiro-de-2025-publicada-no-doe-no-dia-08-02-25","status":"publish","type":"actuation","link":"https:\/\/ubaldofernandes.com\/index.php\/actuation\/lei-no-12-074-de-07-de-fevereiro-de-2025-publicada-no-doe-no-dia-08-02-25\/","title":{"rendered":"LEI N\u00ba 12.074, DE 07 DE FEVEREIRO DE 2025, PUBLICADA NO DOE NO DIA 08\/02\/25."},"content":{"rendered":"\n<p>Disp\u00f5e sobre a obrigatoriedade de fixa\u00e7\u00e3o, pelos aeroportos no Estado do Rio Grande do Norte, de placas ou cartazes com informa\u00e7\u00f5es acerca dos direitos dos passageiros em casos de atrasos e cancelamentos de voos e d\u00e1 outras provid\u00eancias.<\/p>\n","protected":false},"featured_media":0,"parent":0,"template":"","categories":[15],"class_list":["post-7481","actuation","type-actuation","status-publish","hentry","category-leis"],"acf":[],"yoast_head":"<!-- This site is optimized with the Yoast SEO plugin v24.6 - https:\/\/yoast.com\/wordpress\/plugins\/seo\/ -->\n<title>LEI N\u00ba 12.074, DE 07 DE FEVEREIRO DE 2025, PUBLICADA NO DOE NO DIA 08\/02\/25. - Ubaldo Fernandes<\/title>\n<meta name=\"robots\" content=\"index, follow, max-snippet:-1, max-image-preview:large, max-video-preview:-1\" \/>\n<link rel=\"canonical\" href=\"https:\/\/ubaldofernandes.com\/index.php\/actuation\/lei-no-12-074-de-07-de-fevereiro-de-2025-publicada-no-doe-no-dia-08-02-25\/\" \/>\n<meta property=\"og:locale\" content=\"pt_BR\" \/>\n<meta property=\"og:type\" content=\"article\" \/>\n<meta property=\"og:title\" content=\"LEI N\u00ba 12.074, DE 07 DE FEVEREIRO DE 2025, PUBLICADA NO DOE NO DIA 08\/02\/25. - Ubaldo Fernandes\" \/>\n<meta property=\"og:description\" content=\"Disp\u00f5e sobre a obrigatoriedade de fixa\u00e7\u00e3o, pelos aeroportos no Estado do Rio Grande do Norte, de placas ou cartazes com informa\u00e7\u00f5es acerca dos direitos dos passageiros em casos de atrasos e cancelamentos de voos e d\u00e1 outras provid\u00eancias.\" \/>\n<meta property=\"og:url\" content=\"https:\/\/ubaldofernandes.com\/index.php\/actuation\/lei-no-12-074-de-07-de-fevereiro-de-2025-publicada-no-doe-no-dia-08-02-25\/\" \/>\n<meta property=\"og:site_name\" content=\"Ubaldo Fernandes\" \/>\n<meta property=\"article:modified_time\" content=\"2025-02-17T19:11:17+00:00\" \/>\n<meta name=\"twitter:card\" content=\"summary_large_image\" \/>\n<script type=\"application\/ld+json\" class=\"yoast-schema-graph\">{\"@context\":\"https:\/\/schema.org\",\"@graph\":[{\"@type\":\"WebPage\",\"@id\":\"https:\/\/ubaldofernandes.com\/index.php\/actuation\/lei-no-12-074-de-07-de-fevereiro-de-2025-publicada-no-doe-no-dia-08-02-25\/\",\"url\":\"https:\/\/ubaldofernandes.com\/index.php\/actuation\/lei-no-12-074-de-07-de-fevereiro-de-2025-publicada-no-doe-no-dia-08-02-25\/\",\"name\":\"LEI N\u00ba 12.074, DE 07 DE FEVEREIRO DE 2025, PUBLICADA NO DOE NO DIA 08\/02\/25. - Ubaldo Fernandes\",\"isPartOf\":{\"@id\":\"https:\/\/ubaldofernandes.com\/#website\"},\"datePublished\":\"2025-02-14T15:09:00+00:00\",\"dateModified\":\"2025-02-17T19:11:17+00:00\",\"breadcrumb\":{\"@id\":\"https:\/\/ubaldofernandes.com\/index.php\/actuation\/lei-no-12-074-de-07-de-fevereiro-de-2025-publicada-no-doe-no-dia-08-02-25\/#breadcrumb\"},\"inLanguage\":\"pt-BR\",\"potentialAction\":[{\"@type\":\"ReadAction\",\"target\":[\"https:\/\/ubaldofernandes.com\/index.php\/actuation\/lei-no-12-074-de-07-de-fevereiro-de-2025-publicada-no-doe-no-dia-08-02-25\/\"]}]},{\"@type\":\"BreadcrumbList\",\"@id\":\"https:\/\/ubaldofernandes.com\/index.php\/actuation\/lei-no-12-074-de-07-de-fevereiro-de-2025-publicada-no-doe-no-dia-08-02-25\/#breadcrumb\",\"itemListElement\":[{\"@type\":\"ListItem\",\"position\":1,\"name\":\"In\u00edcio\",\"item\":\"https:\/\/ubaldofernandes.com\/\"},{\"@type\":\"ListItem\",\"position\":2,\"name\":\"Post Atua\u00e7\u00e3o Parlamentar\",\"item\":\"https:\/\/ubaldofernandes.com\/index.php\/actuation\/\"},{\"@type\":\"ListItem\",\"position\":3,\"name\":\"LEI N\u00ba 12.074, DE 07 DE FEVEREIRO DE 2025, PUBLICADA NO DOE NO DIA 08\/02\/25.\"}]},{\"@type\":\"WebSite\",\"@id\":\"https:\/\/ubaldofernandes.com\/#website\",\"url\":\"https:\/\/ubaldofernandes.com\/\",\"name\":\"Ubaldo Fernandes\",\"description\":\"Deputado Estadual\",\"potentialAction\":[{\"@type\":\"SearchAction\",\"target\":{\"@type\":\"EntryPoint\",\"urlTemplate\":\"https:\/\/ubaldofernandes.com\/?s={search_term_string}\"},\"query-input\":{\"@type\":\"PropertyValueSpecification\",\"valueRequired\":true,\"valueName\":\"search_term_string\"}}],\"inLanguage\":\"pt-BR\"}]}<\/script>\n<!-- \/ Yoast SEO plugin. -->","yoast_head_json":{"title":"LEI N\u00ba 12.074, DE 07 DE FEVEREIRO DE 2025, PUBLICADA NO DOE NO DIA 08\/02\/25. - Ubaldo Fernandes","robots":{"index":"index","follow":"follow","max-snippet":"max-snippet:-1","max-image-preview":"max-image-preview:large","max-video-preview":"max-video-preview:-1"},"canonical":"https:\/\/ubaldofernandes.com\/index.php\/actuation\/lei-no-12-074-de-07-de-fevereiro-de-2025-publicada-no-doe-no-dia-08-02-25\/","og_locale":"pt_BR","og_type":"article","og_title":"LEI N\u00ba 12.074, DE 07 DE FEVEREIRO DE 2025, PUBLICADA NO DOE NO DIA 08\/02\/25. - Ubaldo Fernandes","og_description":"Disp\u00f5e sobre a obrigatoriedade de fixa\u00e7\u00e3o, pelos aeroportos no Estado do Rio Grande do Norte, de placas ou cartazes com informa\u00e7\u00f5es acerca dos direitos dos passageiros em casos de atrasos e cancelamentos de voos e d\u00e1 outras provid\u00eancias.","og_url":"https:\/\/ubaldofernandes.com\/index.php\/actuation\/lei-no-12-074-de-07-de-fevereiro-de-2025-publicada-no-doe-no-dia-08-02-25\/","og_site_name":"Ubaldo Fernandes","article_modified_time":"2025-02-17T19:11:17+00:00","twitter_card":"summary_large_image","schema":{"@context":"https:\/\/schema.org","@graph":[{"@type":"WebPage","@id":"https:\/\/ubaldofernandes.com\/index.php\/actuation\/lei-no-12-074-de-07-de-fevereiro-de-2025-publicada-no-doe-no-dia-08-02-25\/","url":"https:\/\/ubaldofernandes.com\/index.php\/actuation\/lei-no-12-074-de-07-de-fevereiro-de-2025-publicada-no-doe-no-dia-08-02-25\/","name":"LEI N\u00ba 12.074, DE 07 DE FEVEREIRO DE 2025, PUBLICADA NO DOE NO DIA 08\/02\/25. - Ubaldo Fernandes","isPartOf":{"@id":"https:\/\/ubaldofernandes.com\/#website"},"datePublished":"2025-02-14T15:09:00+00:00","dateModified":"2025-02-17T19:11:17+00:00","breadcrumb":{"@id":"https:\/\/ubaldofernandes.com\/index.php\/actuation\/lei-no-12-074-de-07-de-fevereiro-de-2025-publicada-no-doe-no-dia-08-02-25\/#breadcrumb"},"inLanguage":"pt-BR","potentialAction":[{"@type":"ReadAction","target":["https:\/\/ubaldofernandes.com\/index.php\/actuation\/lei-no-12-074-de-07-de-fevereiro-de-2025-publicada-no-doe-no-dia-08-02-25\/"]}]},{"@type":"BreadcrumbList","@id":"https:\/\/ubaldofernandes.com\/index.php\/actuation\/lei-no-12-074-de-07-de-fevereiro-de-2025-publicada-no-doe-no-dia-08-02-25\/#breadcrumb","itemListElement":[{"@type":"ListItem","position":1,"name":"In\u00edcio","item":"https:\/\/ubaldofernandes.com\/"},{"@type":"ListItem","position":2,"name":"Post Atua\u00e7\u00e3o Parlamentar","item":"https:\/\/ubaldofernandes.com\/index.php\/actuation\/"},{"@type":"ListItem","position":3,"name":"LEI N\u00ba 12.074, DE 07 DE FEVEREIRO DE 2025, PUBLICADA NO DOE NO DIA 08\/02\/25."}]},{"@type":"WebSite","@id":"https:\/\/ubaldofernandes.com\/#website","url":"https:\/\/ubaldofernandes.com\/","name":"Ubaldo Fernandes","description":"Deputado Estadual","potentialAction":[{"@type":"SearchAction","target":{"@type":"EntryPoint","urlTemplate":"https:\/\/ubaldofernandes.com\/?s={search_term_string}"},"query-input":{"@type":"PropertyValueSpecification","valueRequired":true,"valueName":"search_term_string"}}],"inLanguage":"pt-BR"}]}},"_links":{"self":[{"href":"https:\/\/ubaldofernandes.com\/index.php\/wp-json\/wp\/v2\/actuation\/7481","targetHints":{"allow":["GET"]}}],"collection":[{"href":"https:\/\/ubaldofernandes.com\/index.php\/wp-json\/wp\/v2\/actuation"}],"about":[{"href":"https:\/\/ubaldofernandes.com\/index.php\/wp-json\/wp\/v2\/types\/actuation"}],"wp:attachment":[{"href":"https:\/\/ubaldofernandes.com\/index.php\/wp-json\/wp\/v2\/media?parent=7481"}],"wp:term":[{"taxonomy":"category","embeddable":true,"href":"https:\/\/ubaldofernandes.com\/index.php\/wp-json\/wp\/v2\/categories?post=7481"}],"curies":[{"name":"wp","href":"https:\/\/api.w.org\/{rel}","templated":true}]}}