{"id":7491,"date":"2025-02-18T14:16:00","date_gmt":"2025-02-18T17:16:00","guid":{"rendered":"https:\/\/ubaldofernandes.com\/?post_type=actuation&#038;p=7491"},"modified":"2025-02-19T14:24:14","modified_gmt":"2025-02-19T17:24:14","slug":"assembleia-legislativa-do-rn-instala-ccj-e-elege-kleber-rodrigues-como-presidente","status":"publish","type":"actuation","link":"https:\/\/ubaldofernandes.com\/index.php\/actuation\/assembleia-legislativa-do-rn-instala-ccj-e-elege-kleber-rodrigues-como-presidente\/","title":{"rendered":"Assembleia Legislativa do RN instala CCJ e elege Kleber Rodrigues como presidente"},"content":{"rendered":"\n<p>A Comiss\u00e3o de Constitui\u00e7\u00e3o, Justi\u00e7a e Reda\u00e7\u00e3o (CCJ) da Assembleia Legislativa do Rio Grande do Norte foi instalada na manh\u00e3 desta ter\u00e7a-feira (18), com a elei\u00e7\u00e3o un\u00e2nime do deputado Kleber Rodrigues (PSDB) para a presid\u00eancia e da deputada Isolda Dantas (PT) para a vice-presid\u00eancia. A composi\u00e7\u00e3o do colegiado conta ainda com os deputados Ubaldo Fernandes (PSDB), Neilton Di\u00f3genes (PP), Nelter Queiroz (PSDB), Galeno Torquato (PSDB) e Dr. Kerginaldo (PL).<\/p>\n\n\n\n<p>Reeleito para comandar a CCJ, Kleber Rodrigues agradeceu a confian\u00e7a dos colegas e reafirmou o compromisso com a celeridade e a responsabilidade na an\u00e1lise das proposi\u00e7\u00f5es. \u201cEstou sendo reconduzido mais uma vez para ficar \u00e0 frente da CCJ, e o que eu posso dizer \u00e0 nossa sociedade \u00e9 que temos a certeza de que daremos celeridade com toda a responsabilidade. Cada deputado desta comiss\u00e3o trabalhar\u00e1 com zelo e dedica\u00e7\u00e3o para que os projetos avancem para o plen\u00e1rio\u201d, destacou.<\/p>\n\n\n\n<p>Os demais parlamentares presentes parabenizaram Kleber Rodrigues pela recondu\u00e7\u00e3o. O deputado Ubaldo Fernandes ressaltou a import\u00e2ncia da comiss\u00e3o, considerada a \u201ccomiss\u00e3o m\u00e3e\u201d da Assembleia, por onde passam todas as proposi\u00e7\u00f5es legislativas. J\u00e1 Galeno Torquato enfatizou a necessidade de manter reuni\u00f5es administrativas para garantir o andamento eficiente das pautas. Dr. Kerginaldo e Neilton Di\u00f3genes elogiaram o compromisso e a determina\u00e7\u00e3o do presidente reeleito, destacando sua dedica\u00e7\u00e3o para fazer a CCJ avan\u00e7ar.<\/p>\n\n\n\n<p>As reuni\u00f5es da CCJR continuar\u00e3o sendo realizadas \u00e0s ter\u00e7as-feiras, a partir das 9h, na sala das comiss\u00f5es da Assembleia Legislativa. A deputada Isolda Dantas e o deputado Nelter Queiroz justificaram aus\u00eancia na reuni\u00e3o de instala\u00e7\u00e3o.<\/p>\n\n\n\n<p><strong>Composi\u00e7\u00e3o da Comiss\u00e3o de Constitui\u00e7\u00e3o, Justi\u00e7a e Reda\u00e7\u00e3o (CCJ)<\/strong><br><strong>Titulares<\/strong>: Kleber Rodrigues (PSDB) &#8211; presidente, &nbsp;Isolda Dantas (PT) &#8211; vice-presidente, Ubaldo Fernandes (PSDB), Galeno Torquato (PSDB), Neilton Di\u00f3genes (PP), Nelter Queiroz (PSDB) e Dr. Kerginaldo (PL).<br><strong>Suplentes<\/strong>: Hermano Morais (PV), Vivaldo Costa (PV), Divaneide Bas\u00edlio (PT), Cristiane Dantas (SDD), Francisco do PT, Dr. Bernardo (PSDB), Coronel Azevedo (PL).<\/p>\n\n\n\n<p><strong>SAIBA MAIS<\/strong><br>A Comiss\u00e3o de Constitui\u00e7\u00e3o, Justi\u00e7a e Reda\u00e7\u00e3o (CCJ) da Assembleia Legislativa do Rio Grande do Norte \u00e9 respons\u00e1vel por analisar a constitucionalidade, legalidade, juridicidade e t\u00e9cnica legislativa das proposi\u00e7\u00f5es em tramita\u00e7\u00e3o. Al\u00e9m de avaliar a admissibilidade de propostas de emenda \u00e0 Constitui\u00e7\u00e3o e mat\u00e9rias jur\u00eddicas, a comiss\u00e3o trata de temas como direitos fundamentais, organiza\u00e7\u00e3o do Estado, divis\u00e3o judici\u00e1ria e normas regimentais. Tamb\u00e9m delibera sobre a perda de mandato de deputados, suspens\u00e3o de imunidade parlamentar, pris\u00f5es e processos criminais contra parlamentares, al\u00e9m de analisar pedidos de licen\u00e7a do governador e do vice-governador e admissibilidade de acusa\u00e7\u00f5es contra essas autoridades e secret\u00e1rios de Estado. A CCJ pode sustar atos normativos do Executivo que ultrapassem seus poderes e zelar pela compet\u00eancia legislativa da Assembleia. Al\u00e9m disso, participa da escolha e destitui\u00e7\u00e3o do procurador-geral de Justi\u00e7a, da an\u00e1lise da constitucionalidade de leis estaduais e municipais e da elabora\u00e7\u00e3o da reda\u00e7\u00e3o final das proposi\u00e7\u00f5es legislativas.<\/p>\n","protected":false},"featured_media":7493,"parent":0,"template":"","categories":[5],"class_list":["post-7491","actuation","type-actuation","status-publish","has-post-thumbnail","hentry","category-comissoes"],"acf":[],"yoast_head":"<!-- This site is optimized with the Yoast SEO plugin v24.6 - https:\/\/yoast.com\/wordpress\/plugins\/seo\/ -->\n<title>Assembleia Legislativa do RN instala CCJ e elege Kleber Rodrigues como presidente - Ubaldo Fernandes<\/title>\n<meta name=\"robots\" content=\"index, follow, max-snippet:-1, max-image-preview:large, max-video-preview:-1\" \/>\n<link rel=\"canonical\" href=\"https:\/\/ubaldofernandes.com\/index.php\/actuation\/assembleia-legislativa-do-rn-instala-ccj-e-elege-kleber-rodrigues-como-presidente\/\" \/>\n<meta property=\"og:locale\" content=\"pt_BR\" \/>\n<meta property=\"og:type\" content=\"article\" \/>\n<meta property=\"og:title\" content=\"Assembleia Legislativa do RN instala CCJ e elege Kleber Rodrigues como presidente - Ubaldo Fernandes\" \/>\n<meta property=\"og:description\" content=\"A Comiss\u00e3o de Constitui\u00e7\u00e3o, Justi\u00e7a e Reda\u00e7\u00e3o (CCJ) da Assembleia Legislativa do Rio Grande do Norte foi instalada na manh\u00e3 desta ter\u00e7a-feira (18), com a elei\u00e7\u00e3o un\u00e2nime do deputado Kleber Rodrigues (PSDB) para a presid\u00eancia e da deputada Isolda Dantas (PT) para a vice-presid\u00eancia. A composi\u00e7\u00e3o do colegiado conta ainda com os deputados Ubaldo Fernandes [&hellip;]\" \/>\n<meta property=\"og:url\" content=\"https:\/\/ubaldofernandes.com\/index.php\/actuation\/assembleia-legislativa-do-rn-instala-ccj-e-elege-kleber-rodrigues-como-presidente\/\" \/>\n<meta property=\"og:site_name\" content=\"Ubaldo Fernandes\" \/>\n<meta property=\"article:modified_time\" content=\"2025-02-19T17:24:14+00:00\" \/>\n<meta property=\"og:image\" content=\"https:\/\/ubaldofernandes.com\/wp-content\/uploads\/2025\/02\/CDU2bzmMg2A1cScWxzcXCcBmIvRHBozXSzHTWkRa-min-scaled.jpg\" \/>\n\t<meta property=\"og:image:width\" content=\"2560\" \/>\n\t<meta property=\"og:image:height\" content=\"1703\" \/>\n\t<meta property=\"og:image:type\" content=\"image\/jpeg\" \/>\n<meta name=\"twitter:card\" content=\"summary_large_image\" \/>\n<meta name=\"twitter:label1\" content=\"Est. tempo de leitura\" \/>\n\t<meta name=\"twitter:data1\" content=\"3 minutos\" \/>\n<script type=\"application\/ld+json\" class=\"yoast-schema-graph\">{\"@context\":\"https:\/\/schema.org\",\"@graph\":[{\"@type\":\"WebPage\",\"@id\":\"https:\/\/ubaldofernandes.com\/index.php\/actuation\/assembleia-legislativa-do-rn-instala-ccj-e-elege-kleber-rodrigues-como-presidente\/\",\"url\":\"https:\/\/ubaldofernandes.com\/index.php\/actuation\/assembleia-legislativa-do-rn-instala-ccj-e-elege-kleber-rodrigues-como-presidente\/\",\"name\":\"Assembleia Legislativa do RN instala CCJ e elege Kleber Rodrigues como presidente - Ubaldo Fernandes\",\"isPartOf\":{\"@id\":\"https:\/\/ubaldofernandes.com\/#website\"},\"primaryImageOfPage\":{\"@id\":\"https:\/\/ubaldofernandes.com\/index.php\/actuation\/assembleia-legislativa-do-rn-instala-ccj-e-elege-kleber-rodrigues-como-presidente\/#primaryimage\"},\"image\":{\"@id\":\"https:\/\/ubaldofernandes.com\/index.php\/actuation\/assembleia-legislativa-do-rn-instala-ccj-e-elege-kleber-rodrigues-como-presidente\/#primaryimage\"},\"thumbnailUrl\":\"https:\/\/ubaldofernandes.com\/wp-content\/uploads\/2025\/02\/CDU2bzmMg2A1cScWxzcXCcBmIvRHBozXSzHTWkRa-min-scaled.jpg\",\"datePublished\":\"2025-02-18T17:16:00+00:00\",\"dateModified\":\"2025-02-19T17:24:14+00:00\",\"breadcrumb\":{\"@id\":\"https:\/\/ubaldofernandes.com\/index.php\/actuation\/assembleia-legislativa-do-rn-instala-ccj-e-elege-kleber-rodrigues-como-presidente\/#breadcrumb\"},\"inLanguage\":\"pt-BR\",\"potentialAction\":[{\"@type\":\"ReadAction\",\"target\":[\"https:\/\/ubaldofernandes.com\/index.php\/actuation\/assembleia-legislativa-do-rn-instala-ccj-e-elege-kleber-rodrigues-como-presidente\/\"]}]},{\"@type\":\"ImageObject\",\"inLanguage\":\"pt-BR\",\"@id\":\"https:\/\/ubaldofernandes.com\/index.php\/actuation\/assembleia-legislativa-do-rn-instala-ccj-e-elege-kleber-rodrigues-como-presidente\/#primaryimage\",\"url\":\"https:\/\/ubaldofernandes.com\/wp-content\/uploads\/2025\/02\/CDU2bzmMg2A1cScWxzcXCcBmIvRHBozXSzHTWkRa-min-scaled.jpg\",\"contentUrl\":\"https:\/\/ubaldofernandes.com\/wp-content\/uploads\/2025\/02\/CDU2bzmMg2A1cScWxzcXCcBmIvRHBozXSzHTWkRa-min-scaled.jpg\",\"width\":2560,\"height\":1703},{\"@type\":\"BreadcrumbList\",\"@id\":\"https:\/\/ubaldofernandes.com\/index.php\/actuation\/assembleia-legislativa-do-rn-instala-ccj-e-elege-kleber-rodrigues-como-presidente\/#breadcrumb\",\"itemListElement\":[{\"@type\":\"ListItem\",\"position\":1,\"name\":\"In\u00edcio\",\"item\":\"https:\/\/ubaldofernandes.com\/\"},{\"@type\":\"ListItem\",\"position\":2,\"name\":\"Post Atua\u00e7\u00e3o Parlamentar\",\"item\":\"https:\/\/ubaldofernandes.com\/index.php\/actuation\/\"},{\"@type\":\"ListItem\",\"position\":3,\"name\":\"Assembleia Legislativa do RN instala CCJ e elege Kleber Rodrigues como presidente\"}]},{\"@type\":\"WebSite\",\"@id\":\"https:\/\/ubaldofernandes.com\/#website\",\"url\":\"https:\/\/ubaldofernandes.com\/\",\"name\":\"Ubaldo Fernandes\",\"description\":\"Deputado Estadual\",\"potentialAction\":[{\"@type\":\"SearchAction\",\"target\":{\"@type\":\"EntryPoint\",\"urlTemplate\":\"https:\/\/ubaldofernandes.com\/?s={search_term_string}\"},\"query-input\":{\"@type\":\"PropertyValueSpecification\",\"valueRequired\":true,\"valueName\":\"search_term_string\"}}],\"inLanguage\":\"pt-BR\"}]}<\/script>\n<!-- \/ Yoast SEO plugin. -->","yoast_head_json":{"title":"Assembleia Legislativa do RN instala CCJ e elege Kleber Rodrigues como presidente - Ubaldo Fernandes","robots":{"index":"index","follow":"follow","max-snippet":"max-snippet:-1","max-image-preview":"max-image-preview:large","max-video-preview":"max-video-preview:-1"},"canonical":"https:\/\/ubaldofernandes.com\/index.php\/actuation\/assembleia-legislativa-do-rn-instala-ccj-e-elege-kleber-rodrigues-como-presidente\/","og_locale":"pt_BR","og_type":"article","og_title":"Assembleia Legislativa do RN instala CCJ e elege Kleber Rodrigues como presidente - Ubaldo Fernandes","og_description":"A Comiss\u00e3o de Constitui\u00e7\u00e3o, Justi\u00e7a e Reda\u00e7\u00e3o (CCJ) da Assembleia Legislativa do Rio Grande do Norte foi instalada na manh\u00e3 desta ter\u00e7a-feira (18), com a elei\u00e7\u00e3o un\u00e2nime do deputado Kleber Rodrigues (PSDB) para a presid\u00eancia e da deputada Isolda Dantas (PT) para a vice-presid\u00eancia. A composi\u00e7\u00e3o do colegiado conta ainda com os deputados Ubaldo Fernandes [&hellip;]","og_url":"https:\/\/ubaldofernandes.com\/index.php\/actuation\/assembleia-legislativa-do-rn-instala-ccj-e-elege-kleber-rodrigues-como-presidente\/","og_site_name":"Ubaldo Fernandes","article_modified_time":"2025-02-19T17:24:14+00:00","og_image":[{"width":2560,"height":1703,"url":"https:\/\/ubaldofernandes.com\/wp-content\/uploads\/2025\/02\/CDU2bzmMg2A1cScWxzcXCcBmIvRHBozXSzHTWkRa-min-scaled.jpg","type":"image\/jpeg"}],"twitter_card":"summary_large_image","twitter_misc":{"Est. tempo de leitura":"3 minutos"},"schema":{"@context":"https:\/\/schema.org","@graph":[{"@type":"WebPage","@id":"https:\/\/ubaldofernandes.com\/index.php\/actuation\/assembleia-legislativa-do-rn-instala-ccj-e-elege-kleber-rodrigues-como-presidente\/","url":"https:\/\/ubaldofernandes.com\/index.php\/actuation\/assembleia-legislativa-do-rn-instala-ccj-e-elege-kleber-rodrigues-como-presidente\/","name":"Assembleia Legislativa do RN instala CCJ e elege Kleber Rodrigues como presidente - Ubaldo Fernandes","isPartOf":{"@id":"https:\/\/ubaldofernandes.com\/#website"},"primaryImageOfPage":{"@id":"https:\/\/ubaldofernandes.com\/index.php\/actuation\/assembleia-legislativa-do-rn-instala-ccj-e-elege-kleber-rodrigues-como-presidente\/#primaryimage"},"image":{"@id":"https:\/\/ubaldofernandes.com\/index.php\/actuation\/assembleia-legislativa-do-rn-instala-ccj-e-elege-kleber-rodrigues-como-presidente\/#primaryimage"},"thumbnailUrl":"https:\/\/ubaldofernandes.com\/wp-content\/uploads\/2025\/02\/CDU2bzmMg2A1cScWxzcXCcBmIvRHBozXSzHTWkRa-min-scaled.jpg","datePublished":"2025-02-18T17:16:00+00:00","dateModified":"2025-02-19T17:24:14+00:00","breadcrumb":{"@id":"https:\/\/ubaldofernandes.com\/index.php\/actuation\/assembleia-legislativa-do-rn-instala-ccj-e-elege-kleber-rodrigues-como-presidente\/#breadcrumb"},"inLanguage":"pt-BR","potentialAction":[{"@type":"ReadAction","target":["https:\/\/ubaldofernandes.com\/index.php\/actuation\/assembleia-legislativa-do-rn-instala-ccj-e-elege-kleber-rodrigues-como-presidente\/"]}]},{"@type":"ImageObject","inLanguage":"pt-BR","@id":"https:\/\/ubaldofernandes.com\/index.php\/actuation\/assembleia-legislativa-do-rn-instala-ccj-e-elege-kleber-rodrigues-como-presidente\/#primaryimage","url":"https:\/\/ubaldofernandes.com\/wp-content\/uploads\/2025\/02\/CDU2bzmMg2A1cScWxzcXCcBmIvRHBozXSzHTWkRa-min-scaled.jpg","contentUrl":"https:\/\/ubaldofernandes.com\/wp-content\/uploads\/2025\/02\/CDU2bzmMg2A1cScWxzcXCcBmIvRHBozXSzHTWkRa-min-scaled.jpg","width":2560,"height":1703},{"@type":"BreadcrumbList","@id":"https:\/\/ubaldofernandes.com\/index.php\/actuation\/assembleia-legislativa-do-rn-instala-ccj-e-elege-kleber-rodrigues-como-presidente\/#breadcrumb","itemListElement":[{"@type":"ListItem","position":1,"name":"In\u00edcio","item":"https:\/\/ubaldofernandes.com\/"},{"@type":"ListItem","position":2,"name":"Post Atua\u00e7\u00e3o Parlamentar","item":"https:\/\/ubaldofernandes.com\/index.php\/actuation\/"},{"@type":"ListItem","position":3,"name":"Assembleia Legislativa do RN instala CCJ e elege Kleber Rodrigues como presidente"}]},{"@type":"WebSite","@id":"https:\/\/ubaldofernandes.com\/#website","url":"https:\/\/ubaldofernandes.com\/","name":"Ubaldo Fernandes","description":"Deputado Estadual","potentialAction":[{"@type":"SearchAction","target":{"@type":"EntryPoint","urlTemplate":"https:\/\/ubaldofernandes.com\/?s={search_term_string}"},"query-input":{"@type":"PropertyValueSpecification","valueRequired":true,"valueName":"search_term_string"}}],"inLanguage":"pt-BR"}]}},"_links":{"self":[{"href":"https:\/\/ubaldofernandes.com\/index.php\/wp-json\/wp\/v2\/actuation\/7491","targetHints":{"allow":["GET"]}}],"collection":[{"href":"https:\/\/ubaldofernandes.com\/index.php\/wp-json\/wp\/v2\/actuation"}],"about":[{"href":"https:\/\/ubaldofernandes.com\/index.php\/wp-json\/wp\/v2\/types\/actuation"}],"wp:featuredmedia":[{"embeddable":true,"href":"https:\/\/ubaldofernandes.com\/index.php\/wp-json\/wp\/v2\/media\/7493"}],"wp:attachment":[{"href":"https:\/\/ubaldofernandes.com\/index.php\/wp-json\/wp\/v2\/media?parent=7491"}],"wp:term":[{"taxonomy":"category","embeddable":true,"href":"https:\/\/ubaldofernandes.com\/index.php\/wp-json\/wp\/v2\/categories?post=7491"}],"curies":[{"name":"wp","href":"https:\/\/api.w.org\/{rel}","templated":true}]}}