{"id":7542,"date":"2025-02-25T15:59:00","date_gmt":"2025-02-25T18:59:00","guid":{"rendered":"https:\/\/ubaldofernandes.com\/?post_type=actuation&#038;p=7542"},"modified":"2025-03-10T16:05:32","modified_gmt":"2025-03-10T19:05:32","slug":"ccj-da-assembleia-estreia-registro-de-votos-em-painel-eletronico","status":"publish","type":"actuation","link":"https:\/\/ubaldofernandes.com\/index.php\/actuation\/ccj-da-assembleia-estreia-registro-de-votos-em-painel-eletronico\/","title":{"rendered":"CCJ da Assembleia estreia registro de votos em painel eletr\u00f4nico"},"content":{"rendered":"\n<p>A Comiss\u00e3o de Constitui\u00e7\u00e3o, Justi\u00e7a e Reda\u00e7\u00e3o (CCJ) da Assembleia Legislativa do Rio Grande do Norte realizou, na manh\u00e3 desta ter\u00e7a-feira (25), reuni\u00e3o sob a presid\u00eancia do deputado Kleber Rodrigues (PSDB). A sess\u00e3o contou com uma novidade: a implanta\u00e7\u00e3o do painel eletr\u00f4nico para registro de votos, substituindo o envio impresso de documentos, tornando o processo mais \u00e1gil e transparente.<\/p>\n\n\n\n<p>Entre os projetos apreciados, foi destaque a proposta do deputado Dr. Kerginaldo (PL), que estabelece a realiza\u00e7\u00e3o de orienta\u00e7\u00e3o e treinamento da Manobra de Heimlich (desengasgo) durante o acompanhamento pr\u00e9-natal de gestantes na rede p\u00fablica e privada do estado. \u201cEssa \u00e9 uma pr\u00e1tica simples que pode salvar vidas, e deve ser institu\u00edda o mais r\u00e1pido poss\u00edvel nas unidades de sa\u00fade p\u00fablica do RN\u201d, defendeu o parlamentar. O deputado Neilton Di\u00f3genes (PP), que \u00e9 enfermeiro, tamb\u00e9m destacou a relev\u00e2ncia da iniciativa para o salvamento de vidas.<\/p>\n\n\n\n<p>Outro projeto aprovado foi a proposta do deputado Ezequiel Ferreira (PSDB), presidente da Assembleia Legislativa do RN, que reconhece o &#8220;Projeto Cultural Ribeira Bo\u00eamia&#8221; como Patrim\u00f4nio Cultural Imaterial do Estado.<\/p>\n\n\n\n<p>A CCJ tamb\u00e9m analisou e aprovou o Projeto de Lei Complementar da Mesa Diretora que altera a Lei Complementar n\u00ba 724\/2022, referente ao Regime de Previd\u00eancia Complementar para agentes pol\u00edticos e servidores n\u00e3o efetivos da Assembleia Legislativa.<\/p>\n\n\n\n<p>Outros temas abordados inclu\u00edram a proibi\u00e7\u00e3o de cartazes e propagandas pol\u00edticas em institui\u00e7\u00f5es p\u00fablicas estaduais, a concess\u00e3o de t\u00edtulos de utilidade p\u00fablica a diversas entidades e o reconhecimento do Carnaval de Apodi como Patrim\u00f4nio Cultural e Tur\u00edstico Imaterial do RN.<\/p>\n\n\n\n<p>Moderniza\u00e7\u00e3o<br>As Comiss\u00f5es da Assembleia Legislativa do Rio Grande do Norte passaram a contar, a partir de hoje, com um painel eletr\u00f4nico para registro de votos e marca\u00e7\u00e3o da presen\u00e7a dos membros por meio de reconhecimento facial, da mesma forma j\u00e1 aplicada nas sess\u00f5es ordin\u00e1rias em plen\u00e1rio. Trata-se de mais um m\u00f3dulo do sistema de processo legislativo eletr\u00f4nico, e-Legis, desenvolvido pela equipe da Diretoria de Gest\u00e3o Tecnol\u00f3gica e Informa\u00e7\u00e3o da Casa, visando modernizar os trabalhos da comiss\u00e3o e garantir mais transpar\u00eancia e agilidade nas delibera\u00e7\u00f5es.<\/p>\n\n\n\n<p>O deputado Kleber Rodrigues parabenizou a equipe t\u00e9cnica da Casa pela moderniza\u00e7\u00e3o do sistema de vota\u00e7\u00e3o. \u201cQuero parabenizar a equipe de inform\u00e1tica da Assembleia, que tem se destacado em todo o Brasil, fazendo um excelente trabalho para dar celeridade e agilidade com toda responsabilidade\u201d, afirmou.<br>&nbsp;<br>Com essa inova\u00e7\u00e3o, todos os procedimentos no \u00e2mbito das comiss\u00f5es passam a ser eletr\u00f4nicos, garantindo mais seguran\u00e7a na informa\u00e7\u00e3o, agilidade e transpar\u00eancia. Al\u00e9m disso, o cidad\u00e3o ter\u00e1 acesso direto aos dados por meio do Portal da Transpar\u00eancia Legislativa.<\/p>\n","protected":false},"featured_media":7543,"parent":0,"template":"","categories":[5],"class_list":["post-7542","actuation","type-actuation","status-publish","has-post-thumbnail","hentry","category-comissoes"],"acf":[],"yoast_head":"<!-- This site is optimized with the Yoast SEO plugin v24.6 - https:\/\/yoast.com\/wordpress\/plugins\/seo\/ -->\n<title>CCJ da Assembleia estreia registro de votos em painel eletr\u00f4nico - Ubaldo Fernandes<\/title>\n<meta name=\"robots\" content=\"index, follow, max-snippet:-1, max-image-preview:large, max-video-preview:-1\" \/>\n<link rel=\"canonical\" href=\"https:\/\/ubaldofernandes.com\/index.php\/actuation\/ccj-da-assembleia-estreia-registro-de-votos-em-painel-eletronico\/\" \/>\n<meta property=\"og:locale\" content=\"pt_BR\" \/>\n<meta property=\"og:type\" content=\"article\" \/>\n<meta property=\"og:title\" content=\"CCJ da Assembleia estreia registro de votos em painel eletr\u00f4nico - Ubaldo Fernandes\" \/>\n<meta property=\"og:description\" content=\"A Comiss\u00e3o de Constitui\u00e7\u00e3o, Justi\u00e7a e Reda\u00e7\u00e3o (CCJ) da Assembleia Legislativa do Rio Grande do Norte realizou, na manh\u00e3 desta ter\u00e7a-feira (25), reuni\u00e3o sob a presid\u00eancia do deputado Kleber Rodrigues (PSDB). A sess\u00e3o contou com uma novidade: a implanta\u00e7\u00e3o do painel eletr\u00f4nico para registro de votos, substituindo o envio impresso de documentos, tornando o processo [&hellip;]\" \/>\n<meta property=\"og:url\" content=\"https:\/\/ubaldofernandes.com\/index.php\/actuation\/ccj-da-assembleia-estreia-registro-de-votos-em-painel-eletronico\/\" \/>\n<meta property=\"og:site_name\" content=\"Ubaldo Fernandes\" \/>\n<meta property=\"article:modified_time\" content=\"2025-03-10T19:05:32+00:00\" \/>\n<meta property=\"og:image\" content=\"https:\/\/ubaldofernandes.com\/wp-content\/uploads\/2025\/03\/ysbmJHWBgZN1xUjrGOcuNg535Jbe1uGBYf5KbSIi-min-scaled.jpg\" \/>\n\t<meta property=\"og:image:width\" content=\"2560\" \/>\n\t<meta property=\"og:image:height\" content=\"1707\" \/>\n\t<meta property=\"og:image:type\" content=\"image\/jpeg\" \/>\n<meta name=\"twitter:card\" content=\"summary_large_image\" \/>\n<meta name=\"twitter:label1\" content=\"Est. tempo de leitura\" \/>\n\t<meta name=\"twitter:data1\" content=\"2 minutos\" \/>\n<script type=\"application\/ld+json\" class=\"yoast-schema-graph\">{\"@context\":\"https:\/\/schema.org\",\"@graph\":[{\"@type\":\"WebPage\",\"@id\":\"https:\/\/ubaldofernandes.com\/index.php\/actuation\/ccj-da-assembleia-estreia-registro-de-votos-em-painel-eletronico\/\",\"url\":\"https:\/\/ubaldofernandes.com\/index.php\/actuation\/ccj-da-assembleia-estreia-registro-de-votos-em-painel-eletronico\/\",\"name\":\"CCJ da Assembleia estreia registro de votos em painel eletr\u00f4nico - Ubaldo Fernandes\",\"isPartOf\":{\"@id\":\"https:\/\/ubaldofernandes.com\/#website\"},\"primaryImageOfPage\":{\"@id\":\"https:\/\/ubaldofernandes.com\/index.php\/actuation\/ccj-da-assembleia-estreia-registro-de-votos-em-painel-eletronico\/#primaryimage\"},\"image\":{\"@id\":\"https:\/\/ubaldofernandes.com\/index.php\/actuation\/ccj-da-assembleia-estreia-registro-de-votos-em-painel-eletronico\/#primaryimage\"},\"thumbnailUrl\":\"https:\/\/ubaldofernandes.com\/wp-content\/uploads\/2025\/03\/ysbmJHWBgZN1xUjrGOcuNg535Jbe1uGBYf5KbSIi-min-scaled.jpg\",\"datePublished\":\"2025-02-25T18:59:00+00:00\",\"dateModified\":\"2025-03-10T19:05:32+00:00\",\"breadcrumb\":{\"@id\":\"https:\/\/ubaldofernandes.com\/index.php\/actuation\/ccj-da-assembleia-estreia-registro-de-votos-em-painel-eletronico\/#breadcrumb\"},\"inLanguage\":\"pt-BR\",\"potentialAction\":[{\"@type\":\"ReadAction\",\"target\":[\"https:\/\/ubaldofernandes.com\/index.php\/actuation\/ccj-da-assembleia-estreia-registro-de-votos-em-painel-eletronico\/\"]}]},{\"@type\":\"ImageObject\",\"inLanguage\":\"pt-BR\",\"@id\":\"https:\/\/ubaldofernandes.com\/index.php\/actuation\/ccj-da-assembleia-estreia-registro-de-votos-em-painel-eletronico\/#primaryimage\",\"url\":\"https:\/\/ubaldofernandes.com\/wp-content\/uploads\/2025\/03\/ysbmJHWBgZN1xUjrGOcuNg535Jbe1uGBYf5KbSIi-min-scaled.jpg\",\"contentUrl\":\"https:\/\/ubaldofernandes.com\/wp-content\/uploads\/2025\/03\/ysbmJHWBgZN1xUjrGOcuNg535Jbe1uGBYf5KbSIi-min-scaled.jpg\",\"width\":2560,\"height\":1707},{\"@type\":\"BreadcrumbList\",\"@id\":\"https:\/\/ubaldofernandes.com\/index.php\/actuation\/ccj-da-assembleia-estreia-registro-de-votos-em-painel-eletronico\/#breadcrumb\",\"itemListElement\":[{\"@type\":\"ListItem\",\"position\":1,\"name\":\"In\u00edcio\",\"item\":\"https:\/\/ubaldofernandes.com\/\"},{\"@type\":\"ListItem\",\"position\":2,\"name\":\"Post Atua\u00e7\u00e3o Parlamentar\",\"item\":\"https:\/\/ubaldofernandes.com\/index.php\/actuation\/\"},{\"@type\":\"ListItem\",\"position\":3,\"name\":\"CCJ da Assembleia estreia registro de votos em painel eletr\u00f4nico\"}]},{\"@type\":\"WebSite\",\"@id\":\"https:\/\/ubaldofernandes.com\/#website\",\"url\":\"https:\/\/ubaldofernandes.com\/\",\"name\":\"Ubaldo Fernandes\",\"description\":\"Deputado Estadual\",\"potentialAction\":[{\"@type\":\"SearchAction\",\"target\":{\"@type\":\"EntryPoint\",\"urlTemplate\":\"https:\/\/ubaldofernandes.com\/?s={search_term_string}\"},\"query-input\":{\"@type\":\"PropertyValueSpecification\",\"valueRequired\":true,\"valueName\":\"search_term_string\"}}],\"inLanguage\":\"pt-BR\"}]}<\/script>\n<!-- \/ Yoast SEO plugin. -->","yoast_head_json":{"title":"CCJ da Assembleia estreia registro de votos em painel eletr\u00f4nico - Ubaldo Fernandes","robots":{"index":"index","follow":"follow","max-snippet":"max-snippet:-1","max-image-preview":"max-image-preview:large","max-video-preview":"max-video-preview:-1"},"canonical":"https:\/\/ubaldofernandes.com\/index.php\/actuation\/ccj-da-assembleia-estreia-registro-de-votos-em-painel-eletronico\/","og_locale":"pt_BR","og_type":"article","og_title":"CCJ da Assembleia estreia registro de votos em painel eletr\u00f4nico - Ubaldo Fernandes","og_description":"A Comiss\u00e3o de Constitui\u00e7\u00e3o, Justi\u00e7a e Reda\u00e7\u00e3o (CCJ) da Assembleia Legislativa do Rio Grande do Norte realizou, na manh\u00e3 desta ter\u00e7a-feira (25), reuni\u00e3o sob a presid\u00eancia do deputado Kleber Rodrigues (PSDB). A sess\u00e3o contou com uma novidade: a implanta\u00e7\u00e3o do painel eletr\u00f4nico para registro de votos, substituindo o envio impresso de documentos, tornando o processo [&hellip;]","og_url":"https:\/\/ubaldofernandes.com\/index.php\/actuation\/ccj-da-assembleia-estreia-registro-de-votos-em-painel-eletronico\/","og_site_name":"Ubaldo Fernandes","article_modified_time":"2025-03-10T19:05:32+00:00","og_image":[{"width":2560,"height":1707,"url":"https:\/\/ubaldofernandes.com\/wp-content\/uploads\/2025\/03\/ysbmJHWBgZN1xUjrGOcuNg535Jbe1uGBYf5KbSIi-min-scaled.jpg","type":"image\/jpeg"}],"twitter_card":"summary_large_image","twitter_misc":{"Est. tempo de leitura":"2 minutos"},"schema":{"@context":"https:\/\/schema.org","@graph":[{"@type":"WebPage","@id":"https:\/\/ubaldofernandes.com\/index.php\/actuation\/ccj-da-assembleia-estreia-registro-de-votos-em-painel-eletronico\/","url":"https:\/\/ubaldofernandes.com\/index.php\/actuation\/ccj-da-assembleia-estreia-registro-de-votos-em-painel-eletronico\/","name":"CCJ da Assembleia estreia registro de votos em painel eletr\u00f4nico - Ubaldo Fernandes","isPartOf":{"@id":"https:\/\/ubaldofernandes.com\/#website"},"primaryImageOfPage":{"@id":"https:\/\/ubaldofernandes.com\/index.php\/actuation\/ccj-da-assembleia-estreia-registro-de-votos-em-painel-eletronico\/#primaryimage"},"image":{"@id":"https:\/\/ubaldofernandes.com\/index.php\/actuation\/ccj-da-assembleia-estreia-registro-de-votos-em-painel-eletronico\/#primaryimage"},"thumbnailUrl":"https:\/\/ubaldofernandes.com\/wp-content\/uploads\/2025\/03\/ysbmJHWBgZN1xUjrGOcuNg535Jbe1uGBYf5KbSIi-min-scaled.jpg","datePublished":"2025-02-25T18:59:00+00:00","dateModified":"2025-03-10T19:05:32+00:00","breadcrumb":{"@id":"https:\/\/ubaldofernandes.com\/index.php\/actuation\/ccj-da-assembleia-estreia-registro-de-votos-em-painel-eletronico\/#breadcrumb"},"inLanguage":"pt-BR","potentialAction":[{"@type":"ReadAction","target":["https:\/\/ubaldofernandes.com\/index.php\/actuation\/ccj-da-assembleia-estreia-registro-de-votos-em-painel-eletronico\/"]}]},{"@type":"ImageObject","inLanguage":"pt-BR","@id":"https:\/\/ubaldofernandes.com\/index.php\/actuation\/ccj-da-assembleia-estreia-registro-de-votos-em-painel-eletronico\/#primaryimage","url":"https:\/\/ubaldofernandes.com\/wp-content\/uploads\/2025\/03\/ysbmJHWBgZN1xUjrGOcuNg535Jbe1uGBYf5KbSIi-min-scaled.jpg","contentUrl":"https:\/\/ubaldofernandes.com\/wp-content\/uploads\/2025\/03\/ysbmJHWBgZN1xUjrGOcuNg535Jbe1uGBYf5KbSIi-min-scaled.jpg","width":2560,"height":1707},{"@type":"BreadcrumbList","@id":"https:\/\/ubaldofernandes.com\/index.php\/actuation\/ccj-da-assembleia-estreia-registro-de-votos-em-painel-eletronico\/#breadcrumb","itemListElement":[{"@type":"ListItem","position":1,"name":"In\u00edcio","item":"https:\/\/ubaldofernandes.com\/"},{"@type":"ListItem","position":2,"name":"Post Atua\u00e7\u00e3o Parlamentar","item":"https:\/\/ubaldofernandes.com\/index.php\/actuation\/"},{"@type":"ListItem","position":3,"name":"CCJ da Assembleia estreia registro de votos em painel eletr\u00f4nico"}]},{"@type":"WebSite","@id":"https:\/\/ubaldofernandes.com\/#website","url":"https:\/\/ubaldofernandes.com\/","name":"Ubaldo Fernandes","description":"Deputado Estadual","potentialAction":[{"@type":"SearchAction","target":{"@type":"EntryPoint","urlTemplate":"https:\/\/ubaldofernandes.com\/?s={search_term_string}"},"query-input":{"@type":"PropertyValueSpecification","valueRequired":true,"valueName":"search_term_string"}}],"inLanguage":"pt-BR"}]}},"_links":{"self":[{"href":"https:\/\/ubaldofernandes.com\/index.php\/wp-json\/wp\/v2\/actuation\/7542","targetHints":{"allow":["GET"]}}],"collection":[{"href":"https:\/\/ubaldofernandes.com\/index.php\/wp-json\/wp\/v2\/actuation"}],"about":[{"href":"https:\/\/ubaldofernandes.com\/index.php\/wp-json\/wp\/v2\/types\/actuation"}],"wp:featuredmedia":[{"embeddable":true,"href":"https:\/\/ubaldofernandes.com\/index.php\/wp-json\/wp\/v2\/media\/7543"}],"wp:attachment":[{"href":"https:\/\/ubaldofernandes.com\/index.php\/wp-json\/wp\/v2\/media?parent=7542"}],"wp:term":[{"taxonomy":"category","embeddable":true,"href":"https:\/\/ubaldofernandes.com\/index.php\/wp-json\/wp\/v2\/categories?post=7542"}],"curies":[{"name":"wp","href":"https:\/\/api.w.org\/{rel}","templated":true}]}}