{"id":7746,"date":"2025-05-19T16:04:01","date_gmt":"2025-05-19T19:04:01","guid":{"rendered":"https:\/\/ubaldofernandes.com\/?post_type=actuation&#038;p=7746"},"modified":"2025-05-19T16:16:58","modified_gmt":"2025-05-19T19:16:58","slug":"delegada-paoulla-maues-recebe-titulo-de-cidada-potiguar-da-alrn","status":"publish","type":"actuation","link":"https:\/\/ubaldofernandes.com\/index.php\/actuation\/delegada-paoulla-maues-recebe-titulo-de-cidada-potiguar-da-alrn\/","title":{"rendered":"Delegada Paoulla Mau\u00e9s recebe t\u00edtulo de Cidad\u00e3 Potiguar da ALRN"},"content":{"rendered":"\n<p>A Assembleia Legislativa do Rio Grande do Norte concedeu na manh\u00e3 desta segunda-feira (19), em solenidade no Plen\u00e1rio da Casa, t\u00edtulo de cidadania norte-rio-grandense \u00e0 delegada Paoulla Mau\u00e9s. A honraria, de iniciativa do deputado Ubaldo Fernandes (PSDB), reuniu parlamentares, autoridades e familiares da homenageada.<\/p>\n\n\n\n<p>\u201cNos reunimos nesta manh\u00e3 para celebrar uma mulher que, com firmeza, sensibilidade e compromisso, inscreve seu nome entre aqueles que honram o solo potiguar. A entrega do t\u00edtulo honor\u00edfico \u00e0 Paoulla Mau\u00e9s \u00e9 mais que uma homenagem: \u00e9 um ato de reconhecimento e gratid\u00e3o p\u00fablica por sua trajet\u00f3ria marcada pela integridade, pela coragem e pela dedica\u00e7\u00e3o incans\u00e1vel ao bem comum\u201d, disse Ubaldo.<\/p>\n\n\n\n<p>O parlamentar destacou a trajet\u00f3ria profissional da delegada e enalteceu os servi\u00e7os prestados em favor da sociedade potiguar. \u201cO nosso estado se engrandece por acolher como filha uma mulher que faz da justi\u00e7a e da dignidade humana o eixo de sua vida p\u00fablica. Como delegada da Pol\u00edcia Civil do RN, Paoulla liderou com coragem e vis\u00e3o. Destacou-se \u00e0 frente da Delegacia Especializada de Atendimento \u00e0 Mulher, em Parnamirim, e foi a idealizadora do Departamento de Prote\u00e7\u00e3o a Grupos em Situa\u00e7\u00e3o de Vulnerabilidade &#8211; um marco na seguran\u00e7a p\u00fablica potiguar. Tamb\u00e9m se destacou por sua atua\u00e7\u00e3o como representante da categoria, atrav\u00e9s da Associa\u00e7\u00e3o dos Delegados de Pol\u00edcia Civil (Adepol\/RN)\u201d, ressaltou Ubaldo.<\/p>\n\n\n\n<p>Ao ser agraciada com o t\u00edtulo de cidad\u00e3 norte-rio-grandense, a delegada ressaltou que a honraria \u00e9 um reconhecimento compartilhado. Ela expressou &#8220;emo\u00e7\u00e3o e profunda gratid\u00e3o&#8221;, afirmando que o t\u00edtulo vai al\u00e9m de um m\u00e9rito individual em prol da seguran\u00e7a p\u00fablica, representando &#8220;a acolhida, o pertencimento e a partilha de uma caminhada que nunca foi solit\u00e1ria&#8221;. Mau\u00e9s utilizou a met\u00e1fora da &#8220;estrada&#8221; para se referir \u00e0s pessoas que a apoiaram e guiaram ao longo de sua trajet\u00f3ria \u2013 incluindo familiares, amigos, colegas da Pol\u00edcia Civil e parlamentares \u2013 destacando que \u201co sucesso alcan\u00e7ado \u00e9 fruto de um esfor\u00e7o coletivo\u201d. Segundo ela, o t\u00edtulo recebido na Casa Legislativa \u00e9 uma &#8220;honraria para ser compartilhada&#8221; com todos que foram, s\u00e3o e ser\u00e3o sua &#8220;estrada&#8221;.<\/p>\n\n\n\n<p>Natural de Bel\u00e9m\/PA, Paoulla Mau\u00e9s \u00e9 formada em direito e especialista em ci\u00eancias penais. Atuou como advogada em Pernambuco antes de ingressar na Pol\u00edcia Civil, em 2013. Foi delegada nos munic\u00edpios potiguares de Santana do Matos e S\u00e3o Rafael, al\u00e9m de titular da Delegacia de Atendimento \u00e0 Mulher, em Parnamirim. Atualmente \u00e9 diretora de planejamento e gest\u00e3o estrat\u00e9gica e atua na delegacia de combate a crimes de racismo, sendo reconhecida pelo trabalho em defesa dos direitos e da seguran\u00e7a.<\/p>\n\n\n\n<p>Estiveram presentes na solenidade o deputado Hermano Moraes (PV), o secret\u00e1rio de Seguran\u00e7a P\u00fablica e da Defesa Social (Sesed\/RN), Coronel Ara\u00fajo; a delegada-geral da Pol\u00edcia Civil do Rio Grande do Norte, Ana Cl\u00e1udia Saraiva; o assessor de rela\u00e7\u00f5es c\u00edveis do 3\u00ba Distrito Naval, Capit\u00e3o de mar e guerra, Jo\u00e3o Ferreira Leal; e o assessor parlamentar da 7\u00aa Brigada de Infantaria Motorizada, Coronel Fabiano de Moura Fontes, al\u00e9m de familiares e amigos de profiss\u00e3o da homenageada. A sess\u00e3o solene contou ainda com apresenta\u00e7\u00e3o do \u2018Coral da Assembleia\u2019, que rec\u00e9m completou 21 anos.<\/p>\n\n\n\n<figure class=\"wp-block-gallery has-nested-images columns-default is-cropped wp-block-gallery-1 is-layout-flex wp-block-gallery-is-layout-flex\">\n<figure class=\"wp-block-image size-large\"><img loading=\"lazy\" decoding=\"async\" width=\"1024\" height=\"681\" data-id=\"7766\" src=\"https:\/\/ubaldofernandes.com\/wp-content\/uploads\/2025\/05\/vo5PerPYAtAgFE6zAOlCpLnWiqeAW7FlrHCCubkm-1-1024x681.jpg\" alt=\"\" class=\"wp-image-7766\" srcset=\"https:\/\/ubaldofernandes.com\/wp-content\/uploads\/2025\/05\/vo5PerPYAtAgFE6zAOlCpLnWiqeAW7FlrHCCubkm-1-1024x681.jpg 1024w, https:\/\/ubaldofernandes.com\/wp-content\/uploads\/2025\/05\/vo5PerPYAtAgFE6zAOlCpLnWiqeAW7FlrHCCubkm-1-300x200.jpg 300w, https:\/\/ubaldofernandes.com\/wp-content\/uploads\/2025\/05\/vo5PerPYAtAgFE6zAOlCpLnWiqeAW7FlrHCCubkm-1-768x511.jpg 768w, https:\/\/ubaldofernandes.com\/wp-content\/uploads\/2025\/05\/vo5PerPYAtAgFE6zAOlCpLnWiqeAW7FlrHCCubkm-1-1536x1022.jpg 1536w, https:\/\/ubaldofernandes.com\/wp-content\/uploads\/2025\/05\/vo5PerPYAtAgFE6zAOlCpLnWiqeAW7FlrHCCubkm-1-2048x1363.jpg 2048w\" sizes=\"auto, (max-width: 1024px) 100vw, 1024px\" \/><\/figure>\n\n\n\n<figure class=\"wp-block-image size-large\"><img loading=\"lazy\" decoding=\"async\" width=\"1024\" height=\"681\" data-id=\"7767\" src=\"https:\/\/ubaldofernandes.com\/wp-content\/uploads\/2025\/05\/UOBx6TFgTrEgM0jOYgPCKDfBrdNTUnpWZh6YtNR6-1-1024x681.jpg\" alt=\"\" class=\"wp-image-7767\" srcset=\"https:\/\/ubaldofernandes.com\/wp-content\/uploads\/2025\/05\/UOBx6TFgTrEgM0jOYgPCKDfBrdNTUnpWZh6YtNR6-1-1024x681.jpg 1024w, https:\/\/ubaldofernandes.com\/wp-content\/uploads\/2025\/05\/UOBx6TFgTrEgM0jOYgPCKDfBrdNTUnpWZh6YtNR6-1-300x200.jpg 300w, https:\/\/ubaldofernandes.com\/wp-content\/uploads\/2025\/05\/UOBx6TFgTrEgM0jOYgPCKDfBrdNTUnpWZh6YtNR6-1-768x511.jpg 768w, https:\/\/ubaldofernandes.com\/wp-content\/uploads\/2025\/05\/UOBx6TFgTrEgM0jOYgPCKDfBrdNTUnpWZh6YtNR6-1-1536x1022.jpg 1536w, https:\/\/ubaldofernandes.com\/wp-content\/uploads\/2025\/05\/UOBx6TFgTrEgM0jOYgPCKDfBrdNTUnpWZh6YtNR6-1-2048x1363.jpg 2048w\" sizes=\"auto, (max-width: 1024px) 100vw, 1024px\" \/><\/figure>\n\n\n\n<figure class=\"wp-block-image size-large\"><img loading=\"lazy\" decoding=\"async\" width=\"1024\" height=\"681\" data-id=\"7768\" src=\"https:\/\/ubaldofernandes.com\/wp-content\/uploads\/2025\/05\/umT4YWNzihyTkxbBxewD3R85nkhgGHbONZADEWBB-1-1024x681.jpg\" alt=\"\" class=\"wp-image-7768\" srcset=\"https:\/\/ubaldofernandes.com\/wp-content\/uploads\/2025\/05\/umT4YWNzihyTkxbBxewD3R85nkhgGHbONZADEWBB-1-1024x681.jpg 1024w, https:\/\/ubaldofernandes.com\/wp-content\/uploads\/2025\/05\/umT4YWNzihyTkxbBxewD3R85nkhgGHbONZADEWBB-1-300x200.jpg 300w, https:\/\/ubaldofernandes.com\/wp-content\/uploads\/2025\/05\/umT4YWNzihyTkxbBxewD3R85nkhgGHbONZADEWBB-1-768x511.jpg 768w, https:\/\/ubaldofernandes.com\/wp-content\/uploads\/2025\/05\/umT4YWNzihyTkxbBxewD3R85nkhgGHbONZADEWBB-1-1536x1022.jpg 1536w, https:\/\/ubaldofernandes.com\/wp-content\/uploads\/2025\/05\/umT4YWNzihyTkxbBxewD3R85nkhgGHbONZADEWBB-1-2048x1363.jpg 2048w\" sizes=\"auto, (max-width: 1024px) 100vw, 1024px\" \/><\/figure>\n\n\n\n<figure class=\"wp-block-image size-large\"><img loading=\"lazy\" decoding=\"async\" width=\"1024\" height=\"681\" data-id=\"7769\" src=\"https:\/\/ubaldofernandes.com\/wp-content\/uploads\/2025\/05\/QfzemX8cSRWYHm8CVQk4uv1kyWrgDfnBLcqHiKQZ-1-1024x681.jpg\" alt=\"\" class=\"wp-image-7769\" srcset=\"https:\/\/ubaldofernandes.com\/wp-content\/uploads\/2025\/05\/QfzemX8cSRWYHm8CVQk4uv1kyWrgDfnBLcqHiKQZ-1-1024x681.jpg 1024w, https:\/\/ubaldofernandes.com\/wp-content\/uploads\/2025\/05\/QfzemX8cSRWYHm8CVQk4uv1kyWrgDfnBLcqHiKQZ-1-300x200.jpg 300w, https:\/\/ubaldofernandes.com\/wp-content\/uploads\/2025\/05\/QfzemX8cSRWYHm8CVQk4uv1kyWrgDfnBLcqHiKQZ-1-768x511.jpg 768w, https:\/\/ubaldofernandes.com\/wp-content\/uploads\/2025\/05\/QfzemX8cSRWYHm8CVQk4uv1kyWrgDfnBLcqHiKQZ-1-1536x1022.jpg 1536w, https:\/\/ubaldofernandes.com\/wp-content\/uploads\/2025\/05\/QfzemX8cSRWYHm8CVQk4uv1kyWrgDfnBLcqHiKQZ-1-2048x1363.jpg 2048w\" sizes=\"auto, (max-width: 1024px) 100vw, 1024px\" \/><\/figure>\n\n\n\n<figure class=\"wp-block-image size-large\"><img loading=\"lazy\" decoding=\"async\" width=\"1024\" height=\"681\" data-id=\"7770\" src=\"https:\/\/ubaldofernandes.com\/wp-content\/uploads\/2025\/05\/OlmZBO1xEnSQ1B8YoJA7AhJ3N9l4YvjN9uSOPwfr-1-1024x681.jpg\" alt=\"\" class=\"wp-image-7770\" srcset=\"https:\/\/ubaldofernandes.com\/wp-content\/uploads\/2025\/05\/OlmZBO1xEnSQ1B8YoJA7AhJ3N9l4YvjN9uSOPwfr-1-1024x681.jpg 1024w, https:\/\/ubaldofernandes.com\/wp-content\/uploads\/2025\/05\/OlmZBO1xEnSQ1B8YoJA7AhJ3N9l4YvjN9uSOPwfr-1-300x200.jpg 300w, https:\/\/ubaldofernandes.com\/wp-content\/uploads\/2025\/05\/OlmZBO1xEnSQ1B8YoJA7AhJ3N9l4YvjN9uSOPwfr-1-768x511.jpg 768w, https:\/\/ubaldofernandes.com\/wp-content\/uploads\/2025\/05\/OlmZBO1xEnSQ1B8YoJA7AhJ3N9l4YvjN9uSOPwfr-1-1536x1022.jpg 1536w, https:\/\/ubaldofernandes.com\/wp-content\/uploads\/2025\/05\/OlmZBO1xEnSQ1B8YoJA7AhJ3N9l4YvjN9uSOPwfr-1-2048x1363.jpg 2048w\" sizes=\"auto, (max-width: 1024px) 100vw, 1024px\" \/><\/figure>\n\n\n\n<figure class=\"wp-block-image size-large\"><img loading=\"lazy\" decoding=\"async\" width=\"1024\" height=\"681\" data-id=\"7771\" src=\"https:\/\/ubaldofernandes.com\/wp-content\/uploads\/2025\/05\/7Ps4lXsHG0GQssmDl7khPIpLz2ZBxMtmgWlkPQ2m-1-1024x681.jpg\" alt=\"\" class=\"wp-image-7771\" srcset=\"https:\/\/ubaldofernandes.com\/wp-content\/uploads\/2025\/05\/7Ps4lXsHG0GQssmDl7khPIpLz2ZBxMtmgWlkPQ2m-1-1024x681.jpg 1024w, https:\/\/ubaldofernandes.com\/wp-content\/uploads\/2025\/05\/7Ps4lXsHG0GQssmDl7khPIpLz2ZBxMtmgWlkPQ2m-1-300x200.jpg 300w, https:\/\/ubaldofernandes.com\/wp-content\/uploads\/2025\/05\/7Ps4lXsHG0GQssmDl7khPIpLz2ZBxMtmgWlkPQ2m-1-768x511.jpg 768w, https:\/\/ubaldofernandes.com\/wp-content\/uploads\/2025\/05\/7Ps4lXsHG0GQssmDl7khPIpLz2ZBxMtmgWlkPQ2m-1-1536x1022.jpg 1536w, https:\/\/ubaldofernandes.com\/wp-content\/uploads\/2025\/05\/7Ps4lXsHG0GQssmDl7khPIpLz2ZBxMtmgWlkPQ2m-1-2048x1363.jpg 2048w\" sizes=\"auto, (max-width: 1024px) 100vw, 1024px\" \/><\/figure>\n\n\n\n<figure class=\"wp-block-image size-large\"><img loading=\"lazy\" decoding=\"async\" width=\"1024\" height=\"681\" data-id=\"7772\" src=\"https:\/\/ubaldofernandes.com\/wp-content\/uploads\/2025\/05\/1hov3GQlV6lp0hlwvr5fCgZmCcr2hFzy3H7NHNn9-1-1024x681.jpg\" alt=\"\" class=\"wp-image-7772\" srcset=\"https:\/\/ubaldofernandes.com\/wp-content\/uploads\/2025\/05\/1hov3GQlV6lp0hlwvr5fCgZmCcr2hFzy3H7NHNn9-1-1024x681.jpg 1024w, https:\/\/ubaldofernandes.com\/wp-content\/uploads\/2025\/05\/1hov3GQlV6lp0hlwvr5fCgZmCcr2hFzy3H7NHNn9-1-300x200.jpg 300w, https:\/\/ubaldofernandes.com\/wp-content\/uploads\/2025\/05\/1hov3GQlV6lp0hlwvr5fCgZmCcr2hFzy3H7NHNn9-1-768x511.jpg 768w, https:\/\/ubaldofernandes.com\/wp-content\/uploads\/2025\/05\/1hov3GQlV6lp0hlwvr5fCgZmCcr2hFzy3H7NHNn9-1-1536x1022.jpg 1536w, https:\/\/ubaldofernandes.com\/wp-content\/uploads\/2025\/05\/1hov3GQlV6lp0hlwvr5fCgZmCcr2hFzy3H7NHNn9-1-2048x1363.jpg 2048w\" sizes=\"auto, (max-width: 1024px) 100vw, 1024px\" \/><\/figure>\n\n\n\n<figure class=\"wp-block-image size-large\"><img loading=\"lazy\" decoding=\"async\" width=\"1024\" height=\"681\" data-id=\"7773\" src=\"https:\/\/ubaldofernandes.com\/wp-content\/uploads\/2025\/05\/BkUAQORLqwRUGoTJhIPzWfutYSuwnmtt95kr4aSx-1-1024x681.jpg\" alt=\"\" class=\"wp-image-7773\" srcset=\"https:\/\/ubaldofernandes.com\/wp-content\/uploads\/2025\/05\/BkUAQORLqwRUGoTJhIPzWfutYSuwnmtt95kr4aSx-1-1024x681.jpg 1024w, https:\/\/ubaldofernandes.com\/wp-content\/uploads\/2025\/05\/BkUAQORLqwRUGoTJhIPzWfutYSuwnmtt95kr4aSx-1-300x200.jpg 300w, https:\/\/ubaldofernandes.com\/wp-content\/uploads\/2025\/05\/BkUAQORLqwRUGoTJhIPzWfutYSuwnmtt95kr4aSx-1-768x511.jpg 768w, https:\/\/ubaldofernandes.com\/wp-content\/uploads\/2025\/05\/BkUAQORLqwRUGoTJhIPzWfutYSuwnmtt95kr4aSx-1-1536x1022.jpg 1536w, https:\/\/ubaldofernandes.com\/wp-content\/uploads\/2025\/05\/BkUAQORLqwRUGoTJhIPzWfutYSuwnmtt95kr4aSx-1-2048x1363.jpg 2048w\" sizes=\"auto, (max-width: 1024px) 100vw, 1024px\" \/><\/figure>\n\n\n\n<figure class=\"wp-block-image size-large\"><img loading=\"lazy\" decoding=\"async\" width=\"1024\" height=\"681\" data-id=\"7774\" src=\"https:\/\/ubaldofernandes.com\/wp-content\/uploads\/2025\/05\/FSo4oZ5nObEYhGmn6hyxoX2jmDrzMNg3xCwdkbOO-1-2-1024x681.jpg\" alt=\"\" class=\"wp-image-7774\" srcset=\"https:\/\/ubaldofernandes.com\/wp-content\/uploads\/2025\/05\/FSo4oZ5nObEYhGmn6hyxoX2jmDrzMNg3xCwdkbOO-1-2-1024x681.jpg 1024w, https:\/\/ubaldofernandes.com\/wp-content\/uploads\/2025\/05\/FSo4oZ5nObEYhGmn6hyxoX2jmDrzMNg3xCwdkbOO-1-2-300x200.jpg 300w, https:\/\/ubaldofernandes.com\/wp-content\/uploads\/2025\/05\/FSo4oZ5nObEYhGmn6hyxoX2jmDrzMNg3xCwdkbOO-1-2-768x511.jpg 768w, https:\/\/ubaldofernandes.com\/wp-content\/uploads\/2025\/05\/FSo4oZ5nObEYhGmn6hyxoX2jmDrzMNg3xCwdkbOO-1-2-1536x1022.jpg 1536w, https:\/\/ubaldofernandes.com\/wp-content\/uploads\/2025\/05\/FSo4oZ5nObEYhGmn6hyxoX2jmDrzMNg3xCwdkbOO-1-2-2048x1363.jpg 2048w\" sizes=\"auto, (max-width: 1024px) 100vw, 1024px\" \/><\/figure>\n\n\n\n<figure class=\"wp-block-image size-large\"><img loading=\"lazy\" decoding=\"async\" width=\"1024\" height=\"681\" data-id=\"7775\" src=\"https:\/\/ubaldofernandes.com\/wp-content\/uploads\/2025\/05\/ID5wQV29QYNcTn9V2PxiG23P1aiLoifWemDJ17gd-1-1024x681.jpg\" alt=\"\" class=\"wp-image-7775\" srcset=\"https:\/\/ubaldofernandes.com\/wp-content\/uploads\/2025\/05\/ID5wQV29QYNcTn9V2PxiG23P1aiLoifWemDJ17gd-1-1024x681.jpg 1024w, https:\/\/ubaldofernandes.com\/wp-content\/uploads\/2025\/05\/ID5wQV29QYNcTn9V2PxiG23P1aiLoifWemDJ17gd-1-300x200.jpg 300w, https:\/\/ubaldofernandes.com\/wp-content\/uploads\/2025\/05\/ID5wQV29QYNcTn9V2PxiG23P1aiLoifWemDJ17gd-1-768x511.jpg 768w, https:\/\/ubaldofernandes.com\/wp-content\/uploads\/2025\/05\/ID5wQV29QYNcTn9V2PxiG23P1aiLoifWemDJ17gd-1-1536x1022.jpg 1536w, https:\/\/ubaldofernandes.com\/wp-content\/uploads\/2025\/05\/ID5wQV29QYNcTn9V2PxiG23P1aiLoifWemDJ17gd-1-2048x1363.jpg 2048w\" sizes=\"auto, (max-width: 1024px) 100vw, 1024px\" \/><\/figure>\n\n\n\n<figure class=\"wp-block-image size-large\"><img loading=\"lazy\" decoding=\"async\" width=\"1024\" height=\"681\" data-id=\"7776\" src=\"https:\/\/ubaldofernandes.com\/wp-content\/uploads\/2025\/05\/jy328ZlPnbqxUSBgHX7mcYWEFNsfI6Uio9TScK7o-1-1024x681.jpg\" alt=\"\" class=\"wp-image-7776\" srcset=\"https:\/\/ubaldofernandes.com\/wp-content\/uploads\/2025\/05\/jy328ZlPnbqxUSBgHX7mcYWEFNsfI6Uio9TScK7o-1-1024x681.jpg 1024w, https:\/\/ubaldofernandes.com\/wp-content\/uploads\/2025\/05\/jy328ZlPnbqxUSBgHX7mcYWEFNsfI6Uio9TScK7o-1-300x200.jpg 300w, https:\/\/ubaldofernandes.com\/wp-content\/uploads\/2025\/05\/jy328ZlPnbqxUSBgHX7mcYWEFNsfI6Uio9TScK7o-1-768x511.jpg 768w, https:\/\/ubaldofernandes.com\/wp-content\/uploads\/2025\/05\/jy328ZlPnbqxUSBgHX7mcYWEFNsfI6Uio9TScK7o-1-1536x1022.jpg 1536w, https:\/\/ubaldofernandes.com\/wp-content\/uploads\/2025\/05\/jy328ZlPnbqxUSBgHX7mcYWEFNsfI6Uio9TScK7o-1-2048x1363.jpg 2048w\" sizes=\"auto, (max-width: 1024px) 100vw, 1024px\" \/><\/figure>\n\n\n\n<figure class=\"wp-block-image size-large\"><img loading=\"lazy\" decoding=\"async\" width=\"1024\" height=\"681\" data-id=\"7777\" src=\"https:\/\/ubaldofernandes.com\/wp-content\/uploads\/2025\/05\/eeUIIlc5qTGohFhHTv4qyiAfaiA5K8qGdZeRoINd-1-1024x681.jpg\" alt=\"\" class=\"wp-image-7777\" srcset=\"https:\/\/ubaldofernandes.com\/wp-content\/uploads\/2025\/05\/eeUIIlc5qTGohFhHTv4qyiAfaiA5K8qGdZeRoINd-1-1024x681.jpg 1024w, https:\/\/ubaldofernandes.com\/wp-content\/uploads\/2025\/05\/eeUIIlc5qTGohFhHTv4qyiAfaiA5K8qGdZeRoINd-1-300x200.jpg 300w, https:\/\/ubaldofernandes.com\/wp-content\/uploads\/2025\/05\/eeUIIlc5qTGohFhHTv4qyiAfaiA5K8qGdZeRoINd-1-768x511.jpg 768w, https:\/\/ubaldofernandes.com\/wp-content\/uploads\/2025\/05\/eeUIIlc5qTGohFhHTv4qyiAfaiA5K8qGdZeRoINd-1-1536x1022.jpg 1536w, https:\/\/ubaldofernandes.com\/wp-content\/uploads\/2025\/05\/eeUIIlc5qTGohFhHTv4qyiAfaiA5K8qGdZeRoINd-1-2048x1363.jpg 2048w\" sizes=\"auto, (max-width: 1024px) 100vw, 1024px\" \/><\/figure>\n\n\n\n<figure class=\"wp-block-image size-large\"><img loading=\"lazy\" decoding=\"async\" width=\"1024\" height=\"681\" data-id=\"7778\" src=\"https:\/\/ubaldofernandes.com\/wp-content\/uploads\/2025\/05\/fI8kxwdvscUXfQiv8wyPUiwiWPpqE1LHZ8ZSY31A-1-1024x681.jpg\" alt=\"\" class=\"wp-image-7778\" srcset=\"https:\/\/ubaldofernandes.com\/wp-content\/uploads\/2025\/05\/fI8kxwdvscUXfQiv8wyPUiwiWPpqE1LHZ8ZSY31A-1-1024x681.jpg 1024w, https:\/\/ubaldofernandes.com\/wp-content\/uploads\/2025\/05\/fI8kxwdvscUXfQiv8wyPUiwiWPpqE1LHZ8ZSY31A-1-300x200.jpg 300w, https:\/\/ubaldofernandes.com\/wp-content\/uploads\/2025\/05\/fI8kxwdvscUXfQiv8wyPUiwiWPpqE1LHZ8ZSY31A-1-768x511.jpg 768w, https:\/\/ubaldofernandes.com\/wp-content\/uploads\/2025\/05\/fI8kxwdvscUXfQiv8wyPUiwiWPpqE1LHZ8ZSY31A-1-1536x1022.jpg 1536w, https:\/\/ubaldofernandes.com\/wp-content\/uploads\/2025\/05\/fI8kxwdvscUXfQiv8wyPUiwiWPpqE1LHZ8ZSY31A-1-2048x1363.jpg 2048w\" sizes=\"auto, (max-width: 1024px) 100vw, 1024px\" \/><\/figure>\n\n\n\n<figure class=\"wp-block-image size-large\"><img loading=\"lazy\" decoding=\"async\" width=\"1024\" height=\"681\" data-id=\"7784\" src=\"https:\/\/ubaldofernandes.com\/wp-content\/uploads\/2025\/05\/rqFDY0jJ8O36sgT5i0AKzV49ejV2whSaR9JFPZLJ-2-1024x681.jpg\" alt=\"\" class=\"wp-image-7784\" srcset=\"https:\/\/ubaldofernandes.com\/wp-content\/uploads\/2025\/05\/rqFDY0jJ8O36sgT5i0AKzV49ejV2whSaR9JFPZLJ-2-1024x681.jpg 1024w, https:\/\/ubaldofernandes.com\/wp-content\/uploads\/2025\/05\/rqFDY0jJ8O36sgT5i0AKzV49ejV2whSaR9JFPZLJ-2-300x200.jpg 300w, https:\/\/ubaldofernandes.com\/wp-content\/uploads\/2025\/05\/rqFDY0jJ8O36sgT5i0AKzV49ejV2whSaR9JFPZLJ-2-768x511.jpg 768w, https:\/\/ubaldofernandes.com\/wp-content\/uploads\/2025\/05\/rqFDY0jJ8O36sgT5i0AKzV49ejV2whSaR9JFPZLJ-2-1536x1022.jpg 1536w, https:\/\/ubaldofernandes.com\/wp-content\/uploads\/2025\/05\/rqFDY0jJ8O36sgT5i0AKzV49ejV2whSaR9JFPZLJ-2-2048x1363.jpg 2048w\" sizes=\"auto, (max-width: 1024px) 100vw, 1024px\" \/><\/figure>\n<\/figure>\n","protected":false},"featured_media":0,"parent":0,"template":"","categories":[10],"class_list":["post-7746","actuation","type-actuation","status-publish","hentry","category-sessao-solene"],"acf":[],"yoast_head":"<!-- This site is optimized with the Yoast SEO plugin v24.6 - https:\/\/yoast.com\/wordpress\/plugins\/seo\/ -->\n<title>Delegada Paoulla Mau\u00e9s recebe t\u00edtulo de Cidad\u00e3 Potiguar da ALRN - Ubaldo Fernandes<\/title>\n<meta name=\"robots\" content=\"index, follow, max-snippet:-1, max-image-preview:large, max-video-preview:-1\" \/>\n<link rel=\"canonical\" href=\"https:\/\/ubaldofernandes.com\/index.php\/actuation\/delegada-paoulla-maues-recebe-titulo-de-cidada-potiguar-da-alrn\/\" \/>\n<meta property=\"og:locale\" content=\"pt_BR\" \/>\n<meta property=\"og:type\" content=\"article\" \/>\n<meta property=\"og:title\" content=\"Delegada Paoulla Mau\u00e9s recebe t\u00edtulo de Cidad\u00e3 Potiguar da ALRN - Ubaldo Fernandes\" \/>\n<meta property=\"og:description\" content=\"A Assembleia Legislativa do Rio Grande do Norte concedeu na manh\u00e3 desta segunda-feira (19), em solenidade no Plen\u00e1rio da Casa, t\u00edtulo de cidadania norte-rio-grandense \u00e0 delegada Paoulla Mau\u00e9s. A honraria, de iniciativa do deputado Ubaldo Fernandes (PSDB), reuniu parlamentares, autoridades e familiares da homenageada. \u201cNos reunimos nesta manh\u00e3 para celebrar uma mulher que, com firmeza, [&hellip;]\" \/>\n<meta property=\"og:url\" content=\"https:\/\/ubaldofernandes.com\/index.php\/actuation\/delegada-paoulla-maues-recebe-titulo-de-cidada-potiguar-da-alrn\/\" \/>\n<meta property=\"og:site_name\" content=\"Ubaldo Fernandes\" \/>\n<meta property=\"article:modified_time\" content=\"2025-05-19T19:16:58+00:00\" \/>\n<meta property=\"og:image\" content=\"https:\/\/ubaldofernandes.com\/wp-content\/uploads\/2025\/05\/vo5PerPYAtAgFE6zAOlCpLnWiqeAW7FlrHCCubkm-1-scaled.jpg\" \/>\n\t<meta property=\"og:image:width\" content=\"2560\" \/>\n\t<meta property=\"og:image:height\" content=\"1703\" \/>\n\t<meta property=\"og:image:type\" content=\"image\/jpeg\" \/>\n<meta name=\"twitter:card\" content=\"summary_large_image\" \/>\n<meta name=\"twitter:label1\" content=\"Est. tempo de leitura\" \/>\n\t<meta name=\"twitter:data1\" content=\"6 minutos\" \/>\n<script type=\"application\/ld+json\" class=\"yoast-schema-graph\">{\"@context\":\"https:\/\/schema.org\",\"@graph\":[{\"@type\":\"WebPage\",\"@id\":\"https:\/\/ubaldofernandes.com\/index.php\/actuation\/delegada-paoulla-maues-recebe-titulo-de-cidada-potiguar-da-alrn\/\",\"url\":\"https:\/\/ubaldofernandes.com\/index.php\/actuation\/delegada-paoulla-maues-recebe-titulo-de-cidada-potiguar-da-alrn\/\",\"name\":\"Delegada Paoulla Mau\u00e9s recebe t\u00edtulo de Cidad\u00e3 Potiguar da ALRN - Ubaldo Fernandes\",\"isPartOf\":{\"@id\":\"https:\/\/ubaldofernandes.com\/#website\"},\"primaryImageOfPage\":{\"@id\":\"https:\/\/ubaldofernandes.com\/index.php\/actuation\/delegada-paoulla-maues-recebe-titulo-de-cidada-potiguar-da-alrn\/#primaryimage\"},\"image\":{\"@id\":\"https:\/\/ubaldofernandes.com\/index.php\/actuation\/delegada-paoulla-maues-recebe-titulo-de-cidada-potiguar-da-alrn\/#primaryimage\"},\"thumbnailUrl\":\"https:\/\/ubaldofernandes.com\/wp-content\/uploads\/2025\/05\/vo5PerPYAtAgFE6zAOlCpLnWiqeAW7FlrHCCubkm-1-1024x681.jpg\",\"datePublished\":\"2025-05-19T19:04:01+00:00\",\"dateModified\":\"2025-05-19T19:16:58+00:00\",\"breadcrumb\":{\"@id\":\"https:\/\/ubaldofernandes.com\/index.php\/actuation\/delegada-paoulla-maues-recebe-titulo-de-cidada-potiguar-da-alrn\/#breadcrumb\"},\"inLanguage\":\"pt-BR\",\"potentialAction\":[{\"@type\":\"ReadAction\",\"target\":[\"https:\/\/ubaldofernandes.com\/index.php\/actuation\/delegada-paoulla-maues-recebe-titulo-de-cidada-potiguar-da-alrn\/\"]}]},{\"@type\":\"ImageObject\",\"inLanguage\":\"pt-BR\",\"@id\":\"https:\/\/ubaldofernandes.com\/index.php\/actuation\/delegada-paoulla-maues-recebe-titulo-de-cidada-potiguar-da-alrn\/#primaryimage\",\"url\":\"https:\/\/ubaldofernandes.com\/wp-content\/uploads\/2025\/05\/vo5PerPYAtAgFE6zAOlCpLnWiqeAW7FlrHCCubkm-1-scaled.jpg\",\"contentUrl\":\"https:\/\/ubaldofernandes.com\/wp-content\/uploads\/2025\/05\/vo5PerPYAtAgFE6zAOlCpLnWiqeAW7FlrHCCubkm-1-scaled.jpg\",\"width\":2560,\"height\":1703},{\"@type\":\"BreadcrumbList\",\"@id\":\"https:\/\/ubaldofernandes.com\/index.php\/actuation\/delegada-paoulla-maues-recebe-titulo-de-cidada-potiguar-da-alrn\/#breadcrumb\",\"itemListElement\":[{\"@type\":\"ListItem\",\"position\":1,\"name\":\"In\u00edcio\",\"item\":\"https:\/\/ubaldofernandes.com\/\"},{\"@type\":\"ListItem\",\"position\":2,\"name\":\"Post Atua\u00e7\u00e3o Parlamentar\",\"item\":\"https:\/\/ubaldofernandes.com\/index.php\/actuation\/\"},{\"@type\":\"ListItem\",\"position\":3,\"name\":\"Delegada Paoulla Mau\u00e9s recebe t\u00edtulo de Cidad\u00e3 Potiguar da ALRN\"}]},{\"@type\":\"WebSite\",\"@id\":\"https:\/\/ubaldofernandes.com\/#website\",\"url\":\"https:\/\/ubaldofernandes.com\/\",\"name\":\"Ubaldo Fernandes\",\"description\":\"Deputado Estadual\",\"potentialAction\":[{\"@type\":\"SearchAction\",\"target\":{\"@type\":\"EntryPoint\",\"urlTemplate\":\"https:\/\/ubaldofernandes.com\/?s={search_term_string}\"},\"query-input\":{\"@type\":\"PropertyValueSpecification\",\"valueRequired\":true,\"valueName\":\"search_term_string\"}}],\"inLanguage\":\"pt-BR\"}]}<\/script>\n<!-- \/ Yoast SEO plugin. -->","yoast_head_json":{"title":"Delegada Paoulla Mau\u00e9s recebe t\u00edtulo de Cidad\u00e3 Potiguar da ALRN - Ubaldo Fernandes","robots":{"index":"index","follow":"follow","max-snippet":"max-snippet:-1","max-image-preview":"max-image-preview:large","max-video-preview":"max-video-preview:-1"},"canonical":"https:\/\/ubaldofernandes.com\/index.php\/actuation\/delegada-paoulla-maues-recebe-titulo-de-cidada-potiguar-da-alrn\/","og_locale":"pt_BR","og_type":"article","og_title":"Delegada Paoulla Mau\u00e9s recebe t\u00edtulo de Cidad\u00e3 Potiguar da ALRN - Ubaldo Fernandes","og_description":"A Assembleia Legislativa do Rio Grande do Norte concedeu na manh\u00e3 desta segunda-feira (19), em solenidade no Plen\u00e1rio da Casa, t\u00edtulo de cidadania norte-rio-grandense \u00e0 delegada Paoulla Mau\u00e9s. A honraria, de iniciativa do deputado Ubaldo Fernandes (PSDB), reuniu parlamentares, autoridades e familiares da homenageada. \u201cNos reunimos nesta manh\u00e3 para celebrar uma mulher que, com firmeza, [&hellip;]","og_url":"https:\/\/ubaldofernandes.com\/index.php\/actuation\/delegada-paoulla-maues-recebe-titulo-de-cidada-potiguar-da-alrn\/","og_site_name":"Ubaldo Fernandes","article_modified_time":"2025-05-19T19:16:58+00:00","og_image":[{"width":2560,"height":1703,"url":"https:\/\/ubaldofernandes.com\/wp-content\/uploads\/2025\/05\/vo5PerPYAtAgFE6zAOlCpLnWiqeAW7FlrHCCubkm-1-scaled.jpg","type":"image\/jpeg"}],"twitter_card":"summary_large_image","twitter_misc":{"Est. tempo de leitura":"6 minutos"},"schema":{"@context":"https:\/\/schema.org","@graph":[{"@type":"WebPage","@id":"https:\/\/ubaldofernandes.com\/index.php\/actuation\/delegada-paoulla-maues-recebe-titulo-de-cidada-potiguar-da-alrn\/","url":"https:\/\/ubaldofernandes.com\/index.php\/actuation\/delegada-paoulla-maues-recebe-titulo-de-cidada-potiguar-da-alrn\/","name":"Delegada Paoulla Mau\u00e9s recebe t\u00edtulo de Cidad\u00e3 Potiguar da ALRN - Ubaldo Fernandes","isPartOf":{"@id":"https:\/\/ubaldofernandes.com\/#website"},"primaryImageOfPage":{"@id":"https:\/\/ubaldofernandes.com\/index.php\/actuation\/delegada-paoulla-maues-recebe-titulo-de-cidada-potiguar-da-alrn\/#primaryimage"},"image":{"@id":"https:\/\/ubaldofernandes.com\/index.php\/actuation\/delegada-paoulla-maues-recebe-titulo-de-cidada-potiguar-da-alrn\/#primaryimage"},"thumbnailUrl":"https:\/\/ubaldofernandes.com\/wp-content\/uploads\/2025\/05\/vo5PerPYAtAgFE6zAOlCpLnWiqeAW7FlrHCCubkm-1-1024x681.jpg","datePublished":"2025-05-19T19:04:01+00:00","dateModified":"2025-05-19T19:16:58+00:00","breadcrumb":{"@id":"https:\/\/ubaldofernandes.com\/index.php\/actuation\/delegada-paoulla-maues-recebe-titulo-de-cidada-potiguar-da-alrn\/#breadcrumb"},"inLanguage":"pt-BR","potentialAction":[{"@type":"ReadAction","target":["https:\/\/ubaldofernandes.com\/index.php\/actuation\/delegada-paoulla-maues-recebe-titulo-de-cidada-potiguar-da-alrn\/"]}]},{"@type":"ImageObject","inLanguage":"pt-BR","@id":"https:\/\/ubaldofernandes.com\/index.php\/actuation\/delegada-paoulla-maues-recebe-titulo-de-cidada-potiguar-da-alrn\/#primaryimage","url":"https:\/\/ubaldofernandes.com\/wp-content\/uploads\/2025\/05\/vo5PerPYAtAgFE6zAOlCpLnWiqeAW7FlrHCCubkm-1-scaled.jpg","contentUrl":"https:\/\/ubaldofernandes.com\/wp-content\/uploads\/2025\/05\/vo5PerPYAtAgFE6zAOlCpLnWiqeAW7FlrHCCubkm-1-scaled.jpg","width":2560,"height":1703},{"@type":"BreadcrumbList","@id":"https:\/\/ubaldofernandes.com\/index.php\/actuation\/delegada-paoulla-maues-recebe-titulo-de-cidada-potiguar-da-alrn\/#breadcrumb","itemListElement":[{"@type":"ListItem","position":1,"name":"In\u00edcio","item":"https:\/\/ubaldofernandes.com\/"},{"@type":"ListItem","position":2,"name":"Post Atua\u00e7\u00e3o Parlamentar","item":"https:\/\/ubaldofernandes.com\/index.php\/actuation\/"},{"@type":"ListItem","position":3,"name":"Delegada Paoulla Mau\u00e9s recebe t\u00edtulo de Cidad\u00e3 Potiguar da ALRN"}]},{"@type":"WebSite","@id":"https:\/\/ubaldofernandes.com\/#website","url":"https:\/\/ubaldofernandes.com\/","name":"Ubaldo Fernandes","description":"Deputado Estadual","potentialAction":[{"@type":"SearchAction","target":{"@type":"EntryPoint","urlTemplate":"https:\/\/ubaldofernandes.com\/?s={search_term_string}"},"query-input":{"@type":"PropertyValueSpecification","valueRequired":true,"valueName":"search_term_string"}}],"inLanguage":"pt-BR"}]}},"_links":{"self":[{"href":"https:\/\/ubaldofernandes.com\/index.php\/wp-json\/wp\/v2\/actuation\/7746","targetHints":{"allow":["GET"]}}],"collection":[{"href":"https:\/\/ubaldofernandes.com\/index.php\/wp-json\/wp\/v2\/actuation"}],"about":[{"href":"https:\/\/ubaldofernandes.com\/index.php\/wp-json\/wp\/v2\/types\/actuation"}],"wp:attachment":[{"href":"https:\/\/ubaldofernandes.com\/index.php\/wp-json\/wp\/v2\/media?parent=7746"}],"wp:term":[{"taxonomy":"category","embeddable":true,"href":"https:\/\/ubaldofernandes.com\/index.php\/wp-json\/wp\/v2\/categories?post=7746"}],"curies":[{"name":"wp","href":"https:\/\/api.w.org\/{rel}","templated":true}]}}