{"id":7819,"date":"2025-05-26T12:21:00","date_gmt":"2025-05-26T15:21:00","guid":{"rendered":"https:\/\/ubaldofernandes.com\/?post_type=actuation&#038;p=7819"},"modified":"2025-05-30T12:27:00","modified_gmt":"2025-05-30T15:27:00","slug":"liderancas-comunitarias-sao-homenageadas-em-solenidade-na-alrn","status":"publish","type":"actuation","link":"https:\/\/ubaldofernandes.com\/index.php\/actuation\/liderancas-comunitarias-sao-homenageadas-em-solenidade-na-alrn\/","title":{"rendered":"Lideran\u00e7as Comunit\u00e1rias s\u00e3o homenageadas em solenidade na ALRN"},"content":{"rendered":"\n<p>A Assembleia Legislativa (ALRN) homenageou as lideran\u00e7as comunit\u00e1rias em uma solenidade. Foi durante a manh\u00e3 desta segunda-feira (26), numa iniciativa do mandato do deputado Ubaldo Fernandes (PSDB). A sess\u00e3o solene contou com a presen\u00e7a da deputada Divaneide Bas\u00edlio (PT) e de lideran\u00e7as comunit\u00e1rias que representam praticamente todos os bairros de Natal. Os dois parlamentares se iniciaram na vida p\u00fablica como l\u00edderes comunit\u00e1rios em suas comunidades.&nbsp;<\/p>\n\n\n\n<p>&#8220;Por conhecer de perto essa realidade, sei que lideran\u00e7a comunit\u00e1ria n\u00e3o \u00e9 um \u00b4status\u00b4 nem cargo: \u00e9 miss\u00e3o. Miss\u00e3o de ouvir, acolher, cobrar e construir e voc\u00eas aqui presentes representam essa miss\u00e3o com uma grande dignidade&#8221;, afirmou Ubaldo.&nbsp;<\/p>\n\n\n\n<p>O deputado afirmou que \u00e9 das lideran\u00e7as a voz que ecoa nos conselhos comunit\u00e1rios, igrejas, reuni\u00f5es de rua, redes sociais e nas audi\u00eancias p\u00fablicas. &#8220;Voc\u00eas s\u00e3o a continuidade viva da nossa hist\u00f3ria. Est\u00e3o em todos os bairros de Natal, nas periferias de Mossor\u00f3, vilas de Caic\u00f3, nos conjuntos de Parnamirim, nas ruas de S\u00e3o Gon\u00e7alo e em cada canto do nosso Estado&#8221;, disse.&nbsp;<\/p>\n\n\n\n<p>&#8220;Onde h\u00e1 uma necessidade, l\u00e1 est\u00e1 um l\u00edder comunit\u00e1rio e muitas vezes \u00e9 o primeiro a chegar e o \u00faltimo a sair&#8221;, disse Ubaldo. O deputado afirmou que o RN tem uma longa tradi\u00e7\u00e3o de resist\u00eancia, &#8220;desde os povos ind\u00edgenas na Confedera\u00e7\u00e3o dos Cariris, que enfrentaram o dom\u00ednio colonial, at\u00e9 as lutas contempor\u00e2neas por moradia, sa\u00fade, educa\u00e7\u00e3o e seguran\u00e7a&#8221;.&nbsp;<\/p>\n\n\n\n<p>Representando todos os homenageados, Eriberto Alves da Silva afirmou que o dia era de homenagens, mas tamb\u00e9m de lutas. Agradeceu o apoio dos dois deputados e fez reivindica\u00e7\u00f5es: &#8220;Hoje \u00e9 um dia de homenagens, mas tamb\u00e9m de luta. Pe\u00e7o que olhem com bons olhos para nossa causa. Sugiro projetos que nos valorizem, porque n\u00e3o temos mandato e as demandas n\u00e3o chegariam at\u00e9 o governo, c\u00e2maras ou Assembleia Legislativa sem a intermedia\u00e7\u00e3o de uma lideran\u00e7a&#8221;, afirmou.<\/p>\n\n\n\n<p>HOMENAGEADOS:<\/p>\n\n\n\n<p>Andr\u00e9a F\u00e9lix de Melo<\/p>\n\n\n\n<p>Ant\u00f4nio Il\u00e2nio da Silva<\/p>\n\n\n\n<p>Francisco Adeirton F\u00e9lix da Silva<\/p>\n\n\n\n<p>Ilma Maria Gomes da Costa<\/p>\n\n\n\n<p>Jana\u00edna de Lima Oliveira<\/p>\n\n\n\n<p>Josimar Soares Dantas<\/p>\n\n\n\n<p>Kaylane Moura<\/p>\n\n\n\n<p>Macilei Maciel<\/p>\n\n\n\n<p>Maria Lucineide Louren\u00e7o Xavier<\/p>\n\n\n\n<p>Ronivaldo Estevam Soares<\/p>\n\n\n\n<p>Federa\u00e7\u00e3o Miss\u00e3o Alef &#8211; Presidente LEANDRO SILVA VIRG\u00cdNIO<\/p>\n\n\n\n<p>2<sup>a<\/sup>&nbsp;Fecap-RN \u2013 Fernando Luiz<\/p>\n\n\n\n<p>FENACC \u2013 Ivanilson Oliveira<\/p>\n\n\n\n<p>Conam-Brasil \u2013 Jos\u00e9 Silvestre de Moura (vice-presidente)<\/p>\n\n\n\n<p>FNRC \u2013 Caio dos Anjos (presidente)<\/p>\n\n\n\n<p>FEQUAJUTERN \u2013 Claudionor Firmino de Ara\u00fajo (vice-presidente)<\/p>\n\n\n\n<p>FESAERN \u2013 Emanuel Kleyton de Sousa Belo<\/p>\n\n\n\n<p>Associa\u00e7\u00e3o Warriors de Muay Thay do RN \u2013 Jean Carlos Honorato Lope (vice-presidente)<\/p>\n\n\n\n<p>ONG Atitude Coopera\u00e7\u00e3o \u2013 Maria do Perp\u00e9tuo Socorro Lima Nogueira (presidente)<\/p>\n\n\n\n<figure class=\"wp-block-image size-large\"><img loading=\"lazy\" decoding=\"async\" width=\"1024\" height=\"681\" src=\"https:\/\/ubaldofernandes.com\/wp-content\/uploads\/2025\/05\/9eOyclnoAnD8m4Ug1u7YhhxckuOmf39hf0vhwzDN-1024x681.jpg\" alt=\"\" class=\"wp-image-7821\" srcset=\"https:\/\/ubaldofernandes.com\/wp-content\/uploads\/2025\/05\/9eOyclnoAnD8m4Ug1u7YhhxckuOmf39hf0vhwzDN-1024x681.jpg 1024w, https:\/\/ubaldofernandes.com\/wp-content\/uploads\/2025\/05\/9eOyclnoAnD8m4Ug1u7YhhxckuOmf39hf0vhwzDN-300x200.jpg 300w, https:\/\/ubaldofernandes.com\/wp-content\/uploads\/2025\/05\/9eOyclnoAnD8m4Ug1u7YhhxckuOmf39hf0vhwzDN-768x511.jpg 768w, https:\/\/ubaldofernandes.com\/wp-content\/uploads\/2025\/05\/9eOyclnoAnD8m4Ug1u7YhhxckuOmf39hf0vhwzDN-1536x1022.jpg 1536w, https:\/\/ubaldofernandes.com\/wp-content\/uploads\/2025\/05\/9eOyclnoAnD8m4Ug1u7YhhxckuOmf39hf0vhwzDN-2048x1363.jpg 2048w\" sizes=\"auto, (max-width: 1024px) 100vw, 1024px\" \/><\/figure>\n","protected":false},"featured_media":7820,"parent":0,"template":"","categories":[10],"class_list":["post-7819","actuation","type-actuation","status-publish","has-post-thumbnail","hentry","category-sessao-solene"],"acf":[],"yoast_head":"<!-- This site is optimized with the Yoast SEO plugin v24.6 - https:\/\/yoast.com\/wordpress\/plugins\/seo\/ -->\n<title>Lideran\u00e7as Comunit\u00e1rias s\u00e3o homenageadas em solenidade na ALRN - Ubaldo Fernandes<\/title>\n<meta name=\"robots\" content=\"index, follow, max-snippet:-1, max-image-preview:large, max-video-preview:-1\" \/>\n<link rel=\"canonical\" href=\"https:\/\/ubaldofernandes.com\/index.php\/actuation\/liderancas-comunitarias-sao-homenageadas-em-solenidade-na-alrn\/\" \/>\n<meta property=\"og:locale\" content=\"pt_BR\" \/>\n<meta property=\"og:type\" content=\"article\" \/>\n<meta property=\"og:title\" content=\"Lideran\u00e7as Comunit\u00e1rias s\u00e3o homenageadas em solenidade na ALRN - Ubaldo Fernandes\" \/>\n<meta property=\"og:description\" content=\"A Assembleia Legislativa (ALRN) homenageou as lideran\u00e7as comunit\u00e1rias em uma solenidade. Foi durante a manh\u00e3 desta segunda-feira (26), numa iniciativa do mandato do deputado Ubaldo Fernandes (PSDB). A sess\u00e3o solene contou com a presen\u00e7a da deputada Divaneide Bas\u00edlio (PT) e de lideran\u00e7as comunit\u00e1rias que representam praticamente todos os bairros de Natal. Os dois parlamentares se [&hellip;]\" \/>\n<meta property=\"og:url\" content=\"https:\/\/ubaldofernandes.com\/index.php\/actuation\/liderancas-comunitarias-sao-homenageadas-em-solenidade-na-alrn\/\" \/>\n<meta property=\"og:site_name\" content=\"Ubaldo Fernandes\" \/>\n<meta property=\"article:modified_time\" content=\"2025-05-30T15:27:00+00:00\" \/>\n<meta property=\"og:image\" content=\"https:\/\/ubaldofernandes.com\/wp-content\/uploads\/2025\/05\/0By6Yd0ZIiG99CnfTLd98Vjd3Gp7HJmQNp0Mpplx-scaled.jpg\" \/>\n\t<meta property=\"og:image:width\" content=\"2560\" \/>\n\t<meta property=\"og:image:height\" content=\"1703\" \/>\n\t<meta property=\"og:image:type\" content=\"image\/jpeg\" \/>\n<meta name=\"twitter:card\" content=\"summary_large_image\" \/>\n<meta name=\"twitter:label1\" content=\"Est. tempo de leitura\" \/>\n\t<meta name=\"twitter:data1\" content=\"3 minutos\" \/>\n<script type=\"application\/ld+json\" class=\"yoast-schema-graph\">{\"@context\":\"https:\/\/schema.org\",\"@graph\":[{\"@type\":\"WebPage\",\"@id\":\"https:\/\/ubaldofernandes.com\/index.php\/actuation\/liderancas-comunitarias-sao-homenageadas-em-solenidade-na-alrn\/\",\"url\":\"https:\/\/ubaldofernandes.com\/index.php\/actuation\/liderancas-comunitarias-sao-homenageadas-em-solenidade-na-alrn\/\",\"name\":\"Lideran\u00e7as Comunit\u00e1rias s\u00e3o homenageadas em solenidade na ALRN - Ubaldo Fernandes\",\"isPartOf\":{\"@id\":\"https:\/\/ubaldofernandes.com\/#website\"},\"primaryImageOfPage\":{\"@id\":\"https:\/\/ubaldofernandes.com\/index.php\/actuation\/liderancas-comunitarias-sao-homenageadas-em-solenidade-na-alrn\/#primaryimage\"},\"image\":{\"@id\":\"https:\/\/ubaldofernandes.com\/index.php\/actuation\/liderancas-comunitarias-sao-homenageadas-em-solenidade-na-alrn\/#primaryimage\"},\"thumbnailUrl\":\"https:\/\/ubaldofernandes.com\/wp-content\/uploads\/2025\/05\/0By6Yd0ZIiG99CnfTLd98Vjd3Gp7HJmQNp0Mpplx-scaled.jpg\",\"datePublished\":\"2025-05-26T15:21:00+00:00\",\"dateModified\":\"2025-05-30T15:27:00+00:00\",\"breadcrumb\":{\"@id\":\"https:\/\/ubaldofernandes.com\/index.php\/actuation\/liderancas-comunitarias-sao-homenageadas-em-solenidade-na-alrn\/#breadcrumb\"},\"inLanguage\":\"pt-BR\",\"potentialAction\":[{\"@type\":\"ReadAction\",\"target\":[\"https:\/\/ubaldofernandes.com\/index.php\/actuation\/liderancas-comunitarias-sao-homenageadas-em-solenidade-na-alrn\/\"]}]},{\"@type\":\"ImageObject\",\"inLanguage\":\"pt-BR\",\"@id\":\"https:\/\/ubaldofernandes.com\/index.php\/actuation\/liderancas-comunitarias-sao-homenageadas-em-solenidade-na-alrn\/#primaryimage\",\"url\":\"https:\/\/ubaldofernandes.com\/wp-content\/uploads\/2025\/05\/0By6Yd0ZIiG99CnfTLd98Vjd3Gp7HJmQNp0Mpplx-scaled.jpg\",\"contentUrl\":\"https:\/\/ubaldofernandes.com\/wp-content\/uploads\/2025\/05\/0By6Yd0ZIiG99CnfTLd98Vjd3Gp7HJmQNp0Mpplx-scaled.jpg\",\"width\":2560,\"height\":1703},{\"@type\":\"BreadcrumbList\",\"@id\":\"https:\/\/ubaldofernandes.com\/index.php\/actuation\/liderancas-comunitarias-sao-homenageadas-em-solenidade-na-alrn\/#breadcrumb\",\"itemListElement\":[{\"@type\":\"ListItem\",\"position\":1,\"name\":\"In\u00edcio\",\"item\":\"https:\/\/ubaldofernandes.com\/\"},{\"@type\":\"ListItem\",\"position\":2,\"name\":\"Post Atua\u00e7\u00e3o Parlamentar\",\"item\":\"https:\/\/ubaldofernandes.com\/index.php\/actuation\/\"},{\"@type\":\"ListItem\",\"position\":3,\"name\":\"Lideran\u00e7as Comunit\u00e1rias s\u00e3o homenageadas em solenidade na ALRN\"}]},{\"@type\":\"WebSite\",\"@id\":\"https:\/\/ubaldofernandes.com\/#website\",\"url\":\"https:\/\/ubaldofernandes.com\/\",\"name\":\"Ubaldo Fernandes\",\"description\":\"Deputado Estadual\",\"potentialAction\":[{\"@type\":\"SearchAction\",\"target\":{\"@type\":\"EntryPoint\",\"urlTemplate\":\"https:\/\/ubaldofernandes.com\/?s={search_term_string}\"},\"query-input\":{\"@type\":\"PropertyValueSpecification\",\"valueRequired\":true,\"valueName\":\"search_term_string\"}}],\"inLanguage\":\"pt-BR\"}]}<\/script>\n<!-- \/ Yoast SEO plugin. -->","yoast_head_json":{"title":"Lideran\u00e7as Comunit\u00e1rias s\u00e3o homenageadas em solenidade na ALRN - Ubaldo Fernandes","robots":{"index":"index","follow":"follow","max-snippet":"max-snippet:-1","max-image-preview":"max-image-preview:large","max-video-preview":"max-video-preview:-1"},"canonical":"https:\/\/ubaldofernandes.com\/index.php\/actuation\/liderancas-comunitarias-sao-homenageadas-em-solenidade-na-alrn\/","og_locale":"pt_BR","og_type":"article","og_title":"Lideran\u00e7as Comunit\u00e1rias s\u00e3o homenageadas em solenidade na ALRN - Ubaldo Fernandes","og_description":"A Assembleia Legislativa (ALRN) homenageou as lideran\u00e7as comunit\u00e1rias em uma solenidade. Foi durante a manh\u00e3 desta segunda-feira (26), numa iniciativa do mandato do deputado Ubaldo Fernandes (PSDB). A sess\u00e3o solene contou com a presen\u00e7a da deputada Divaneide Bas\u00edlio (PT) e de lideran\u00e7as comunit\u00e1rias que representam praticamente todos os bairros de Natal. Os dois parlamentares se [&hellip;]","og_url":"https:\/\/ubaldofernandes.com\/index.php\/actuation\/liderancas-comunitarias-sao-homenageadas-em-solenidade-na-alrn\/","og_site_name":"Ubaldo Fernandes","article_modified_time":"2025-05-30T15:27:00+00:00","og_image":[{"width":2560,"height":1703,"url":"https:\/\/ubaldofernandes.com\/wp-content\/uploads\/2025\/05\/0By6Yd0ZIiG99CnfTLd98Vjd3Gp7HJmQNp0Mpplx-scaled.jpg","type":"image\/jpeg"}],"twitter_card":"summary_large_image","twitter_misc":{"Est. tempo de leitura":"3 minutos"},"schema":{"@context":"https:\/\/schema.org","@graph":[{"@type":"WebPage","@id":"https:\/\/ubaldofernandes.com\/index.php\/actuation\/liderancas-comunitarias-sao-homenageadas-em-solenidade-na-alrn\/","url":"https:\/\/ubaldofernandes.com\/index.php\/actuation\/liderancas-comunitarias-sao-homenageadas-em-solenidade-na-alrn\/","name":"Lideran\u00e7as Comunit\u00e1rias s\u00e3o homenageadas em solenidade na ALRN - Ubaldo Fernandes","isPartOf":{"@id":"https:\/\/ubaldofernandes.com\/#website"},"primaryImageOfPage":{"@id":"https:\/\/ubaldofernandes.com\/index.php\/actuation\/liderancas-comunitarias-sao-homenageadas-em-solenidade-na-alrn\/#primaryimage"},"image":{"@id":"https:\/\/ubaldofernandes.com\/index.php\/actuation\/liderancas-comunitarias-sao-homenageadas-em-solenidade-na-alrn\/#primaryimage"},"thumbnailUrl":"https:\/\/ubaldofernandes.com\/wp-content\/uploads\/2025\/05\/0By6Yd0ZIiG99CnfTLd98Vjd3Gp7HJmQNp0Mpplx-scaled.jpg","datePublished":"2025-05-26T15:21:00+00:00","dateModified":"2025-05-30T15:27:00+00:00","breadcrumb":{"@id":"https:\/\/ubaldofernandes.com\/index.php\/actuation\/liderancas-comunitarias-sao-homenageadas-em-solenidade-na-alrn\/#breadcrumb"},"inLanguage":"pt-BR","potentialAction":[{"@type":"ReadAction","target":["https:\/\/ubaldofernandes.com\/index.php\/actuation\/liderancas-comunitarias-sao-homenageadas-em-solenidade-na-alrn\/"]}]},{"@type":"ImageObject","inLanguage":"pt-BR","@id":"https:\/\/ubaldofernandes.com\/index.php\/actuation\/liderancas-comunitarias-sao-homenageadas-em-solenidade-na-alrn\/#primaryimage","url":"https:\/\/ubaldofernandes.com\/wp-content\/uploads\/2025\/05\/0By6Yd0ZIiG99CnfTLd98Vjd3Gp7HJmQNp0Mpplx-scaled.jpg","contentUrl":"https:\/\/ubaldofernandes.com\/wp-content\/uploads\/2025\/05\/0By6Yd0ZIiG99CnfTLd98Vjd3Gp7HJmQNp0Mpplx-scaled.jpg","width":2560,"height":1703},{"@type":"BreadcrumbList","@id":"https:\/\/ubaldofernandes.com\/index.php\/actuation\/liderancas-comunitarias-sao-homenageadas-em-solenidade-na-alrn\/#breadcrumb","itemListElement":[{"@type":"ListItem","position":1,"name":"In\u00edcio","item":"https:\/\/ubaldofernandes.com\/"},{"@type":"ListItem","position":2,"name":"Post Atua\u00e7\u00e3o Parlamentar","item":"https:\/\/ubaldofernandes.com\/index.php\/actuation\/"},{"@type":"ListItem","position":3,"name":"Lideran\u00e7as Comunit\u00e1rias s\u00e3o homenageadas em solenidade na ALRN"}]},{"@type":"WebSite","@id":"https:\/\/ubaldofernandes.com\/#website","url":"https:\/\/ubaldofernandes.com\/","name":"Ubaldo Fernandes","description":"Deputado Estadual","potentialAction":[{"@type":"SearchAction","target":{"@type":"EntryPoint","urlTemplate":"https:\/\/ubaldofernandes.com\/?s={search_term_string}"},"query-input":{"@type":"PropertyValueSpecification","valueRequired":true,"valueName":"search_term_string"}}],"inLanguage":"pt-BR"}]}},"_links":{"self":[{"href":"https:\/\/ubaldofernandes.com\/index.php\/wp-json\/wp\/v2\/actuation\/7819","targetHints":{"allow":["GET"]}}],"collection":[{"href":"https:\/\/ubaldofernandes.com\/index.php\/wp-json\/wp\/v2\/actuation"}],"about":[{"href":"https:\/\/ubaldofernandes.com\/index.php\/wp-json\/wp\/v2\/types\/actuation"}],"wp:featuredmedia":[{"embeddable":true,"href":"https:\/\/ubaldofernandes.com\/index.php\/wp-json\/wp\/v2\/media\/7820"}],"wp:attachment":[{"href":"https:\/\/ubaldofernandes.com\/index.php\/wp-json\/wp\/v2\/media?parent=7819"}],"wp:term":[{"taxonomy":"category","embeddable":true,"href":"https:\/\/ubaldofernandes.com\/index.php\/wp-json\/wp\/v2\/categories?post=7819"}],"curies":[{"name":"wp","href":"https:\/\/api.w.org\/{rel}","templated":true}]}}