{"id":7822,"date":"2025-05-20T12:28:00","date_gmt":"2025-05-20T15:28:00","guid":{"rendered":"https:\/\/ubaldofernandes.com\/?post_type=actuation&#038;p=7822"},"modified":"2025-05-30T12:31:51","modified_gmt":"2025-05-30T15:31:51","slug":"ccj-da-alrn-aprova-projeto-que-obriga-escolas-a-advertirem-sobre-pratica-de-cyberbullying","status":"publish","type":"actuation","link":"https:\/\/ubaldofernandes.com\/index.php\/actuation\/ccj-da-alrn-aprova-projeto-que-obriga-escolas-a-advertirem-sobre-pratica-de-cyberbullying\/","title":{"rendered":"CCJ da ALRN aprova projeto que obriga escolas a advertirem sobre pr\u00e1tica de cyberbullying"},"content":{"rendered":"\n<p>Na reuni\u00e3o desta ter\u00e7a-feira (20), a Comiss\u00e3o de Justi\u00e7a e Reda\u00e7\u00e3o (CCJ) da Assembleia Legislativa do Rio Grande do Norte, aprovou projeto da deputada Eudiane Macedo (PV) que disp\u00f5e sobre a obrigatoriedade de afixa\u00e7\u00e3o de cartaz informativo em escolas da rede p\u00fablica e privada sobre a pr\u00e1tica criminosa do bullying e cyberbullying. Al\u00e9m deste, outros 15 projetos foram aprovados.<\/p>\n\n\n\n<p>A deputada Terezinha Maia (PL) teve aprovado o projeto de lei que cria o Programa de Enfrentamento \u00e0 Viol\u00eancia contra a mulher na primeira inf\u00e2ncia, atrav\u00e9s da conscientiza\u00e7\u00e3o de crian\u00e7as potiguares.&nbsp;<\/p>\n\n\n\n<p>Do deputado Hermano Morais (PV), foi aprovado o projeto que institui, no \u00e2mbito do RN, o Programa Estadual de Conscientiza\u00e7\u00e3o e Apoio \u00e0s Pessoas com Transtorno de Personalidade Bordeline (TPB), estabelecendo o m\u00eas de maio como M\u00eas de Conscientiza\u00e7\u00e3o. Tamb\u00e9m de Hermano, foi aprovado o projeto que estabelece a utiliza\u00e7\u00e3o do s\u00edmbolo internacional de acessibilidade no RN.&nbsp;<\/p>\n\n\n\n<p>Dr. Kerginaldo (PL) teve aprovado o projeto que institui a Pol\u00edtica Estadual de Sa\u00fade Internacional de Funcionalidade, Incapacidade e Sa\u00fade (CIF), no RN. A CCJ aprovou ainda projeto do deputado Adjuto Dias (MDB) que seja institu\u00eddo o reconhecimento do car\u00e1ter educacional e formativo da capoeira em suas manifesta\u00e7\u00f5es culturais, esportivas, art\u00edsticas e sociais e permite a celebra\u00e7\u00e3o de parcerias para o seu ensino na rede p\u00fablica estadual.&nbsp;<\/p>\n\n\n\n<p>A deputada Cristiane Dantas (SDD) teve aprovado o projeto que institui o programa &#8220;RN mais verde&#8221;, que disp\u00f5e sobre a ado\u00e7\u00e3o de \u00e1reas de unidades de conserva\u00e7\u00e3o estaduais legalmente institu\u00eddas no RN.&nbsp;<\/p>\n\n\n\n<p>De iniciativa do governo estadual, foi aprovado o projeto que disp\u00f5e sobre o servi\u00e7o p\u00fablico de loteria no RN, instituindo o Fundo Estadual da Loteria no RN.&nbsp;<\/p>\n\n\n\n<p>Entre outros projetos de reconhecimento como patrim\u00f4nio do RN aprovados foram: do deputado Francisco do PT, reconhecendo Barra do Cunha\u00fa como patrim\u00f4nio natural, tur\u00edstico e cultural do RN; de Kleber Rodrigues (PSDB) reconhecendo a Banda Marcial Dr. Severiano (BMDS), de Maca\u00edba, como patrim\u00f4nio cultural imaterial; da deputada Isolda Dantas (PT) reconhecendo a festa de S\u00e3o Jo\u00e3o Batista, padroeiro de Pend\u00eancias como patrim\u00f4nio hist\u00f3rico, cultural, imaterial e religioso; do deputado Ubaldo Fernandes reconhecendo a par\u00f3quia de Santa Cruz como patrim\u00f4nio cultural, religioso, hist\u00f3rico e arquitet\u00f4nico do RN.<\/p>\n\n\n\n<p><\/p>\n","protected":false},"featured_media":7823,"parent":0,"template":"","categories":[5],"class_list":["post-7822","actuation","type-actuation","status-publish","has-post-thumbnail","hentry","category-comissoes"],"acf":[],"yoast_head":"<!-- This site is optimized with the Yoast SEO plugin v24.6 - https:\/\/yoast.com\/wordpress\/plugins\/seo\/ -->\n<title>CCJ da ALRN aprova projeto que obriga escolas a advertirem sobre pr\u00e1tica de cyberbullying - Ubaldo Fernandes<\/title>\n<meta name=\"robots\" content=\"index, follow, max-snippet:-1, max-image-preview:large, max-video-preview:-1\" \/>\n<link rel=\"canonical\" href=\"https:\/\/ubaldofernandes.com\/index.php\/actuation\/ccj-da-alrn-aprova-projeto-que-obriga-escolas-a-advertirem-sobre-pratica-de-cyberbullying\/\" \/>\n<meta property=\"og:locale\" content=\"pt_BR\" \/>\n<meta property=\"og:type\" content=\"article\" \/>\n<meta property=\"og:title\" content=\"CCJ da ALRN aprova projeto que obriga escolas a advertirem sobre pr\u00e1tica de cyberbullying - Ubaldo Fernandes\" \/>\n<meta property=\"og:description\" content=\"Na reuni\u00e3o desta ter\u00e7a-feira (20), a Comiss\u00e3o de Justi\u00e7a e Reda\u00e7\u00e3o (CCJ) da Assembleia Legislativa do Rio Grande do Norte, aprovou projeto da deputada Eudiane Macedo (PV) que disp\u00f5e sobre a obrigatoriedade de afixa\u00e7\u00e3o de cartaz informativo em escolas da rede p\u00fablica e privada sobre a pr\u00e1tica criminosa do bullying e cyberbullying. Al\u00e9m deste, outros [&hellip;]\" \/>\n<meta property=\"og:url\" content=\"https:\/\/ubaldofernandes.com\/index.php\/actuation\/ccj-da-alrn-aprova-projeto-que-obriga-escolas-a-advertirem-sobre-pratica-de-cyberbullying\/\" \/>\n<meta property=\"og:site_name\" content=\"Ubaldo Fernandes\" \/>\n<meta property=\"article:modified_time\" content=\"2025-05-30T15:31:51+00:00\" \/>\n<meta property=\"og:image\" content=\"https:\/\/ubaldofernandes.com\/wp-content\/uploads\/2025\/05\/VX6CZnllWWqKy4j8x8Khvd85Oug1yZ6GlO3nQH6R-scaled.jpg\" \/>\n\t<meta property=\"og:image:width\" content=\"2560\" \/>\n\t<meta property=\"og:image:height\" content=\"1707\" \/>\n\t<meta property=\"og:image:type\" content=\"image\/jpeg\" \/>\n<meta name=\"twitter:card\" content=\"summary_large_image\" \/>\n<meta name=\"twitter:label1\" content=\"Est. tempo de leitura\" \/>\n\t<meta name=\"twitter:data1\" content=\"3 minutos\" \/>\n<script type=\"application\/ld+json\" class=\"yoast-schema-graph\">{\"@context\":\"https:\/\/schema.org\",\"@graph\":[{\"@type\":\"WebPage\",\"@id\":\"https:\/\/ubaldofernandes.com\/index.php\/actuation\/ccj-da-alrn-aprova-projeto-que-obriga-escolas-a-advertirem-sobre-pratica-de-cyberbullying\/\",\"url\":\"https:\/\/ubaldofernandes.com\/index.php\/actuation\/ccj-da-alrn-aprova-projeto-que-obriga-escolas-a-advertirem-sobre-pratica-de-cyberbullying\/\",\"name\":\"CCJ da ALRN aprova projeto que obriga escolas a advertirem sobre pr\u00e1tica de cyberbullying - Ubaldo Fernandes\",\"isPartOf\":{\"@id\":\"https:\/\/ubaldofernandes.com\/#website\"},\"primaryImageOfPage\":{\"@id\":\"https:\/\/ubaldofernandes.com\/index.php\/actuation\/ccj-da-alrn-aprova-projeto-que-obriga-escolas-a-advertirem-sobre-pratica-de-cyberbullying\/#primaryimage\"},\"image\":{\"@id\":\"https:\/\/ubaldofernandes.com\/index.php\/actuation\/ccj-da-alrn-aprova-projeto-que-obriga-escolas-a-advertirem-sobre-pratica-de-cyberbullying\/#primaryimage\"},\"thumbnailUrl\":\"https:\/\/ubaldofernandes.com\/wp-content\/uploads\/2025\/05\/VX6CZnllWWqKy4j8x8Khvd85Oug1yZ6GlO3nQH6R-scaled.jpg\",\"datePublished\":\"2025-05-20T15:28:00+00:00\",\"dateModified\":\"2025-05-30T15:31:51+00:00\",\"breadcrumb\":{\"@id\":\"https:\/\/ubaldofernandes.com\/index.php\/actuation\/ccj-da-alrn-aprova-projeto-que-obriga-escolas-a-advertirem-sobre-pratica-de-cyberbullying\/#breadcrumb\"},\"inLanguage\":\"pt-BR\",\"potentialAction\":[{\"@type\":\"ReadAction\",\"target\":[\"https:\/\/ubaldofernandes.com\/index.php\/actuation\/ccj-da-alrn-aprova-projeto-que-obriga-escolas-a-advertirem-sobre-pratica-de-cyberbullying\/\"]}]},{\"@type\":\"ImageObject\",\"inLanguage\":\"pt-BR\",\"@id\":\"https:\/\/ubaldofernandes.com\/index.php\/actuation\/ccj-da-alrn-aprova-projeto-que-obriga-escolas-a-advertirem-sobre-pratica-de-cyberbullying\/#primaryimage\",\"url\":\"https:\/\/ubaldofernandes.com\/wp-content\/uploads\/2025\/05\/VX6CZnllWWqKy4j8x8Khvd85Oug1yZ6GlO3nQH6R-scaled.jpg\",\"contentUrl\":\"https:\/\/ubaldofernandes.com\/wp-content\/uploads\/2025\/05\/VX6CZnllWWqKy4j8x8Khvd85Oug1yZ6GlO3nQH6R-scaled.jpg\",\"width\":2560,\"height\":1707},{\"@type\":\"BreadcrumbList\",\"@id\":\"https:\/\/ubaldofernandes.com\/index.php\/actuation\/ccj-da-alrn-aprova-projeto-que-obriga-escolas-a-advertirem-sobre-pratica-de-cyberbullying\/#breadcrumb\",\"itemListElement\":[{\"@type\":\"ListItem\",\"position\":1,\"name\":\"In\u00edcio\",\"item\":\"https:\/\/ubaldofernandes.com\/\"},{\"@type\":\"ListItem\",\"position\":2,\"name\":\"Post Atua\u00e7\u00e3o Parlamentar\",\"item\":\"https:\/\/ubaldofernandes.com\/index.php\/actuation\/\"},{\"@type\":\"ListItem\",\"position\":3,\"name\":\"CCJ da ALRN aprova projeto que obriga escolas a advertirem sobre pr\u00e1tica de cyberbullying\"}]},{\"@type\":\"WebSite\",\"@id\":\"https:\/\/ubaldofernandes.com\/#website\",\"url\":\"https:\/\/ubaldofernandes.com\/\",\"name\":\"Ubaldo Fernandes\",\"description\":\"Deputado Estadual\",\"potentialAction\":[{\"@type\":\"SearchAction\",\"target\":{\"@type\":\"EntryPoint\",\"urlTemplate\":\"https:\/\/ubaldofernandes.com\/?s={search_term_string}\"},\"query-input\":{\"@type\":\"PropertyValueSpecification\",\"valueRequired\":true,\"valueName\":\"search_term_string\"}}],\"inLanguage\":\"pt-BR\"}]}<\/script>\n<!-- \/ Yoast SEO plugin. -->","yoast_head_json":{"title":"CCJ da ALRN aprova projeto que obriga escolas a advertirem sobre pr\u00e1tica de cyberbullying - Ubaldo Fernandes","robots":{"index":"index","follow":"follow","max-snippet":"max-snippet:-1","max-image-preview":"max-image-preview:large","max-video-preview":"max-video-preview:-1"},"canonical":"https:\/\/ubaldofernandes.com\/index.php\/actuation\/ccj-da-alrn-aprova-projeto-que-obriga-escolas-a-advertirem-sobre-pratica-de-cyberbullying\/","og_locale":"pt_BR","og_type":"article","og_title":"CCJ da ALRN aprova projeto que obriga escolas a advertirem sobre pr\u00e1tica de cyberbullying - Ubaldo Fernandes","og_description":"Na reuni\u00e3o desta ter\u00e7a-feira (20), a Comiss\u00e3o de Justi\u00e7a e Reda\u00e7\u00e3o (CCJ) da Assembleia Legislativa do Rio Grande do Norte, aprovou projeto da deputada Eudiane Macedo (PV) que disp\u00f5e sobre a obrigatoriedade de afixa\u00e7\u00e3o de cartaz informativo em escolas da rede p\u00fablica e privada sobre a pr\u00e1tica criminosa do bullying e cyberbullying. Al\u00e9m deste, outros [&hellip;]","og_url":"https:\/\/ubaldofernandes.com\/index.php\/actuation\/ccj-da-alrn-aprova-projeto-que-obriga-escolas-a-advertirem-sobre-pratica-de-cyberbullying\/","og_site_name":"Ubaldo Fernandes","article_modified_time":"2025-05-30T15:31:51+00:00","og_image":[{"width":2560,"height":1707,"url":"https:\/\/ubaldofernandes.com\/wp-content\/uploads\/2025\/05\/VX6CZnllWWqKy4j8x8Khvd85Oug1yZ6GlO3nQH6R-scaled.jpg","type":"image\/jpeg"}],"twitter_card":"summary_large_image","twitter_misc":{"Est. tempo de leitura":"3 minutos"},"schema":{"@context":"https:\/\/schema.org","@graph":[{"@type":"WebPage","@id":"https:\/\/ubaldofernandes.com\/index.php\/actuation\/ccj-da-alrn-aprova-projeto-que-obriga-escolas-a-advertirem-sobre-pratica-de-cyberbullying\/","url":"https:\/\/ubaldofernandes.com\/index.php\/actuation\/ccj-da-alrn-aprova-projeto-que-obriga-escolas-a-advertirem-sobre-pratica-de-cyberbullying\/","name":"CCJ da ALRN aprova projeto que obriga escolas a advertirem sobre pr\u00e1tica de cyberbullying - Ubaldo Fernandes","isPartOf":{"@id":"https:\/\/ubaldofernandes.com\/#website"},"primaryImageOfPage":{"@id":"https:\/\/ubaldofernandes.com\/index.php\/actuation\/ccj-da-alrn-aprova-projeto-que-obriga-escolas-a-advertirem-sobre-pratica-de-cyberbullying\/#primaryimage"},"image":{"@id":"https:\/\/ubaldofernandes.com\/index.php\/actuation\/ccj-da-alrn-aprova-projeto-que-obriga-escolas-a-advertirem-sobre-pratica-de-cyberbullying\/#primaryimage"},"thumbnailUrl":"https:\/\/ubaldofernandes.com\/wp-content\/uploads\/2025\/05\/VX6CZnllWWqKy4j8x8Khvd85Oug1yZ6GlO3nQH6R-scaled.jpg","datePublished":"2025-05-20T15:28:00+00:00","dateModified":"2025-05-30T15:31:51+00:00","breadcrumb":{"@id":"https:\/\/ubaldofernandes.com\/index.php\/actuation\/ccj-da-alrn-aprova-projeto-que-obriga-escolas-a-advertirem-sobre-pratica-de-cyberbullying\/#breadcrumb"},"inLanguage":"pt-BR","potentialAction":[{"@type":"ReadAction","target":["https:\/\/ubaldofernandes.com\/index.php\/actuation\/ccj-da-alrn-aprova-projeto-que-obriga-escolas-a-advertirem-sobre-pratica-de-cyberbullying\/"]}]},{"@type":"ImageObject","inLanguage":"pt-BR","@id":"https:\/\/ubaldofernandes.com\/index.php\/actuation\/ccj-da-alrn-aprova-projeto-que-obriga-escolas-a-advertirem-sobre-pratica-de-cyberbullying\/#primaryimage","url":"https:\/\/ubaldofernandes.com\/wp-content\/uploads\/2025\/05\/VX6CZnllWWqKy4j8x8Khvd85Oug1yZ6GlO3nQH6R-scaled.jpg","contentUrl":"https:\/\/ubaldofernandes.com\/wp-content\/uploads\/2025\/05\/VX6CZnllWWqKy4j8x8Khvd85Oug1yZ6GlO3nQH6R-scaled.jpg","width":2560,"height":1707},{"@type":"BreadcrumbList","@id":"https:\/\/ubaldofernandes.com\/index.php\/actuation\/ccj-da-alrn-aprova-projeto-que-obriga-escolas-a-advertirem-sobre-pratica-de-cyberbullying\/#breadcrumb","itemListElement":[{"@type":"ListItem","position":1,"name":"In\u00edcio","item":"https:\/\/ubaldofernandes.com\/"},{"@type":"ListItem","position":2,"name":"Post Atua\u00e7\u00e3o Parlamentar","item":"https:\/\/ubaldofernandes.com\/index.php\/actuation\/"},{"@type":"ListItem","position":3,"name":"CCJ da ALRN aprova projeto que obriga escolas a advertirem sobre pr\u00e1tica de cyberbullying"}]},{"@type":"WebSite","@id":"https:\/\/ubaldofernandes.com\/#website","url":"https:\/\/ubaldofernandes.com\/","name":"Ubaldo Fernandes","description":"Deputado Estadual","potentialAction":[{"@type":"SearchAction","target":{"@type":"EntryPoint","urlTemplate":"https:\/\/ubaldofernandes.com\/?s={search_term_string}"},"query-input":{"@type":"PropertyValueSpecification","valueRequired":true,"valueName":"search_term_string"}}],"inLanguage":"pt-BR"}]}},"_links":{"self":[{"href":"https:\/\/ubaldofernandes.com\/index.php\/wp-json\/wp\/v2\/actuation\/7822","targetHints":{"allow":["GET"]}}],"collection":[{"href":"https:\/\/ubaldofernandes.com\/index.php\/wp-json\/wp\/v2\/actuation"}],"about":[{"href":"https:\/\/ubaldofernandes.com\/index.php\/wp-json\/wp\/v2\/types\/actuation"}],"wp:featuredmedia":[{"embeddable":true,"href":"https:\/\/ubaldofernandes.com\/index.php\/wp-json\/wp\/v2\/media\/7823"}],"wp:attachment":[{"href":"https:\/\/ubaldofernandes.com\/index.php\/wp-json\/wp\/v2\/media?parent=7822"}],"wp:term":[{"taxonomy":"category","embeddable":true,"href":"https:\/\/ubaldofernandes.com\/index.php\/wp-json\/wp\/v2\/categories?post=7822"}],"curies":[{"name":"wp","href":"https:\/\/api.w.org\/{rel}","templated":true}]}}