{"id":7942,"date":"2025-08-01T13:56:32","date_gmt":"2025-08-01T16:56:32","guid":{"rendered":"https:\/\/ubaldofernandes.com\/?post_type=actuation&#038;p=7942"},"modified":"2025-08-01T13:56:33","modified_gmt":"2025-08-01T16:56:33","slug":"assembleia-entrega-titulo-de-cidadao-norte-rio-grandense-a-thiago-indio-do-brasil","status":"publish","type":"actuation","link":"https:\/\/ubaldofernandes.com\/index.php\/actuation\/assembleia-entrega-titulo-de-cidadao-norte-rio-grandense-a-thiago-indio-do-brasil\/","title":{"rendered":"Assembleia entrega t\u00edtulo de cidad\u00e3o norte-rio-grandense a Thiago \u00cdndio do Brasil"},"content":{"rendered":"\n<p>A Assembleia Legislativa do Rio Grande do Norte realizou, na manh\u00e3 desta sexta-feira (1\u00ba), uma sess\u00e3o solene para entrega do t\u00edtulo honor\u00edfico de cidad\u00e3o norte-rio-grandense ao engenheiro Thiago de Souza \u00cdndio do Brasil. A homenagem foi proposta pelo deputado estadual Ubaldo Fernandes (PSDB) e reconhece os servi\u00e7os prestados por Thiago ao desenvolvimento do estado, especialmente nas \u00e1reas de saneamento, infraestrutura e engenharia civil.<\/p>\n\n\n\n<p>O deputado Ubaldo Fernandes destacou que a honraria reflete o reconhecimento institucional a uma trajet\u00f3ria marcada por compet\u00eancia, compromisso e relevantes servi\u00e7os prestados ao povo potiguar. \u201cEsse diretor me surpreendeu pela forma de atendimento. N\u00e3o foi por eu ser deputado, presenciei o tratamento dado a outras pessoas e aquilo me chamou a aten\u00e7\u00e3o. O povo norte-riograndense fica feliz quando \u00e9 bem atendido por quem tem a miss\u00e3o de ser gestor p\u00fablico, e Thiago \u00cdndio tem esse perfil\u201d, afirmou.<br><br>Natural do Rio de Janeiro, Thiago construiu sua trajet\u00f3ria profissional no Rio Grande do Norte, onde se formou engenheiro civil pela Universidade Federal do RN (UFRN). Com forte atua\u00e7\u00e3o em obras p\u00fablicas e per\u00edcias judiciais, desde 2019 ele est\u00e1 \u00e0 frente da Diretoria de Opera\u00e7\u00e3o e Manuten\u00e7\u00e3o de \u00c1gua e Esgoto da Companhia de \u00c1gua e Esgoto do RN (Caern), \u00e1rea estrat\u00e9gica para o funcionamento dos sistemas de abastecimento e esgotamento sanit\u00e1rio em todo o estado.<\/p>\n\n\n\n<p>Emocionado, Thiago \u00cdndio agradeceu a homenagem e comparou-se a um zagueiro que, excepcionalmente, vai ao ataque. \u201cNormalmente, o atacante recebe os elogios e o zagueiro, as cobran\u00e7as. Hoje estou vivendo um momento especial\u201d, disse. Ele tamb\u00e9m lembrou sua trajet\u00f3ria profissional, citou obras das quais participou e surpreendeu ao anunciar que ser\u00e1 pai. \u201cVem a\u00ed o primeiro \u00cdndio do Brasil legitimamente norte-rio-grandense &#8211; e agora ser\u00e3o dois, depois desse t\u00edtulo que recebo\u201d, anunciou.<br>A solenidade aconteceu no Plen\u00e1rio Deputado Cl\u00f3vis Motta e contou com a presen\u00e7a de familiares, amigos, autoridades e representantes da Caern. O Coral da Assembleia, grupo musical criado em 2004, fez uma apresenta\u00e7\u00e3o para encerrar a solenidade.<\/p>\n","protected":false},"featured_media":7943,"parent":0,"template":"","categories":[10],"class_list":["post-7942","actuation","type-actuation","status-publish","has-post-thumbnail","hentry","category-sessao-solene"],"acf":[],"yoast_head":"<!-- This site is optimized with the Yoast SEO plugin v24.6 - https:\/\/yoast.com\/wordpress\/plugins\/seo\/ -->\n<title>Assembleia entrega t\u00edtulo de cidad\u00e3o norte-rio-grandense a Thiago \u00cdndio do Brasil - Ubaldo Fernandes<\/title>\n<meta name=\"robots\" content=\"index, follow, max-snippet:-1, max-image-preview:large, max-video-preview:-1\" \/>\n<link rel=\"canonical\" href=\"https:\/\/ubaldofernandes.com\/index.php\/actuation\/assembleia-entrega-titulo-de-cidadao-norte-rio-grandense-a-thiago-indio-do-brasil\/\" \/>\n<meta property=\"og:locale\" content=\"pt_BR\" \/>\n<meta property=\"og:type\" content=\"article\" \/>\n<meta property=\"og:title\" content=\"Assembleia entrega t\u00edtulo de cidad\u00e3o norte-rio-grandense a Thiago \u00cdndio do Brasil - Ubaldo Fernandes\" \/>\n<meta property=\"og:description\" content=\"A Assembleia Legislativa do Rio Grande do Norte realizou, na manh\u00e3 desta sexta-feira (1\u00ba), uma sess\u00e3o solene para entrega do t\u00edtulo honor\u00edfico de cidad\u00e3o norte-rio-grandense ao engenheiro Thiago de Souza \u00cdndio do Brasil. A homenagem foi proposta pelo deputado estadual Ubaldo Fernandes (PSDB) e reconhece os servi\u00e7os prestados por Thiago ao desenvolvimento do estado, especialmente [&hellip;]\" \/>\n<meta property=\"og:url\" content=\"https:\/\/ubaldofernandes.com\/index.php\/actuation\/assembleia-entrega-titulo-de-cidadao-norte-rio-grandense-a-thiago-indio-do-brasil\/\" \/>\n<meta property=\"og:site_name\" content=\"Ubaldo Fernandes\" \/>\n<meta property=\"article:modified_time\" content=\"2025-08-01T16:56:33+00:00\" \/>\n<meta property=\"og:image\" content=\"https:\/\/ubaldofernandes.com\/wp-content\/uploads\/2025\/08\/Ibez9DqIjO8nUTGOODKfby6PWSVGp1B09XU0fK2G-scaled.jpg\" \/>\n\t<meta property=\"og:image:width\" content=\"2560\" \/>\n\t<meta property=\"og:image:height\" content=\"1707\" \/>\n\t<meta property=\"og:image:type\" content=\"image\/jpeg\" \/>\n<meta name=\"twitter:card\" content=\"summary_large_image\" \/>\n<meta name=\"twitter:label1\" content=\"Est. tempo de leitura\" \/>\n\t<meta name=\"twitter:data1\" content=\"2 minutos\" \/>\n<script type=\"application\/ld+json\" class=\"yoast-schema-graph\">{\"@context\":\"https:\/\/schema.org\",\"@graph\":[{\"@type\":\"WebPage\",\"@id\":\"https:\/\/ubaldofernandes.com\/index.php\/actuation\/assembleia-entrega-titulo-de-cidadao-norte-rio-grandense-a-thiago-indio-do-brasil\/\",\"url\":\"https:\/\/ubaldofernandes.com\/index.php\/actuation\/assembleia-entrega-titulo-de-cidadao-norte-rio-grandense-a-thiago-indio-do-brasil\/\",\"name\":\"Assembleia entrega t\u00edtulo de cidad\u00e3o norte-rio-grandense a Thiago \u00cdndio do Brasil - Ubaldo Fernandes\",\"isPartOf\":{\"@id\":\"https:\/\/ubaldofernandes.com\/#website\"},\"primaryImageOfPage\":{\"@id\":\"https:\/\/ubaldofernandes.com\/index.php\/actuation\/assembleia-entrega-titulo-de-cidadao-norte-rio-grandense-a-thiago-indio-do-brasil\/#primaryimage\"},\"image\":{\"@id\":\"https:\/\/ubaldofernandes.com\/index.php\/actuation\/assembleia-entrega-titulo-de-cidadao-norte-rio-grandense-a-thiago-indio-do-brasil\/#primaryimage\"},\"thumbnailUrl\":\"https:\/\/ubaldofernandes.com\/wp-content\/uploads\/2025\/08\/Ibez9DqIjO8nUTGOODKfby6PWSVGp1B09XU0fK2G-scaled.jpg\",\"datePublished\":\"2025-08-01T16:56:32+00:00\",\"dateModified\":\"2025-08-01T16:56:33+00:00\",\"breadcrumb\":{\"@id\":\"https:\/\/ubaldofernandes.com\/index.php\/actuation\/assembleia-entrega-titulo-de-cidadao-norte-rio-grandense-a-thiago-indio-do-brasil\/#breadcrumb\"},\"inLanguage\":\"pt-BR\",\"potentialAction\":[{\"@type\":\"ReadAction\",\"target\":[\"https:\/\/ubaldofernandes.com\/index.php\/actuation\/assembleia-entrega-titulo-de-cidadao-norte-rio-grandense-a-thiago-indio-do-brasil\/\"]}]},{\"@type\":\"ImageObject\",\"inLanguage\":\"pt-BR\",\"@id\":\"https:\/\/ubaldofernandes.com\/index.php\/actuation\/assembleia-entrega-titulo-de-cidadao-norte-rio-grandense-a-thiago-indio-do-brasil\/#primaryimage\",\"url\":\"https:\/\/ubaldofernandes.com\/wp-content\/uploads\/2025\/08\/Ibez9DqIjO8nUTGOODKfby6PWSVGp1B09XU0fK2G-scaled.jpg\",\"contentUrl\":\"https:\/\/ubaldofernandes.com\/wp-content\/uploads\/2025\/08\/Ibez9DqIjO8nUTGOODKfby6PWSVGp1B09XU0fK2G-scaled.jpg\",\"width\":2560,\"height\":1707},{\"@type\":\"BreadcrumbList\",\"@id\":\"https:\/\/ubaldofernandes.com\/index.php\/actuation\/assembleia-entrega-titulo-de-cidadao-norte-rio-grandense-a-thiago-indio-do-brasil\/#breadcrumb\",\"itemListElement\":[{\"@type\":\"ListItem\",\"position\":1,\"name\":\"In\u00edcio\",\"item\":\"https:\/\/ubaldofernandes.com\/\"},{\"@type\":\"ListItem\",\"position\":2,\"name\":\"Post Atua\u00e7\u00e3o Parlamentar\",\"item\":\"https:\/\/ubaldofernandes.com\/index.php\/actuation\/\"},{\"@type\":\"ListItem\",\"position\":3,\"name\":\"Assembleia entrega t\u00edtulo de cidad\u00e3o norte-rio-grandense a Thiago \u00cdndio do Brasil\"}]},{\"@type\":\"WebSite\",\"@id\":\"https:\/\/ubaldofernandes.com\/#website\",\"url\":\"https:\/\/ubaldofernandes.com\/\",\"name\":\"Ubaldo Fernandes\",\"description\":\"Deputado Estadual\",\"potentialAction\":[{\"@type\":\"SearchAction\",\"target\":{\"@type\":\"EntryPoint\",\"urlTemplate\":\"https:\/\/ubaldofernandes.com\/?s={search_term_string}\"},\"query-input\":{\"@type\":\"PropertyValueSpecification\",\"valueRequired\":true,\"valueName\":\"search_term_string\"}}],\"inLanguage\":\"pt-BR\"}]}<\/script>\n<!-- \/ Yoast SEO plugin. -->","yoast_head_json":{"title":"Assembleia entrega t\u00edtulo de cidad\u00e3o norte-rio-grandense a Thiago \u00cdndio do Brasil - Ubaldo Fernandes","robots":{"index":"index","follow":"follow","max-snippet":"max-snippet:-1","max-image-preview":"max-image-preview:large","max-video-preview":"max-video-preview:-1"},"canonical":"https:\/\/ubaldofernandes.com\/index.php\/actuation\/assembleia-entrega-titulo-de-cidadao-norte-rio-grandense-a-thiago-indio-do-brasil\/","og_locale":"pt_BR","og_type":"article","og_title":"Assembleia entrega t\u00edtulo de cidad\u00e3o norte-rio-grandense a Thiago \u00cdndio do Brasil - Ubaldo Fernandes","og_description":"A Assembleia Legislativa do Rio Grande do Norte realizou, na manh\u00e3 desta sexta-feira (1\u00ba), uma sess\u00e3o solene para entrega do t\u00edtulo honor\u00edfico de cidad\u00e3o norte-rio-grandense ao engenheiro Thiago de Souza \u00cdndio do Brasil. A homenagem foi proposta pelo deputado estadual Ubaldo Fernandes (PSDB) e reconhece os servi\u00e7os prestados por Thiago ao desenvolvimento do estado, especialmente [&hellip;]","og_url":"https:\/\/ubaldofernandes.com\/index.php\/actuation\/assembleia-entrega-titulo-de-cidadao-norte-rio-grandense-a-thiago-indio-do-brasil\/","og_site_name":"Ubaldo Fernandes","article_modified_time":"2025-08-01T16:56:33+00:00","og_image":[{"width":2560,"height":1707,"url":"https:\/\/ubaldofernandes.com\/wp-content\/uploads\/2025\/08\/Ibez9DqIjO8nUTGOODKfby6PWSVGp1B09XU0fK2G-scaled.jpg","type":"image\/jpeg"}],"twitter_card":"summary_large_image","twitter_misc":{"Est. tempo de leitura":"2 minutos"},"schema":{"@context":"https:\/\/schema.org","@graph":[{"@type":"WebPage","@id":"https:\/\/ubaldofernandes.com\/index.php\/actuation\/assembleia-entrega-titulo-de-cidadao-norte-rio-grandense-a-thiago-indio-do-brasil\/","url":"https:\/\/ubaldofernandes.com\/index.php\/actuation\/assembleia-entrega-titulo-de-cidadao-norte-rio-grandense-a-thiago-indio-do-brasil\/","name":"Assembleia entrega t\u00edtulo de cidad\u00e3o norte-rio-grandense a Thiago \u00cdndio do Brasil - Ubaldo Fernandes","isPartOf":{"@id":"https:\/\/ubaldofernandes.com\/#website"},"primaryImageOfPage":{"@id":"https:\/\/ubaldofernandes.com\/index.php\/actuation\/assembleia-entrega-titulo-de-cidadao-norte-rio-grandense-a-thiago-indio-do-brasil\/#primaryimage"},"image":{"@id":"https:\/\/ubaldofernandes.com\/index.php\/actuation\/assembleia-entrega-titulo-de-cidadao-norte-rio-grandense-a-thiago-indio-do-brasil\/#primaryimage"},"thumbnailUrl":"https:\/\/ubaldofernandes.com\/wp-content\/uploads\/2025\/08\/Ibez9DqIjO8nUTGOODKfby6PWSVGp1B09XU0fK2G-scaled.jpg","datePublished":"2025-08-01T16:56:32+00:00","dateModified":"2025-08-01T16:56:33+00:00","breadcrumb":{"@id":"https:\/\/ubaldofernandes.com\/index.php\/actuation\/assembleia-entrega-titulo-de-cidadao-norte-rio-grandense-a-thiago-indio-do-brasil\/#breadcrumb"},"inLanguage":"pt-BR","potentialAction":[{"@type":"ReadAction","target":["https:\/\/ubaldofernandes.com\/index.php\/actuation\/assembleia-entrega-titulo-de-cidadao-norte-rio-grandense-a-thiago-indio-do-brasil\/"]}]},{"@type":"ImageObject","inLanguage":"pt-BR","@id":"https:\/\/ubaldofernandes.com\/index.php\/actuation\/assembleia-entrega-titulo-de-cidadao-norte-rio-grandense-a-thiago-indio-do-brasil\/#primaryimage","url":"https:\/\/ubaldofernandes.com\/wp-content\/uploads\/2025\/08\/Ibez9DqIjO8nUTGOODKfby6PWSVGp1B09XU0fK2G-scaled.jpg","contentUrl":"https:\/\/ubaldofernandes.com\/wp-content\/uploads\/2025\/08\/Ibez9DqIjO8nUTGOODKfby6PWSVGp1B09XU0fK2G-scaled.jpg","width":2560,"height":1707},{"@type":"BreadcrumbList","@id":"https:\/\/ubaldofernandes.com\/index.php\/actuation\/assembleia-entrega-titulo-de-cidadao-norte-rio-grandense-a-thiago-indio-do-brasil\/#breadcrumb","itemListElement":[{"@type":"ListItem","position":1,"name":"In\u00edcio","item":"https:\/\/ubaldofernandes.com\/"},{"@type":"ListItem","position":2,"name":"Post Atua\u00e7\u00e3o Parlamentar","item":"https:\/\/ubaldofernandes.com\/index.php\/actuation\/"},{"@type":"ListItem","position":3,"name":"Assembleia entrega t\u00edtulo de cidad\u00e3o norte-rio-grandense a Thiago \u00cdndio do Brasil"}]},{"@type":"WebSite","@id":"https:\/\/ubaldofernandes.com\/#website","url":"https:\/\/ubaldofernandes.com\/","name":"Ubaldo Fernandes","description":"Deputado Estadual","potentialAction":[{"@type":"SearchAction","target":{"@type":"EntryPoint","urlTemplate":"https:\/\/ubaldofernandes.com\/?s={search_term_string}"},"query-input":{"@type":"PropertyValueSpecification","valueRequired":true,"valueName":"search_term_string"}}],"inLanguage":"pt-BR"}]}},"_links":{"self":[{"href":"https:\/\/ubaldofernandes.com\/index.php\/wp-json\/wp\/v2\/actuation\/7942","targetHints":{"allow":["GET"]}}],"collection":[{"href":"https:\/\/ubaldofernandes.com\/index.php\/wp-json\/wp\/v2\/actuation"}],"about":[{"href":"https:\/\/ubaldofernandes.com\/index.php\/wp-json\/wp\/v2\/types\/actuation"}],"wp:featuredmedia":[{"embeddable":true,"href":"https:\/\/ubaldofernandes.com\/index.php\/wp-json\/wp\/v2\/media\/7943"}],"wp:attachment":[{"href":"https:\/\/ubaldofernandes.com\/index.php\/wp-json\/wp\/v2\/media?parent=7942"}],"wp:term":[{"taxonomy":"category","embeddable":true,"href":"https:\/\/ubaldofernandes.com\/index.php\/wp-json\/wp\/v2\/categories?post=7942"}],"curies":[{"name":"wp","href":"https:\/\/api.w.org\/{rel}","templated":true}]}}