{"id":795,"date":"2019-08-27T15:00:00","date_gmt":"2019-08-27T18:00:00","guid":{"rendered":"https:\/\/ubaldofernandes.com\/?post_type=actuation&#038;p=795"},"modified":"2020-08-06T10:08:19","modified_gmt":"2020-08-06T13:08:19","slug":"comissao-de-direitos-humanos-da-assembleia-visita-presidio-de-parnamirim","status":"publish","type":"actuation","link":"https:\/\/ubaldofernandes.com\/index.php\/actuation\/comissao-de-direitos-humanos-da-assembleia-visita-presidio-de-parnamirim\/","title":{"rendered":"Comiss\u00e3o de Direitos Humanos da Assembl\u00e9ia visita pres\u00eddio de Parnamirim"},"content":{"rendered":"\n<p>A Comiss\u00e3o de Direitos Humanos da Assembleia Legislativa do Rio Grande do Norte visitou, na tarde desta segunda-feira (26), a Penitenci\u00e1ria Estadual de Parnamirim. Depois de receber algumas den\u00fancias de maus tratos e pr\u00e1ticas irregulares, os Deputados Ubaldo Fernandes (PL), Isolda Dantas (PT) e assessores do Deputado Sandro Pimentel (PSOL) foram averiguar as condi\u00e7\u00f5es dos apenados.<\/p>\n\n\n\n<p>Os parlamentares foram recebidos pelo secret\u00e1rio de estado de Administra\u00e7\u00e3o Penitenci\u00e1ria, Pedro Flor\u00eancio Filho, pela coordenadora executiva do Sistema Prisional do RN, Maria Roberiana Ferreira e pelo diretor da penitenci\u00e1ria, Adailton Oliveira.<\/p>\n\n\n\n<p>&#8220;Encontamos algumas situa\u00e7\u00f5es que nos chamaram a aten\u00e7\u00e3o, especialmente relacionadas \u00e0 alimenta\u00e7\u00e3o e a problemas de sa\u00fade. Mas, no geral, o pres\u00eddio \u00e9 bem disciplinado e funciona adequadamente&#8221;, disse Ubaldo Fernandes.<\/p>\n\n\n\n<p>O deputado ouviu do secret\u00e1rio que as observa\u00e7\u00f5es feitas pelos parlamentares ser\u00e3o revistas e foi acertada uma nova visita a Penitenci\u00e1ria para breve. &#8220;Combinamos novas visitas a outros pres\u00eddios para continuar acompanhando a situa\u00e7\u00e3o da popula\u00e7\u00e3o carcer\u00e1ria e dos agentes penitenci\u00e1rios&#8221;, refor\u00e7ou Ubaldo.<\/p>\n\n\n\n<figure class=\"wp-block-gallery columns-3 is-cropped wp-block-gallery-1 is-layout-flex wp-block-gallery-is-layout-flex\"><ul class=\"blocks-gallery-grid\"><li class=\"blocks-gallery-item\"><figure><a href=\"https:\/\/ubaldofernandes.com\/wp-content\/uploads\/2020\/08\/CDH-Presidio-2.jpg\"><img loading=\"lazy\" decoding=\"async\" width=\"1024\" height=\"684\" src=\"https:\/\/ubaldofernandes.com\/wp-content\/uploads\/2020\/08\/CDH-Presidio-2-1024x684.jpg\" alt=\"\" data-id=\"797\" data-full-url=\"https:\/\/ubaldofernandes.com\/wp-content\/uploads\/2020\/08\/CDH-Presidio-2.jpg\" data-link=\"https:\/\/ubaldofernandes.com\/?attachment_id=797\" class=\"wp-image-797\" srcset=\"https:\/\/ubaldofernandes.com\/wp-content\/uploads\/2020\/08\/CDH-Presidio-2-1024x684.jpg 1024w, https:\/\/ubaldofernandes.com\/wp-content\/uploads\/2020\/08\/CDH-Presidio-2-300x200.jpg 300w, https:\/\/ubaldofernandes.com\/wp-content\/uploads\/2020\/08\/CDH-Presidio-2-768x513.jpg 768w, https:\/\/ubaldofernandes.com\/wp-content\/uploads\/2020\/08\/CDH-Presidio-2.jpg 1191w\" sizes=\"auto, (max-width: 1024px) 100vw, 1024px\" \/><\/a><\/figure><\/li><li class=\"blocks-gallery-item\"><figure><a href=\"https:\/\/ubaldofernandes.com\/wp-content\/uploads\/2020\/08\/CDH-Presidio-3.jpg\"><img loading=\"lazy\" decoding=\"async\" width=\"1024\" height=\"683\" src=\"https:\/\/ubaldofernandes.com\/wp-content\/uploads\/2020\/08\/CDH-Presidio-3-1024x683.jpg\" alt=\"\" data-id=\"798\" data-full-url=\"https:\/\/ubaldofernandes.com\/wp-content\/uploads\/2020\/08\/CDH-Presidio-3.jpg\" data-link=\"https:\/\/ubaldofernandes.com\/?attachment_id=798\" class=\"wp-image-798\" srcset=\"https:\/\/ubaldofernandes.com\/wp-content\/uploads\/2020\/08\/CDH-Presidio-3-1024x683.jpg 1024w, https:\/\/ubaldofernandes.com\/wp-content\/uploads\/2020\/08\/CDH-Presidio-3-300x200.jpg 300w, https:\/\/ubaldofernandes.com\/wp-content\/uploads\/2020\/08\/CDH-Presidio-3-768x512.jpg 768w, https:\/\/ubaldofernandes.com\/wp-content\/uploads\/2020\/08\/CDH-Presidio-3.jpg 1136w\" sizes=\"auto, (max-width: 1024px) 100vw, 1024px\" \/><\/a><\/figure><\/li><li class=\"blocks-gallery-item\"><figure><a href=\"https:\/\/ubaldofernandes.com\/wp-content\/uploads\/2020\/08\/CDH-Presidio-4.jpg\"><img loading=\"lazy\" decoding=\"async\" width=\"1024\" height=\"683\" src=\"https:\/\/ubaldofernandes.com\/wp-content\/uploads\/2020\/08\/CDH-Presidio-4-1024x683.jpg\" alt=\"\" data-id=\"799\" data-full-url=\"https:\/\/ubaldofernandes.com\/wp-content\/uploads\/2020\/08\/CDH-Presidio-4.jpg\" data-link=\"https:\/\/ubaldofernandes.com\/?attachment_id=799\" class=\"wp-image-799\" srcset=\"https:\/\/ubaldofernandes.com\/wp-content\/uploads\/2020\/08\/CDH-Presidio-4-1024x683.jpg 1024w, https:\/\/ubaldofernandes.com\/wp-content\/uploads\/2020\/08\/CDH-Presidio-4-300x200.jpg 300w, https:\/\/ubaldofernandes.com\/wp-content\/uploads\/2020\/08\/CDH-Presidio-4-768x512.jpg 768w, https:\/\/ubaldofernandes.com\/wp-content\/uploads\/2020\/08\/CDH-Presidio-4.jpg 1280w\" sizes=\"auto, (max-width: 1024px) 100vw, 1024px\" \/><\/a><\/figure><\/li><\/ul><\/figure>\n","protected":false},"featured_media":796,"parent":0,"template":"","categories":[5],"class_list":["post-795","actuation","type-actuation","status-publish","has-post-thumbnail","hentry","category-comissoes"],"acf":[],"yoast_head":"<!-- This site is optimized with the Yoast SEO plugin v24.6 - https:\/\/yoast.com\/wordpress\/plugins\/seo\/ -->\n<title>Comiss\u00e3o de Direitos Humanos da Assembl\u00e9ia visita pres\u00eddio de Parnamirim - Ubaldo Fernandes<\/title>\n<meta name=\"robots\" content=\"index, follow, max-snippet:-1, max-image-preview:large, max-video-preview:-1\" \/>\n<link rel=\"canonical\" href=\"https:\/\/ubaldofernandes.com\/index.php\/actuation\/comissao-de-direitos-humanos-da-assembleia-visita-presidio-de-parnamirim\/\" \/>\n<meta property=\"og:locale\" content=\"pt_BR\" \/>\n<meta property=\"og:type\" content=\"article\" \/>\n<meta property=\"og:title\" content=\"Comiss\u00e3o de Direitos Humanos da Assembl\u00e9ia visita pres\u00eddio de Parnamirim - Ubaldo Fernandes\" \/>\n<meta property=\"og:description\" content=\"A Comiss\u00e3o de Direitos Humanos da Assembleia Legislativa do Rio Grande do Norte visitou, na tarde desta segunda-feira (26), a Penitenci\u00e1ria Estadual de Parnamirim. Depois de receber algumas den\u00fancias de maus tratos e pr\u00e1ticas irregulares, os Deputados Ubaldo Fernandes (PL), Isolda Dantas (PT) e assessores do Deputado Sandro Pimentel (PSOL) foram averiguar as condi\u00e7\u00f5es dos [&hellip;]\" \/>\n<meta property=\"og:url\" content=\"https:\/\/ubaldofernandes.com\/index.php\/actuation\/comissao-de-direitos-humanos-da-assembleia-visita-presidio-de-parnamirim\/\" \/>\n<meta property=\"og:site_name\" content=\"Ubaldo Fernandes\" \/>\n<meta property=\"article:modified_time\" content=\"2020-08-06T13:08:19+00:00\" \/>\n<meta property=\"og:image\" content=\"https:\/\/ubaldofernandes.com\/wp-content\/uploads\/2020\/08\/CDH-Presidio-1.jpg\" \/>\n\t<meta property=\"og:image:width\" content=\"1275\" \/>\n\t<meta property=\"og:image:height\" content=\"850\" \/>\n\t<meta property=\"og:image:type\" content=\"image\/jpeg\" \/>\n<meta name=\"twitter:card\" content=\"summary_large_image\" \/>\n<meta name=\"twitter:label1\" content=\"Est. tempo de leitura\" \/>\n\t<meta name=\"twitter:data1\" content=\"1 minuto\" \/>\n<script type=\"application\/ld+json\" class=\"yoast-schema-graph\">{\"@context\":\"https:\/\/schema.org\",\"@graph\":[{\"@type\":\"WebPage\",\"@id\":\"https:\/\/ubaldofernandes.com\/index.php\/actuation\/comissao-de-direitos-humanos-da-assembleia-visita-presidio-de-parnamirim\/\",\"url\":\"https:\/\/ubaldofernandes.com\/index.php\/actuation\/comissao-de-direitos-humanos-da-assembleia-visita-presidio-de-parnamirim\/\",\"name\":\"Comiss\u00e3o de Direitos Humanos da Assembl\u00e9ia visita pres\u00eddio de Parnamirim - Ubaldo Fernandes\",\"isPartOf\":{\"@id\":\"https:\/\/ubaldofernandes.com\/#website\"},\"primaryImageOfPage\":{\"@id\":\"https:\/\/ubaldofernandes.com\/index.php\/actuation\/comissao-de-direitos-humanos-da-assembleia-visita-presidio-de-parnamirim\/#primaryimage\"},\"image\":{\"@id\":\"https:\/\/ubaldofernandes.com\/index.php\/actuation\/comissao-de-direitos-humanos-da-assembleia-visita-presidio-de-parnamirim\/#primaryimage\"},\"thumbnailUrl\":\"https:\/\/ubaldofernandes.com\/wp-content\/uploads\/2020\/08\/CDH-Presidio-1.jpg\",\"datePublished\":\"2019-08-27T18:00:00+00:00\",\"dateModified\":\"2020-08-06T13:08:19+00:00\",\"breadcrumb\":{\"@id\":\"https:\/\/ubaldofernandes.com\/index.php\/actuation\/comissao-de-direitos-humanos-da-assembleia-visita-presidio-de-parnamirim\/#breadcrumb\"},\"inLanguage\":\"pt-BR\",\"potentialAction\":[{\"@type\":\"ReadAction\",\"target\":[\"https:\/\/ubaldofernandes.com\/index.php\/actuation\/comissao-de-direitos-humanos-da-assembleia-visita-presidio-de-parnamirim\/\"]}]},{\"@type\":\"ImageObject\",\"inLanguage\":\"pt-BR\",\"@id\":\"https:\/\/ubaldofernandes.com\/index.php\/actuation\/comissao-de-direitos-humanos-da-assembleia-visita-presidio-de-parnamirim\/#primaryimage\",\"url\":\"https:\/\/ubaldofernandes.com\/wp-content\/uploads\/2020\/08\/CDH-Presidio-1.jpg\",\"contentUrl\":\"https:\/\/ubaldofernandes.com\/wp-content\/uploads\/2020\/08\/CDH-Presidio-1.jpg\",\"width\":1275,\"height\":850},{\"@type\":\"BreadcrumbList\",\"@id\":\"https:\/\/ubaldofernandes.com\/index.php\/actuation\/comissao-de-direitos-humanos-da-assembleia-visita-presidio-de-parnamirim\/#breadcrumb\",\"itemListElement\":[{\"@type\":\"ListItem\",\"position\":1,\"name\":\"In\u00edcio\",\"item\":\"https:\/\/ubaldofernandes.com\/\"},{\"@type\":\"ListItem\",\"position\":2,\"name\":\"Post Atua\u00e7\u00e3o Parlamentar\",\"item\":\"https:\/\/ubaldofernandes.com\/index.php\/actuation\/\"},{\"@type\":\"ListItem\",\"position\":3,\"name\":\"Comiss\u00e3o de Direitos Humanos da Assembl\u00e9ia visita pres\u00eddio de Parnamirim\"}]},{\"@type\":\"WebSite\",\"@id\":\"https:\/\/ubaldofernandes.com\/#website\",\"url\":\"https:\/\/ubaldofernandes.com\/\",\"name\":\"Ubaldo Fernandes\",\"description\":\"Deputado Estadual\",\"potentialAction\":[{\"@type\":\"SearchAction\",\"target\":{\"@type\":\"EntryPoint\",\"urlTemplate\":\"https:\/\/ubaldofernandes.com\/?s={search_term_string}\"},\"query-input\":{\"@type\":\"PropertyValueSpecification\",\"valueRequired\":true,\"valueName\":\"search_term_string\"}}],\"inLanguage\":\"pt-BR\"}]}<\/script>\n<!-- \/ Yoast SEO plugin. -->","yoast_head_json":{"title":"Comiss\u00e3o de Direitos Humanos da Assembl\u00e9ia visita pres\u00eddio de Parnamirim - Ubaldo Fernandes","robots":{"index":"index","follow":"follow","max-snippet":"max-snippet:-1","max-image-preview":"max-image-preview:large","max-video-preview":"max-video-preview:-1"},"canonical":"https:\/\/ubaldofernandes.com\/index.php\/actuation\/comissao-de-direitos-humanos-da-assembleia-visita-presidio-de-parnamirim\/","og_locale":"pt_BR","og_type":"article","og_title":"Comiss\u00e3o de Direitos Humanos da Assembl\u00e9ia visita pres\u00eddio de Parnamirim - Ubaldo Fernandes","og_description":"A Comiss\u00e3o de Direitos Humanos da Assembleia Legislativa do Rio Grande do Norte visitou, na tarde desta segunda-feira (26), a Penitenci\u00e1ria Estadual de Parnamirim. Depois de receber algumas den\u00fancias de maus tratos e pr\u00e1ticas irregulares, os Deputados Ubaldo Fernandes (PL), Isolda Dantas (PT) e assessores do Deputado Sandro Pimentel (PSOL) foram averiguar as condi\u00e7\u00f5es dos [&hellip;]","og_url":"https:\/\/ubaldofernandes.com\/index.php\/actuation\/comissao-de-direitos-humanos-da-assembleia-visita-presidio-de-parnamirim\/","og_site_name":"Ubaldo Fernandes","article_modified_time":"2020-08-06T13:08:19+00:00","og_image":[{"width":1275,"height":850,"url":"https:\/\/ubaldofernandes.com\/wp-content\/uploads\/2020\/08\/CDH-Presidio-1.jpg","type":"image\/jpeg"}],"twitter_card":"summary_large_image","twitter_misc":{"Est. tempo de leitura":"1 minuto"},"schema":{"@context":"https:\/\/schema.org","@graph":[{"@type":"WebPage","@id":"https:\/\/ubaldofernandes.com\/index.php\/actuation\/comissao-de-direitos-humanos-da-assembleia-visita-presidio-de-parnamirim\/","url":"https:\/\/ubaldofernandes.com\/index.php\/actuation\/comissao-de-direitos-humanos-da-assembleia-visita-presidio-de-parnamirim\/","name":"Comiss\u00e3o de Direitos Humanos da Assembl\u00e9ia visita pres\u00eddio de Parnamirim - Ubaldo Fernandes","isPartOf":{"@id":"https:\/\/ubaldofernandes.com\/#website"},"primaryImageOfPage":{"@id":"https:\/\/ubaldofernandes.com\/index.php\/actuation\/comissao-de-direitos-humanos-da-assembleia-visita-presidio-de-parnamirim\/#primaryimage"},"image":{"@id":"https:\/\/ubaldofernandes.com\/index.php\/actuation\/comissao-de-direitos-humanos-da-assembleia-visita-presidio-de-parnamirim\/#primaryimage"},"thumbnailUrl":"https:\/\/ubaldofernandes.com\/wp-content\/uploads\/2020\/08\/CDH-Presidio-1.jpg","datePublished":"2019-08-27T18:00:00+00:00","dateModified":"2020-08-06T13:08:19+00:00","breadcrumb":{"@id":"https:\/\/ubaldofernandes.com\/index.php\/actuation\/comissao-de-direitos-humanos-da-assembleia-visita-presidio-de-parnamirim\/#breadcrumb"},"inLanguage":"pt-BR","potentialAction":[{"@type":"ReadAction","target":["https:\/\/ubaldofernandes.com\/index.php\/actuation\/comissao-de-direitos-humanos-da-assembleia-visita-presidio-de-parnamirim\/"]}]},{"@type":"ImageObject","inLanguage":"pt-BR","@id":"https:\/\/ubaldofernandes.com\/index.php\/actuation\/comissao-de-direitos-humanos-da-assembleia-visita-presidio-de-parnamirim\/#primaryimage","url":"https:\/\/ubaldofernandes.com\/wp-content\/uploads\/2020\/08\/CDH-Presidio-1.jpg","contentUrl":"https:\/\/ubaldofernandes.com\/wp-content\/uploads\/2020\/08\/CDH-Presidio-1.jpg","width":1275,"height":850},{"@type":"BreadcrumbList","@id":"https:\/\/ubaldofernandes.com\/index.php\/actuation\/comissao-de-direitos-humanos-da-assembleia-visita-presidio-de-parnamirim\/#breadcrumb","itemListElement":[{"@type":"ListItem","position":1,"name":"In\u00edcio","item":"https:\/\/ubaldofernandes.com\/"},{"@type":"ListItem","position":2,"name":"Post Atua\u00e7\u00e3o Parlamentar","item":"https:\/\/ubaldofernandes.com\/index.php\/actuation\/"},{"@type":"ListItem","position":3,"name":"Comiss\u00e3o de Direitos Humanos da Assembl\u00e9ia visita pres\u00eddio de Parnamirim"}]},{"@type":"WebSite","@id":"https:\/\/ubaldofernandes.com\/#website","url":"https:\/\/ubaldofernandes.com\/","name":"Ubaldo Fernandes","description":"Deputado Estadual","potentialAction":[{"@type":"SearchAction","target":{"@type":"EntryPoint","urlTemplate":"https:\/\/ubaldofernandes.com\/?s={search_term_string}"},"query-input":{"@type":"PropertyValueSpecification","valueRequired":true,"valueName":"search_term_string"}}],"inLanguage":"pt-BR"}]}},"_links":{"self":[{"href":"https:\/\/ubaldofernandes.com\/index.php\/wp-json\/wp\/v2\/actuation\/795","targetHints":{"allow":["GET"]}}],"collection":[{"href":"https:\/\/ubaldofernandes.com\/index.php\/wp-json\/wp\/v2\/actuation"}],"about":[{"href":"https:\/\/ubaldofernandes.com\/index.php\/wp-json\/wp\/v2\/types\/actuation"}],"wp:featuredmedia":[{"embeddable":true,"href":"https:\/\/ubaldofernandes.com\/index.php\/wp-json\/wp\/v2\/media\/796"}],"wp:attachment":[{"href":"https:\/\/ubaldofernandes.com\/index.php\/wp-json\/wp\/v2\/media?parent=795"}],"wp:term":[{"taxonomy":"category","embeddable":true,"href":"https:\/\/ubaldofernandes.com\/index.php\/wp-json\/wp\/v2\/categories?post=795"}],"curies":[{"name":"wp","href":"https:\/\/api.w.org\/{rel}","templated":true}]}}