{"id":7958,"date":"2025-08-13T15:24:26","date_gmt":"2025-08-13T18:24:26","guid":{"rendered":"https:\/\/ubaldofernandes.com\/?post_type=actuation&#038;p=7958"},"modified":"2025-08-13T15:24:29","modified_gmt":"2025-08-13T18:24:29","slug":"alrn-promove-sessao-solene-em-homenagem-ao-dia-do-padre","status":"publish","type":"actuation","link":"https:\/\/ubaldofernandes.com\/index.php\/actuation\/alrn-promove-sessao-solene-em-homenagem-ao-dia-do-padre\/","title":{"rendered":"ALRN promove sess\u00e3o solene em homenagem ao Dia do Padre"},"content":{"rendered":"\n<p>A Assembleia Legislativa do Rio Grande do Norte promoveu, nesta segunda-feira (11), por proposi\u00e7\u00e3o do deputado Ubaldo Fernandes (PSDB), uma sess\u00e3o solene em homenagem ao Dia do Padre. O evento celebrou a miss\u00e3o pastoral e o servi\u00e7o espiritual de sacerdotes que dedicam suas vidas \u00e0 evangeliza\u00e7\u00e3o e ao cuidado da comunidade, sendo reconhecidos como pilares de f\u00e9, solidariedade e fraternidade no Estado.<\/p>\n\n\n\n<p>Em seu pronunciamento, Ubaldo Fernandes destacou que a homenagem representa um compromisso pessoal com aqueles que se dedicam integralmente \u00e0 miss\u00e3o sacerdotal. \u201cFa\u00e7o quest\u00e3o de homenagear pessoas que, com sua dedica\u00e7\u00e3o e voca\u00e7\u00e3o, fortalecem o trabalho de evangeliza\u00e7\u00e3o em nosso Estado e em nosso pa\u00eds. O padre \u00e9 presen\u00e7a constante entre n\u00f3s, inspirando f\u00e9 e esperan\u00e7a, e merece o nosso reconhecimento e gratid\u00e3o\u201d, afirmou o parlamentar.<\/p>\n\n\n\n<p>A solenidade prestou homenagem a onze sacerdotes que atuam nas dioceses de Natal e Mossor\u00f3, reconhecidos pelo compromisso pastoral e pela contribui\u00e7\u00e3o \u00e0 vida espiritual das comunidades onde atuam: Dom Jo\u00e3o Santos Cardoso \u2013 Arcebispo Metropolitano de Natal; Padre F\u00e1bio Pinheiro Bezerra; Padre Francisco C\u00e9sar de Bessa; Padre Francisco de Assis Mota de Sousa; Padre Francisco Eliano Bezerra de Queiroz; Padre Jo\u00e3o Pedro Ac\u00farcio da Silva; Monsenhor Rob\u00e9rio Camilo da Silva; Monsenhor Roberlan Roberto de Oliveira Gomes; Padre Vicente Fernandes da Silva Neto; Padre Wescley Paulo Pereira de Melo e Padre Ant\u00f4nio do Vale.<\/p>\n\n\n\n<p>O deputado destacou, ainda, que o sacerd\u00f3cio \u00e9 \u201cuma entrega sagrada\u201d e que, por meio da celebra\u00e7\u00e3o da missa e da administra\u00e7\u00e3o dos sacramentos, os padres oferecem conforto, esperan\u00e7a e renova\u00e7\u00e3o espiritual aos fi\u00e9is. \u201cSer padre \u00e9 dedicar-se inteiramente a Deus, abandonando casa e fam\u00edlia para cuidar do povo que lhe foi confiado. \u00c9 um chamado sagrado que exige entrega total e devo\u00e7\u00e3o\u201d, disse.<\/p>\n\n\n\n<p>Falando em nome dos homenageados, o Monsenhor Roberlan Roberto de Oliveira Gomes expressou profunda gratid\u00e3o \u00e0 Assembleia Legislativa pela homenagem, destacando que o reconhecimento se estende a todos os padres que, diariamente, exercem sua voca\u00e7\u00e3o com amor, perseveran\u00e7a e esp\u00edrito de servi\u00e7o. \u201cRecebemos esta homenagem em nome de cada um desses homens que, muitas vezes na discri\u00e7\u00e3o de suas par\u00f3quias, se tornam um farol de esperan\u00e7a e f\u00e9 para suas comunidades\u201d, afirmou.<\/p>\n\n\n\n<p>O sacerdote refor\u00e7ou que o minist\u00e9rio presbiteral \u00e9 uma jornada de entrega e presen\u00e7a constante nos momentos de alegria e de dor das comunidades, sendo \u201cconsolo, orienta\u00e7\u00e3o e, acima de tudo, um canal da gra\u00e7a de Deus\u201d. Em sua fala, destacou ainda a import\u00e2ncia de que o Poder Legislativo promova debates e a\u00e7\u00f5es voltadas \u00e0 melhoria das condi\u00e7\u00f5es de vida da popula\u00e7\u00e3o potiguar, independentemente de classifica\u00e7\u00f5es pol\u00edtico-partid\u00e1rias, e recordou com emo\u00e7\u00e3o os sacerdotes que j\u00e1 partiram, mas deixaram um legado de evangeliza\u00e7\u00e3o e compromisso social. \u201cQue esta homenagem nos inspire a renovar todos os dias a nossa f\u00e9 e a nossa miss\u00e3o, edificando uma sociedade mais justa, fraterna e cheia de esperan\u00e7a\u201d, concluiu.<\/p>\n\n\n\n<p>A sess\u00e3o solene contou com ainda com a presen\u00e7a das seguintes autoridades: Iris Maria de Oliveira \u2013 Secret\u00e1ria Estadual do Trabalho, da Habita\u00e7\u00e3o e da Assist\u00eancia Social (SETHAS), representando a Governadora do Estado, F\u00e1tima Bezerra (PT); Capit\u00e3o-Tenente Marconi Dantas de Medeiro \u2013 Capel\u00e3o Naval do Comando do Terceiro Distrito Naval, representando o Vice-Almirante Jorge Jos\u00e9 de Moraes; Coronel Fabiano de Moura Fontes \u2013 Assessor Parlamentar da 7\u00aa Brigada de Infantaria Motorizada, representando o General de Brigada Glauber Rog\u00e9rio; Capit\u00e3o Alexandro de Freitas Vieira \u2013 Capel\u00e3o da Base A\u00e9rea de Natal, representando o Brigadeiro do Ar Ricardo Guerra Rezende; Vereador Eribaldo Medeiros \u2013 representando o presidente da C\u00e2mara Municipal de Natal, \u00c9rico J\u00e1come; Jo\u00e3o Vitor de Holanda \u2013 presidente da Comiss\u00e3o de Defesa das Prerrogativas da OAB\/RN, representando o presidente da OAB\/RN, Carlos Kelsen Silva dos Santos; deputadas Divaneide Bas\u00edlio (PT) e Eudiane Macedo (PV); Coral da Assembleia Legislativa; al\u00e9m de amigos e familiares dos homenageados.<\/p>\n\n\n\n<figure class=\"wp-block-image size-large\"><img loading=\"lazy\" decoding=\"async\" width=\"1024\" height=\"681\" src=\"https:\/\/ubaldofernandes.com\/wp-content\/uploads\/2025\/08\/sjmUmmxK0TieOSJlTD6oOWuX6wS6obYGJHCDJNDV-1-1024x681.jpg\" alt=\"\" class=\"wp-image-7961\" srcset=\"https:\/\/ubaldofernandes.com\/wp-content\/uploads\/2025\/08\/sjmUmmxK0TieOSJlTD6oOWuX6wS6obYGJHCDJNDV-1-1024x681.jpg 1024w, https:\/\/ubaldofernandes.com\/wp-content\/uploads\/2025\/08\/sjmUmmxK0TieOSJlTD6oOWuX6wS6obYGJHCDJNDV-1-300x200.jpg 300w, https:\/\/ubaldofernandes.com\/wp-content\/uploads\/2025\/08\/sjmUmmxK0TieOSJlTD6oOWuX6wS6obYGJHCDJNDV-1-768x511.jpg 768w, https:\/\/ubaldofernandes.com\/wp-content\/uploads\/2025\/08\/sjmUmmxK0TieOSJlTD6oOWuX6wS6obYGJHCDJNDV-1-1536x1022.jpg 1536w, https:\/\/ubaldofernandes.com\/wp-content\/uploads\/2025\/08\/sjmUmmxK0TieOSJlTD6oOWuX6wS6obYGJHCDJNDV-1-2048x1363.jpg 2048w\" sizes=\"auto, (max-width: 1024px) 100vw, 1024px\" \/><\/figure>\n\n\n\n<figure class=\"wp-block-image size-large\"><img loading=\"lazy\" decoding=\"async\" width=\"1024\" height=\"681\" src=\"https:\/\/ubaldofernandes.com\/wp-content\/uploads\/2025\/08\/1hSl6sVa45XPHzkMeNL7JCKS8UNankMmrVyWjjbM-1024x681.jpg\" alt=\"\" class=\"wp-image-7962\" srcset=\"https:\/\/ubaldofernandes.com\/wp-content\/uploads\/2025\/08\/1hSl6sVa45XPHzkMeNL7JCKS8UNankMmrVyWjjbM-1024x681.jpg 1024w, https:\/\/ubaldofernandes.com\/wp-content\/uploads\/2025\/08\/1hSl6sVa45XPHzkMeNL7JCKS8UNankMmrVyWjjbM-300x200.jpg 300w, https:\/\/ubaldofernandes.com\/wp-content\/uploads\/2025\/08\/1hSl6sVa45XPHzkMeNL7JCKS8UNankMmrVyWjjbM-768x511.jpg 768w, https:\/\/ubaldofernandes.com\/wp-content\/uploads\/2025\/08\/1hSl6sVa45XPHzkMeNL7JCKS8UNankMmrVyWjjbM-1536x1022.jpg 1536w, https:\/\/ubaldofernandes.com\/wp-content\/uploads\/2025\/08\/1hSl6sVa45XPHzkMeNL7JCKS8UNankMmrVyWjjbM-2048x1363.jpg 2048w\" sizes=\"auto, (max-width: 1024px) 100vw, 1024px\" \/><\/figure>\n\n\n\n<figure class=\"wp-block-image size-large\"><img loading=\"lazy\" decoding=\"async\" width=\"1024\" height=\"681\" src=\"https:\/\/ubaldofernandes.com\/wp-content\/uploads\/2025\/08\/trDQbsFGrrgbCdRcETl0cSMLYk7JeLshtyA1hXw7-1024x681.jpg\" alt=\"\" class=\"wp-image-7963\" srcset=\"https:\/\/ubaldofernandes.com\/wp-content\/uploads\/2025\/08\/trDQbsFGrrgbCdRcETl0cSMLYk7JeLshtyA1hXw7-1024x681.jpg 1024w, https:\/\/ubaldofernandes.com\/wp-content\/uploads\/2025\/08\/trDQbsFGrrgbCdRcETl0cSMLYk7JeLshtyA1hXw7-300x200.jpg 300w, https:\/\/ubaldofernandes.com\/wp-content\/uploads\/2025\/08\/trDQbsFGrrgbCdRcETl0cSMLYk7JeLshtyA1hXw7-768x511.jpg 768w, https:\/\/ubaldofernandes.com\/wp-content\/uploads\/2025\/08\/trDQbsFGrrgbCdRcETl0cSMLYk7JeLshtyA1hXw7-1536x1022.jpg 1536w, https:\/\/ubaldofernandes.com\/wp-content\/uploads\/2025\/08\/trDQbsFGrrgbCdRcETl0cSMLYk7JeLshtyA1hXw7-2048x1363.jpg 2048w\" sizes=\"auto, (max-width: 1024px) 100vw, 1024px\" \/><\/figure>\n","protected":false},"featured_media":7960,"parent":0,"template":"","categories":[10],"class_list":["post-7958","actuation","type-actuation","status-publish","has-post-thumbnail","hentry","category-sessao-solene"],"acf":[],"yoast_head":"<!-- This site is optimized with the Yoast SEO plugin v24.6 - https:\/\/yoast.com\/wordpress\/plugins\/seo\/ -->\n<title>ALRN promove sess\u00e3o solene em homenagem ao Dia do Padre - Ubaldo Fernandes<\/title>\n<meta name=\"robots\" content=\"index, follow, max-snippet:-1, max-image-preview:large, max-video-preview:-1\" \/>\n<link rel=\"canonical\" href=\"https:\/\/ubaldofernandes.com\/index.php\/actuation\/alrn-promove-sessao-solene-em-homenagem-ao-dia-do-padre\/\" \/>\n<meta property=\"og:locale\" content=\"pt_BR\" \/>\n<meta property=\"og:type\" content=\"article\" \/>\n<meta property=\"og:title\" content=\"ALRN promove sess\u00e3o solene em homenagem ao Dia do Padre - Ubaldo Fernandes\" \/>\n<meta property=\"og:description\" content=\"A Assembleia Legislativa do Rio Grande do Norte promoveu, nesta segunda-feira (11), por proposi\u00e7\u00e3o do deputado Ubaldo Fernandes (PSDB), uma sess\u00e3o solene em homenagem ao Dia do Padre. O evento celebrou a miss\u00e3o pastoral e o servi\u00e7o espiritual de sacerdotes que dedicam suas vidas \u00e0 evangeliza\u00e7\u00e3o e ao cuidado da comunidade, sendo reconhecidos como pilares [&hellip;]\" \/>\n<meta property=\"og:url\" content=\"https:\/\/ubaldofernandes.com\/index.php\/actuation\/alrn-promove-sessao-solene-em-homenagem-ao-dia-do-padre\/\" \/>\n<meta property=\"og:site_name\" content=\"Ubaldo Fernandes\" \/>\n<meta property=\"article:modified_time\" content=\"2025-08-13T18:24:29+00:00\" \/>\n<meta property=\"og:image\" content=\"https:\/\/ubaldofernandes.com\/wp-content\/uploads\/2025\/08\/35LwpYlQiznNnX72DMNgUUssb7gdbf1W5TGhQ4kk-scaled.jpg\" \/>\n\t<meta property=\"og:image:width\" content=\"2560\" \/>\n\t<meta property=\"og:image:height\" content=\"1703\" \/>\n\t<meta property=\"og:image:type\" content=\"image\/jpeg\" \/>\n<meta name=\"twitter:card\" content=\"summary_large_image\" \/>\n<meta name=\"twitter:label1\" content=\"Est. tempo de leitura\" \/>\n\t<meta name=\"twitter:data1\" content=\"5 minutos\" \/>\n<script type=\"application\/ld+json\" class=\"yoast-schema-graph\">{\"@context\":\"https:\/\/schema.org\",\"@graph\":[{\"@type\":\"WebPage\",\"@id\":\"https:\/\/ubaldofernandes.com\/index.php\/actuation\/alrn-promove-sessao-solene-em-homenagem-ao-dia-do-padre\/\",\"url\":\"https:\/\/ubaldofernandes.com\/index.php\/actuation\/alrn-promove-sessao-solene-em-homenagem-ao-dia-do-padre\/\",\"name\":\"ALRN promove sess\u00e3o solene em homenagem ao Dia do Padre - Ubaldo Fernandes\",\"isPartOf\":{\"@id\":\"https:\/\/ubaldofernandes.com\/#website\"},\"primaryImageOfPage\":{\"@id\":\"https:\/\/ubaldofernandes.com\/index.php\/actuation\/alrn-promove-sessao-solene-em-homenagem-ao-dia-do-padre\/#primaryimage\"},\"image\":{\"@id\":\"https:\/\/ubaldofernandes.com\/index.php\/actuation\/alrn-promove-sessao-solene-em-homenagem-ao-dia-do-padre\/#primaryimage\"},\"thumbnailUrl\":\"https:\/\/ubaldofernandes.com\/wp-content\/uploads\/2025\/08\/35LwpYlQiznNnX72DMNgUUssb7gdbf1W5TGhQ4kk-scaled.jpg\",\"datePublished\":\"2025-08-13T18:24:26+00:00\",\"dateModified\":\"2025-08-13T18:24:29+00:00\",\"breadcrumb\":{\"@id\":\"https:\/\/ubaldofernandes.com\/index.php\/actuation\/alrn-promove-sessao-solene-em-homenagem-ao-dia-do-padre\/#breadcrumb\"},\"inLanguage\":\"pt-BR\",\"potentialAction\":[{\"@type\":\"ReadAction\",\"target\":[\"https:\/\/ubaldofernandes.com\/index.php\/actuation\/alrn-promove-sessao-solene-em-homenagem-ao-dia-do-padre\/\"]}]},{\"@type\":\"ImageObject\",\"inLanguage\":\"pt-BR\",\"@id\":\"https:\/\/ubaldofernandes.com\/index.php\/actuation\/alrn-promove-sessao-solene-em-homenagem-ao-dia-do-padre\/#primaryimage\",\"url\":\"https:\/\/ubaldofernandes.com\/wp-content\/uploads\/2025\/08\/35LwpYlQiznNnX72DMNgUUssb7gdbf1W5TGhQ4kk-scaled.jpg\",\"contentUrl\":\"https:\/\/ubaldofernandes.com\/wp-content\/uploads\/2025\/08\/35LwpYlQiznNnX72DMNgUUssb7gdbf1W5TGhQ4kk-scaled.jpg\",\"width\":2560,\"height\":1703},{\"@type\":\"BreadcrumbList\",\"@id\":\"https:\/\/ubaldofernandes.com\/index.php\/actuation\/alrn-promove-sessao-solene-em-homenagem-ao-dia-do-padre\/#breadcrumb\",\"itemListElement\":[{\"@type\":\"ListItem\",\"position\":1,\"name\":\"In\u00edcio\",\"item\":\"https:\/\/ubaldofernandes.com\/\"},{\"@type\":\"ListItem\",\"position\":2,\"name\":\"Post Atua\u00e7\u00e3o Parlamentar\",\"item\":\"https:\/\/ubaldofernandes.com\/index.php\/actuation\/\"},{\"@type\":\"ListItem\",\"position\":3,\"name\":\"ALRN promove sess\u00e3o solene em homenagem ao Dia do Padre\"}]},{\"@type\":\"WebSite\",\"@id\":\"https:\/\/ubaldofernandes.com\/#website\",\"url\":\"https:\/\/ubaldofernandes.com\/\",\"name\":\"Ubaldo Fernandes\",\"description\":\"Deputado Estadual\",\"potentialAction\":[{\"@type\":\"SearchAction\",\"target\":{\"@type\":\"EntryPoint\",\"urlTemplate\":\"https:\/\/ubaldofernandes.com\/?s={search_term_string}\"},\"query-input\":{\"@type\":\"PropertyValueSpecification\",\"valueRequired\":true,\"valueName\":\"search_term_string\"}}],\"inLanguage\":\"pt-BR\"}]}<\/script>\n<!-- \/ Yoast SEO plugin. -->","yoast_head_json":{"title":"ALRN promove sess\u00e3o solene em homenagem ao Dia do Padre - Ubaldo Fernandes","robots":{"index":"index","follow":"follow","max-snippet":"max-snippet:-1","max-image-preview":"max-image-preview:large","max-video-preview":"max-video-preview:-1"},"canonical":"https:\/\/ubaldofernandes.com\/index.php\/actuation\/alrn-promove-sessao-solene-em-homenagem-ao-dia-do-padre\/","og_locale":"pt_BR","og_type":"article","og_title":"ALRN promove sess\u00e3o solene em homenagem ao Dia do Padre - Ubaldo Fernandes","og_description":"A Assembleia Legislativa do Rio Grande do Norte promoveu, nesta segunda-feira (11), por proposi\u00e7\u00e3o do deputado Ubaldo Fernandes (PSDB), uma sess\u00e3o solene em homenagem ao Dia do Padre. O evento celebrou a miss\u00e3o pastoral e o servi\u00e7o espiritual de sacerdotes que dedicam suas vidas \u00e0 evangeliza\u00e7\u00e3o e ao cuidado da comunidade, sendo reconhecidos como pilares [&hellip;]","og_url":"https:\/\/ubaldofernandes.com\/index.php\/actuation\/alrn-promove-sessao-solene-em-homenagem-ao-dia-do-padre\/","og_site_name":"Ubaldo Fernandes","article_modified_time":"2025-08-13T18:24:29+00:00","og_image":[{"width":2560,"height":1703,"url":"https:\/\/ubaldofernandes.com\/wp-content\/uploads\/2025\/08\/35LwpYlQiznNnX72DMNgUUssb7gdbf1W5TGhQ4kk-scaled.jpg","type":"image\/jpeg"}],"twitter_card":"summary_large_image","twitter_misc":{"Est. tempo de leitura":"5 minutos"},"schema":{"@context":"https:\/\/schema.org","@graph":[{"@type":"WebPage","@id":"https:\/\/ubaldofernandes.com\/index.php\/actuation\/alrn-promove-sessao-solene-em-homenagem-ao-dia-do-padre\/","url":"https:\/\/ubaldofernandes.com\/index.php\/actuation\/alrn-promove-sessao-solene-em-homenagem-ao-dia-do-padre\/","name":"ALRN promove sess\u00e3o solene em homenagem ao Dia do Padre - Ubaldo Fernandes","isPartOf":{"@id":"https:\/\/ubaldofernandes.com\/#website"},"primaryImageOfPage":{"@id":"https:\/\/ubaldofernandes.com\/index.php\/actuation\/alrn-promove-sessao-solene-em-homenagem-ao-dia-do-padre\/#primaryimage"},"image":{"@id":"https:\/\/ubaldofernandes.com\/index.php\/actuation\/alrn-promove-sessao-solene-em-homenagem-ao-dia-do-padre\/#primaryimage"},"thumbnailUrl":"https:\/\/ubaldofernandes.com\/wp-content\/uploads\/2025\/08\/35LwpYlQiznNnX72DMNgUUssb7gdbf1W5TGhQ4kk-scaled.jpg","datePublished":"2025-08-13T18:24:26+00:00","dateModified":"2025-08-13T18:24:29+00:00","breadcrumb":{"@id":"https:\/\/ubaldofernandes.com\/index.php\/actuation\/alrn-promove-sessao-solene-em-homenagem-ao-dia-do-padre\/#breadcrumb"},"inLanguage":"pt-BR","potentialAction":[{"@type":"ReadAction","target":["https:\/\/ubaldofernandes.com\/index.php\/actuation\/alrn-promove-sessao-solene-em-homenagem-ao-dia-do-padre\/"]}]},{"@type":"ImageObject","inLanguage":"pt-BR","@id":"https:\/\/ubaldofernandes.com\/index.php\/actuation\/alrn-promove-sessao-solene-em-homenagem-ao-dia-do-padre\/#primaryimage","url":"https:\/\/ubaldofernandes.com\/wp-content\/uploads\/2025\/08\/35LwpYlQiznNnX72DMNgUUssb7gdbf1W5TGhQ4kk-scaled.jpg","contentUrl":"https:\/\/ubaldofernandes.com\/wp-content\/uploads\/2025\/08\/35LwpYlQiznNnX72DMNgUUssb7gdbf1W5TGhQ4kk-scaled.jpg","width":2560,"height":1703},{"@type":"BreadcrumbList","@id":"https:\/\/ubaldofernandes.com\/index.php\/actuation\/alrn-promove-sessao-solene-em-homenagem-ao-dia-do-padre\/#breadcrumb","itemListElement":[{"@type":"ListItem","position":1,"name":"In\u00edcio","item":"https:\/\/ubaldofernandes.com\/"},{"@type":"ListItem","position":2,"name":"Post Atua\u00e7\u00e3o Parlamentar","item":"https:\/\/ubaldofernandes.com\/index.php\/actuation\/"},{"@type":"ListItem","position":3,"name":"ALRN promove sess\u00e3o solene em homenagem ao Dia do Padre"}]},{"@type":"WebSite","@id":"https:\/\/ubaldofernandes.com\/#website","url":"https:\/\/ubaldofernandes.com\/","name":"Ubaldo Fernandes","description":"Deputado Estadual","potentialAction":[{"@type":"SearchAction","target":{"@type":"EntryPoint","urlTemplate":"https:\/\/ubaldofernandes.com\/?s={search_term_string}"},"query-input":{"@type":"PropertyValueSpecification","valueRequired":true,"valueName":"search_term_string"}}],"inLanguage":"pt-BR"}]}},"_links":{"self":[{"href":"https:\/\/ubaldofernandes.com\/index.php\/wp-json\/wp\/v2\/actuation\/7958","targetHints":{"allow":["GET"]}}],"collection":[{"href":"https:\/\/ubaldofernandes.com\/index.php\/wp-json\/wp\/v2\/actuation"}],"about":[{"href":"https:\/\/ubaldofernandes.com\/index.php\/wp-json\/wp\/v2\/types\/actuation"}],"wp:featuredmedia":[{"embeddable":true,"href":"https:\/\/ubaldofernandes.com\/index.php\/wp-json\/wp\/v2\/media\/7960"}],"wp:attachment":[{"href":"https:\/\/ubaldofernandes.com\/index.php\/wp-json\/wp\/v2\/media?parent=7958"}],"wp:term":[{"taxonomy":"category","embeddable":true,"href":"https:\/\/ubaldofernandes.com\/index.php\/wp-json\/wp\/v2\/categories?post=7958"}],"curies":[{"name":"wp","href":"https:\/\/api.w.org\/{rel}","templated":true}]}}