{"id":8056,"date":"2025-10-21T17:02:45","date_gmt":"2025-10-21T20:02:45","guid":{"rendered":"https:\/\/ubaldofernandes.com\/?post_type=actuation&#038;p=8056"},"modified":"2025-10-21T17:02:46","modified_gmt":"2025-10-21T20:02:46","slug":"ubaldo-realiza-solene-pelos-110-anos-do-cooperativismo-potiguar-nesta-terca-feira","status":"publish","type":"actuation","link":"https:\/\/ubaldofernandes.com\/index.php\/actuation\/ubaldo-realiza-solene-pelos-110-anos-do-cooperativismo-potiguar-nesta-terca-feira\/","title":{"rendered":"Ubaldo realiza solene pelos 110 anos do Cooperativismo Potiguar nesta ter\u00e7a-feira"},"content":{"rendered":"\n<p>A Assembleia Legislativa do Rio Grande do Norte realiza, nesta ter\u00e7a-feira (21 de outubro), \u00e0s 14h, no Plen\u00e1rio Cl\u00f3vis Motta, uma Sess\u00e3o Solene em homenagem aos 110 anos do Cooperativismo Potiguar e ao Dia Internacional do Cooperativismo. A proposi\u00e7\u00e3o \u00e9 do deputado estadual Ubaldo Fernandes (PSDB), reconhecendo a relev\u00e2ncia hist\u00f3rica, econ\u00f4mica e social das cooperativas para o desenvolvimento do Estado.<\/p>\n\n\n\n<p>O evento reunir\u00e1 representantes do setor cooperativista, autoridades p\u00fablicas e lideran\u00e7as comunit\u00e1rias, num momento de reconhecimento a quem tem contribu\u00eddo para fortalecer o sistema cooperativo no Rio Grande do Norte. Na ocasi\u00e3o, ser\u00e3o homenageadas personalidades e institui\u00e7\u00f5es que se destacam na promo\u00e7\u00e3o dos valores do cooperativismo, como Admilson Silva de Morais, Alexandre Soares Gomes, Arlindo Barbosa de Ara\u00fajo, Auricelia de Melo Ribeiro da Silva, Dami\u00e3o Monteiro Neto, Jos\u00e9 Edival Germano Martins, Joseilson Medeiros de Ara\u00fajo, \u00c1lvaro Roberto Barros Costa, M\u00e1rcio Cabral Fagundes R\u00eago, Roniere Carvalho de Lima e o Sistema Ocern (Organiza\u00e7\u00e3o das Cooperativas do Estado do Rio Grande do Norte).<\/p>\n\n\n\n<p>O deputado Ubaldo Fernandes ressalta a import\u00e2ncia do cooperativismo como for\u00e7a transformadora da economia solid\u00e1ria, da gera\u00e7\u00e3o de renda e da inclus\u00e3o social, al\u00e9m de destacar o papel das cooperativas no interior do Estado, especialmente nas \u00e1reas de cr\u00e9dito, agricultura familiar, sa\u00fade e consumo. \u201cO cooperativismo potiguar \u00e9 uma das mais belas express\u00f5es da uni\u00e3o, da solidariedade e da for\u00e7a coletiva do nosso povo. Celebrar esses 110 anos \u00e9 reafirmar o compromisso de continuar fortalecendo um modelo econ\u00f4mico que humaniza as rela\u00e7\u00f5es de trabalho e impulsiona o desenvolvimento regional\u201d, destaca.<\/p>\n\n\n\n<p>A solenidade refor\u00e7a o compromisso do Parlamento Potiguar com o reconhecimento de iniciativas que contribuem para uma economia mais justa e sustent\u00e1vel, evidenciando o papel das cooperativas como pilares de um novo tempo para o Rio Grande do Norte.<\/p>\n\n\n\n<figure class=\"wp-block-image size-large\"><img loading=\"lazy\" decoding=\"async\" width=\"1024\" height=\"681\" src=\"https:\/\/ubaldofernandes.com\/wp-content\/uploads\/2025\/10\/WhatsApp-Image-2025-10-21-at-16.45.17-1024x681.jpeg\" alt=\"\" class=\"wp-image-8057\" srcset=\"https:\/\/ubaldofernandes.com\/wp-content\/uploads\/2025\/10\/WhatsApp-Image-2025-10-21-at-16.45.17-1024x681.jpeg 1024w, https:\/\/ubaldofernandes.com\/wp-content\/uploads\/2025\/10\/WhatsApp-Image-2025-10-21-at-16.45.17-300x200.jpeg 300w, https:\/\/ubaldofernandes.com\/wp-content\/uploads\/2025\/10\/WhatsApp-Image-2025-10-21-at-16.45.17-768x511.jpeg 768w, https:\/\/ubaldofernandes.com\/wp-content\/uploads\/2025\/10\/WhatsApp-Image-2025-10-21-at-16.45.17-1536x1022.jpeg 1536w, https:\/\/ubaldofernandes.com\/wp-content\/uploads\/2025\/10\/WhatsApp-Image-2025-10-21-at-16.45.17-2048x1362.jpeg 2048w\" sizes=\"auto, (max-width: 1024px) 100vw, 1024px\" \/><\/figure>\n\n\n\n<figure class=\"wp-block-gallery has-nested-images columns-default is-cropped wp-block-gallery-1 is-layout-flex wp-block-gallery-is-layout-flex\">\n<figure class=\"wp-block-image size-large\"><img loading=\"lazy\" decoding=\"async\" width=\"1024\" height=\"681\" data-id=\"8058\" src=\"https:\/\/ubaldofernandes.com\/wp-content\/uploads\/2025\/10\/WhatsApp-Image-2025-10-21-at-16.45.35-1024x681.jpeg\" alt=\"\" class=\"wp-image-8058\" srcset=\"https:\/\/ubaldofernandes.com\/wp-content\/uploads\/2025\/10\/WhatsApp-Image-2025-10-21-at-16.45.35-1024x681.jpeg 1024w, https:\/\/ubaldofernandes.com\/wp-content\/uploads\/2025\/10\/WhatsApp-Image-2025-10-21-at-16.45.35-300x200.jpeg 300w, https:\/\/ubaldofernandes.com\/wp-content\/uploads\/2025\/10\/WhatsApp-Image-2025-10-21-at-16.45.35-768x511.jpeg 768w, https:\/\/ubaldofernandes.com\/wp-content\/uploads\/2025\/10\/WhatsApp-Image-2025-10-21-at-16.45.35-1536x1022.jpeg 1536w, https:\/\/ubaldofernandes.com\/wp-content\/uploads\/2025\/10\/WhatsApp-Image-2025-10-21-at-16.45.35-2048x1362.jpeg 2048w\" sizes=\"auto, (max-width: 1024px) 100vw, 1024px\" \/><\/figure>\n<\/figure>\n","protected":false},"featured_media":0,"parent":0,"template":"","categories":[10],"class_list":["post-8056","actuation","type-actuation","status-publish","hentry","category-sessao-solene"],"acf":[],"yoast_head":"<!-- This site is optimized with the Yoast SEO plugin v24.6 - https:\/\/yoast.com\/wordpress\/plugins\/seo\/ -->\n<title>Ubaldo realiza solene pelos 110 anos do Cooperativismo Potiguar nesta ter\u00e7a-feira - Ubaldo Fernandes<\/title>\n<meta name=\"robots\" content=\"index, follow, max-snippet:-1, max-image-preview:large, max-video-preview:-1\" \/>\n<link rel=\"canonical\" href=\"https:\/\/ubaldofernandes.com\/index.php\/actuation\/ubaldo-realiza-solene-pelos-110-anos-do-cooperativismo-potiguar-nesta-terca-feira\/\" \/>\n<meta property=\"og:locale\" content=\"pt_BR\" \/>\n<meta property=\"og:type\" content=\"article\" \/>\n<meta property=\"og:title\" content=\"Ubaldo realiza solene pelos 110 anos do Cooperativismo Potiguar nesta ter\u00e7a-feira - Ubaldo Fernandes\" \/>\n<meta property=\"og:description\" content=\"A Assembleia Legislativa do Rio Grande do Norte realiza, nesta ter\u00e7a-feira (21 de outubro), \u00e0s 14h, no Plen\u00e1rio Cl\u00f3vis Motta, uma Sess\u00e3o Solene em homenagem aos 110 anos do Cooperativismo Potiguar e ao Dia Internacional do Cooperativismo. A proposi\u00e7\u00e3o \u00e9 do deputado estadual Ubaldo Fernandes (PSDB), reconhecendo a relev\u00e2ncia hist\u00f3rica, econ\u00f4mica e social das cooperativas [&hellip;]\" \/>\n<meta property=\"og:url\" content=\"https:\/\/ubaldofernandes.com\/index.php\/actuation\/ubaldo-realiza-solene-pelos-110-anos-do-cooperativismo-potiguar-nesta-terca-feira\/\" \/>\n<meta property=\"og:site_name\" content=\"Ubaldo Fernandes\" \/>\n<meta property=\"article:modified_time\" content=\"2025-10-21T20:02:46+00:00\" \/>\n<meta property=\"og:image\" content=\"https:\/\/ubaldofernandes.com\/wp-content\/uploads\/2025\/10\/WhatsApp-Image-2025-10-21-at-16.45.17.jpeg\" \/>\n\t<meta property=\"og:image:width\" content=\"2560\" \/>\n\t<meta property=\"og:image:height\" content=\"1703\" \/>\n\t<meta property=\"og:image:type\" content=\"image\/jpeg\" \/>\n<meta name=\"twitter:card\" content=\"summary_large_image\" \/>\n<meta name=\"twitter:label1\" content=\"Est. tempo de leitura\" \/>\n\t<meta name=\"twitter:data1\" content=\"3 minutos\" \/>\n<script type=\"application\/ld+json\" class=\"yoast-schema-graph\">{\"@context\":\"https:\/\/schema.org\",\"@graph\":[{\"@type\":\"WebPage\",\"@id\":\"https:\/\/ubaldofernandes.com\/index.php\/actuation\/ubaldo-realiza-solene-pelos-110-anos-do-cooperativismo-potiguar-nesta-terca-feira\/\",\"url\":\"https:\/\/ubaldofernandes.com\/index.php\/actuation\/ubaldo-realiza-solene-pelos-110-anos-do-cooperativismo-potiguar-nesta-terca-feira\/\",\"name\":\"Ubaldo realiza solene pelos 110 anos do Cooperativismo Potiguar nesta ter\u00e7a-feira - Ubaldo Fernandes\",\"isPartOf\":{\"@id\":\"https:\/\/ubaldofernandes.com\/#website\"},\"primaryImageOfPage\":{\"@id\":\"https:\/\/ubaldofernandes.com\/index.php\/actuation\/ubaldo-realiza-solene-pelos-110-anos-do-cooperativismo-potiguar-nesta-terca-feira\/#primaryimage\"},\"image\":{\"@id\":\"https:\/\/ubaldofernandes.com\/index.php\/actuation\/ubaldo-realiza-solene-pelos-110-anos-do-cooperativismo-potiguar-nesta-terca-feira\/#primaryimage\"},\"thumbnailUrl\":\"https:\/\/ubaldofernandes.com\/wp-content\/uploads\/2025\/10\/WhatsApp-Image-2025-10-21-at-16.45.17-1024x681.jpeg\",\"datePublished\":\"2025-10-21T20:02:45+00:00\",\"dateModified\":\"2025-10-21T20:02:46+00:00\",\"breadcrumb\":{\"@id\":\"https:\/\/ubaldofernandes.com\/index.php\/actuation\/ubaldo-realiza-solene-pelos-110-anos-do-cooperativismo-potiguar-nesta-terca-feira\/#breadcrumb\"},\"inLanguage\":\"pt-BR\",\"potentialAction\":[{\"@type\":\"ReadAction\",\"target\":[\"https:\/\/ubaldofernandes.com\/index.php\/actuation\/ubaldo-realiza-solene-pelos-110-anos-do-cooperativismo-potiguar-nesta-terca-feira\/\"]}]},{\"@type\":\"ImageObject\",\"inLanguage\":\"pt-BR\",\"@id\":\"https:\/\/ubaldofernandes.com\/index.php\/actuation\/ubaldo-realiza-solene-pelos-110-anos-do-cooperativismo-potiguar-nesta-terca-feira\/#primaryimage\",\"url\":\"https:\/\/ubaldofernandes.com\/wp-content\/uploads\/2025\/10\/WhatsApp-Image-2025-10-21-at-16.45.17.jpeg\",\"contentUrl\":\"https:\/\/ubaldofernandes.com\/wp-content\/uploads\/2025\/10\/WhatsApp-Image-2025-10-21-at-16.45.17.jpeg\",\"width\":2560,\"height\":1703},{\"@type\":\"BreadcrumbList\",\"@id\":\"https:\/\/ubaldofernandes.com\/index.php\/actuation\/ubaldo-realiza-solene-pelos-110-anos-do-cooperativismo-potiguar-nesta-terca-feira\/#breadcrumb\",\"itemListElement\":[{\"@type\":\"ListItem\",\"position\":1,\"name\":\"In\u00edcio\",\"item\":\"https:\/\/ubaldofernandes.com\/\"},{\"@type\":\"ListItem\",\"position\":2,\"name\":\"Post Atua\u00e7\u00e3o Parlamentar\",\"item\":\"https:\/\/ubaldofernandes.com\/index.php\/actuation\/\"},{\"@type\":\"ListItem\",\"position\":3,\"name\":\"Ubaldo realiza solene pelos 110 anos do Cooperativismo Potiguar nesta ter\u00e7a-feira\"}]},{\"@type\":\"WebSite\",\"@id\":\"https:\/\/ubaldofernandes.com\/#website\",\"url\":\"https:\/\/ubaldofernandes.com\/\",\"name\":\"Ubaldo Fernandes\",\"description\":\"Deputado Estadual\",\"potentialAction\":[{\"@type\":\"SearchAction\",\"target\":{\"@type\":\"EntryPoint\",\"urlTemplate\":\"https:\/\/ubaldofernandes.com\/?s={search_term_string}\"},\"query-input\":{\"@type\":\"PropertyValueSpecification\",\"valueRequired\":true,\"valueName\":\"search_term_string\"}}],\"inLanguage\":\"pt-BR\"}]}<\/script>\n<!-- \/ Yoast SEO plugin. -->","yoast_head_json":{"title":"Ubaldo realiza solene pelos 110 anos do Cooperativismo Potiguar nesta ter\u00e7a-feira - Ubaldo Fernandes","robots":{"index":"index","follow":"follow","max-snippet":"max-snippet:-1","max-image-preview":"max-image-preview:large","max-video-preview":"max-video-preview:-1"},"canonical":"https:\/\/ubaldofernandes.com\/index.php\/actuation\/ubaldo-realiza-solene-pelos-110-anos-do-cooperativismo-potiguar-nesta-terca-feira\/","og_locale":"pt_BR","og_type":"article","og_title":"Ubaldo realiza solene pelos 110 anos do Cooperativismo Potiguar nesta ter\u00e7a-feira - Ubaldo Fernandes","og_description":"A Assembleia Legislativa do Rio Grande do Norte realiza, nesta ter\u00e7a-feira (21 de outubro), \u00e0s 14h, no Plen\u00e1rio Cl\u00f3vis Motta, uma Sess\u00e3o Solene em homenagem aos 110 anos do Cooperativismo Potiguar e ao Dia Internacional do Cooperativismo. A proposi\u00e7\u00e3o \u00e9 do deputado estadual Ubaldo Fernandes (PSDB), reconhecendo a relev\u00e2ncia hist\u00f3rica, econ\u00f4mica e social das cooperativas [&hellip;]","og_url":"https:\/\/ubaldofernandes.com\/index.php\/actuation\/ubaldo-realiza-solene-pelos-110-anos-do-cooperativismo-potiguar-nesta-terca-feira\/","og_site_name":"Ubaldo Fernandes","article_modified_time":"2025-10-21T20:02:46+00:00","og_image":[{"width":2560,"height":1703,"url":"https:\/\/ubaldofernandes.com\/wp-content\/uploads\/2025\/10\/WhatsApp-Image-2025-10-21-at-16.45.17.jpeg","type":"image\/jpeg"}],"twitter_card":"summary_large_image","twitter_misc":{"Est. tempo de leitura":"3 minutos"},"schema":{"@context":"https:\/\/schema.org","@graph":[{"@type":"WebPage","@id":"https:\/\/ubaldofernandes.com\/index.php\/actuation\/ubaldo-realiza-solene-pelos-110-anos-do-cooperativismo-potiguar-nesta-terca-feira\/","url":"https:\/\/ubaldofernandes.com\/index.php\/actuation\/ubaldo-realiza-solene-pelos-110-anos-do-cooperativismo-potiguar-nesta-terca-feira\/","name":"Ubaldo realiza solene pelos 110 anos do Cooperativismo Potiguar nesta ter\u00e7a-feira - Ubaldo Fernandes","isPartOf":{"@id":"https:\/\/ubaldofernandes.com\/#website"},"primaryImageOfPage":{"@id":"https:\/\/ubaldofernandes.com\/index.php\/actuation\/ubaldo-realiza-solene-pelos-110-anos-do-cooperativismo-potiguar-nesta-terca-feira\/#primaryimage"},"image":{"@id":"https:\/\/ubaldofernandes.com\/index.php\/actuation\/ubaldo-realiza-solene-pelos-110-anos-do-cooperativismo-potiguar-nesta-terca-feira\/#primaryimage"},"thumbnailUrl":"https:\/\/ubaldofernandes.com\/wp-content\/uploads\/2025\/10\/WhatsApp-Image-2025-10-21-at-16.45.17-1024x681.jpeg","datePublished":"2025-10-21T20:02:45+00:00","dateModified":"2025-10-21T20:02:46+00:00","breadcrumb":{"@id":"https:\/\/ubaldofernandes.com\/index.php\/actuation\/ubaldo-realiza-solene-pelos-110-anos-do-cooperativismo-potiguar-nesta-terca-feira\/#breadcrumb"},"inLanguage":"pt-BR","potentialAction":[{"@type":"ReadAction","target":["https:\/\/ubaldofernandes.com\/index.php\/actuation\/ubaldo-realiza-solene-pelos-110-anos-do-cooperativismo-potiguar-nesta-terca-feira\/"]}]},{"@type":"ImageObject","inLanguage":"pt-BR","@id":"https:\/\/ubaldofernandes.com\/index.php\/actuation\/ubaldo-realiza-solene-pelos-110-anos-do-cooperativismo-potiguar-nesta-terca-feira\/#primaryimage","url":"https:\/\/ubaldofernandes.com\/wp-content\/uploads\/2025\/10\/WhatsApp-Image-2025-10-21-at-16.45.17.jpeg","contentUrl":"https:\/\/ubaldofernandes.com\/wp-content\/uploads\/2025\/10\/WhatsApp-Image-2025-10-21-at-16.45.17.jpeg","width":2560,"height":1703},{"@type":"BreadcrumbList","@id":"https:\/\/ubaldofernandes.com\/index.php\/actuation\/ubaldo-realiza-solene-pelos-110-anos-do-cooperativismo-potiguar-nesta-terca-feira\/#breadcrumb","itemListElement":[{"@type":"ListItem","position":1,"name":"In\u00edcio","item":"https:\/\/ubaldofernandes.com\/"},{"@type":"ListItem","position":2,"name":"Post Atua\u00e7\u00e3o Parlamentar","item":"https:\/\/ubaldofernandes.com\/index.php\/actuation\/"},{"@type":"ListItem","position":3,"name":"Ubaldo realiza solene pelos 110 anos do Cooperativismo Potiguar nesta ter\u00e7a-feira"}]},{"@type":"WebSite","@id":"https:\/\/ubaldofernandes.com\/#website","url":"https:\/\/ubaldofernandes.com\/","name":"Ubaldo Fernandes","description":"Deputado Estadual","potentialAction":[{"@type":"SearchAction","target":{"@type":"EntryPoint","urlTemplate":"https:\/\/ubaldofernandes.com\/?s={search_term_string}"},"query-input":{"@type":"PropertyValueSpecification","valueRequired":true,"valueName":"search_term_string"}}],"inLanguage":"pt-BR"}]}},"_links":{"self":[{"href":"https:\/\/ubaldofernandes.com\/index.php\/wp-json\/wp\/v2\/actuation\/8056","targetHints":{"allow":["GET"]}}],"collection":[{"href":"https:\/\/ubaldofernandes.com\/index.php\/wp-json\/wp\/v2\/actuation"}],"about":[{"href":"https:\/\/ubaldofernandes.com\/index.php\/wp-json\/wp\/v2\/types\/actuation"}],"wp:attachment":[{"href":"https:\/\/ubaldofernandes.com\/index.php\/wp-json\/wp\/v2\/media?parent=8056"}],"wp:term":[{"taxonomy":"category","embeddable":true,"href":"https:\/\/ubaldofernandes.com\/index.php\/wp-json\/wp\/v2\/categories?post=8056"}],"curies":[{"name":"wp","href":"https:\/\/api.w.org\/{rel}","templated":true}]}}