{"id":873,"date":"2019-09-17T14:30:00","date_gmt":"2019-09-17T17:30:00","guid":{"rendered":"https:\/\/ubaldofernandes.com\/?post_type=actuation&#038;p=873"},"modified":"2020-08-06T16:06:38","modified_gmt":"2020-08-06T19:06:38","slug":"legislativo-promove-sessao-solene-em-comemoracao-ao-dia-estadual-do-samu","status":"publish","type":"actuation","link":"https:\/\/ubaldofernandes.com\/index.php\/actuation\/legislativo-promove-sessao-solene-em-comemoracao-ao-dia-estadual-do-samu\/","title":{"rendered":"Legislativo promove Sess\u00e3o Solene em Comemora\u00e7\u00e3o ao Dia Estadual do SAMU"},"content":{"rendered":"\n<p>A Assembleia Legislativa realizou sess\u00e3o solene, na tarde desta ter\u00e7a-feira (17), para celebrar o Dia Estadual do Servi\u00e7o de Atendimento M\u00f3vel de Urg\u00eancia (SAMU). Proposta pelo deputado Ubaldo Fernandes (PL), a solenidade aconteceu no Plen\u00e1rio Cl\u00f3vis Mota e reuniu autoridades, profissionais e familiares dos dez homenageados.<\/p>\n\n\n\n<p>\u201cHoje faz 17 anos que o SAMU foi implantado em Natal, a capital pioneira desse servi\u00e7o no Brasil, que serviu de refer\u00eancia para o resto do pa\u00eds. O SAMU \u00e9, sem d\u00favida, uma das institui\u00e7\u00f5es de maior credibilidade do Brasil. \u00c9 ela que est\u00e1 presente quando as pessoas se acidentam, em qualquer lugar. \u00c9 ela que chega t\u00e3o r\u00e1pido e tem a preocupa\u00e7\u00e3o de salvar nossas vidas. E \u00e9 por isso que devemos ser gratos\u201d, disse o parlamentar.<\/p>\n\n\n\n<p>Ubaldo Fernandes destacou tamb\u00e9m que \u201c\u00e9 preciso ter um olhar diferenciado sobre essa brava categoria\u201d e que \u201celes merecem ter uma melhor estrutura de trabalho, j\u00e1 que sua fun\u00e7\u00e3o \u00e9 essencial para o salvamento de tantas vidas do estado, em qualquer local ou hora do dia\u201d.<\/p>\n\n\n\n<p>Em nome dos agraciados, o ex-vereador, ex-secret\u00e1rio de Sa\u00fade e fundador do SAMU no RN, Enildo Alves, relatou como se deu a implanta\u00e7\u00e3o do \u00f3rg\u00e3o no estado. Al\u00e9m disso, falou do reconhecimento da popula\u00e7\u00e3o. \u201cLogo ap\u00f3s a funda\u00e7\u00e3o do SAMU, com apenas tr\u00eas meses de servi\u00e7os prestados, os cidad\u00e3os j\u00e1 nos elogiavam e a afirmavam que \u00e9ramos melhores que o servi\u00e7o privado similar\u201d, detalhou.<\/p>\n\n\n\n<p>Segundo Enildo Alves, o SAMU inspira na popula\u00e7\u00e3o brasileira o mesmo respeito e admira\u00e7\u00e3o que t\u00eam as For\u00e7as Armadas, a Pol\u00edcia Militar e o Corpo de Bombeiros.<\/p>\n\n\n\n<p>Discorrendo sobre o sentimento de trabalhar para a institui\u00e7\u00e3o, o fundador do SAMU na capital disse que n\u00e3o h\u00e1 sentimento mais nobre do que salvar uma vida. \u201c\u00c9 muito gratificante voc\u00ea chegar na ocorr\u00eancia, estabilizar o paciente e depois voltar para casa com a sensa\u00e7\u00e3o de dever cumprido\u201d, concluiu.<\/p>\n\n\n\n<p>Coordenador do SAMU em Natal, Cl\u00e1udio Macedo enalteceu os servi\u00e7os prestados pelos ex-coordenadores da institui\u00e7\u00e3o e falou sobre for\u00e7a de vontade e uni\u00e3o. &nbsp;<\/p>\n\n\n\n<p>\u201cN\u00e3o podemos deixar de homenagear tamb\u00e9m todos os ex-coordenadores que vestiram essa camisa, porque as adversidades s\u00e3o in\u00fameras. A popula\u00e7\u00e3o n\u00e3o sabe o quanto \u00e9 dif\u00edcil hoje uma viatura nossa rodar, estar no lugar certo, com o tempo-resposta adequado, sem olhar a quem. N\u00e3o existe diferencia\u00e7\u00e3o entre SAMU Natal, Mossor\u00f3 ou RN. Somos todos SAMU\u201d, finalizou.<\/p>\n\n\n\n<p><strong>Homenageados<\/strong><\/p>\n\n\n\n<p>Eliete Fernandes de Lucena Costa<\/p>\n\n\n\n<p>Enildo Alves<\/p>\n\n\n\n<p>Francisco Flor\u00eancio da Silva<\/p>\n\n\n\n<p>Jana\u00ed Cavalcanti da Silva<\/p>\n\n\n\n<p>Jos\u00e9 Cassimiro Silva de Melo<\/p>\n\n\n\n<p>Jos\u00e9 Cl\u00e1udio Miranda Macedo<\/p>\n\n\n\n<p>Leniza Lucena de Lima<\/p>\n\n\n\n<p>Ricardo Witka Bastos<\/p>\n\n\n\n<p>Shayne Brennand de Carvalho<\/p>\n\n\n\n<p>Walker Ferreira da Silva<\/p>\n\n\n\n<p><strong>O SAMU<\/strong><\/p>\n\n\n\n<p>O SAMU 192 Natal foi criado em 17 de setembro de 2002, como componente m\u00f3vel da Rede de Aten\u00e7\u00e3o \u00e0s Urg\u00eancias. Em 18 de dezembro de 2006, foi fundado o SAMU 192 RN, para todo o Estado. Hoje, o SAMU Natal possui 325 profissionais e, o SAMU RN, 484 funcion\u00e1rios, entre m\u00e9dicos, enfermeiros, t\u00e9cnicos de enfermagem e condutores. As equipes se revezam diariamente, em turnos de 24 horas.<\/p>\n\n\n\n<p>Atualmente, o SAMU 192 Natal disp\u00f5e de tr\u00eas bases descentralizadas (Leste, Norte e Sul) e uma Central de Regula\u00e7\u00e3o de Urg\u00eancias, composta por cinco telefonistas auxiliares de regula\u00e7\u00e3o m\u00e9dica, tr\u00eas m\u00e9dicos reguladores, dois r\u00e1dio-operadores e um enfermeiro supervisor administrativo. Realiza, em m\u00e9dia, 6 mil atendimentos por m\u00eas, em sua maioria ocorr\u00eancias cl\u00ednicas, neonatos, obst\u00e9tricas, pedi\u00e1tricas, psiqui\u00e1tricas e traumas.<\/p>\n\n\n\n<p>J\u00e1 o SAMU 192 RN atua em 28 bases descentralizadas por todo o Estado e numa Central de Regula\u00e7\u00e3o com quatro m\u00e9dicos, quatro telefonistas, dois r\u00e1dio-operadores e um enfermeiro. Realiza uma m\u00e9dia de 2.500 atendimentos ao m\u00eas, tendo atendido, em agosto deste ano, 2.607 ocorr\u00eancias.<\/p>\n\n\n\n<figure class=\"wp-block-gallery columns-3 is-cropped wp-block-gallery-1 is-layout-flex wp-block-gallery-is-layout-flex\"><ul class=\"blocks-gallery-grid\"><li class=\"blocks-gallery-item\"><figure><a href=\"https:\/\/ubaldofernandes.com\/wp-content\/uploads\/2020\/08\/SS-Samu-13-scaled.jpg\"><img loading=\"lazy\" decoding=\"async\" width=\"1024\" height=\"683\" src=\"https:\/\/ubaldofernandes.com\/wp-content\/uploads\/2020\/08\/SS-Samu-13-1024x683.jpg\" alt=\"\" data-id=\"885\" data-full-url=\"https:\/\/ubaldofernandes.com\/wp-content\/uploads\/2020\/08\/SS-Samu-13-scaled.jpg\" data-link=\"https:\/\/ubaldofernandes.com\/?attachment_id=885\" class=\"wp-image-885\" srcset=\"https:\/\/ubaldofernandes.com\/wp-content\/uploads\/2020\/08\/SS-Samu-13-1024x683.jpg 1024w, https:\/\/ubaldofernandes.com\/wp-content\/uploads\/2020\/08\/SS-Samu-13-300x200.jpg 300w, https:\/\/ubaldofernandes.com\/wp-content\/uploads\/2020\/08\/SS-Samu-13-768x512.jpg 768w, https:\/\/ubaldofernandes.com\/wp-content\/uploads\/2020\/08\/SS-Samu-13-1536x1025.jpg 1536w, https:\/\/ubaldofernandes.com\/wp-content\/uploads\/2020\/08\/SS-Samu-13-2048x1367.jpg 2048w\" sizes=\"auto, (max-width: 1024px) 100vw, 1024px\" \/><\/a><\/figure><\/li><li class=\"blocks-gallery-item\"><figure><a href=\"https:\/\/ubaldofernandes.com\/wp-content\/uploads\/2020\/08\/SS-Samu-12-scaled.jpg\"><img loading=\"lazy\" decoding=\"async\" width=\"1024\" height=\"683\" src=\"https:\/\/ubaldofernandes.com\/wp-content\/uploads\/2020\/08\/SS-Samu-12-1024x683.jpg\" alt=\"\" data-id=\"884\" data-full-url=\"https:\/\/ubaldofernandes.com\/wp-content\/uploads\/2020\/08\/SS-Samu-12-scaled.jpg\" data-link=\"https:\/\/ubaldofernandes.com\/?attachment_id=884\" class=\"wp-image-884\" srcset=\"https:\/\/ubaldofernandes.com\/wp-content\/uploads\/2020\/08\/SS-Samu-12-1024x683.jpg 1024w, https:\/\/ubaldofernandes.com\/wp-content\/uploads\/2020\/08\/SS-Samu-12-300x200.jpg 300w, https:\/\/ubaldofernandes.com\/wp-content\/uploads\/2020\/08\/SS-Samu-12-768x512.jpg 768w, https:\/\/ubaldofernandes.com\/wp-content\/uploads\/2020\/08\/SS-Samu-12-1536x1025.jpg 1536w, https:\/\/ubaldofernandes.com\/wp-content\/uploads\/2020\/08\/SS-Samu-12-2048x1367.jpg 2048w\" sizes=\"auto, (max-width: 1024px) 100vw, 1024px\" \/><\/a><\/figure><\/li><li class=\"blocks-gallery-item\"><figure><a href=\"https:\/\/ubaldofernandes.com\/wp-content\/uploads\/2020\/08\/SS-Samu-11-scaled.jpg\"><img loading=\"lazy\" decoding=\"async\" width=\"1024\" height=\"683\" src=\"https:\/\/ubaldofernandes.com\/wp-content\/uploads\/2020\/08\/SS-Samu-11-1024x683.jpg\" alt=\"\" data-id=\"883\" data-full-url=\"https:\/\/ubaldofernandes.com\/wp-content\/uploads\/2020\/08\/SS-Samu-11-scaled.jpg\" data-link=\"https:\/\/ubaldofernandes.com\/?attachment_id=883\" class=\"wp-image-883\" srcset=\"https:\/\/ubaldofernandes.com\/wp-content\/uploads\/2020\/08\/SS-Samu-11-1024x683.jpg 1024w, https:\/\/ubaldofernandes.com\/wp-content\/uploads\/2020\/08\/SS-Samu-11-300x200.jpg 300w, https:\/\/ubaldofernandes.com\/wp-content\/uploads\/2020\/08\/SS-Samu-11-768x512.jpg 768w, https:\/\/ubaldofernandes.com\/wp-content\/uploads\/2020\/08\/SS-Samu-11-1536x1025.jpg 1536w, https:\/\/ubaldofernandes.com\/wp-content\/uploads\/2020\/08\/SS-Samu-11-2048x1367.jpg 2048w\" sizes=\"auto, (max-width: 1024px) 100vw, 1024px\" \/><\/a><\/figure><\/li><li class=\"blocks-gallery-item\"><figure><a href=\"https:\/\/ubaldofernandes.com\/wp-content\/uploads\/2020\/08\/SS-Samu-10-scaled.jpg\"><img loading=\"lazy\" decoding=\"async\" width=\"1024\" height=\"683\" src=\"https:\/\/ubaldofernandes.com\/wp-content\/uploads\/2020\/08\/SS-Samu-10-1024x683.jpg\" alt=\"\" data-id=\"882\" data-full-url=\"https:\/\/ubaldofernandes.com\/wp-content\/uploads\/2020\/08\/SS-Samu-10-scaled.jpg\" data-link=\"https:\/\/ubaldofernandes.com\/?attachment_id=882\" class=\"wp-image-882\" srcset=\"https:\/\/ubaldofernandes.com\/wp-content\/uploads\/2020\/08\/SS-Samu-10-1024x683.jpg 1024w, https:\/\/ubaldofernandes.com\/wp-content\/uploads\/2020\/08\/SS-Samu-10-300x200.jpg 300w, https:\/\/ubaldofernandes.com\/wp-content\/uploads\/2020\/08\/SS-Samu-10-768x512.jpg 768w, https:\/\/ubaldofernandes.com\/wp-content\/uploads\/2020\/08\/SS-Samu-10-1536x1025.jpg 1536w, https:\/\/ubaldofernandes.com\/wp-content\/uploads\/2020\/08\/SS-Samu-10-2048x1367.jpg 2048w\" sizes=\"auto, (max-width: 1024px) 100vw, 1024px\" \/><\/a><\/figure><\/li><li class=\"blocks-gallery-item\"><figure><a href=\"https:\/\/ubaldofernandes.com\/wp-content\/uploads\/2020\/08\/SS-Samu-9-scaled.jpg\"><img loading=\"lazy\" decoding=\"async\" width=\"1024\" height=\"683\" src=\"https:\/\/ubaldofernandes.com\/wp-content\/uploads\/2020\/08\/SS-Samu-9-1024x683.jpg\" alt=\"\" data-id=\"881\" data-full-url=\"https:\/\/ubaldofernandes.com\/wp-content\/uploads\/2020\/08\/SS-Samu-9-scaled.jpg\" data-link=\"https:\/\/ubaldofernandes.com\/?attachment_id=881\" class=\"wp-image-881\" srcset=\"https:\/\/ubaldofernandes.com\/wp-content\/uploads\/2020\/08\/SS-Samu-9-1024x683.jpg 1024w, https:\/\/ubaldofernandes.com\/wp-content\/uploads\/2020\/08\/SS-Samu-9-300x200.jpg 300w, https:\/\/ubaldofernandes.com\/wp-content\/uploads\/2020\/08\/SS-Samu-9-768x512.jpg 768w, https:\/\/ubaldofernandes.com\/wp-content\/uploads\/2020\/08\/SS-Samu-9-1536x1025.jpg 1536w, https:\/\/ubaldofernandes.com\/wp-content\/uploads\/2020\/08\/SS-Samu-9-2048x1367.jpg 2048w\" sizes=\"auto, (max-width: 1024px) 100vw, 1024px\" \/><\/a><\/figure><\/li><li class=\"blocks-gallery-item\"><figure><a href=\"https:\/\/ubaldofernandes.com\/wp-content\/uploads\/2020\/08\/SS-Samu-9-C\u00f3pia-scaled.jpg\"><img loading=\"lazy\" decoding=\"async\" width=\"1024\" height=\"683\" src=\"https:\/\/ubaldofernandes.com\/wp-content\/uploads\/2020\/08\/SS-Samu-9-C\u00f3pia-1024x683.jpg\" alt=\"\" data-id=\"880\" data-full-url=\"https:\/\/ubaldofernandes.com\/wp-content\/uploads\/2020\/08\/SS-Samu-9-C\u00f3pia-scaled.jpg\" data-link=\"https:\/\/ubaldofernandes.com\/?attachment_id=880\" class=\"wp-image-880\" srcset=\"https:\/\/ubaldofernandes.com\/wp-content\/uploads\/2020\/08\/SS-Samu-9-C\u00f3pia-1024x683.jpg 1024w, https:\/\/ubaldofernandes.com\/wp-content\/uploads\/2020\/08\/SS-Samu-9-C\u00f3pia-300x200.jpg 300w, https:\/\/ubaldofernandes.com\/wp-content\/uploads\/2020\/08\/SS-Samu-9-C\u00f3pia-768x512.jpg 768w, https:\/\/ubaldofernandes.com\/wp-content\/uploads\/2020\/08\/SS-Samu-9-C\u00f3pia-1536x1025.jpg 1536w, https:\/\/ubaldofernandes.com\/wp-content\/uploads\/2020\/08\/SS-Samu-9-C\u00f3pia-2048x1367.jpg 2048w\" sizes=\"auto, (max-width: 1024px) 100vw, 1024px\" \/><\/a><\/figure><\/li><li class=\"blocks-gallery-item\"><figure><a href=\"https:\/\/ubaldofernandes.com\/wp-content\/uploads\/2020\/08\/SS-Samu-8-scaled.jpg\"><img loading=\"lazy\" decoding=\"async\" width=\"1024\" height=\"683\" src=\"https:\/\/ubaldofernandes.com\/wp-content\/uploads\/2020\/08\/SS-Samu-8-1024x683.jpg\" alt=\"\" data-id=\"879\" data-full-url=\"https:\/\/ubaldofernandes.com\/wp-content\/uploads\/2020\/08\/SS-Samu-8-scaled.jpg\" data-link=\"https:\/\/ubaldofernandes.com\/?attachment_id=879\" class=\"wp-image-879\" srcset=\"https:\/\/ubaldofernandes.com\/wp-content\/uploads\/2020\/08\/SS-Samu-8-1024x683.jpg 1024w, https:\/\/ubaldofernandes.com\/wp-content\/uploads\/2020\/08\/SS-Samu-8-300x200.jpg 300w, https:\/\/ubaldofernandes.com\/wp-content\/uploads\/2020\/08\/SS-Samu-8-768x512.jpg 768w, https:\/\/ubaldofernandes.com\/wp-content\/uploads\/2020\/08\/SS-Samu-8-1536x1025.jpg 1536w, https:\/\/ubaldofernandes.com\/wp-content\/uploads\/2020\/08\/SS-Samu-8-2048x1367.jpg 2048w\" sizes=\"auto, (max-width: 1024px) 100vw, 1024px\" \/><\/a><\/figure><\/li><li class=\"blocks-gallery-item\"><figure><a href=\"https:\/\/ubaldofernandes.com\/wp-content\/uploads\/2020\/08\/SS-Samu-8-C\u00f3pia-scaled.jpg\"><img loading=\"lazy\" decoding=\"async\" width=\"1024\" height=\"683\" src=\"https:\/\/ubaldofernandes.com\/wp-content\/uploads\/2020\/08\/SS-Samu-8-C\u00f3pia-1024x683.jpg\" alt=\"\" data-id=\"878\" data-full-url=\"https:\/\/ubaldofernandes.com\/wp-content\/uploads\/2020\/08\/SS-Samu-8-C\u00f3pia-scaled.jpg\" data-link=\"https:\/\/ubaldofernandes.com\/?attachment_id=878\" class=\"wp-image-878\" srcset=\"https:\/\/ubaldofernandes.com\/wp-content\/uploads\/2020\/08\/SS-Samu-8-C\u00f3pia-1024x683.jpg 1024w, https:\/\/ubaldofernandes.com\/wp-content\/uploads\/2020\/08\/SS-Samu-8-C\u00f3pia-300x200.jpg 300w, https:\/\/ubaldofernandes.com\/wp-content\/uploads\/2020\/08\/SS-Samu-8-C\u00f3pia-768x512.jpg 768w, https:\/\/ubaldofernandes.com\/wp-content\/uploads\/2020\/08\/SS-Samu-8-C\u00f3pia-1536x1025.jpg 1536w, https:\/\/ubaldofernandes.com\/wp-content\/uploads\/2020\/08\/SS-Samu-8-C\u00f3pia-2048x1367.jpg 2048w\" sizes=\"auto, (max-width: 1024px) 100vw, 1024px\" \/><\/a><\/figure><\/li><li class=\"blocks-gallery-item\"><figure><a href=\"https:\/\/ubaldofernandes.com\/wp-content\/uploads\/2020\/08\/SS-Samu-7-scaled.jpg\"><img loading=\"lazy\" decoding=\"async\" width=\"1024\" height=\"683\" src=\"https:\/\/ubaldofernandes.com\/wp-content\/uploads\/2020\/08\/SS-Samu-7-1024x683.jpg\" alt=\"\" data-id=\"877\" data-full-url=\"https:\/\/ubaldofernandes.com\/wp-content\/uploads\/2020\/08\/SS-Samu-7-scaled.jpg\" data-link=\"https:\/\/ubaldofernandes.com\/?attachment_id=877\" class=\"wp-image-877\" srcset=\"https:\/\/ubaldofernandes.com\/wp-content\/uploads\/2020\/08\/SS-Samu-7-1024x683.jpg 1024w, https:\/\/ubaldofernandes.com\/wp-content\/uploads\/2020\/08\/SS-Samu-7-300x200.jpg 300w, https:\/\/ubaldofernandes.com\/wp-content\/uploads\/2020\/08\/SS-Samu-7-768x512.jpg 768w, https:\/\/ubaldofernandes.com\/wp-content\/uploads\/2020\/08\/SS-Samu-7-1536x1025.jpg 1536w, https:\/\/ubaldofernandes.com\/wp-content\/uploads\/2020\/08\/SS-Samu-7-2048x1367.jpg 2048w\" sizes=\"auto, (max-width: 1024px) 100vw, 1024px\" \/><\/a><\/figure><\/li><li class=\"blocks-gallery-item\"><figure><a href=\"https:\/\/ubaldofernandes.com\/wp-content\/uploads\/2020\/08\/SS-Samu-2-scaled.jpg\"><img loading=\"lazy\" decoding=\"async\" width=\"1024\" height=\"683\" src=\"https:\/\/ubaldofernandes.com\/wp-content\/uploads\/2020\/08\/SS-Samu-2-1024x683.jpg\" alt=\"\" data-id=\"875\" data-full-url=\"https:\/\/ubaldofernandes.com\/wp-content\/uploads\/2020\/08\/SS-Samu-2-scaled.jpg\" data-link=\"https:\/\/ubaldofernandes.com\/?attachment_id=875\" class=\"wp-image-875\" srcset=\"https:\/\/ubaldofernandes.com\/wp-content\/uploads\/2020\/08\/SS-Samu-2-1024x683.jpg 1024w, https:\/\/ubaldofernandes.com\/wp-content\/uploads\/2020\/08\/SS-Samu-2-300x200.jpg 300w, https:\/\/ubaldofernandes.com\/wp-content\/uploads\/2020\/08\/SS-Samu-2-768x512.jpg 768w, https:\/\/ubaldofernandes.com\/wp-content\/uploads\/2020\/08\/SS-Samu-2-1536x1025.jpg 1536w, https:\/\/ubaldofernandes.com\/wp-content\/uploads\/2020\/08\/SS-Samu-2-2048x1367.jpg 2048w\" sizes=\"auto, (max-width: 1024px) 100vw, 1024px\" \/><\/a><\/figure><\/li><\/ul><\/figure>\n\n\n\n<p>AL &#8211; Sess\u00e3o Solene em homenagem ao dia Estadual do SAMU. 17.09.2019 Ft. Eduardo Maia<\/p>\n","protected":false},"featured_media":886,"parent":0,"template":"","categories":[10],"class_list":["post-873","actuation","type-actuation","status-publish","has-post-thumbnail","hentry","category-sessao-solene"],"acf":[],"yoast_head":"<!-- This site is optimized with the Yoast SEO plugin v24.6 - https:\/\/yoast.com\/wordpress\/plugins\/seo\/ -->\n<title>Legislativo promove Sess\u00e3o Solene em Comemora\u00e7\u00e3o ao Dia Estadual do SAMU - Ubaldo Fernandes<\/title>\n<meta name=\"robots\" content=\"index, follow, max-snippet:-1, max-image-preview:large, max-video-preview:-1\" \/>\n<link rel=\"canonical\" href=\"https:\/\/ubaldofernandes.com\/index.php\/actuation\/legislativo-promove-sessao-solene-em-comemoracao-ao-dia-estadual-do-samu\/\" \/>\n<meta property=\"og:locale\" content=\"pt_BR\" \/>\n<meta property=\"og:type\" content=\"article\" \/>\n<meta property=\"og:title\" content=\"Legislativo promove Sess\u00e3o Solene em Comemora\u00e7\u00e3o ao Dia Estadual do SAMU - Ubaldo Fernandes\" \/>\n<meta property=\"og:description\" content=\"A Assembleia Legislativa realizou sess\u00e3o solene, na tarde desta ter\u00e7a-feira (17), para celebrar o Dia Estadual do Servi\u00e7o de Atendimento M\u00f3vel de Urg\u00eancia (SAMU). Proposta pelo deputado Ubaldo Fernandes (PL), a solenidade aconteceu no Plen\u00e1rio Cl\u00f3vis Mota e reuniu autoridades, profissionais e familiares dos dez homenageados. \u201cHoje faz 17 anos que o SAMU foi implantado [&hellip;]\" \/>\n<meta property=\"og:url\" content=\"https:\/\/ubaldofernandes.com\/index.php\/actuation\/legislativo-promove-sessao-solene-em-comemoracao-ao-dia-estadual-do-samu\/\" \/>\n<meta property=\"og:site_name\" content=\"Ubaldo Fernandes\" \/>\n<meta property=\"article:modified_time\" content=\"2020-08-06T19:06:38+00:00\" \/>\n<meta property=\"og:image\" content=\"https:\/\/ubaldofernandes.com\/wp-content\/uploads\/2020\/08\/SS-Samu-1.jpg\" \/>\n\t<meta property=\"og:image:width\" content=\"1274\" \/>\n\t<meta property=\"og:image:height\" content=\"850\" \/>\n\t<meta property=\"og:image:type\" content=\"image\/jpeg\" \/>\n<meta name=\"twitter:card\" content=\"summary_large_image\" \/>\n<meta name=\"twitter:label1\" content=\"Est. tempo de leitura\" \/>\n\t<meta name=\"twitter:data1\" content=\"3 minutos\" \/>\n<script type=\"application\/ld+json\" class=\"yoast-schema-graph\">{\"@context\":\"https:\/\/schema.org\",\"@graph\":[{\"@type\":\"WebPage\",\"@id\":\"https:\/\/ubaldofernandes.com\/index.php\/actuation\/legislativo-promove-sessao-solene-em-comemoracao-ao-dia-estadual-do-samu\/\",\"url\":\"https:\/\/ubaldofernandes.com\/index.php\/actuation\/legislativo-promove-sessao-solene-em-comemoracao-ao-dia-estadual-do-samu\/\",\"name\":\"Legislativo promove Sess\u00e3o Solene em Comemora\u00e7\u00e3o ao Dia Estadual do SAMU - Ubaldo Fernandes\",\"isPartOf\":{\"@id\":\"https:\/\/ubaldofernandes.com\/#website\"},\"primaryImageOfPage\":{\"@id\":\"https:\/\/ubaldofernandes.com\/index.php\/actuation\/legislativo-promove-sessao-solene-em-comemoracao-ao-dia-estadual-do-samu\/#primaryimage\"},\"image\":{\"@id\":\"https:\/\/ubaldofernandes.com\/index.php\/actuation\/legislativo-promove-sessao-solene-em-comemoracao-ao-dia-estadual-do-samu\/#primaryimage\"},\"thumbnailUrl\":\"https:\/\/ubaldofernandes.com\/wp-content\/uploads\/2020\/08\/SS-Samu-1.jpg\",\"datePublished\":\"2019-09-17T17:30:00+00:00\",\"dateModified\":\"2020-08-06T19:06:38+00:00\",\"breadcrumb\":{\"@id\":\"https:\/\/ubaldofernandes.com\/index.php\/actuation\/legislativo-promove-sessao-solene-em-comemoracao-ao-dia-estadual-do-samu\/#breadcrumb\"},\"inLanguage\":\"pt-BR\",\"potentialAction\":[{\"@type\":\"ReadAction\",\"target\":[\"https:\/\/ubaldofernandes.com\/index.php\/actuation\/legislativo-promove-sessao-solene-em-comemoracao-ao-dia-estadual-do-samu\/\"]}]},{\"@type\":\"ImageObject\",\"inLanguage\":\"pt-BR\",\"@id\":\"https:\/\/ubaldofernandes.com\/index.php\/actuation\/legislativo-promove-sessao-solene-em-comemoracao-ao-dia-estadual-do-samu\/#primaryimage\",\"url\":\"https:\/\/ubaldofernandes.com\/wp-content\/uploads\/2020\/08\/SS-Samu-1.jpg\",\"contentUrl\":\"https:\/\/ubaldofernandes.com\/wp-content\/uploads\/2020\/08\/SS-Samu-1.jpg\",\"width\":1274,\"height\":850},{\"@type\":\"BreadcrumbList\",\"@id\":\"https:\/\/ubaldofernandes.com\/index.php\/actuation\/legislativo-promove-sessao-solene-em-comemoracao-ao-dia-estadual-do-samu\/#breadcrumb\",\"itemListElement\":[{\"@type\":\"ListItem\",\"position\":1,\"name\":\"In\u00edcio\",\"item\":\"https:\/\/ubaldofernandes.com\/\"},{\"@type\":\"ListItem\",\"position\":2,\"name\":\"Post Atua\u00e7\u00e3o Parlamentar\",\"item\":\"https:\/\/ubaldofernandes.com\/index.php\/actuation\/\"},{\"@type\":\"ListItem\",\"position\":3,\"name\":\"Legislativo promove Sess\u00e3o Solene em Comemora\u00e7\u00e3o ao Dia Estadual do SAMU\"}]},{\"@type\":\"WebSite\",\"@id\":\"https:\/\/ubaldofernandes.com\/#website\",\"url\":\"https:\/\/ubaldofernandes.com\/\",\"name\":\"Ubaldo Fernandes\",\"description\":\"Deputado Estadual\",\"potentialAction\":[{\"@type\":\"SearchAction\",\"target\":{\"@type\":\"EntryPoint\",\"urlTemplate\":\"https:\/\/ubaldofernandes.com\/?s={search_term_string}\"},\"query-input\":{\"@type\":\"PropertyValueSpecification\",\"valueRequired\":true,\"valueName\":\"search_term_string\"}}],\"inLanguage\":\"pt-BR\"}]}<\/script>\n<!-- \/ Yoast SEO plugin. -->","yoast_head_json":{"title":"Legislativo promove Sess\u00e3o Solene em Comemora\u00e7\u00e3o ao Dia Estadual do SAMU - Ubaldo Fernandes","robots":{"index":"index","follow":"follow","max-snippet":"max-snippet:-1","max-image-preview":"max-image-preview:large","max-video-preview":"max-video-preview:-1"},"canonical":"https:\/\/ubaldofernandes.com\/index.php\/actuation\/legislativo-promove-sessao-solene-em-comemoracao-ao-dia-estadual-do-samu\/","og_locale":"pt_BR","og_type":"article","og_title":"Legislativo promove Sess\u00e3o Solene em Comemora\u00e7\u00e3o ao Dia Estadual do SAMU - Ubaldo Fernandes","og_description":"A Assembleia Legislativa realizou sess\u00e3o solene, na tarde desta ter\u00e7a-feira (17), para celebrar o Dia Estadual do Servi\u00e7o de Atendimento M\u00f3vel de Urg\u00eancia (SAMU). Proposta pelo deputado Ubaldo Fernandes (PL), a solenidade aconteceu no Plen\u00e1rio Cl\u00f3vis Mota e reuniu autoridades, profissionais e familiares dos dez homenageados. \u201cHoje faz 17 anos que o SAMU foi implantado [&hellip;]","og_url":"https:\/\/ubaldofernandes.com\/index.php\/actuation\/legislativo-promove-sessao-solene-em-comemoracao-ao-dia-estadual-do-samu\/","og_site_name":"Ubaldo Fernandes","article_modified_time":"2020-08-06T19:06:38+00:00","og_image":[{"width":1274,"height":850,"url":"https:\/\/ubaldofernandes.com\/wp-content\/uploads\/2020\/08\/SS-Samu-1.jpg","type":"image\/jpeg"}],"twitter_card":"summary_large_image","twitter_misc":{"Est. tempo de leitura":"3 minutos"},"schema":{"@context":"https:\/\/schema.org","@graph":[{"@type":"WebPage","@id":"https:\/\/ubaldofernandes.com\/index.php\/actuation\/legislativo-promove-sessao-solene-em-comemoracao-ao-dia-estadual-do-samu\/","url":"https:\/\/ubaldofernandes.com\/index.php\/actuation\/legislativo-promove-sessao-solene-em-comemoracao-ao-dia-estadual-do-samu\/","name":"Legislativo promove Sess\u00e3o Solene em Comemora\u00e7\u00e3o ao Dia Estadual do SAMU - Ubaldo Fernandes","isPartOf":{"@id":"https:\/\/ubaldofernandes.com\/#website"},"primaryImageOfPage":{"@id":"https:\/\/ubaldofernandes.com\/index.php\/actuation\/legislativo-promove-sessao-solene-em-comemoracao-ao-dia-estadual-do-samu\/#primaryimage"},"image":{"@id":"https:\/\/ubaldofernandes.com\/index.php\/actuation\/legislativo-promove-sessao-solene-em-comemoracao-ao-dia-estadual-do-samu\/#primaryimage"},"thumbnailUrl":"https:\/\/ubaldofernandes.com\/wp-content\/uploads\/2020\/08\/SS-Samu-1.jpg","datePublished":"2019-09-17T17:30:00+00:00","dateModified":"2020-08-06T19:06:38+00:00","breadcrumb":{"@id":"https:\/\/ubaldofernandes.com\/index.php\/actuation\/legislativo-promove-sessao-solene-em-comemoracao-ao-dia-estadual-do-samu\/#breadcrumb"},"inLanguage":"pt-BR","potentialAction":[{"@type":"ReadAction","target":["https:\/\/ubaldofernandes.com\/index.php\/actuation\/legislativo-promove-sessao-solene-em-comemoracao-ao-dia-estadual-do-samu\/"]}]},{"@type":"ImageObject","inLanguage":"pt-BR","@id":"https:\/\/ubaldofernandes.com\/index.php\/actuation\/legislativo-promove-sessao-solene-em-comemoracao-ao-dia-estadual-do-samu\/#primaryimage","url":"https:\/\/ubaldofernandes.com\/wp-content\/uploads\/2020\/08\/SS-Samu-1.jpg","contentUrl":"https:\/\/ubaldofernandes.com\/wp-content\/uploads\/2020\/08\/SS-Samu-1.jpg","width":1274,"height":850},{"@type":"BreadcrumbList","@id":"https:\/\/ubaldofernandes.com\/index.php\/actuation\/legislativo-promove-sessao-solene-em-comemoracao-ao-dia-estadual-do-samu\/#breadcrumb","itemListElement":[{"@type":"ListItem","position":1,"name":"In\u00edcio","item":"https:\/\/ubaldofernandes.com\/"},{"@type":"ListItem","position":2,"name":"Post Atua\u00e7\u00e3o Parlamentar","item":"https:\/\/ubaldofernandes.com\/index.php\/actuation\/"},{"@type":"ListItem","position":3,"name":"Legislativo promove Sess\u00e3o Solene em Comemora\u00e7\u00e3o ao Dia Estadual do SAMU"}]},{"@type":"WebSite","@id":"https:\/\/ubaldofernandes.com\/#website","url":"https:\/\/ubaldofernandes.com\/","name":"Ubaldo Fernandes","description":"Deputado Estadual","potentialAction":[{"@type":"SearchAction","target":{"@type":"EntryPoint","urlTemplate":"https:\/\/ubaldofernandes.com\/?s={search_term_string}"},"query-input":{"@type":"PropertyValueSpecification","valueRequired":true,"valueName":"search_term_string"}}],"inLanguage":"pt-BR"}]}},"_links":{"self":[{"href":"https:\/\/ubaldofernandes.com\/index.php\/wp-json\/wp\/v2\/actuation\/873","targetHints":{"allow":["GET"]}}],"collection":[{"href":"https:\/\/ubaldofernandes.com\/index.php\/wp-json\/wp\/v2\/actuation"}],"about":[{"href":"https:\/\/ubaldofernandes.com\/index.php\/wp-json\/wp\/v2\/types\/actuation"}],"wp:featuredmedia":[{"embeddable":true,"href":"https:\/\/ubaldofernandes.com\/index.php\/wp-json\/wp\/v2\/media\/886"}],"wp:attachment":[{"href":"https:\/\/ubaldofernandes.com\/index.php\/wp-json\/wp\/v2\/media?parent=873"}],"wp:term":[{"taxonomy":"category","embeddable":true,"href":"https:\/\/ubaldofernandes.com\/index.php\/wp-json\/wp\/v2\/categories?post=873"}],"curies":[{"name":"wp","href":"https:\/\/api.w.org\/{rel}","templated":true}]}}