{"id":981,"date":"2019-09-03T09:00:00","date_gmt":"2019-09-03T12:00:00","guid":{"rendered":"https:\/\/ubaldofernandes.com\/?post_type=actuation&#038;p=981"},"modified":"2020-08-06T18:52:52","modified_gmt":"2020-08-06T21:52:52","slug":"comissao-do-consumidor-discute-fechamento-de-hospital-e-plano-de-regionalizacao","status":"publish","type":"actuation","link":"https:\/\/ubaldofernandes.com\/index.php\/actuation\/comissao-do-consumidor-discute-fechamento-de-hospital-e-plano-de-regionalizacao\/","title":{"rendered":"Comiss\u00e3o do Consumidor discute fechamento de hospital e plano de regionaliza\u00e7\u00e3o"},"content":{"rendered":"\n<p>A Comiss\u00e3o de Defesa do Consumidor, Meio Ambiente e Interior recebeu em reuni\u00e3o esta manh\u00e3 (3) o secret\u00e1rio adjunto de Sa\u00fade do Estado, m\u00e9dico Petr\u00f4nio Spinelli, para prestar esclarecimentos sobre o fechamento do &nbsp;hospital de Canguaretama e o programa de regionaliza\u00e7\u00e3o dos atendimentos na \u00e1rea de Sa\u00fade, contando com a participa\u00e7\u00e3o do coordenador do Sindsa\u00fae, Breno Abbot e a m\u00e9dica e sindicalista S\u00f4nia Godeiro.<\/p>\n\n\n\n<p>\u201cN\u00f3s trouxemos a esta Comiss\u00e3o o secret\u00e1rio adjunto da Sa\u00fade do Estado para explicar o fechamento total do hospital de Canguaretama e o fechamento parcial da unidade hospitalar de Santo Ant\u00f4nio, informando tamb\u00e9m como ser\u00e1 a pol\u00edtica de regionaliza\u00e7\u00e3o dos hospitais do interior\u201d, disse o presidente da Comiss\u00e3o, deputado Sandro Pimentel (PSOL).<\/p>\n\n\n\n<p>O secret\u00e1rio adjunto da Sa\u00fade disse em sua exposi\u00e7\u00e3o que o hospital de Canguaretama fechou porque estava extremamente deficiente em pessoal e estrutura b\u00e1sica. \u201cA decis\u00e3o de fechar foi t\u00e9cnica por causa das defici\u00eancias\u201d, explicou Spinelli e em seguida falou sobre o projeto da regionaliza\u00e7\u00e3o, que segundo ele vai ser feito com \u201csustentabilidade, resolutividade e transpar\u00eancia. O Estado tem dificuldades e os munic\u00edpios tamb\u00e9m. A quest\u00e3o \u00e9 qualificar os recursos\u201d, disse o secret\u00e1rio.<\/p>\n\n\n\n<p>O coordenador do Sindsa\u00fade, diante da exposi\u00e7\u00e3o do representante da Sa\u00fade do Estado, discordou da regionaliza\u00e7\u00e3o. \u201c\u00c9 um erro. \u00c9 um desmonte que vem acontecendo com o SUS. A sa\u00fade do trabalhador est\u00e1 ficando de lado. Os munic\u00edpios n\u00e3o t\u00eam condi\u00e7\u00f5es de assumir essa responsabilidade. Esse fechamento de hospitais tem que ser discutido de forma regional\u201d, afirmou Breno.<\/p>\n\n\n\n<p>Na mesma linha seguiu S\u00f4nia Godeiro sobre o fechamento de hospitais. \u201cFechar o hospital de Canguaretama foi um crime. N\u00e3o houve nenhuma reuni\u00e3o com a sociedade. Esvaziaram e sucatearam o hospital para depois fecharem\u201d, disse a m\u00e9dica e sindicalista.<\/p>\n\n\n\n<p>O deputado Ubaldo Fernandes (PL) manifestou sua preocupa\u00e7\u00e3o com a regionaliza\u00e7\u00e3o. \u201cOs munic\u00edpios est\u00e3o preparados para receber esses hospitais? Quanto o Estado vai contribuir nesse modelo de regionaliza\u00e7\u00e3o?\u201d questionou.<\/p>\n\n\n\n<p>A deputada Cristiane Dantas (SDD) registrou que no primeiro quadrimestre o Governo deveria investir 12% dos recursos com a sa\u00fade, que \u00e9 o percentual obrigat\u00f3rio e a aplica\u00e7\u00e3o s\u00f3i atingiu 8,58%.<\/p>\n\n\n\n<p>Na pauta da reuni\u00e3o n\u00e3o houve delibera\u00e7\u00e3o. Duas mat\u00e9rias foram distribu\u00eddas para os relatores. Ficou definido que na reuni\u00e3o da pr\u00f3xima ter\u00e7a-feira (10) a Comiss\u00e3o vai discutir com dirigentes da CAERN a entrada de capital privado na Companhia.&nbsp; &nbsp;&nbsp;<\/p>\n\n\n\n<figure class=\"wp-block-gallery columns-3 is-cropped wp-block-gallery-1 is-layout-flex wp-block-gallery-is-layout-flex\"><ul class=\"blocks-gallery-grid\"><li class=\"blocks-gallery-item\"><figure><a href=\"https:\/\/ubaldofernandes.com\/wp-content\/uploads\/2020\/08\/Consumidor-1-scaled.jpg\"><img loading=\"lazy\" decoding=\"async\" width=\"1024\" height=\"683\" src=\"https:\/\/ubaldofernandes.com\/wp-content\/uploads\/2020\/08\/Consumidor-1-1024x683.jpg\" alt=\"\" data-id=\"983\" data-full-url=\"https:\/\/ubaldofernandes.com\/wp-content\/uploads\/2020\/08\/Consumidor-1-scaled.jpg\" data-link=\"https:\/\/ubaldofernandes.com\/?attachment_id=983\" class=\"wp-image-983\" srcset=\"https:\/\/ubaldofernandes.com\/wp-content\/uploads\/2020\/08\/Consumidor-1-1024x683.jpg 1024w, https:\/\/ubaldofernandes.com\/wp-content\/uploads\/2020\/08\/Consumidor-1-300x200.jpg 300w, https:\/\/ubaldofernandes.com\/wp-content\/uploads\/2020\/08\/Consumidor-1-768x512.jpg 768w, https:\/\/ubaldofernandes.com\/wp-content\/uploads\/2020\/08\/Consumidor-1-1536x1025.jpg 1536w, https:\/\/ubaldofernandes.com\/wp-content\/uploads\/2020\/08\/Consumidor-1-2048x1367.jpg 2048w\" sizes=\"auto, (max-width: 1024px) 100vw, 1024px\" \/><\/a><\/figure><\/li><li class=\"blocks-gallery-item\"><figure><a href=\"https:\/\/ubaldofernandes.com\/wp-content\/uploads\/2020\/08\/Consumidor-2-scaled.jpg\"><img loading=\"lazy\" decoding=\"async\" width=\"1024\" height=\"683\" src=\"https:\/\/ubaldofernandes.com\/wp-content\/uploads\/2020\/08\/Consumidor-2-1024x683.jpg\" alt=\"\" data-id=\"984\" data-full-url=\"https:\/\/ubaldofernandes.com\/wp-content\/uploads\/2020\/08\/Consumidor-2-scaled.jpg\" data-link=\"https:\/\/ubaldofernandes.com\/?attachment_id=984\" class=\"wp-image-984\" srcset=\"https:\/\/ubaldofernandes.com\/wp-content\/uploads\/2020\/08\/Consumidor-2-1024x683.jpg 1024w, https:\/\/ubaldofernandes.com\/wp-content\/uploads\/2020\/08\/Consumidor-2-300x200.jpg 300w, https:\/\/ubaldofernandes.com\/wp-content\/uploads\/2020\/08\/Consumidor-2-768x512.jpg 768w, https:\/\/ubaldofernandes.com\/wp-content\/uploads\/2020\/08\/Consumidor-2-1536x1025.jpg 1536w, https:\/\/ubaldofernandes.com\/wp-content\/uploads\/2020\/08\/Consumidor-2-2048x1367.jpg 2048w\" sizes=\"auto, (max-width: 1024px) 100vw, 1024px\" \/><\/a><\/figure><\/li><li class=\"blocks-gallery-item\"><figure><a href=\"https:\/\/ubaldofernandes.com\/wp-content\/uploads\/2020\/08\/Consumidor-3-scaled.jpg\"><img loading=\"lazy\" decoding=\"async\" width=\"1024\" height=\"683\" src=\"https:\/\/ubaldofernandes.com\/wp-content\/uploads\/2020\/08\/Consumidor-3-1024x683.jpg\" alt=\"\" data-id=\"985\" data-full-url=\"https:\/\/ubaldofernandes.com\/wp-content\/uploads\/2020\/08\/Consumidor-3-scaled.jpg\" data-link=\"https:\/\/ubaldofernandes.com\/?attachment_id=985\" class=\"wp-image-985\" srcset=\"https:\/\/ubaldofernandes.com\/wp-content\/uploads\/2020\/08\/Consumidor-3-1024x683.jpg 1024w, https:\/\/ubaldofernandes.com\/wp-content\/uploads\/2020\/08\/Consumidor-3-300x200.jpg 300w, https:\/\/ubaldofernandes.com\/wp-content\/uploads\/2020\/08\/Consumidor-3-768x512.jpg 768w, https:\/\/ubaldofernandes.com\/wp-content\/uploads\/2020\/08\/Consumidor-3-1536x1025.jpg 1536w, https:\/\/ubaldofernandes.com\/wp-content\/uploads\/2020\/08\/Consumidor-3-2048x1367.jpg 2048w\" sizes=\"auto, (max-width: 1024px) 100vw, 1024px\" \/><\/a><\/figure><\/li><\/ul><\/figure>\n\n\n\n<p>AL &#8211; Reuni\u00e3o da Comiss\u00e3o de Defesa do Consumidor, Meio Ambiente e Interior. 03.09.2019 Ft. Eduardo Maia<\/p>\n","protected":false},"featured_media":982,"parent":0,"template":"","categories":[5],"class_list":["post-981","actuation","type-actuation","status-publish","has-post-thumbnail","hentry","category-comissoes"],"acf":[],"yoast_head":"<!-- This site is optimized with the Yoast SEO plugin v24.6 - https:\/\/yoast.com\/wordpress\/plugins\/seo\/ -->\n<title>Comiss\u00e3o do Consumidor discute fechamento de hospital e plano de regionaliza\u00e7\u00e3o - Ubaldo Fernandes<\/title>\n<meta name=\"robots\" content=\"index, follow, max-snippet:-1, max-image-preview:large, max-video-preview:-1\" \/>\n<link rel=\"canonical\" href=\"https:\/\/ubaldofernandes.com\/index.php\/actuation\/comissao-do-consumidor-discute-fechamento-de-hospital-e-plano-de-regionalizacao\/\" \/>\n<meta property=\"og:locale\" content=\"pt_BR\" \/>\n<meta property=\"og:type\" content=\"article\" \/>\n<meta property=\"og:title\" content=\"Comiss\u00e3o do Consumidor discute fechamento de hospital e plano de regionaliza\u00e7\u00e3o - Ubaldo Fernandes\" \/>\n<meta property=\"og:description\" content=\"A Comiss\u00e3o de Defesa do Consumidor, Meio Ambiente e Interior recebeu em reuni\u00e3o esta manh\u00e3 (3) o secret\u00e1rio adjunto de Sa\u00fade do Estado, m\u00e9dico Petr\u00f4nio Spinelli, para prestar esclarecimentos sobre o fechamento do &nbsp;hospital de Canguaretama e o programa de regionaliza\u00e7\u00e3o dos atendimentos na \u00e1rea de Sa\u00fade, contando com a participa\u00e7\u00e3o do coordenador do Sindsa\u00fae, [&hellip;]\" \/>\n<meta property=\"og:url\" content=\"https:\/\/ubaldofernandes.com\/index.php\/actuation\/comissao-do-consumidor-discute-fechamento-de-hospital-e-plano-de-regionalizacao\/\" \/>\n<meta property=\"og:site_name\" content=\"Ubaldo Fernandes\" \/>\n<meta property=\"article:modified_time\" content=\"2020-08-06T21:52:52+00:00\" \/>\n<meta property=\"og:image\" content=\"https:\/\/ubaldofernandes.com\/wp-content\/uploads\/2020\/08\/Consumidor-4-scaled.jpg\" \/>\n\t<meta property=\"og:image:width\" content=\"2560\" \/>\n\t<meta property=\"og:image:height\" content=\"1708\" \/>\n\t<meta property=\"og:image:type\" content=\"image\/jpeg\" \/>\n<meta name=\"twitter:card\" content=\"summary_large_image\" \/>\n<meta name=\"twitter:label1\" content=\"Est. tempo de leitura\" \/>\n\t<meta name=\"twitter:data1\" content=\"2 minutos\" \/>\n<script type=\"application\/ld+json\" class=\"yoast-schema-graph\">{\"@context\":\"https:\/\/schema.org\",\"@graph\":[{\"@type\":\"WebPage\",\"@id\":\"https:\/\/ubaldofernandes.com\/index.php\/actuation\/comissao-do-consumidor-discute-fechamento-de-hospital-e-plano-de-regionalizacao\/\",\"url\":\"https:\/\/ubaldofernandes.com\/index.php\/actuation\/comissao-do-consumidor-discute-fechamento-de-hospital-e-plano-de-regionalizacao\/\",\"name\":\"Comiss\u00e3o do Consumidor discute fechamento de hospital e plano de regionaliza\u00e7\u00e3o - Ubaldo Fernandes\",\"isPartOf\":{\"@id\":\"https:\/\/ubaldofernandes.com\/#website\"},\"primaryImageOfPage\":{\"@id\":\"https:\/\/ubaldofernandes.com\/index.php\/actuation\/comissao-do-consumidor-discute-fechamento-de-hospital-e-plano-de-regionalizacao\/#primaryimage\"},\"image\":{\"@id\":\"https:\/\/ubaldofernandes.com\/index.php\/actuation\/comissao-do-consumidor-discute-fechamento-de-hospital-e-plano-de-regionalizacao\/#primaryimage\"},\"thumbnailUrl\":\"https:\/\/ubaldofernandes.com\/wp-content\/uploads\/2020\/08\/Consumidor-4-scaled.jpg\",\"datePublished\":\"2019-09-03T12:00:00+00:00\",\"dateModified\":\"2020-08-06T21:52:52+00:00\",\"breadcrumb\":{\"@id\":\"https:\/\/ubaldofernandes.com\/index.php\/actuation\/comissao-do-consumidor-discute-fechamento-de-hospital-e-plano-de-regionalizacao\/#breadcrumb\"},\"inLanguage\":\"pt-BR\",\"potentialAction\":[{\"@type\":\"ReadAction\",\"target\":[\"https:\/\/ubaldofernandes.com\/index.php\/actuation\/comissao-do-consumidor-discute-fechamento-de-hospital-e-plano-de-regionalizacao\/\"]}]},{\"@type\":\"ImageObject\",\"inLanguage\":\"pt-BR\",\"@id\":\"https:\/\/ubaldofernandes.com\/index.php\/actuation\/comissao-do-consumidor-discute-fechamento-de-hospital-e-plano-de-regionalizacao\/#primaryimage\",\"url\":\"https:\/\/ubaldofernandes.com\/wp-content\/uploads\/2020\/08\/Consumidor-4-scaled.jpg\",\"contentUrl\":\"https:\/\/ubaldofernandes.com\/wp-content\/uploads\/2020\/08\/Consumidor-4-scaled.jpg\",\"width\":2560,\"height\":1708},{\"@type\":\"BreadcrumbList\",\"@id\":\"https:\/\/ubaldofernandes.com\/index.php\/actuation\/comissao-do-consumidor-discute-fechamento-de-hospital-e-plano-de-regionalizacao\/#breadcrumb\",\"itemListElement\":[{\"@type\":\"ListItem\",\"position\":1,\"name\":\"In\u00edcio\",\"item\":\"https:\/\/ubaldofernandes.com\/\"},{\"@type\":\"ListItem\",\"position\":2,\"name\":\"Post Atua\u00e7\u00e3o Parlamentar\",\"item\":\"https:\/\/ubaldofernandes.com\/index.php\/actuation\/\"},{\"@type\":\"ListItem\",\"position\":3,\"name\":\"Comiss\u00e3o do Consumidor discute fechamento de hospital e plano de regionaliza\u00e7\u00e3o\"}]},{\"@type\":\"WebSite\",\"@id\":\"https:\/\/ubaldofernandes.com\/#website\",\"url\":\"https:\/\/ubaldofernandes.com\/\",\"name\":\"Ubaldo Fernandes\",\"description\":\"Deputado Estadual\",\"potentialAction\":[{\"@type\":\"SearchAction\",\"target\":{\"@type\":\"EntryPoint\",\"urlTemplate\":\"https:\/\/ubaldofernandes.com\/?s={search_term_string}\"},\"query-input\":{\"@type\":\"PropertyValueSpecification\",\"valueRequired\":true,\"valueName\":\"search_term_string\"}}],\"inLanguage\":\"pt-BR\"}]}<\/script>\n<!-- \/ Yoast SEO plugin. -->","yoast_head_json":{"title":"Comiss\u00e3o do Consumidor discute fechamento de hospital e plano de regionaliza\u00e7\u00e3o - Ubaldo Fernandes","robots":{"index":"index","follow":"follow","max-snippet":"max-snippet:-1","max-image-preview":"max-image-preview:large","max-video-preview":"max-video-preview:-1"},"canonical":"https:\/\/ubaldofernandes.com\/index.php\/actuation\/comissao-do-consumidor-discute-fechamento-de-hospital-e-plano-de-regionalizacao\/","og_locale":"pt_BR","og_type":"article","og_title":"Comiss\u00e3o do Consumidor discute fechamento de hospital e plano de regionaliza\u00e7\u00e3o - Ubaldo Fernandes","og_description":"A Comiss\u00e3o de Defesa do Consumidor, Meio Ambiente e Interior recebeu em reuni\u00e3o esta manh\u00e3 (3) o secret\u00e1rio adjunto de Sa\u00fade do Estado, m\u00e9dico Petr\u00f4nio Spinelli, para prestar esclarecimentos sobre o fechamento do &nbsp;hospital de Canguaretama e o programa de regionaliza\u00e7\u00e3o dos atendimentos na \u00e1rea de Sa\u00fade, contando com a participa\u00e7\u00e3o do coordenador do Sindsa\u00fae, [&hellip;]","og_url":"https:\/\/ubaldofernandes.com\/index.php\/actuation\/comissao-do-consumidor-discute-fechamento-de-hospital-e-plano-de-regionalizacao\/","og_site_name":"Ubaldo Fernandes","article_modified_time":"2020-08-06T21:52:52+00:00","og_image":[{"width":2560,"height":1708,"url":"https:\/\/ubaldofernandes.com\/wp-content\/uploads\/2020\/08\/Consumidor-4-scaled.jpg","type":"image\/jpeg"}],"twitter_card":"summary_large_image","twitter_misc":{"Est. tempo de leitura":"2 minutos"},"schema":{"@context":"https:\/\/schema.org","@graph":[{"@type":"WebPage","@id":"https:\/\/ubaldofernandes.com\/index.php\/actuation\/comissao-do-consumidor-discute-fechamento-de-hospital-e-plano-de-regionalizacao\/","url":"https:\/\/ubaldofernandes.com\/index.php\/actuation\/comissao-do-consumidor-discute-fechamento-de-hospital-e-plano-de-regionalizacao\/","name":"Comiss\u00e3o do Consumidor discute fechamento de hospital e plano de regionaliza\u00e7\u00e3o - Ubaldo Fernandes","isPartOf":{"@id":"https:\/\/ubaldofernandes.com\/#website"},"primaryImageOfPage":{"@id":"https:\/\/ubaldofernandes.com\/index.php\/actuation\/comissao-do-consumidor-discute-fechamento-de-hospital-e-plano-de-regionalizacao\/#primaryimage"},"image":{"@id":"https:\/\/ubaldofernandes.com\/index.php\/actuation\/comissao-do-consumidor-discute-fechamento-de-hospital-e-plano-de-regionalizacao\/#primaryimage"},"thumbnailUrl":"https:\/\/ubaldofernandes.com\/wp-content\/uploads\/2020\/08\/Consumidor-4-scaled.jpg","datePublished":"2019-09-03T12:00:00+00:00","dateModified":"2020-08-06T21:52:52+00:00","breadcrumb":{"@id":"https:\/\/ubaldofernandes.com\/index.php\/actuation\/comissao-do-consumidor-discute-fechamento-de-hospital-e-plano-de-regionalizacao\/#breadcrumb"},"inLanguage":"pt-BR","potentialAction":[{"@type":"ReadAction","target":["https:\/\/ubaldofernandes.com\/index.php\/actuation\/comissao-do-consumidor-discute-fechamento-de-hospital-e-plano-de-regionalizacao\/"]}]},{"@type":"ImageObject","inLanguage":"pt-BR","@id":"https:\/\/ubaldofernandes.com\/index.php\/actuation\/comissao-do-consumidor-discute-fechamento-de-hospital-e-plano-de-regionalizacao\/#primaryimage","url":"https:\/\/ubaldofernandes.com\/wp-content\/uploads\/2020\/08\/Consumidor-4-scaled.jpg","contentUrl":"https:\/\/ubaldofernandes.com\/wp-content\/uploads\/2020\/08\/Consumidor-4-scaled.jpg","width":2560,"height":1708},{"@type":"BreadcrumbList","@id":"https:\/\/ubaldofernandes.com\/index.php\/actuation\/comissao-do-consumidor-discute-fechamento-de-hospital-e-plano-de-regionalizacao\/#breadcrumb","itemListElement":[{"@type":"ListItem","position":1,"name":"In\u00edcio","item":"https:\/\/ubaldofernandes.com\/"},{"@type":"ListItem","position":2,"name":"Post Atua\u00e7\u00e3o Parlamentar","item":"https:\/\/ubaldofernandes.com\/index.php\/actuation\/"},{"@type":"ListItem","position":3,"name":"Comiss\u00e3o do Consumidor discute fechamento de hospital e plano de regionaliza\u00e7\u00e3o"}]},{"@type":"WebSite","@id":"https:\/\/ubaldofernandes.com\/#website","url":"https:\/\/ubaldofernandes.com\/","name":"Ubaldo Fernandes","description":"Deputado Estadual","potentialAction":[{"@type":"SearchAction","target":{"@type":"EntryPoint","urlTemplate":"https:\/\/ubaldofernandes.com\/?s={search_term_string}"},"query-input":{"@type":"PropertyValueSpecification","valueRequired":true,"valueName":"search_term_string"}}],"inLanguage":"pt-BR"}]}},"_links":{"self":[{"href":"https:\/\/ubaldofernandes.com\/index.php\/wp-json\/wp\/v2\/actuation\/981","targetHints":{"allow":["GET"]}}],"collection":[{"href":"https:\/\/ubaldofernandes.com\/index.php\/wp-json\/wp\/v2\/actuation"}],"about":[{"href":"https:\/\/ubaldofernandes.com\/index.php\/wp-json\/wp\/v2\/types\/actuation"}],"wp:featuredmedia":[{"embeddable":true,"href":"https:\/\/ubaldofernandes.com\/index.php\/wp-json\/wp\/v2\/media\/982"}],"wp:attachment":[{"href":"https:\/\/ubaldofernandes.com\/index.php\/wp-json\/wp\/v2\/media?parent=981"}],"wp:term":[{"taxonomy":"category","embeddable":true,"href":"https:\/\/ubaldofernandes.com\/index.php\/wp-json\/wp\/v2\/categories?post=981"}],"curies":[{"name":"wp","href":"https:\/\/api.w.org\/{rel}","templated":true}]}}