{"id":1086,"date":"2020-08-18T11:05:46","date_gmt":"2020-08-18T14:05:46","guid":{"rendered":"https:\/\/ubaldofernandes.com\/?post_type=news&#038;p=1086"},"modified":"2020-08-19T13:01:02","modified_gmt":"2020-08-19T16:01:02","slug":"ubaldo-fernandes-quer-prioridade-na-renovacao-de-outorgas-de-radiodifusoras-do-rn","status":"publish","type":"news","link":"https:\/\/ubaldofernandes.com\/index.php\/news\/ubaldo-fernandes-quer-prioridade-na-renovacao-de-outorgas-de-radiodifusoras-do-rn\/","title":{"rendered":"Ubaldo Fernandes quer prioridade na renova\u00e7\u00e3o de outorgas de radiodifusoras do RN"},"content":{"rendered":"\n<p>Tendo em vista o consider\u00e1vel n\u00famero de radiodifusoras no Rio Grande do Norte cujo prazo de outorga j\u00e1 se expirou, o deputado estadual Ubaldo Fernandes (PL) solicitou ao Minist\u00e9rio das Comunica\u00e7\u00f5es prioridade na tramita\u00e7\u00e3o dos processos de renova\u00e7\u00e3o dessas outorgas do Estado.<\/p>\n\n\n\n<p>De acordo com o parlamentar, tem-se por necess\u00e1ria a maior celeridade na tramita\u00e7\u00e3o dos processos em que se requer a renova\u00e7\u00e3o da outorga para prosseguimento regular das atividades. \u201c\u00c9 preciso registrar que a aus\u00eancia da outorga implica em grave preju\u00edzo \u00e0s radiodifusoras, sobretudo pela inseguran\u00e7a jur\u00eddica da atividade desempenhada\u201d, explicou.<\/p>\n\n\n\n<p>O deputado lembra que esse \u00e9 um meio de comunica\u00e7\u00e3o ao qual a maioria da popula\u00e7\u00e3o tem acesso como ouvinte. O receptor de r\u00e1dio, por se tratar de um instrumento de baixo custo, pequeno porte e programa\u00e7\u00f5es diversificadas, exerce uma maior incid\u00eancia na vida di\u00e1ria das pessoas, tanto em zonas urbanas quanto rurais.<\/p>\n\n\n\n<p>Mat\u00e9ria Publicada no <a href=\"https:\/\/senadinhomacaiba.com.br\/ubaldo-fernandes-quer-prioridade-na-renovacao-de-outorgas-de-radiodifusoras-do-rn\/\">Blog Senadinho Maca\u00edba.<\/a><\/p>\n","protected":false},"featured_media":225,"parent":0,"template":"","class_list":["post-1086","news","type-news","status-publish","has-post-thumbnail","hentry"],"acf":[],"yoast_head":"<!-- This site is optimized with the Yoast SEO plugin v24.6 - https:\/\/yoast.com\/wordpress\/plugins\/seo\/ -->\n<title>Ubaldo Fernandes quer prioridade na renova\u00e7\u00e3o de outorgas de radiodifusoras do RN - Ubaldo Fernandes<\/title>\n<meta name=\"robots\" content=\"index, follow, max-snippet:-1, max-image-preview:large, max-video-preview:-1\" \/>\n<link rel=\"canonical\" href=\"https:\/\/ubaldofernandes.com\/index.php\/news\/ubaldo-fernandes-quer-prioridade-na-renovacao-de-outorgas-de-radiodifusoras-do-rn\/\" \/>\n<meta property=\"og:locale\" content=\"pt_BR\" \/>\n<meta property=\"og:type\" content=\"article\" \/>\n<meta property=\"og:title\" content=\"Ubaldo Fernandes quer prioridade na renova\u00e7\u00e3o de outorgas de radiodifusoras do RN - Ubaldo Fernandes\" \/>\n<meta property=\"og:description\" content=\"Tendo em vista o consider\u00e1vel n\u00famero de radiodifusoras no Rio Grande do Norte cujo prazo de outorga j\u00e1 se expirou, o deputado estadual Ubaldo Fernandes (PL) solicitou ao Minist\u00e9rio das Comunica\u00e7\u00f5es prioridade na tramita\u00e7\u00e3o dos processos de renova\u00e7\u00e3o dessas outorgas do Estado. De acordo com o parlamentar, tem-se por necess\u00e1ria a maior celeridade na tramita\u00e7\u00e3o [&hellip;]\" \/>\n<meta property=\"og:url\" content=\"https:\/\/ubaldofernandes.com\/index.php\/news\/ubaldo-fernandes-quer-prioridade-na-renovacao-de-outorgas-de-radiodifusoras-do-rn\/\" \/>\n<meta property=\"og:site_name\" content=\"Ubaldo Fernandes\" \/>\n<meta property=\"article:modified_time\" content=\"2020-08-19T16:01:02+00:00\" \/>\n<meta property=\"og:image\" content=\"https:\/\/ubaldofernandes.com\/wp-content\/uploads\/2020\/07\/ubaldo-fernandes.jpeg\" \/>\n\t<meta property=\"og:image:width\" content=\"1280\" \/>\n\t<meta property=\"og:image:height\" content=\"834\" \/>\n\t<meta property=\"og:image:type\" content=\"image\/jpeg\" \/>\n<meta name=\"twitter:card\" content=\"summary_large_image\" \/>\n<meta name=\"twitter:label1\" content=\"Est. tempo de leitura\" \/>\n\t<meta name=\"twitter:data1\" content=\"1 minuto\" \/>\n<script type=\"application\/ld+json\" class=\"yoast-schema-graph\">{\"@context\":\"https:\/\/schema.org\",\"@graph\":[{\"@type\":\"WebPage\",\"@id\":\"https:\/\/ubaldofernandes.com\/index.php\/news\/ubaldo-fernandes-quer-prioridade-na-renovacao-de-outorgas-de-radiodifusoras-do-rn\/\",\"url\":\"https:\/\/ubaldofernandes.com\/index.php\/news\/ubaldo-fernandes-quer-prioridade-na-renovacao-de-outorgas-de-radiodifusoras-do-rn\/\",\"name\":\"Ubaldo Fernandes quer prioridade na renova\u00e7\u00e3o de outorgas de radiodifusoras do RN - Ubaldo Fernandes\",\"isPartOf\":{\"@id\":\"https:\/\/ubaldofernandes.com\/#website\"},\"primaryImageOfPage\":{\"@id\":\"https:\/\/ubaldofernandes.com\/index.php\/news\/ubaldo-fernandes-quer-prioridade-na-renovacao-de-outorgas-de-radiodifusoras-do-rn\/#primaryimage\"},\"image\":{\"@id\":\"https:\/\/ubaldofernandes.com\/index.php\/news\/ubaldo-fernandes-quer-prioridade-na-renovacao-de-outorgas-de-radiodifusoras-do-rn\/#primaryimage\"},\"thumbnailUrl\":\"https:\/\/ubaldofernandes.com\/wp-content\/uploads\/2020\/07\/ubaldo-fernandes.jpeg\",\"datePublished\":\"2020-08-18T14:05:46+00:00\",\"dateModified\":\"2020-08-19T16:01:02+00:00\",\"breadcrumb\":{\"@id\":\"https:\/\/ubaldofernandes.com\/index.php\/news\/ubaldo-fernandes-quer-prioridade-na-renovacao-de-outorgas-de-radiodifusoras-do-rn\/#breadcrumb\"},\"inLanguage\":\"pt-BR\",\"potentialAction\":[{\"@type\":\"ReadAction\",\"target\":[\"https:\/\/ubaldofernandes.com\/index.php\/news\/ubaldo-fernandes-quer-prioridade-na-renovacao-de-outorgas-de-radiodifusoras-do-rn\/\"]}]},{\"@type\":\"ImageObject\",\"inLanguage\":\"pt-BR\",\"@id\":\"https:\/\/ubaldofernandes.com\/index.php\/news\/ubaldo-fernandes-quer-prioridade-na-renovacao-de-outorgas-de-radiodifusoras-do-rn\/#primaryimage\",\"url\":\"https:\/\/ubaldofernandes.com\/wp-content\/uploads\/2020\/07\/ubaldo-fernandes.jpeg\",\"contentUrl\":\"https:\/\/ubaldofernandes.com\/wp-content\/uploads\/2020\/07\/ubaldo-fernandes.jpeg\",\"width\":1280,\"height\":834},{\"@type\":\"BreadcrumbList\",\"@id\":\"https:\/\/ubaldofernandes.com\/index.php\/news\/ubaldo-fernandes-quer-prioridade-na-renovacao-de-outorgas-de-radiodifusoras-do-rn\/#breadcrumb\",\"itemListElement\":[{\"@type\":\"ListItem\",\"position\":1,\"name\":\"In\u00edcio\",\"item\":\"https:\/\/ubaldofernandes.com\/\"},{\"@type\":\"ListItem\",\"position\":2,\"name\":\"Not\u00edcias\",\"item\":\"https:\/\/ubaldofernandes.com\/index.php\/news\/\"},{\"@type\":\"ListItem\",\"position\":3,\"name\":\"Ubaldo Fernandes quer prioridade na renova\u00e7\u00e3o de outorgas de radiodifusoras do RN\"}]},{\"@type\":\"WebSite\",\"@id\":\"https:\/\/ubaldofernandes.com\/#website\",\"url\":\"https:\/\/ubaldofernandes.com\/\",\"name\":\"Ubaldo Fernandes\",\"description\":\"Deputado Estadual\",\"potentialAction\":[{\"@type\":\"SearchAction\",\"target\":{\"@type\":\"EntryPoint\",\"urlTemplate\":\"https:\/\/ubaldofernandes.com\/?s={search_term_string}\"},\"query-input\":{\"@type\":\"PropertyValueSpecification\",\"valueRequired\":true,\"valueName\":\"search_term_string\"}}],\"inLanguage\":\"pt-BR\"}]}<\/script>\n<!-- \/ Yoast SEO plugin. -->","yoast_head_json":{"title":"Ubaldo Fernandes quer prioridade na renova\u00e7\u00e3o de outorgas de radiodifusoras do RN - Ubaldo Fernandes","robots":{"index":"index","follow":"follow","max-snippet":"max-snippet:-1","max-image-preview":"max-image-preview:large","max-video-preview":"max-video-preview:-1"},"canonical":"https:\/\/ubaldofernandes.com\/index.php\/news\/ubaldo-fernandes-quer-prioridade-na-renovacao-de-outorgas-de-radiodifusoras-do-rn\/","og_locale":"pt_BR","og_type":"article","og_title":"Ubaldo Fernandes quer prioridade na renova\u00e7\u00e3o de outorgas de radiodifusoras do RN - Ubaldo Fernandes","og_description":"Tendo em vista o consider\u00e1vel n\u00famero de radiodifusoras no Rio Grande do Norte cujo prazo de outorga j\u00e1 se expirou, o deputado estadual Ubaldo Fernandes (PL) solicitou ao Minist\u00e9rio das Comunica\u00e7\u00f5es prioridade na tramita\u00e7\u00e3o dos processos de renova\u00e7\u00e3o dessas outorgas do Estado. De acordo com o parlamentar, tem-se por necess\u00e1ria a maior celeridade na tramita\u00e7\u00e3o [&hellip;]","og_url":"https:\/\/ubaldofernandes.com\/index.php\/news\/ubaldo-fernandes-quer-prioridade-na-renovacao-de-outorgas-de-radiodifusoras-do-rn\/","og_site_name":"Ubaldo Fernandes","article_modified_time":"2020-08-19T16:01:02+00:00","og_image":[{"width":1280,"height":834,"url":"https:\/\/ubaldofernandes.com\/wp-content\/uploads\/2020\/07\/ubaldo-fernandes.jpeg","type":"image\/jpeg"}],"twitter_card":"summary_large_image","twitter_misc":{"Est. tempo de leitura":"1 minuto"},"schema":{"@context":"https:\/\/schema.org","@graph":[{"@type":"WebPage","@id":"https:\/\/ubaldofernandes.com\/index.php\/news\/ubaldo-fernandes-quer-prioridade-na-renovacao-de-outorgas-de-radiodifusoras-do-rn\/","url":"https:\/\/ubaldofernandes.com\/index.php\/news\/ubaldo-fernandes-quer-prioridade-na-renovacao-de-outorgas-de-radiodifusoras-do-rn\/","name":"Ubaldo Fernandes quer prioridade na renova\u00e7\u00e3o de outorgas de radiodifusoras do RN - Ubaldo Fernandes","isPartOf":{"@id":"https:\/\/ubaldofernandes.com\/#website"},"primaryImageOfPage":{"@id":"https:\/\/ubaldofernandes.com\/index.php\/news\/ubaldo-fernandes-quer-prioridade-na-renovacao-de-outorgas-de-radiodifusoras-do-rn\/#primaryimage"},"image":{"@id":"https:\/\/ubaldofernandes.com\/index.php\/news\/ubaldo-fernandes-quer-prioridade-na-renovacao-de-outorgas-de-radiodifusoras-do-rn\/#primaryimage"},"thumbnailUrl":"https:\/\/ubaldofernandes.com\/wp-content\/uploads\/2020\/07\/ubaldo-fernandes.jpeg","datePublished":"2020-08-18T14:05:46+00:00","dateModified":"2020-08-19T16:01:02+00:00","breadcrumb":{"@id":"https:\/\/ubaldofernandes.com\/index.php\/news\/ubaldo-fernandes-quer-prioridade-na-renovacao-de-outorgas-de-radiodifusoras-do-rn\/#breadcrumb"},"inLanguage":"pt-BR","potentialAction":[{"@type":"ReadAction","target":["https:\/\/ubaldofernandes.com\/index.php\/news\/ubaldo-fernandes-quer-prioridade-na-renovacao-de-outorgas-de-radiodifusoras-do-rn\/"]}]},{"@type":"ImageObject","inLanguage":"pt-BR","@id":"https:\/\/ubaldofernandes.com\/index.php\/news\/ubaldo-fernandes-quer-prioridade-na-renovacao-de-outorgas-de-radiodifusoras-do-rn\/#primaryimage","url":"https:\/\/ubaldofernandes.com\/wp-content\/uploads\/2020\/07\/ubaldo-fernandes.jpeg","contentUrl":"https:\/\/ubaldofernandes.com\/wp-content\/uploads\/2020\/07\/ubaldo-fernandes.jpeg","width":1280,"height":834},{"@type":"BreadcrumbList","@id":"https:\/\/ubaldofernandes.com\/index.php\/news\/ubaldo-fernandes-quer-prioridade-na-renovacao-de-outorgas-de-radiodifusoras-do-rn\/#breadcrumb","itemListElement":[{"@type":"ListItem","position":1,"name":"In\u00edcio","item":"https:\/\/ubaldofernandes.com\/"},{"@type":"ListItem","position":2,"name":"Not\u00edcias","item":"https:\/\/ubaldofernandes.com\/index.php\/news\/"},{"@type":"ListItem","position":3,"name":"Ubaldo Fernandes quer prioridade na renova\u00e7\u00e3o de outorgas de radiodifusoras do RN"}]},{"@type":"WebSite","@id":"https:\/\/ubaldofernandes.com\/#website","url":"https:\/\/ubaldofernandes.com\/","name":"Ubaldo Fernandes","description":"Deputado Estadual","potentialAction":[{"@type":"SearchAction","target":{"@type":"EntryPoint","urlTemplate":"https:\/\/ubaldofernandes.com\/?s={search_term_string}"},"query-input":{"@type":"PropertyValueSpecification","valueRequired":true,"valueName":"search_term_string"}}],"inLanguage":"pt-BR"}]}},"_links":{"self":[{"href":"https:\/\/ubaldofernandes.com\/index.php\/wp-json\/wp\/v2\/news\/1086","targetHints":{"allow":["GET"]}}],"collection":[{"href":"https:\/\/ubaldofernandes.com\/index.php\/wp-json\/wp\/v2\/news"}],"about":[{"href":"https:\/\/ubaldofernandes.com\/index.php\/wp-json\/wp\/v2\/types\/news"}],"wp:featuredmedia":[{"embeddable":true,"href":"https:\/\/ubaldofernandes.com\/index.php\/wp-json\/wp\/v2\/media\/225"}],"wp:attachment":[{"href":"https:\/\/ubaldofernandes.com\/index.php\/wp-json\/wp\/v2\/media?parent=1086"}],"curies":[{"name":"wp","href":"https:\/\/api.w.org\/{rel}","templated":true}]}}