{"id":1113,"date":"2020-08-19T23:32:56","date_gmt":"2020-08-20T02:32:56","guid":{"rendered":"https:\/\/ubaldofernandes.com\/?post_type=news&#038;p=1113"},"modified":"2020-08-20T12:36:43","modified_gmt":"2020-08-20T15:36:43","slug":"lei-de-fomento-a-radiodifusao-comunitaria-e-sancionada-no-rn","status":"publish","type":"news","link":"https:\/\/ubaldofernandes.com\/index.php\/news\/lei-de-fomento-a-radiodifusao-comunitaria-e-sancionada-no-rn\/","title":{"rendered":"Lei de fomento \u00e0 Radiodifus\u00e3o Comunit\u00e1ria \u00e9 sancionada no RN"},"content":{"rendered":"\n<p>A governadora F\u00e1tima Bezerra sancionou a Lei 10.762, de 18 de agosto de 2020, que institui o Programa de Fomento ao Servi\u00e7o de Radiodifus\u00e3o Comunit\u00e1ria do Estado do Rio Grande do Norte. A Lei \u00e9 de autoria do deputado estadual Ubaldo Fernandes.<\/p>\n\n\n\n<p>O programa tem o objetivo de fortalecer a comunica\u00e7\u00e3o comunit\u00e1ria no Estado do Rio Grande do Norte, atrav\u00e9s do sistema de Radiodifus\u00e3o Comunit\u00e1ria, apoiar a manuten\u00e7\u00e3o e o desenvolvimento de projetos continuados realizados pelo segmento, fortalecer o servi\u00e7o no estado ao mesmo tempo em que favorece a produ\u00e7\u00e3o local.<\/p>\n\n\n\n<p>A nova Lei ainda visa a difus\u00e3o do jornalismo, da cultura local e das atividades esportivas, promover os direitos humanos, a liberdade de express\u00e3o, informa\u00e7\u00e3o e comunica\u00e7\u00e3o, a interatividade das comunidades, bem como a pluralidade de opini\u00f5es e a diversidade cultural.<\/p>\n\n\n\n<p>O Programa de Fomento ao Servi\u00e7o de Radiodifus\u00e3o Comunit\u00e1ria do RN contempla tamb\u00e9m a promo\u00e7\u00e3o da informa\u00e7\u00e3o local e da cultura regional assegurando a liberdade de express\u00e3o e ao direito \u00e0 informa\u00e7\u00e3o.<\/p>\n\n\n\n<p>Na realiza\u00e7\u00e3o do Programa ser\u00e3o selecionados projetos executados por associa\u00e7\u00f5es culturais de radiodifus\u00e3o comunit\u00e1ria outorgadas nos termos da Lei 9.612\/98, sediadas no Estado do Rio Grande do Norte, respeitado o valor total de recursos estabelecidos no or\u00e7amento.<\/p>\n\n\n\n<p>Para participar do programa a associa\u00e7\u00e3o deve possuir autoriza\u00e7\u00e3o para executar o Servi\u00e7o de Radiodifus\u00e3o Comunit\u00e1ria, car\u00e1ter representativo do setor, estar sediada no Estado do Rio Grande do Norte e comprovar experi\u00eancia no fomento da radiodifus\u00e3o h\u00e1 mais de 5 anos.<\/p>\n\n\n\n<p>O Poder Executivo determinar\u00e1 o \u00f3rg\u00e3o respons\u00e1vel pela execu\u00e7\u00e3o do programa na regulamenta\u00e7\u00e3o da Lei.<\/p>\n\n\n\n<p>Mat\u00e9ria publicada no <a href=\"https:\/\/agorarn.com.br\/geral\/lei-de-fomento-a-radiodifusao-comunitaria-e-sancionada-no-rn\/\">site Agora RN<\/a>. <\/p>\n","protected":false},"featured_media":1114,"parent":0,"template":"","class_list":["post-1113","news","type-news","status-publish","has-post-thumbnail","hentry"],"acf":[],"yoast_head":"<!-- This site is optimized with the Yoast SEO plugin v24.6 - https:\/\/yoast.com\/wordpress\/plugins\/seo\/ -->\n<title>Lei de fomento \u00e0 Radiodifus\u00e3o Comunit\u00e1ria \u00e9 sancionada no RN - Ubaldo Fernandes<\/title>\n<meta name=\"robots\" content=\"index, follow, max-snippet:-1, max-image-preview:large, max-video-preview:-1\" \/>\n<link rel=\"canonical\" href=\"https:\/\/ubaldofernandes.com\/index.php\/news\/lei-de-fomento-a-radiodifusao-comunitaria-e-sancionada-no-rn\/\" \/>\n<meta property=\"og:locale\" content=\"pt_BR\" \/>\n<meta property=\"og:type\" content=\"article\" \/>\n<meta property=\"og:title\" content=\"Lei de fomento \u00e0 Radiodifus\u00e3o Comunit\u00e1ria \u00e9 sancionada no RN - Ubaldo Fernandes\" \/>\n<meta property=\"og:description\" content=\"A governadora F\u00e1tima Bezerra sancionou a Lei 10.762, de 18 de agosto de 2020, que institui o Programa de Fomento ao Servi\u00e7o de Radiodifus\u00e3o Comunit\u00e1ria do Estado do Rio Grande do Norte. A Lei \u00e9 de autoria do deputado estadual Ubaldo Fernandes. O programa tem o objetivo de fortalecer a comunica\u00e7\u00e3o comunit\u00e1ria no Estado do [&hellip;]\" \/>\n<meta property=\"og:url\" content=\"https:\/\/ubaldofernandes.com\/index.php\/news\/lei-de-fomento-a-radiodifusao-comunitaria-e-sancionada-no-rn\/\" \/>\n<meta property=\"og:site_name\" content=\"Ubaldo Fernandes\" \/>\n<meta property=\"article:modified_time\" content=\"2020-08-20T15:36:43+00:00\" \/>\n<meta property=\"og:image\" content=\"https:\/\/ubaldofernandes.com\/wp-content\/uploads\/2020\/08\/agorarn.jpg\" \/>\n\t<meta property=\"og:image:width\" content=\"600\" \/>\n\t<meta property=\"og:image:height\" content=\"394\" \/>\n\t<meta property=\"og:image:type\" content=\"image\/jpeg\" \/>\n<meta name=\"twitter:card\" content=\"summary_large_image\" \/>\n<meta name=\"twitter:label1\" content=\"Est. tempo de leitura\" \/>\n\t<meta name=\"twitter:data1\" content=\"2 minutos\" \/>\n<script type=\"application\/ld+json\" class=\"yoast-schema-graph\">{\"@context\":\"https:\/\/schema.org\",\"@graph\":[{\"@type\":\"WebPage\",\"@id\":\"https:\/\/ubaldofernandes.com\/index.php\/news\/lei-de-fomento-a-radiodifusao-comunitaria-e-sancionada-no-rn\/\",\"url\":\"https:\/\/ubaldofernandes.com\/index.php\/news\/lei-de-fomento-a-radiodifusao-comunitaria-e-sancionada-no-rn\/\",\"name\":\"Lei de fomento \u00e0 Radiodifus\u00e3o Comunit\u00e1ria \u00e9 sancionada no RN - Ubaldo Fernandes\",\"isPartOf\":{\"@id\":\"https:\/\/ubaldofernandes.com\/#website\"},\"primaryImageOfPage\":{\"@id\":\"https:\/\/ubaldofernandes.com\/index.php\/news\/lei-de-fomento-a-radiodifusao-comunitaria-e-sancionada-no-rn\/#primaryimage\"},\"image\":{\"@id\":\"https:\/\/ubaldofernandes.com\/index.php\/news\/lei-de-fomento-a-radiodifusao-comunitaria-e-sancionada-no-rn\/#primaryimage\"},\"thumbnailUrl\":\"https:\/\/ubaldofernandes.com\/wp-content\/uploads\/2020\/08\/agorarn.jpg\",\"datePublished\":\"2020-08-20T02:32:56+00:00\",\"dateModified\":\"2020-08-20T15:36:43+00:00\",\"breadcrumb\":{\"@id\":\"https:\/\/ubaldofernandes.com\/index.php\/news\/lei-de-fomento-a-radiodifusao-comunitaria-e-sancionada-no-rn\/#breadcrumb\"},\"inLanguage\":\"pt-BR\",\"potentialAction\":[{\"@type\":\"ReadAction\",\"target\":[\"https:\/\/ubaldofernandes.com\/index.php\/news\/lei-de-fomento-a-radiodifusao-comunitaria-e-sancionada-no-rn\/\"]}]},{\"@type\":\"ImageObject\",\"inLanguage\":\"pt-BR\",\"@id\":\"https:\/\/ubaldofernandes.com\/index.php\/news\/lei-de-fomento-a-radiodifusao-comunitaria-e-sancionada-no-rn\/#primaryimage\",\"url\":\"https:\/\/ubaldofernandes.com\/wp-content\/uploads\/2020\/08\/agorarn.jpg\",\"contentUrl\":\"https:\/\/ubaldofernandes.com\/wp-content\/uploads\/2020\/08\/agorarn.jpg\",\"width\":600,\"height\":394},{\"@type\":\"BreadcrumbList\",\"@id\":\"https:\/\/ubaldofernandes.com\/index.php\/news\/lei-de-fomento-a-radiodifusao-comunitaria-e-sancionada-no-rn\/#breadcrumb\",\"itemListElement\":[{\"@type\":\"ListItem\",\"position\":1,\"name\":\"In\u00edcio\",\"item\":\"https:\/\/ubaldofernandes.com\/\"},{\"@type\":\"ListItem\",\"position\":2,\"name\":\"Not\u00edcias\",\"item\":\"https:\/\/ubaldofernandes.com\/index.php\/news\/\"},{\"@type\":\"ListItem\",\"position\":3,\"name\":\"Lei de fomento \u00e0 Radiodifus\u00e3o Comunit\u00e1ria \u00e9 sancionada no RN\"}]},{\"@type\":\"WebSite\",\"@id\":\"https:\/\/ubaldofernandes.com\/#website\",\"url\":\"https:\/\/ubaldofernandes.com\/\",\"name\":\"Ubaldo Fernandes\",\"description\":\"Deputado Estadual\",\"potentialAction\":[{\"@type\":\"SearchAction\",\"target\":{\"@type\":\"EntryPoint\",\"urlTemplate\":\"https:\/\/ubaldofernandes.com\/?s={search_term_string}\"},\"query-input\":{\"@type\":\"PropertyValueSpecification\",\"valueRequired\":true,\"valueName\":\"search_term_string\"}}],\"inLanguage\":\"pt-BR\"}]}<\/script>\n<!-- \/ Yoast SEO plugin. -->","yoast_head_json":{"title":"Lei de fomento \u00e0 Radiodifus\u00e3o Comunit\u00e1ria \u00e9 sancionada no RN - Ubaldo Fernandes","robots":{"index":"index","follow":"follow","max-snippet":"max-snippet:-1","max-image-preview":"max-image-preview:large","max-video-preview":"max-video-preview:-1"},"canonical":"https:\/\/ubaldofernandes.com\/index.php\/news\/lei-de-fomento-a-radiodifusao-comunitaria-e-sancionada-no-rn\/","og_locale":"pt_BR","og_type":"article","og_title":"Lei de fomento \u00e0 Radiodifus\u00e3o Comunit\u00e1ria \u00e9 sancionada no RN - Ubaldo Fernandes","og_description":"A governadora F\u00e1tima Bezerra sancionou a Lei 10.762, de 18 de agosto de 2020, que institui o Programa de Fomento ao Servi\u00e7o de Radiodifus\u00e3o Comunit\u00e1ria do Estado do Rio Grande do Norte. A Lei \u00e9 de autoria do deputado estadual Ubaldo Fernandes. O programa tem o objetivo de fortalecer a comunica\u00e7\u00e3o comunit\u00e1ria no Estado do [&hellip;]","og_url":"https:\/\/ubaldofernandes.com\/index.php\/news\/lei-de-fomento-a-radiodifusao-comunitaria-e-sancionada-no-rn\/","og_site_name":"Ubaldo Fernandes","article_modified_time":"2020-08-20T15:36:43+00:00","og_image":[{"width":600,"height":394,"url":"https:\/\/ubaldofernandes.com\/wp-content\/uploads\/2020\/08\/agorarn.jpg","type":"image\/jpeg"}],"twitter_card":"summary_large_image","twitter_misc":{"Est. tempo de leitura":"2 minutos"},"schema":{"@context":"https:\/\/schema.org","@graph":[{"@type":"WebPage","@id":"https:\/\/ubaldofernandes.com\/index.php\/news\/lei-de-fomento-a-radiodifusao-comunitaria-e-sancionada-no-rn\/","url":"https:\/\/ubaldofernandes.com\/index.php\/news\/lei-de-fomento-a-radiodifusao-comunitaria-e-sancionada-no-rn\/","name":"Lei de fomento \u00e0 Radiodifus\u00e3o Comunit\u00e1ria \u00e9 sancionada no RN - Ubaldo Fernandes","isPartOf":{"@id":"https:\/\/ubaldofernandes.com\/#website"},"primaryImageOfPage":{"@id":"https:\/\/ubaldofernandes.com\/index.php\/news\/lei-de-fomento-a-radiodifusao-comunitaria-e-sancionada-no-rn\/#primaryimage"},"image":{"@id":"https:\/\/ubaldofernandes.com\/index.php\/news\/lei-de-fomento-a-radiodifusao-comunitaria-e-sancionada-no-rn\/#primaryimage"},"thumbnailUrl":"https:\/\/ubaldofernandes.com\/wp-content\/uploads\/2020\/08\/agorarn.jpg","datePublished":"2020-08-20T02:32:56+00:00","dateModified":"2020-08-20T15:36:43+00:00","breadcrumb":{"@id":"https:\/\/ubaldofernandes.com\/index.php\/news\/lei-de-fomento-a-radiodifusao-comunitaria-e-sancionada-no-rn\/#breadcrumb"},"inLanguage":"pt-BR","potentialAction":[{"@type":"ReadAction","target":["https:\/\/ubaldofernandes.com\/index.php\/news\/lei-de-fomento-a-radiodifusao-comunitaria-e-sancionada-no-rn\/"]}]},{"@type":"ImageObject","inLanguage":"pt-BR","@id":"https:\/\/ubaldofernandes.com\/index.php\/news\/lei-de-fomento-a-radiodifusao-comunitaria-e-sancionada-no-rn\/#primaryimage","url":"https:\/\/ubaldofernandes.com\/wp-content\/uploads\/2020\/08\/agorarn.jpg","contentUrl":"https:\/\/ubaldofernandes.com\/wp-content\/uploads\/2020\/08\/agorarn.jpg","width":600,"height":394},{"@type":"BreadcrumbList","@id":"https:\/\/ubaldofernandes.com\/index.php\/news\/lei-de-fomento-a-radiodifusao-comunitaria-e-sancionada-no-rn\/#breadcrumb","itemListElement":[{"@type":"ListItem","position":1,"name":"In\u00edcio","item":"https:\/\/ubaldofernandes.com\/"},{"@type":"ListItem","position":2,"name":"Not\u00edcias","item":"https:\/\/ubaldofernandes.com\/index.php\/news\/"},{"@type":"ListItem","position":3,"name":"Lei de fomento \u00e0 Radiodifus\u00e3o Comunit\u00e1ria \u00e9 sancionada no RN"}]},{"@type":"WebSite","@id":"https:\/\/ubaldofernandes.com\/#website","url":"https:\/\/ubaldofernandes.com\/","name":"Ubaldo Fernandes","description":"Deputado Estadual","potentialAction":[{"@type":"SearchAction","target":{"@type":"EntryPoint","urlTemplate":"https:\/\/ubaldofernandes.com\/?s={search_term_string}"},"query-input":{"@type":"PropertyValueSpecification","valueRequired":true,"valueName":"search_term_string"}}],"inLanguage":"pt-BR"}]}},"_links":{"self":[{"href":"https:\/\/ubaldofernandes.com\/index.php\/wp-json\/wp\/v2\/news\/1113","targetHints":{"allow":["GET"]}}],"collection":[{"href":"https:\/\/ubaldofernandes.com\/index.php\/wp-json\/wp\/v2\/news"}],"about":[{"href":"https:\/\/ubaldofernandes.com\/index.php\/wp-json\/wp\/v2\/types\/news"}],"wp:featuredmedia":[{"embeddable":true,"href":"https:\/\/ubaldofernandes.com\/index.php\/wp-json\/wp\/v2\/media\/1114"}],"wp:attachment":[{"href":"https:\/\/ubaldofernandes.com\/index.php\/wp-json\/wp\/v2\/media?parent=1113"}],"curies":[{"name":"wp","href":"https:\/\/api.w.org\/{rel}","templated":true}]}}