{"id":1152,"date":"2020-08-27T08:45:29","date_gmt":"2020-08-27T11:45:29","guid":{"rendered":"https:\/\/ubaldofernandes.com\/?post_type=news&#038;p=1152"},"modified":"2020-08-28T08:50:31","modified_gmt":"2020-08-28T11:50:31","slug":"deputado-ubaldo-fernandes-emite-mocao-de-repudio-contra-a-venda-das-concessoes-da-petrobras-no-rn","status":"publish","type":"news","link":"https:\/\/ubaldofernandes.com\/index.php\/news\/deputado-ubaldo-fernandes-emite-mocao-de-repudio-contra-a-venda-das-concessoes-da-petrobras-no-rn\/","title":{"rendered":"Deputado Ubaldo Fernandes emite Mo\u00e7\u00e3o de Rep\u00fadio contra a venda das concess\u00f5es da Petrobras no RN"},"content":{"rendered":"\n<p>O deputado estadual Ubaldo Fernandes (PL) emitiu mo\u00e7\u00e3o de rep\u00fadio ao presidente da Rep\u00fablica, Jair Bolsonaro, \u00e0 bancada federal do Rio Grande do Norte, e \u00e0 Petrobras, na pessoa do presidente Roberto Castello Branco, em decorr\u00eancia do an\u00fancio feito pela empresa sobre a abertura para venda das 26 (vinte e seis) concess\u00f5es de produ\u00e7\u00e3o no Estado.<\/p>\n\n\n\n<p>\u201cAs atividades aqui desempenhadas pela estatal s\u00e3o de suma import\u00e2ncia para economia estadual, gerando R$ 425 milh\u00f5es de royalties em 2019 para o Estado e Munic\u00edpios. Al\u00e9m disso, somente em sal\u00e1rios, a Petrobras \u00e9 respons\u00e1vel pelo montante de R$ 531 milh\u00f5es por ano, o que representa um ter\u00e7o do volume salarial da ind\u00fastria potiguar. Al\u00e9m da irrepar\u00e1vel perda financeira, a aus\u00eancia de di\u00e1logo pr\u00e9vio com os representantes do Rio Grande do Norte se apresenta como conduta inaceit\u00e1vel, que desrespeita todo o povo potiguar\u201d, ressaltou o parlamemtar.<\/p>\n\n\n\n<p>Nesta quinta-feira (27), a governadora F\u00e1tima Bezerra dever\u00e1 se reunir por videoconfer\u00eancia, com o presidente da Petrobras e solicitou a presen\u00e7a de um representante da bancada federal. Ela adiantou que convocar\u00e1 todos os parlamentares para uma reuni\u00e3o presencial em Natal, na pr\u00f3xima semana, para assistirem a uma explana\u00e7\u00e3o sobre os reflexos econ\u00f4micos da sa\u00edda da Petrobras sobre a arrecada\u00e7\u00e3o de impostos, gera\u00e7\u00e3o de emprego e renda no Rio Grande do Norte.<\/p>\n\n\n\n<p>Mat\u00e9ria publicada no <a href=\"https:\/\/www.jairsampaio.com\/deputado-ubaldo-fernandes-emite-mocao-de-repudio-contra-a-venda-das-concessoes-da-petrobras-no-rn\/\">Blog Jair Sampaio<\/a>. <\/p>\n","protected":false},"featured_media":1094,"parent":0,"template":"","class_list":["post-1152","news","type-news","status-publish","has-post-thumbnail","hentry"],"acf":[],"yoast_head":"<!-- This site is optimized with the Yoast SEO plugin v24.6 - https:\/\/yoast.com\/wordpress\/plugins\/seo\/ -->\n<title>Deputado Ubaldo Fernandes emite Mo\u00e7\u00e3o de Rep\u00fadio contra a venda das concess\u00f5es da Petrobras no RN - Ubaldo Fernandes<\/title>\n<meta name=\"robots\" content=\"index, follow, max-snippet:-1, max-image-preview:large, max-video-preview:-1\" \/>\n<link rel=\"canonical\" href=\"https:\/\/ubaldofernandes.com\/index.php\/news\/deputado-ubaldo-fernandes-emite-mocao-de-repudio-contra-a-venda-das-concessoes-da-petrobras-no-rn\/\" \/>\n<meta property=\"og:locale\" content=\"pt_BR\" \/>\n<meta property=\"og:type\" content=\"article\" \/>\n<meta property=\"og:title\" content=\"Deputado Ubaldo Fernandes emite Mo\u00e7\u00e3o de Rep\u00fadio contra a venda das concess\u00f5es da Petrobras no RN - Ubaldo Fernandes\" \/>\n<meta property=\"og:description\" content=\"O deputado estadual Ubaldo Fernandes (PL) emitiu mo\u00e7\u00e3o de rep\u00fadio ao presidente da Rep\u00fablica, Jair Bolsonaro, \u00e0 bancada federal do Rio Grande do Norte, e \u00e0 Petrobras, na pessoa do presidente Roberto Castello Branco, em decorr\u00eancia do an\u00fancio feito pela empresa sobre a abertura para venda das 26 (vinte e seis) concess\u00f5es de produ\u00e7\u00e3o no [&hellip;]\" \/>\n<meta property=\"og:url\" content=\"https:\/\/ubaldofernandes.com\/index.php\/news\/deputado-ubaldo-fernandes-emite-mocao-de-repudio-contra-a-venda-das-concessoes-da-petrobras-no-rn\/\" \/>\n<meta property=\"og:site_name\" content=\"Ubaldo Fernandes\" \/>\n<meta property=\"article:modified_time\" content=\"2020-08-28T11:50:31+00:00\" \/>\n<meta property=\"og:image\" content=\"https:\/\/ubaldofernandes.com\/wp-content\/uploads\/2020\/08\/WhatsApp-Image-2020-08-19-at-11.28.27.jpeg\" \/>\n\t<meta property=\"og:image:width\" content=\"1280\" \/>\n\t<meta property=\"og:image:height\" content=\"1046\" \/>\n\t<meta property=\"og:image:type\" content=\"image\/jpeg\" \/>\n<meta name=\"twitter:card\" content=\"summary_large_image\" \/>\n<meta name=\"twitter:label1\" content=\"Est. tempo de leitura\" \/>\n\t<meta name=\"twitter:data1\" content=\"1 minuto\" \/>\n<script type=\"application\/ld+json\" class=\"yoast-schema-graph\">{\"@context\":\"https:\/\/schema.org\",\"@graph\":[{\"@type\":\"WebPage\",\"@id\":\"https:\/\/ubaldofernandes.com\/index.php\/news\/deputado-ubaldo-fernandes-emite-mocao-de-repudio-contra-a-venda-das-concessoes-da-petrobras-no-rn\/\",\"url\":\"https:\/\/ubaldofernandes.com\/index.php\/news\/deputado-ubaldo-fernandes-emite-mocao-de-repudio-contra-a-venda-das-concessoes-da-petrobras-no-rn\/\",\"name\":\"Deputado Ubaldo Fernandes emite Mo\u00e7\u00e3o de Rep\u00fadio contra a venda das concess\u00f5es da Petrobras no RN - Ubaldo Fernandes\",\"isPartOf\":{\"@id\":\"https:\/\/ubaldofernandes.com\/#website\"},\"primaryImageOfPage\":{\"@id\":\"https:\/\/ubaldofernandes.com\/index.php\/news\/deputado-ubaldo-fernandes-emite-mocao-de-repudio-contra-a-venda-das-concessoes-da-petrobras-no-rn\/#primaryimage\"},\"image\":{\"@id\":\"https:\/\/ubaldofernandes.com\/index.php\/news\/deputado-ubaldo-fernandes-emite-mocao-de-repudio-contra-a-venda-das-concessoes-da-petrobras-no-rn\/#primaryimage\"},\"thumbnailUrl\":\"https:\/\/ubaldofernandes.com\/wp-content\/uploads\/2020\/08\/WhatsApp-Image-2020-08-19-at-11.28.27.jpeg\",\"datePublished\":\"2020-08-27T11:45:29+00:00\",\"dateModified\":\"2020-08-28T11:50:31+00:00\",\"breadcrumb\":{\"@id\":\"https:\/\/ubaldofernandes.com\/index.php\/news\/deputado-ubaldo-fernandes-emite-mocao-de-repudio-contra-a-venda-das-concessoes-da-petrobras-no-rn\/#breadcrumb\"},\"inLanguage\":\"pt-BR\",\"potentialAction\":[{\"@type\":\"ReadAction\",\"target\":[\"https:\/\/ubaldofernandes.com\/index.php\/news\/deputado-ubaldo-fernandes-emite-mocao-de-repudio-contra-a-venda-das-concessoes-da-petrobras-no-rn\/\"]}]},{\"@type\":\"ImageObject\",\"inLanguage\":\"pt-BR\",\"@id\":\"https:\/\/ubaldofernandes.com\/index.php\/news\/deputado-ubaldo-fernandes-emite-mocao-de-repudio-contra-a-venda-das-concessoes-da-petrobras-no-rn\/#primaryimage\",\"url\":\"https:\/\/ubaldofernandes.com\/wp-content\/uploads\/2020\/08\/WhatsApp-Image-2020-08-19-at-11.28.27.jpeg\",\"contentUrl\":\"https:\/\/ubaldofernandes.com\/wp-content\/uploads\/2020\/08\/WhatsApp-Image-2020-08-19-at-11.28.27.jpeg\",\"width\":1280,\"height\":1046},{\"@type\":\"BreadcrumbList\",\"@id\":\"https:\/\/ubaldofernandes.com\/index.php\/news\/deputado-ubaldo-fernandes-emite-mocao-de-repudio-contra-a-venda-das-concessoes-da-petrobras-no-rn\/#breadcrumb\",\"itemListElement\":[{\"@type\":\"ListItem\",\"position\":1,\"name\":\"In\u00edcio\",\"item\":\"https:\/\/ubaldofernandes.com\/\"},{\"@type\":\"ListItem\",\"position\":2,\"name\":\"Not\u00edcias\",\"item\":\"https:\/\/ubaldofernandes.com\/index.php\/news\/\"},{\"@type\":\"ListItem\",\"position\":3,\"name\":\"Deputado Ubaldo Fernandes emite Mo\u00e7\u00e3o de Rep\u00fadio contra a venda das concess\u00f5es da Petrobras no RN\"}]},{\"@type\":\"WebSite\",\"@id\":\"https:\/\/ubaldofernandes.com\/#website\",\"url\":\"https:\/\/ubaldofernandes.com\/\",\"name\":\"Ubaldo Fernandes\",\"description\":\"Deputado Estadual\",\"potentialAction\":[{\"@type\":\"SearchAction\",\"target\":{\"@type\":\"EntryPoint\",\"urlTemplate\":\"https:\/\/ubaldofernandes.com\/?s={search_term_string}\"},\"query-input\":{\"@type\":\"PropertyValueSpecification\",\"valueRequired\":true,\"valueName\":\"search_term_string\"}}],\"inLanguage\":\"pt-BR\"}]}<\/script>\n<!-- \/ Yoast SEO plugin. -->","yoast_head_json":{"title":"Deputado Ubaldo Fernandes emite Mo\u00e7\u00e3o de Rep\u00fadio contra a venda das concess\u00f5es da Petrobras no RN - Ubaldo Fernandes","robots":{"index":"index","follow":"follow","max-snippet":"max-snippet:-1","max-image-preview":"max-image-preview:large","max-video-preview":"max-video-preview:-1"},"canonical":"https:\/\/ubaldofernandes.com\/index.php\/news\/deputado-ubaldo-fernandes-emite-mocao-de-repudio-contra-a-venda-das-concessoes-da-petrobras-no-rn\/","og_locale":"pt_BR","og_type":"article","og_title":"Deputado Ubaldo Fernandes emite Mo\u00e7\u00e3o de Rep\u00fadio contra a venda das concess\u00f5es da Petrobras no RN - Ubaldo Fernandes","og_description":"O deputado estadual Ubaldo Fernandes (PL) emitiu mo\u00e7\u00e3o de rep\u00fadio ao presidente da Rep\u00fablica, Jair Bolsonaro, \u00e0 bancada federal do Rio Grande do Norte, e \u00e0 Petrobras, na pessoa do presidente Roberto Castello Branco, em decorr\u00eancia do an\u00fancio feito pela empresa sobre a abertura para venda das 26 (vinte e seis) concess\u00f5es de produ\u00e7\u00e3o no [&hellip;]","og_url":"https:\/\/ubaldofernandes.com\/index.php\/news\/deputado-ubaldo-fernandes-emite-mocao-de-repudio-contra-a-venda-das-concessoes-da-petrobras-no-rn\/","og_site_name":"Ubaldo Fernandes","article_modified_time":"2020-08-28T11:50:31+00:00","og_image":[{"width":1280,"height":1046,"url":"https:\/\/ubaldofernandes.com\/wp-content\/uploads\/2020\/08\/WhatsApp-Image-2020-08-19-at-11.28.27.jpeg","type":"image\/jpeg"}],"twitter_card":"summary_large_image","twitter_misc":{"Est. tempo de leitura":"1 minuto"},"schema":{"@context":"https:\/\/schema.org","@graph":[{"@type":"WebPage","@id":"https:\/\/ubaldofernandes.com\/index.php\/news\/deputado-ubaldo-fernandes-emite-mocao-de-repudio-contra-a-venda-das-concessoes-da-petrobras-no-rn\/","url":"https:\/\/ubaldofernandes.com\/index.php\/news\/deputado-ubaldo-fernandes-emite-mocao-de-repudio-contra-a-venda-das-concessoes-da-petrobras-no-rn\/","name":"Deputado Ubaldo Fernandes emite Mo\u00e7\u00e3o de Rep\u00fadio contra a venda das concess\u00f5es da Petrobras no RN - Ubaldo Fernandes","isPartOf":{"@id":"https:\/\/ubaldofernandes.com\/#website"},"primaryImageOfPage":{"@id":"https:\/\/ubaldofernandes.com\/index.php\/news\/deputado-ubaldo-fernandes-emite-mocao-de-repudio-contra-a-venda-das-concessoes-da-petrobras-no-rn\/#primaryimage"},"image":{"@id":"https:\/\/ubaldofernandes.com\/index.php\/news\/deputado-ubaldo-fernandes-emite-mocao-de-repudio-contra-a-venda-das-concessoes-da-petrobras-no-rn\/#primaryimage"},"thumbnailUrl":"https:\/\/ubaldofernandes.com\/wp-content\/uploads\/2020\/08\/WhatsApp-Image-2020-08-19-at-11.28.27.jpeg","datePublished":"2020-08-27T11:45:29+00:00","dateModified":"2020-08-28T11:50:31+00:00","breadcrumb":{"@id":"https:\/\/ubaldofernandes.com\/index.php\/news\/deputado-ubaldo-fernandes-emite-mocao-de-repudio-contra-a-venda-das-concessoes-da-petrobras-no-rn\/#breadcrumb"},"inLanguage":"pt-BR","potentialAction":[{"@type":"ReadAction","target":["https:\/\/ubaldofernandes.com\/index.php\/news\/deputado-ubaldo-fernandes-emite-mocao-de-repudio-contra-a-venda-das-concessoes-da-petrobras-no-rn\/"]}]},{"@type":"ImageObject","inLanguage":"pt-BR","@id":"https:\/\/ubaldofernandes.com\/index.php\/news\/deputado-ubaldo-fernandes-emite-mocao-de-repudio-contra-a-venda-das-concessoes-da-petrobras-no-rn\/#primaryimage","url":"https:\/\/ubaldofernandes.com\/wp-content\/uploads\/2020\/08\/WhatsApp-Image-2020-08-19-at-11.28.27.jpeg","contentUrl":"https:\/\/ubaldofernandes.com\/wp-content\/uploads\/2020\/08\/WhatsApp-Image-2020-08-19-at-11.28.27.jpeg","width":1280,"height":1046},{"@type":"BreadcrumbList","@id":"https:\/\/ubaldofernandes.com\/index.php\/news\/deputado-ubaldo-fernandes-emite-mocao-de-repudio-contra-a-venda-das-concessoes-da-petrobras-no-rn\/#breadcrumb","itemListElement":[{"@type":"ListItem","position":1,"name":"In\u00edcio","item":"https:\/\/ubaldofernandes.com\/"},{"@type":"ListItem","position":2,"name":"Not\u00edcias","item":"https:\/\/ubaldofernandes.com\/index.php\/news\/"},{"@type":"ListItem","position":3,"name":"Deputado Ubaldo Fernandes emite Mo\u00e7\u00e3o de Rep\u00fadio contra a venda das concess\u00f5es da Petrobras no RN"}]},{"@type":"WebSite","@id":"https:\/\/ubaldofernandes.com\/#website","url":"https:\/\/ubaldofernandes.com\/","name":"Ubaldo Fernandes","description":"Deputado Estadual","potentialAction":[{"@type":"SearchAction","target":{"@type":"EntryPoint","urlTemplate":"https:\/\/ubaldofernandes.com\/?s={search_term_string}"},"query-input":{"@type":"PropertyValueSpecification","valueRequired":true,"valueName":"search_term_string"}}],"inLanguage":"pt-BR"}]}},"_links":{"self":[{"href":"https:\/\/ubaldofernandes.com\/index.php\/wp-json\/wp\/v2\/news\/1152","targetHints":{"allow":["GET"]}}],"collection":[{"href":"https:\/\/ubaldofernandes.com\/index.php\/wp-json\/wp\/v2\/news"}],"about":[{"href":"https:\/\/ubaldofernandes.com\/index.php\/wp-json\/wp\/v2\/types\/news"}],"wp:featuredmedia":[{"embeddable":true,"href":"https:\/\/ubaldofernandes.com\/index.php\/wp-json\/wp\/v2\/media\/1094"}],"wp:attachment":[{"href":"https:\/\/ubaldofernandes.com\/index.php\/wp-json\/wp\/v2\/media?parent=1152"}],"curies":[{"name":"wp","href":"https:\/\/api.w.org\/{rel}","templated":true}]}}