{"id":1244,"date":"2020-09-14T21:12:07","date_gmt":"2020-09-15T00:12:07","guid":{"rendered":"https:\/\/ubaldofernandes.com\/?post_type=news&#038;p=1244"},"modified":"2020-09-15T09:24:53","modified_gmt":"2020-09-15T12:24:53","slug":"setembro-amarelo-deputado-ubaldo-pede-pressa-na-instalacao-de-telas-na-ponte","status":"publish","type":"news","link":"https:\/\/ubaldofernandes.com\/index.php\/news\/setembro-amarelo-deputado-ubaldo-pede-pressa-na-instalacao-de-telas-na-ponte\/","title":{"rendered":"Setembro Amarelo: Deputado Ubaldo pede pressa na instala\u00e7\u00e3o de telas na ponte"},"content":{"rendered":"\n<p>O deputado estadual\u00a0Ubaldo Fernandes\u00a0(PL) apresentou requerimento \u00e0 Mesa Diretora da Assembleia Legislativa, solicitando a instala\u00e7\u00e3o de telas de prote\u00e7\u00e3o na ponte Newton Navarro. O of\u00edcio do deputado foi encaminhado \u00e0 governadora F\u00e1tima Bezerra (PT) e ao secret\u00e1rio de Estado da Infraestrutura,\u00a0Gustavo Rosado Coelho.<\/p>\n\n\n\n<p>Para\u00a0Ubaldo Fernandes<strong>,<\/strong>\u00a0a instala\u00e7\u00e3o das telas deve ser prioridade do Poder P\u00fablico, da\u00ed ele estar requerendo \u201cabsoluta urg\u00eancia\u201d ao atendimento do pleito. A finalidade \u00e9 que seja gerado maior amparo \u00e0 popula\u00e7\u00e3o acometida por transtornos de ordem emocional e mental.<\/p>\n\n\n\n<p>Mat\u00e9ria publicada no <a href=\"https:\/\/ismaelmedeiros.com.br\/setembro-amarelo-deputado-pede-pressa-na-instalacao-de-telas-na-ponte\/\">Blog Ismael Medeiros.<\/a> <\/p>\n","protected":false},"featured_media":1245,"parent":0,"template":"","class_list":["post-1244","news","type-news","status-publish","has-post-thumbnail","hentry"],"acf":[],"yoast_head":"<!-- This site is optimized with the Yoast SEO plugin v24.6 - https:\/\/yoast.com\/wordpress\/plugins\/seo\/ -->\n<title>Setembro Amarelo: Deputado Ubaldo pede pressa na instala\u00e7\u00e3o de telas na ponte - Ubaldo Fernandes<\/title>\n<meta name=\"robots\" content=\"index, follow, max-snippet:-1, max-image-preview:large, max-video-preview:-1\" \/>\n<link rel=\"canonical\" href=\"https:\/\/ubaldofernandes.com\/index.php\/news\/setembro-amarelo-deputado-ubaldo-pede-pressa-na-instalacao-de-telas-na-ponte\/\" \/>\n<meta property=\"og:locale\" content=\"pt_BR\" \/>\n<meta property=\"og:type\" content=\"article\" \/>\n<meta property=\"og:title\" content=\"Setembro Amarelo: Deputado Ubaldo pede pressa na instala\u00e7\u00e3o de telas na ponte - Ubaldo Fernandes\" \/>\n<meta property=\"og:description\" content=\"O deputado estadual\u00a0Ubaldo Fernandes\u00a0(PL) apresentou requerimento \u00e0 Mesa Diretora da Assembleia Legislativa, solicitando a instala\u00e7\u00e3o de telas de prote\u00e7\u00e3o na ponte Newton Navarro. O of\u00edcio do deputado foi encaminhado \u00e0 governadora F\u00e1tima Bezerra (PT) e ao secret\u00e1rio de Estado da Infraestrutura,\u00a0Gustavo Rosado Coelho. Para\u00a0Ubaldo Fernandes,\u00a0a instala\u00e7\u00e3o das telas deve ser prioridade do Poder P\u00fablico, da\u00ed [&hellip;]\" \/>\n<meta property=\"og:url\" content=\"https:\/\/ubaldofernandes.com\/index.php\/news\/setembro-amarelo-deputado-ubaldo-pede-pressa-na-instalacao-de-telas-na-ponte\/\" \/>\n<meta property=\"og:site_name\" content=\"Ubaldo Fernandes\" \/>\n<meta property=\"article:modified_time\" content=\"2020-09-15T12:24:53+00:00\" \/>\n<meta property=\"og:image\" content=\"https:\/\/ubaldofernandes.com\/wp-content\/uploads\/2020\/09\/ubaldo1-1024x683-1.jpeg\" \/>\n\t<meta property=\"og:image:width\" content=\"1024\" \/>\n\t<meta property=\"og:image:height\" content=\"683\" \/>\n\t<meta property=\"og:image:type\" content=\"image\/jpeg\" \/>\n<meta name=\"twitter:card\" content=\"summary_large_image\" \/>\n<script type=\"application\/ld+json\" class=\"yoast-schema-graph\">{\"@context\":\"https:\/\/schema.org\",\"@graph\":[{\"@type\":\"WebPage\",\"@id\":\"https:\/\/ubaldofernandes.com\/index.php\/news\/setembro-amarelo-deputado-ubaldo-pede-pressa-na-instalacao-de-telas-na-ponte\/\",\"url\":\"https:\/\/ubaldofernandes.com\/index.php\/news\/setembro-amarelo-deputado-ubaldo-pede-pressa-na-instalacao-de-telas-na-ponte\/\",\"name\":\"Setembro Amarelo: Deputado Ubaldo pede pressa na instala\u00e7\u00e3o de telas na ponte - Ubaldo Fernandes\",\"isPartOf\":{\"@id\":\"https:\/\/ubaldofernandes.com\/#website\"},\"primaryImageOfPage\":{\"@id\":\"https:\/\/ubaldofernandes.com\/index.php\/news\/setembro-amarelo-deputado-ubaldo-pede-pressa-na-instalacao-de-telas-na-ponte\/#primaryimage\"},\"image\":{\"@id\":\"https:\/\/ubaldofernandes.com\/index.php\/news\/setembro-amarelo-deputado-ubaldo-pede-pressa-na-instalacao-de-telas-na-ponte\/#primaryimage\"},\"thumbnailUrl\":\"https:\/\/ubaldofernandes.com\/wp-content\/uploads\/2020\/09\/ubaldo1-1024x683-1.jpeg\",\"datePublished\":\"2020-09-15T00:12:07+00:00\",\"dateModified\":\"2020-09-15T12:24:53+00:00\",\"breadcrumb\":{\"@id\":\"https:\/\/ubaldofernandes.com\/index.php\/news\/setembro-amarelo-deputado-ubaldo-pede-pressa-na-instalacao-de-telas-na-ponte\/#breadcrumb\"},\"inLanguage\":\"pt-BR\",\"potentialAction\":[{\"@type\":\"ReadAction\",\"target\":[\"https:\/\/ubaldofernandes.com\/index.php\/news\/setembro-amarelo-deputado-ubaldo-pede-pressa-na-instalacao-de-telas-na-ponte\/\"]}]},{\"@type\":\"ImageObject\",\"inLanguage\":\"pt-BR\",\"@id\":\"https:\/\/ubaldofernandes.com\/index.php\/news\/setembro-amarelo-deputado-ubaldo-pede-pressa-na-instalacao-de-telas-na-ponte\/#primaryimage\",\"url\":\"https:\/\/ubaldofernandes.com\/wp-content\/uploads\/2020\/09\/ubaldo1-1024x683-1.jpeg\",\"contentUrl\":\"https:\/\/ubaldofernandes.com\/wp-content\/uploads\/2020\/09\/ubaldo1-1024x683-1.jpeg\",\"width\":1024,\"height\":683},{\"@type\":\"BreadcrumbList\",\"@id\":\"https:\/\/ubaldofernandes.com\/index.php\/news\/setembro-amarelo-deputado-ubaldo-pede-pressa-na-instalacao-de-telas-na-ponte\/#breadcrumb\",\"itemListElement\":[{\"@type\":\"ListItem\",\"position\":1,\"name\":\"In\u00edcio\",\"item\":\"https:\/\/ubaldofernandes.com\/\"},{\"@type\":\"ListItem\",\"position\":2,\"name\":\"Not\u00edcias\",\"item\":\"https:\/\/ubaldofernandes.com\/index.php\/news\/\"},{\"@type\":\"ListItem\",\"position\":3,\"name\":\"Setembro Amarelo: Deputado Ubaldo pede pressa na instala\u00e7\u00e3o de telas na ponte\"}]},{\"@type\":\"WebSite\",\"@id\":\"https:\/\/ubaldofernandes.com\/#website\",\"url\":\"https:\/\/ubaldofernandes.com\/\",\"name\":\"Ubaldo Fernandes\",\"description\":\"Deputado Estadual\",\"potentialAction\":[{\"@type\":\"SearchAction\",\"target\":{\"@type\":\"EntryPoint\",\"urlTemplate\":\"https:\/\/ubaldofernandes.com\/?s={search_term_string}\"},\"query-input\":{\"@type\":\"PropertyValueSpecification\",\"valueRequired\":true,\"valueName\":\"search_term_string\"}}],\"inLanguage\":\"pt-BR\"}]}<\/script>\n<!-- \/ Yoast SEO plugin. -->","yoast_head_json":{"title":"Setembro Amarelo: Deputado Ubaldo pede pressa na instala\u00e7\u00e3o de telas na ponte - Ubaldo Fernandes","robots":{"index":"index","follow":"follow","max-snippet":"max-snippet:-1","max-image-preview":"max-image-preview:large","max-video-preview":"max-video-preview:-1"},"canonical":"https:\/\/ubaldofernandes.com\/index.php\/news\/setembro-amarelo-deputado-ubaldo-pede-pressa-na-instalacao-de-telas-na-ponte\/","og_locale":"pt_BR","og_type":"article","og_title":"Setembro Amarelo: Deputado Ubaldo pede pressa na instala\u00e7\u00e3o de telas na ponte - Ubaldo Fernandes","og_description":"O deputado estadual\u00a0Ubaldo Fernandes\u00a0(PL) apresentou requerimento \u00e0 Mesa Diretora da Assembleia Legislativa, solicitando a instala\u00e7\u00e3o de telas de prote\u00e7\u00e3o na ponte Newton Navarro. O of\u00edcio do deputado foi encaminhado \u00e0 governadora F\u00e1tima Bezerra (PT) e ao secret\u00e1rio de Estado da Infraestrutura,\u00a0Gustavo Rosado Coelho. Para\u00a0Ubaldo Fernandes,\u00a0a instala\u00e7\u00e3o das telas deve ser prioridade do Poder P\u00fablico, da\u00ed [&hellip;]","og_url":"https:\/\/ubaldofernandes.com\/index.php\/news\/setembro-amarelo-deputado-ubaldo-pede-pressa-na-instalacao-de-telas-na-ponte\/","og_site_name":"Ubaldo Fernandes","article_modified_time":"2020-09-15T12:24:53+00:00","og_image":[{"width":1024,"height":683,"url":"https:\/\/ubaldofernandes.com\/wp-content\/uploads\/2020\/09\/ubaldo1-1024x683-1.jpeg","type":"image\/jpeg"}],"twitter_card":"summary_large_image","schema":{"@context":"https:\/\/schema.org","@graph":[{"@type":"WebPage","@id":"https:\/\/ubaldofernandes.com\/index.php\/news\/setembro-amarelo-deputado-ubaldo-pede-pressa-na-instalacao-de-telas-na-ponte\/","url":"https:\/\/ubaldofernandes.com\/index.php\/news\/setembro-amarelo-deputado-ubaldo-pede-pressa-na-instalacao-de-telas-na-ponte\/","name":"Setembro Amarelo: Deputado Ubaldo pede pressa na instala\u00e7\u00e3o de telas na ponte - Ubaldo Fernandes","isPartOf":{"@id":"https:\/\/ubaldofernandes.com\/#website"},"primaryImageOfPage":{"@id":"https:\/\/ubaldofernandes.com\/index.php\/news\/setembro-amarelo-deputado-ubaldo-pede-pressa-na-instalacao-de-telas-na-ponte\/#primaryimage"},"image":{"@id":"https:\/\/ubaldofernandes.com\/index.php\/news\/setembro-amarelo-deputado-ubaldo-pede-pressa-na-instalacao-de-telas-na-ponte\/#primaryimage"},"thumbnailUrl":"https:\/\/ubaldofernandes.com\/wp-content\/uploads\/2020\/09\/ubaldo1-1024x683-1.jpeg","datePublished":"2020-09-15T00:12:07+00:00","dateModified":"2020-09-15T12:24:53+00:00","breadcrumb":{"@id":"https:\/\/ubaldofernandes.com\/index.php\/news\/setembro-amarelo-deputado-ubaldo-pede-pressa-na-instalacao-de-telas-na-ponte\/#breadcrumb"},"inLanguage":"pt-BR","potentialAction":[{"@type":"ReadAction","target":["https:\/\/ubaldofernandes.com\/index.php\/news\/setembro-amarelo-deputado-ubaldo-pede-pressa-na-instalacao-de-telas-na-ponte\/"]}]},{"@type":"ImageObject","inLanguage":"pt-BR","@id":"https:\/\/ubaldofernandes.com\/index.php\/news\/setembro-amarelo-deputado-ubaldo-pede-pressa-na-instalacao-de-telas-na-ponte\/#primaryimage","url":"https:\/\/ubaldofernandes.com\/wp-content\/uploads\/2020\/09\/ubaldo1-1024x683-1.jpeg","contentUrl":"https:\/\/ubaldofernandes.com\/wp-content\/uploads\/2020\/09\/ubaldo1-1024x683-1.jpeg","width":1024,"height":683},{"@type":"BreadcrumbList","@id":"https:\/\/ubaldofernandes.com\/index.php\/news\/setembro-amarelo-deputado-ubaldo-pede-pressa-na-instalacao-de-telas-na-ponte\/#breadcrumb","itemListElement":[{"@type":"ListItem","position":1,"name":"In\u00edcio","item":"https:\/\/ubaldofernandes.com\/"},{"@type":"ListItem","position":2,"name":"Not\u00edcias","item":"https:\/\/ubaldofernandes.com\/index.php\/news\/"},{"@type":"ListItem","position":3,"name":"Setembro Amarelo: Deputado Ubaldo pede pressa na instala\u00e7\u00e3o de telas na ponte"}]},{"@type":"WebSite","@id":"https:\/\/ubaldofernandes.com\/#website","url":"https:\/\/ubaldofernandes.com\/","name":"Ubaldo Fernandes","description":"Deputado Estadual","potentialAction":[{"@type":"SearchAction","target":{"@type":"EntryPoint","urlTemplate":"https:\/\/ubaldofernandes.com\/?s={search_term_string}"},"query-input":{"@type":"PropertyValueSpecification","valueRequired":true,"valueName":"search_term_string"}}],"inLanguage":"pt-BR"}]}},"_links":{"self":[{"href":"https:\/\/ubaldofernandes.com\/index.php\/wp-json\/wp\/v2\/news\/1244","targetHints":{"allow":["GET"]}}],"collection":[{"href":"https:\/\/ubaldofernandes.com\/index.php\/wp-json\/wp\/v2\/news"}],"about":[{"href":"https:\/\/ubaldofernandes.com\/index.php\/wp-json\/wp\/v2\/types\/news"}],"wp:featuredmedia":[{"embeddable":true,"href":"https:\/\/ubaldofernandes.com\/index.php\/wp-json\/wp\/v2\/media\/1245"}],"wp:attachment":[{"href":"https:\/\/ubaldofernandes.com\/index.php\/wp-json\/wp\/v2\/media?parent=1244"}],"curies":[{"name":"wp","href":"https:\/\/api.w.org\/{rel}","templated":true}]}}