{"id":1298,"date":"2020-09-21T12:18:07","date_gmt":"2020-09-21T15:18:07","guid":{"rendered":"https:\/\/ubaldofernandes.com\/?post_type=news&#038;p=1298"},"modified":"2020-09-21T12:18:09","modified_gmt":"2020-09-21T15:18:09","slug":"projeto-de-ubaldo-fernandes-que-combate-golpes-financeiros-contra-idosos-e-sancionado","status":"publish","type":"news","link":"https:\/\/ubaldofernandes.com\/index.php\/news\/projeto-de-ubaldo-fernandes-que-combate-golpes-financeiros-contra-idosos-e-sancionado\/","title":{"rendered":"Projeto de Ubaldo Fernandes que combate golpes financeiros contra idosos \u00e9 sancionado"},"content":{"rendered":"\n<p>Um projeto de lei de prote\u00e7\u00e3o ao idoso, de autoria do deputado Ubaldo Fernandes (PL), foi sancionado pela governadora do Estado, F\u00e1tima Bezerra. A lei n\u00b0 10.774 foi publicada no Di\u00e1rio Oficial do Estado e institui a campanha de conscientiza\u00e7\u00e3o quanto os golpes financeiros praticados contra os idosos em todo o Rio Grande do Norte. Esta campanha prev\u00ea o desenvolvimento de a\u00e7\u00f5es educativas para prevenir e reprimir os crimes de estelionato contra o idoso, bem como proteger e auxiliar as v\u00edtimas desses golpes no Estado.<\/p>\n\n\n\n<p>\u201cSegundo dados de estimativa do IBGE de 2018, a popula\u00e7\u00e3o idosa do Rio Grande do Norte representa 12,4% da popula\u00e7\u00e3o total do Estado. Precisamos proteger esse p\u00fablico. Tem sido comum o registro de golpes contra os idosos, em geral, praticados dentro da pr\u00f3pria fam\u00edlia\u201d, destaca Ubaldo.<\/p>\n\n\n\n<p>Os tipos de golpes mais comuns praticados s\u00e3o a apropria\u00e7\u00e3o ind\u00e9bita de recursos financeiros ou bens, administra\u00e7\u00e3o fraudulenta de cart\u00e3o de benef\u00edcios previdenci\u00e1rios, contrata\u00e7\u00e3o de empr\u00e9stimos financeiros sem o conhecimento do pr\u00f3prio idoso, enfim, uma s\u00e9rie de pr\u00e1ticas que prejudicam muito a vida dessas pessoas. \u201cAcredito que essas campanhas de cunho permanente dar\u00e3o maior amparo a esta camada importante da popula\u00e7\u00e3o\u201d, afirma o deputado que tamb\u00e9m \u00e9 presidente da Frente Parlamentar em Defesa dos Direitos da Pessoa Idosa.<\/p>\n\n\n\n<p>Conforme dados mais recentes do canal Disque 100, os casos de viol\u00eancia patrimonial contra a pessoa idosa tiveram aumento de 19% em 2019. Para 2020, com o isolamento imposto pela pandemia da Covid-19, acredita-se que a situa\u00e7\u00e3o se tornou mais cr\u00edtica. Vale salientar que qualquer tipo de viol\u00eancia contra idosos deve ser comunicado imediatamente ao Conselho Municipal do Idoso, Defensoria P\u00fablica, Pol\u00edcia Civil ou Minist\u00e9rio P\u00fablico.<\/p>\n\n\n\n<p>Mat\u00e9ria publicada no <a href=\"https:\/\/eliasjornalista.com\/projeto-de-ubaldo-fernandes-que-combate-golpes-financeiros-contra-idosos-e-sancionado\/\">Blog EliasJornalista.com <\/a>.<\/p>\n","protected":false},"featured_media":1299,"parent":0,"template":"","class_list":["post-1298","news","type-news","status-publish","has-post-thumbnail","hentry"],"acf":[],"yoast_head":"<!-- This site is optimized with the Yoast SEO plugin v24.6 - https:\/\/yoast.com\/wordpress\/plugins\/seo\/ -->\n<title>Projeto de Ubaldo Fernandes que combate golpes financeiros contra idosos \u00e9 sancionado - Ubaldo Fernandes<\/title>\n<meta name=\"robots\" content=\"index, follow, max-snippet:-1, max-image-preview:large, max-video-preview:-1\" \/>\n<link rel=\"canonical\" href=\"https:\/\/ubaldofernandes.com\/index.php\/news\/projeto-de-ubaldo-fernandes-que-combate-golpes-financeiros-contra-idosos-e-sancionado\/\" \/>\n<meta property=\"og:locale\" content=\"pt_BR\" \/>\n<meta property=\"og:type\" content=\"article\" \/>\n<meta property=\"og:title\" content=\"Projeto de Ubaldo Fernandes que combate golpes financeiros contra idosos \u00e9 sancionado - Ubaldo Fernandes\" \/>\n<meta property=\"og:description\" content=\"Um projeto de lei de prote\u00e7\u00e3o ao idoso, de autoria do deputado Ubaldo Fernandes (PL), foi sancionado pela governadora do Estado, F\u00e1tima Bezerra. A lei n\u00b0 10.774 foi publicada no Di\u00e1rio Oficial do Estado e institui a campanha de conscientiza\u00e7\u00e3o quanto os golpes financeiros praticados contra os idosos em todo o Rio Grande do Norte. [&hellip;]\" \/>\n<meta property=\"og:url\" content=\"https:\/\/ubaldofernandes.com\/index.php\/news\/projeto-de-ubaldo-fernandes-que-combate-golpes-financeiros-contra-idosos-e-sancionado\/\" \/>\n<meta property=\"og:site_name\" content=\"Ubaldo Fernandes\" \/>\n<meta property=\"article:modified_time\" content=\"2020-09-21T15:18:09+00:00\" \/>\n<meta property=\"og:image\" content=\"https:\/\/ubaldofernandes.com\/wp-content\/uploads\/2020\/09\/eliasjornalista.jpg\" \/>\n\t<meta property=\"og:image:width\" content=\"630\" \/>\n\t<meta property=\"og:image:height\" content=\"420\" \/>\n\t<meta property=\"og:image:type\" content=\"image\/jpeg\" \/>\n<meta name=\"twitter:card\" content=\"summary_large_image\" \/>\n<meta name=\"twitter:label1\" content=\"Est. tempo de leitura\" \/>\n\t<meta name=\"twitter:data1\" content=\"2 minutos\" \/>\n<script type=\"application\/ld+json\" class=\"yoast-schema-graph\">{\"@context\":\"https:\/\/schema.org\",\"@graph\":[{\"@type\":\"WebPage\",\"@id\":\"https:\/\/ubaldofernandes.com\/index.php\/news\/projeto-de-ubaldo-fernandes-que-combate-golpes-financeiros-contra-idosos-e-sancionado\/\",\"url\":\"https:\/\/ubaldofernandes.com\/index.php\/news\/projeto-de-ubaldo-fernandes-que-combate-golpes-financeiros-contra-idosos-e-sancionado\/\",\"name\":\"Projeto de Ubaldo Fernandes que combate golpes financeiros contra idosos \u00e9 sancionado - Ubaldo Fernandes\",\"isPartOf\":{\"@id\":\"https:\/\/ubaldofernandes.com\/#website\"},\"primaryImageOfPage\":{\"@id\":\"https:\/\/ubaldofernandes.com\/index.php\/news\/projeto-de-ubaldo-fernandes-que-combate-golpes-financeiros-contra-idosos-e-sancionado\/#primaryimage\"},\"image\":{\"@id\":\"https:\/\/ubaldofernandes.com\/index.php\/news\/projeto-de-ubaldo-fernandes-que-combate-golpes-financeiros-contra-idosos-e-sancionado\/#primaryimage\"},\"thumbnailUrl\":\"https:\/\/ubaldofernandes.com\/wp-content\/uploads\/2020\/09\/eliasjornalista.jpg\",\"datePublished\":\"2020-09-21T15:18:07+00:00\",\"dateModified\":\"2020-09-21T15:18:09+00:00\",\"breadcrumb\":{\"@id\":\"https:\/\/ubaldofernandes.com\/index.php\/news\/projeto-de-ubaldo-fernandes-que-combate-golpes-financeiros-contra-idosos-e-sancionado\/#breadcrumb\"},\"inLanguage\":\"pt-BR\",\"potentialAction\":[{\"@type\":\"ReadAction\",\"target\":[\"https:\/\/ubaldofernandes.com\/index.php\/news\/projeto-de-ubaldo-fernandes-que-combate-golpes-financeiros-contra-idosos-e-sancionado\/\"]}]},{\"@type\":\"ImageObject\",\"inLanguage\":\"pt-BR\",\"@id\":\"https:\/\/ubaldofernandes.com\/index.php\/news\/projeto-de-ubaldo-fernandes-que-combate-golpes-financeiros-contra-idosos-e-sancionado\/#primaryimage\",\"url\":\"https:\/\/ubaldofernandes.com\/wp-content\/uploads\/2020\/09\/eliasjornalista.jpg\",\"contentUrl\":\"https:\/\/ubaldofernandes.com\/wp-content\/uploads\/2020\/09\/eliasjornalista.jpg\",\"width\":630,\"height\":420},{\"@type\":\"BreadcrumbList\",\"@id\":\"https:\/\/ubaldofernandes.com\/index.php\/news\/projeto-de-ubaldo-fernandes-que-combate-golpes-financeiros-contra-idosos-e-sancionado\/#breadcrumb\",\"itemListElement\":[{\"@type\":\"ListItem\",\"position\":1,\"name\":\"In\u00edcio\",\"item\":\"https:\/\/ubaldofernandes.com\/\"},{\"@type\":\"ListItem\",\"position\":2,\"name\":\"Not\u00edcias\",\"item\":\"https:\/\/ubaldofernandes.com\/index.php\/news\/\"},{\"@type\":\"ListItem\",\"position\":3,\"name\":\"Projeto de Ubaldo Fernandes que combate golpes financeiros contra idosos \u00e9 sancionado\"}]},{\"@type\":\"WebSite\",\"@id\":\"https:\/\/ubaldofernandes.com\/#website\",\"url\":\"https:\/\/ubaldofernandes.com\/\",\"name\":\"Ubaldo Fernandes\",\"description\":\"Deputado Estadual\",\"potentialAction\":[{\"@type\":\"SearchAction\",\"target\":{\"@type\":\"EntryPoint\",\"urlTemplate\":\"https:\/\/ubaldofernandes.com\/?s={search_term_string}\"},\"query-input\":{\"@type\":\"PropertyValueSpecification\",\"valueRequired\":true,\"valueName\":\"search_term_string\"}}],\"inLanguage\":\"pt-BR\"}]}<\/script>\n<!-- \/ Yoast SEO plugin. -->","yoast_head_json":{"title":"Projeto de Ubaldo Fernandes que combate golpes financeiros contra idosos \u00e9 sancionado - Ubaldo Fernandes","robots":{"index":"index","follow":"follow","max-snippet":"max-snippet:-1","max-image-preview":"max-image-preview:large","max-video-preview":"max-video-preview:-1"},"canonical":"https:\/\/ubaldofernandes.com\/index.php\/news\/projeto-de-ubaldo-fernandes-que-combate-golpes-financeiros-contra-idosos-e-sancionado\/","og_locale":"pt_BR","og_type":"article","og_title":"Projeto de Ubaldo Fernandes que combate golpes financeiros contra idosos \u00e9 sancionado - Ubaldo Fernandes","og_description":"Um projeto de lei de prote\u00e7\u00e3o ao idoso, de autoria do deputado Ubaldo Fernandes (PL), foi sancionado pela governadora do Estado, F\u00e1tima Bezerra. A lei n\u00b0 10.774 foi publicada no Di\u00e1rio Oficial do Estado e institui a campanha de conscientiza\u00e7\u00e3o quanto os golpes financeiros praticados contra os idosos em todo o Rio Grande do Norte. [&hellip;]","og_url":"https:\/\/ubaldofernandes.com\/index.php\/news\/projeto-de-ubaldo-fernandes-que-combate-golpes-financeiros-contra-idosos-e-sancionado\/","og_site_name":"Ubaldo Fernandes","article_modified_time":"2020-09-21T15:18:09+00:00","og_image":[{"width":630,"height":420,"url":"https:\/\/ubaldofernandes.com\/wp-content\/uploads\/2020\/09\/eliasjornalista.jpg","type":"image\/jpeg"}],"twitter_card":"summary_large_image","twitter_misc":{"Est. tempo de leitura":"2 minutos"},"schema":{"@context":"https:\/\/schema.org","@graph":[{"@type":"WebPage","@id":"https:\/\/ubaldofernandes.com\/index.php\/news\/projeto-de-ubaldo-fernandes-que-combate-golpes-financeiros-contra-idosos-e-sancionado\/","url":"https:\/\/ubaldofernandes.com\/index.php\/news\/projeto-de-ubaldo-fernandes-que-combate-golpes-financeiros-contra-idosos-e-sancionado\/","name":"Projeto de Ubaldo Fernandes que combate golpes financeiros contra idosos \u00e9 sancionado - Ubaldo Fernandes","isPartOf":{"@id":"https:\/\/ubaldofernandes.com\/#website"},"primaryImageOfPage":{"@id":"https:\/\/ubaldofernandes.com\/index.php\/news\/projeto-de-ubaldo-fernandes-que-combate-golpes-financeiros-contra-idosos-e-sancionado\/#primaryimage"},"image":{"@id":"https:\/\/ubaldofernandes.com\/index.php\/news\/projeto-de-ubaldo-fernandes-que-combate-golpes-financeiros-contra-idosos-e-sancionado\/#primaryimage"},"thumbnailUrl":"https:\/\/ubaldofernandes.com\/wp-content\/uploads\/2020\/09\/eliasjornalista.jpg","datePublished":"2020-09-21T15:18:07+00:00","dateModified":"2020-09-21T15:18:09+00:00","breadcrumb":{"@id":"https:\/\/ubaldofernandes.com\/index.php\/news\/projeto-de-ubaldo-fernandes-que-combate-golpes-financeiros-contra-idosos-e-sancionado\/#breadcrumb"},"inLanguage":"pt-BR","potentialAction":[{"@type":"ReadAction","target":["https:\/\/ubaldofernandes.com\/index.php\/news\/projeto-de-ubaldo-fernandes-que-combate-golpes-financeiros-contra-idosos-e-sancionado\/"]}]},{"@type":"ImageObject","inLanguage":"pt-BR","@id":"https:\/\/ubaldofernandes.com\/index.php\/news\/projeto-de-ubaldo-fernandes-que-combate-golpes-financeiros-contra-idosos-e-sancionado\/#primaryimage","url":"https:\/\/ubaldofernandes.com\/wp-content\/uploads\/2020\/09\/eliasjornalista.jpg","contentUrl":"https:\/\/ubaldofernandes.com\/wp-content\/uploads\/2020\/09\/eliasjornalista.jpg","width":630,"height":420},{"@type":"BreadcrumbList","@id":"https:\/\/ubaldofernandes.com\/index.php\/news\/projeto-de-ubaldo-fernandes-que-combate-golpes-financeiros-contra-idosos-e-sancionado\/#breadcrumb","itemListElement":[{"@type":"ListItem","position":1,"name":"In\u00edcio","item":"https:\/\/ubaldofernandes.com\/"},{"@type":"ListItem","position":2,"name":"Not\u00edcias","item":"https:\/\/ubaldofernandes.com\/index.php\/news\/"},{"@type":"ListItem","position":3,"name":"Projeto de Ubaldo Fernandes que combate golpes financeiros contra idosos \u00e9 sancionado"}]},{"@type":"WebSite","@id":"https:\/\/ubaldofernandes.com\/#website","url":"https:\/\/ubaldofernandes.com\/","name":"Ubaldo Fernandes","description":"Deputado Estadual","potentialAction":[{"@type":"SearchAction","target":{"@type":"EntryPoint","urlTemplate":"https:\/\/ubaldofernandes.com\/?s={search_term_string}"},"query-input":{"@type":"PropertyValueSpecification","valueRequired":true,"valueName":"search_term_string"}}],"inLanguage":"pt-BR"}]}},"_links":{"self":[{"href":"https:\/\/ubaldofernandes.com\/index.php\/wp-json\/wp\/v2\/news\/1298","targetHints":{"allow":["GET"]}}],"collection":[{"href":"https:\/\/ubaldofernandes.com\/index.php\/wp-json\/wp\/v2\/news"}],"about":[{"href":"https:\/\/ubaldofernandes.com\/index.php\/wp-json\/wp\/v2\/types\/news"}],"wp:featuredmedia":[{"embeddable":true,"href":"https:\/\/ubaldofernandes.com\/index.php\/wp-json\/wp\/v2\/media\/1299"}],"wp:attachment":[{"href":"https:\/\/ubaldofernandes.com\/index.php\/wp-json\/wp\/v2\/media?parent=1298"}],"curies":[{"name":"wp","href":"https:\/\/api.w.org\/{rel}","templated":true}]}}