{"id":1353,"date":"2020-10-13T12:14:17","date_gmt":"2020-10-13T15:14:17","guid":{"rendered":"https:\/\/ubaldofernandes.com\/?post_type=news&#038;p=1353"},"modified":"2020-10-13T12:14:18","modified_gmt":"2020-10-13T15:14:18","slug":"habitacao-e-seguranca-publica-pautam-horario-dos-lideres-parlamentares-na-alrn","status":"publish","type":"news","link":"https:\/\/ubaldofernandes.com\/index.php\/news\/habitacao-e-seguranca-publica-pautam-horario-dos-lideres-parlamentares-na-alrn\/","title":{"rendered":"Habita\u00e7\u00e3o e Seguran\u00e7a P\u00fablica pautam hor\u00e1rio dos l\u00edderes parlamentares na ALRN"},"content":{"rendered":"\n<p>O d\u00e9ficit habitacional em Natal e a falta de seguran\u00e7a em munic\u00edpios do interior do Estado, pautaram o hor\u00e1rio destinado aos l\u00edderes na sess\u00e3o ordin\u00e1ria desta quinta-feira (08), da Assembleia Legislativa do Rio Grande do Norte.<\/p>\n\n\n\n<p>O deputado Hermano Morais (PSB), iniciou seu discurso demonstrando preocupa\u00e7\u00e3o com o aumento consider\u00e1vel da mis\u00e9ria na capital do Estado. \u201cTenho andado muito por Natal e me chama a aten\u00e7\u00e3o o aprofundamento da mis\u00e9ria que estamos assistindo aumentar. Impressionante os \u00edndices que apontam o atraso que se encontra Natal\u201d, disse.<\/p>\n\n\n\n<p>Segundo Hermano, o problema se comprova com o aumento da popula\u00e7\u00e3o de rua. \u201cA cada dia aumenta o n\u00famero de moradores em situa\u00e7\u00e3o de rua, pessoas que est\u00e3o \u00e0 deriva, pernoitando nas cal\u00e7adas e durante o dia mendigando pelos sinais. Totalmente desalentadas. S\u00e3o fam\u00edlias inteiras, pais, m\u00e3es, filhos, idosos\u201d, lamentou.<\/p>\n\n\n\n<p>O parlamentar destacou ainda a problem\u00e1tica do d\u00e9ficit habitacional. \u201cNos \u00faltimos 10 anos mais de 93 mil pessoas se inscreveram para conseguir a sua casa pr\u00f3pria. Dessas, apenas 3 mil conseguiram. Da\u00ed o aumento da mis\u00e9ria e de pessoas em situa\u00e7\u00e3o de rua. Entre aqueles que possuem suas casas, mais de 60% dos im\u00f3veis de Natal est\u00e3o em situa\u00e7\u00e3o irregular\u201d, disse.<\/p>\n\n\n\n<p>Quem tamb\u00e9m fez uso da palavra foi o deputado Ubaldo Fernandes (PL), que cobrou da Secretaria Estadual de Seguran\u00e7a P\u00fablica e Defesa Social (Sesed) e do Tribunal Regional Eleitoral, (TRE) a elabora\u00e7\u00e3o de um plano de contingenciamento de seguran\u00e7a p\u00fablica para as elei\u00e7\u00f5es em curso.<\/p>\n\n\n\n<p>\u201cQuanto mais se aproxima o pleito mais fica o acirramento em v\u00e1rias cidades do Estado. \u00c9 preciso que a autoridades respons\u00e1veis tenham em mente essa problem\u00e1tica\u201d, sugeriu.<\/p>\n\n\n\n<p>A preocupa\u00e7\u00e3o de Ubaldo est\u00e1 baseada no d\u00e9ficit de pessoal nas pol\u00edcias Militar e Civil, principalmente dos munic\u00edpios menores do Estado. \u201c\u00c9 preciso ter cautela e precau\u00e7\u00e3o nas cidades onde os \u00e2nimos est\u00e3o mais acirrados, mas tem munic\u00edpios do RN que s\u00f3 tem dois policiais. Que nesses munic\u00edpios a pol\u00edcia seja provida de um refor\u00e7o. Que haja envolvimento do ex\u00e9rcito e pol\u00edcia federal\u201d, argumentou.<\/p>\n\n\n\n<p>Mat\u00e9ria publicada no <a href=\"http:\/\/tangaraacontece.blogspot.com\/2020\/10\/habitacao-e-seguranca-publica-pautam.html?m=1\">Blog Tangar\u00e1 Acontece<\/a>.<\/p>\n\n\n\n<p><\/p>\n","protected":false},"featured_media":1354,"parent":0,"template":"","class_list":["post-1353","news","type-news","status-publish","has-post-thumbnail","hentry"],"acf":[],"yoast_head":"<!-- This site is optimized with the Yoast SEO plugin v24.6 - https:\/\/yoast.com\/wordpress\/plugins\/seo\/ -->\n<title>Habita\u00e7\u00e3o e Seguran\u00e7a P\u00fablica pautam hor\u00e1rio dos l\u00edderes parlamentares na ALRN - Ubaldo Fernandes<\/title>\n<meta name=\"robots\" content=\"index, follow, max-snippet:-1, max-image-preview:large, max-video-preview:-1\" \/>\n<link rel=\"canonical\" href=\"https:\/\/ubaldofernandes.com\/index.php\/news\/habitacao-e-seguranca-publica-pautam-horario-dos-lideres-parlamentares-na-alrn\/\" \/>\n<meta property=\"og:locale\" content=\"pt_BR\" \/>\n<meta property=\"og:type\" content=\"article\" \/>\n<meta property=\"og:title\" content=\"Habita\u00e7\u00e3o e Seguran\u00e7a P\u00fablica pautam hor\u00e1rio dos l\u00edderes parlamentares na ALRN - Ubaldo Fernandes\" \/>\n<meta property=\"og:description\" content=\"O d\u00e9ficit habitacional em Natal e a falta de seguran\u00e7a em munic\u00edpios do interior do Estado, pautaram o hor\u00e1rio destinado aos l\u00edderes na sess\u00e3o ordin\u00e1ria desta quinta-feira (08), da Assembleia Legislativa do Rio Grande do Norte. O deputado Hermano Morais (PSB), iniciou seu discurso demonstrando preocupa\u00e7\u00e3o com o aumento consider\u00e1vel da mis\u00e9ria na capital do [&hellip;]\" \/>\n<meta property=\"og:url\" content=\"https:\/\/ubaldofernandes.com\/index.php\/news\/habitacao-e-seguranca-publica-pautam-horario-dos-lideres-parlamentares-na-alrn\/\" \/>\n<meta property=\"og:site_name\" content=\"Ubaldo Fernandes\" \/>\n<meta property=\"article:modified_time\" content=\"2020-10-13T15:14:18+00:00\" \/>\n<meta property=\"og:image\" content=\"https:\/\/ubaldofernandes.com\/wp-content\/uploads\/2020\/10\/comissao.jpg\" \/>\n\t<meta property=\"og:image:width\" content=\"1276\" \/>\n\t<meta property=\"og:image:height\" content=\"850\" \/>\n\t<meta property=\"og:image:type\" content=\"image\/jpeg\" \/>\n<meta name=\"twitter:card\" content=\"summary_large_image\" \/>\n<meta name=\"twitter:label1\" content=\"Est. tempo de leitura\" \/>\n\t<meta name=\"twitter:data1\" content=\"2 minutos\" \/>\n<script type=\"application\/ld+json\" class=\"yoast-schema-graph\">{\"@context\":\"https:\/\/schema.org\",\"@graph\":[{\"@type\":\"WebPage\",\"@id\":\"https:\/\/ubaldofernandes.com\/index.php\/news\/habitacao-e-seguranca-publica-pautam-horario-dos-lideres-parlamentares-na-alrn\/\",\"url\":\"https:\/\/ubaldofernandes.com\/index.php\/news\/habitacao-e-seguranca-publica-pautam-horario-dos-lideres-parlamentares-na-alrn\/\",\"name\":\"Habita\u00e7\u00e3o e Seguran\u00e7a P\u00fablica pautam hor\u00e1rio dos l\u00edderes parlamentares na ALRN - Ubaldo Fernandes\",\"isPartOf\":{\"@id\":\"https:\/\/ubaldofernandes.com\/#website\"},\"primaryImageOfPage\":{\"@id\":\"https:\/\/ubaldofernandes.com\/index.php\/news\/habitacao-e-seguranca-publica-pautam-horario-dos-lideres-parlamentares-na-alrn\/#primaryimage\"},\"image\":{\"@id\":\"https:\/\/ubaldofernandes.com\/index.php\/news\/habitacao-e-seguranca-publica-pautam-horario-dos-lideres-parlamentares-na-alrn\/#primaryimage\"},\"thumbnailUrl\":\"https:\/\/ubaldofernandes.com\/wp-content\/uploads\/2020\/10\/comissao.jpg\",\"datePublished\":\"2020-10-13T15:14:17+00:00\",\"dateModified\":\"2020-10-13T15:14:18+00:00\",\"breadcrumb\":{\"@id\":\"https:\/\/ubaldofernandes.com\/index.php\/news\/habitacao-e-seguranca-publica-pautam-horario-dos-lideres-parlamentares-na-alrn\/#breadcrumb\"},\"inLanguage\":\"pt-BR\",\"potentialAction\":[{\"@type\":\"ReadAction\",\"target\":[\"https:\/\/ubaldofernandes.com\/index.php\/news\/habitacao-e-seguranca-publica-pautam-horario-dos-lideres-parlamentares-na-alrn\/\"]}]},{\"@type\":\"ImageObject\",\"inLanguage\":\"pt-BR\",\"@id\":\"https:\/\/ubaldofernandes.com\/index.php\/news\/habitacao-e-seguranca-publica-pautam-horario-dos-lideres-parlamentares-na-alrn\/#primaryimage\",\"url\":\"https:\/\/ubaldofernandes.com\/wp-content\/uploads\/2020\/10\/comissao.jpg\",\"contentUrl\":\"https:\/\/ubaldofernandes.com\/wp-content\/uploads\/2020\/10\/comissao.jpg\",\"width\":1276,\"height\":850},{\"@type\":\"BreadcrumbList\",\"@id\":\"https:\/\/ubaldofernandes.com\/index.php\/news\/habitacao-e-seguranca-publica-pautam-horario-dos-lideres-parlamentares-na-alrn\/#breadcrumb\",\"itemListElement\":[{\"@type\":\"ListItem\",\"position\":1,\"name\":\"In\u00edcio\",\"item\":\"https:\/\/ubaldofernandes.com\/\"},{\"@type\":\"ListItem\",\"position\":2,\"name\":\"Not\u00edcias\",\"item\":\"https:\/\/ubaldofernandes.com\/index.php\/news\/\"},{\"@type\":\"ListItem\",\"position\":3,\"name\":\"Habita\u00e7\u00e3o e Seguran\u00e7a P\u00fablica pautam hor\u00e1rio dos l\u00edderes parlamentares na ALRN\"}]},{\"@type\":\"WebSite\",\"@id\":\"https:\/\/ubaldofernandes.com\/#website\",\"url\":\"https:\/\/ubaldofernandes.com\/\",\"name\":\"Ubaldo Fernandes\",\"description\":\"Deputado Estadual\",\"potentialAction\":[{\"@type\":\"SearchAction\",\"target\":{\"@type\":\"EntryPoint\",\"urlTemplate\":\"https:\/\/ubaldofernandes.com\/?s={search_term_string}\"},\"query-input\":{\"@type\":\"PropertyValueSpecification\",\"valueRequired\":true,\"valueName\":\"search_term_string\"}}],\"inLanguage\":\"pt-BR\"}]}<\/script>\n<!-- \/ Yoast SEO plugin. -->","yoast_head_json":{"title":"Habita\u00e7\u00e3o e Seguran\u00e7a P\u00fablica pautam hor\u00e1rio dos l\u00edderes parlamentares na ALRN - Ubaldo Fernandes","robots":{"index":"index","follow":"follow","max-snippet":"max-snippet:-1","max-image-preview":"max-image-preview:large","max-video-preview":"max-video-preview:-1"},"canonical":"https:\/\/ubaldofernandes.com\/index.php\/news\/habitacao-e-seguranca-publica-pautam-horario-dos-lideres-parlamentares-na-alrn\/","og_locale":"pt_BR","og_type":"article","og_title":"Habita\u00e7\u00e3o e Seguran\u00e7a P\u00fablica pautam hor\u00e1rio dos l\u00edderes parlamentares na ALRN - Ubaldo Fernandes","og_description":"O d\u00e9ficit habitacional em Natal e a falta de seguran\u00e7a em munic\u00edpios do interior do Estado, pautaram o hor\u00e1rio destinado aos l\u00edderes na sess\u00e3o ordin\u00e1ria desta quinta-feira (08), da Assembleia Legislativa do Rio Grande do Norte. O deputado Hermano Morais (PSB), iniciou seu discurso demonstrando preocupa\u00e7\u00e3o com o aumento consider\u00e1vel da mis\u00e9ria na capital do [&hellip;]","og_url":"https:\/\/ubaldofernandes.com\/index.php\/news\/habitacao-e-seguranca-publica-pautam-horario-dos-lideres-parlamentares-na-alrn\/","og_site_name":"Ubaldo Fernandes","article_modified_time":"2020-10-13T15:14:18+00:00","og_image":[{"width":1276,"height":850,"url":"https:\/\/ubaldofernandes.com\/wp-content\/uploads\/2020\/10\/comissao.jpg","type":"image\/jpeg"}],"twitter_card":"summary_large_image","twitter_misc":{"Est. tempo de leitura":"2 minutos"},"schema":{"@context":"https:\/\/schema.org","@graph":[{"@type":"WebPage","@id":"https:\/\/ubaldofernandes.com\/index.php\/news\/habitacao-e-seguranca-publica-pautam-horario-dos-lideres-parlamentares-na-alrn\/","url":"https:\/\/ubaldofernandes.com\/index.php\/news\/habitacao-e-seguranca-publica-pautam-horario-dos-lideres-parlamentares-na-alrn\/","name":"Habita\u00e7\u00e3o e Seguran\u00e7a P\u00fablica pautam hor\u00e1rio dos l\u00edderes parlamentares na ALRN - Ubaldo Fernandes","isPartOf":{"@id":"https:\/\/ubaldofernandes.com\/#website"},"primaryImageOfPage":{"@id":"https:\/\/ubaldofernandes.com\/index.php\/news\/habitacao-e-seguranca-publica-pautam-horario-dos-lideres-parlamentares-na-alrn\/#primaryimage"},"image":{"@id":"https:\/\/ubaldofernandes.com\/index.php\/news\/habitacao-e-seguranca-publica-pautam-horario-dos-lideres-parlamentares-na-alrn\/#primaryimage"},"thumbnailUrl":"https:\/\/ubaldofernandes.com\/wp-content\/uploads\/2020\/10\/comissao.jpg","datePublished":"2020-10-13T15:14:17+00:00","dateModified":"2020-10-13T15:14:18+00:00","breadcrumb":{"@id":"https:\/\/ubaldofernandes.com\/index.php\/news\/habitacao-e-seguranca-publica-pautam-horario-dos-lideres-parlamentares-na-alrn\/#breadcrumb"},"inLanguage":"pt-BR","potentialAction":[{"@type":"ReadAction","target":["https:\/\/ubaldofernandes.com\/index.php\/news\/habitacao-e-seguranca-publica-pautam-horario-dos-lideres-parlamentares-na-alrn\/"]}]},{"@type":"ImageObject","inLanguage":"pt-BR","@id":"https:\/\/ubaldofernandes.com\/index.php\/news\/habitacao-e-seguranca-publica-pautam-horario-dos-lideres-parlamentares-na-alrn\/#primaryimage","url":"https:\/\/ubaldofernandes.com\/wp-content\/uploads\/2020\/10\/comissao.jpg","contentUrl":"https:\/\/ubaldofernandes.com\/wp-content\/uploads\/2020\/10\/comissao.jpg","width":1276,"height":850},{"@type":"BreadcrumbList","@id":"https:\/\/ubaldofernandes.com\/index.php\/news\/habitacao-e-seguranca-publica-pautam-horario-dos-lideres-parlamentares-na-alrn\/#breadcrumb","itemListElement":[{"@type":"ListItem","position":1,"name":"In\u00edcio","item":"https:\/\/ubaldofernandes.com\/"},{"@type":"ListItem","position":2,"name":"Not\u00edcias","item":"https:\/\/ubaldofernandes.com\/index.php\/news\/"},{"@type":"ListItem","position":3,"name":"Habita\u00e7\u00e3o e Seguran\u00e7a P\u00fablica pautam hor\u00e1rio dos l\u00edderes parlamentares na ALRN"}]},{"@type":"WebSite","@id":"https:\/\/ubaldofernandes.com\/#website","url":"https:\/\/ubaldofernandes.com\/","name":"Ubaldo Fernandes","description":"Deputado Estadual","potentialAction":[{"@type":"SearchAction","target":{"@type":"EntryPoint","urlTemplate":"https:\/\/ubaldofernandes.com\/?s={search_term_string}"},"query-input":{"@type":"PropertyValueSpecification","valueRequired":true,"valueName":"search_term_string"}}],"inLanguage":"pt-BR"}]}},"_links":{"self":[{"href":"https:\/\/ubaldofernandes.com\/index.php\/wp-json\/wp\/v2\/news\/1353","targetHints":{"allow":["GET"]}}],"collection":[{"href":"https:\/\/ubaldofernandes.com\/index.php\/wp-json\/wp\/v2\/news"}],"about":[{"href":"https:\/\/ubaldofernandes.com\/index.php\/wp-json\/wp\/v2\/types\/news"}],"wp:featuredmedia":[{"embeddable":true,"href":"https:\/\/ubaldofernandes.com\/index.php\/wp-json\/wp\/v2\/media\/1354"}],"wp:attachment":[{"href":"https:\/\/ubaldofernandes.com\/index.php\/wp-json\/wp\/v2\/media?parent=1353"}],"curies":[{"name":"wp","href":"https:\/\/api.w.org\/{rel}","templated":true}]}}