{"id":1388,"date":"2020-11-18T18:30:44","date_gmt":"2020-11-18T21:30:44","guid":{"rendered":"https:\/\/ubaldofernandes.com\/?post_type=news&#038;p=1388"},"modified":"2020-11-18T18:34:25","modified_gmt":"2020-11-18T21:34:25","slug":"cff-da-assembleia-legislativa-aprecia-projetos-orcamentarios-do-executivo","status":"publish","type":"news","link":"https:\/\/ubaldofernandes.com\/index.php\/news\/cff-da-assembleia-legislativa-aprecia-projetos-orcamentarios-do-executivo\/","title":{"rendered":"CFF da Assembleia Legislativa aprecia projetos or\u00e7ament\u00e1rios do executivo"},"content":{"rendered":"\n<p>Os membros da\u00a0<strong>Comiss\u00e3o de Finan\u00e7as e Fiscaliza\u00e7\u00e3o<\/strong>\u00a0(CFF) da\u00a0<a href=\"http:\/\/www.al.rn.gov.br\/portal\/home\">Assembleia Legislativa do Rio Grande do Norte<\/a>\u00a0reuniram-se nesta quarta-feira (18) para aprecia\u00e7\u00e3o, dentre os projetos em pauta; dois projetos de iniciativa do Governo do Estado. Trata-se do Projeto de Lei n\u00ba 247\/2020, que estima a receita e fixa a despesa do Estado do Rio Grande do Norte para o exerc\u00edcio financeiro de 2021 e o PL n\u00ba 123\/2020 que disp\u00f5e sobre as diretrizes para elabora\u00e7\u00e3o e execu\u00e7\u00e3o da Lei Or\u00e7ament\u00e1ria Anual para exerc\u00edcio de 2021. Ambos aprovados a unanimidade.<\/p>\n\n\n\n<p>O PL n\u00ba 177\/2020, de autoria do deputado\u00a0<a href=\"https:\/\/www.instagram.com\/gcarvalhorn\/\">Gustavo Carvalho (PSDB)<\/a>\u00a0que disp\u00f5e sobre o recebimento de cart\u00e3o de cr\u00e9dito e d\u00e9bito pelos \u00f3rg\u00e3os e entidades da administra\u00e7\u00e3o p\u00fablica direta e indireta tamb\u00e9m foi aprovado. \u201cEsse \u00e9 um projeto que impacta diretamente na vida do cidad\u00e3o, que at\u00e9 ent\u00e3o s\u00f3 conseguia negociar com esses \u00f3rg\u00e3os com pagamentos em esp\u00e9cie\u201d, disse\u00a0<a href=\"https:\/\/www.instagram.com\/gcarvalhorn\/\">Gustavo Carvalho.<\/a>\u00a0Outro projeto apreciado e aprovado a unanimidade com emendas substitutivas, foi o PL n\u00ba 39\/2020, de autoria do deputado\u00a0<a href=\"https:\/\/www.instagram.com\/hermanomorais\/\">Hermano Morais (PSB),<\/a>\u00a0que institui no Rio Grande do Norte a pol\u00edtica de sanitiza\u00e7\u00e3o de ambientes, a fim de evitar transmiss\u00f5es de doen\u00e7as infectocontagiosas.<\/p>\n\n\n\n<p>De autoria do deputado\u00a0<a href=\"https:\/\/www.instagram.com\/coronelazevedo20\/\">Coronel Azevedo (PSC),<\/a>\u00a0o projeto n 126\/2019 foi aprovado a unanimidade. Esse projeto concede isen\u00e7\u00e3o do pagamento das taxas e custas relativas \u00e0 renova\u00e7\u00e3o da Carteira Nacional de Habilita\u00e7\u00e3o \u2013 CNH \u2013 aos servidores p\u00fablicos deste Estado, dos quais seja exigida CNH para o exerc\u00edcio das fun\u00e7\u00f5es.<\/p>\n\n\n\n<p>Tamb\u00e9m foram apreciados e aprovados a unanimidade os projetos n\u00ba 151\/2020 e 118\/2020 de autoria do deputado<a href=\"https:\/\/www.instagram.com\/kleberrodrigues\/\">\u00a0Kleber Rodrigues (PL).<\/a>\u00a0O primeiro disp\u00f5e sobre a instala\u00e7\u00e3o de placas em braille com a rela\u00e7\u00e3o das linhas de \u00f4nibus e seus respectivos roteiros de viagens nos terminais rodovi\u00e1rios do Estado. J\u00e1 o segundo cria o programa de cr\u00e9dito especial e desburocratizado, de forma urgente, para assentamentos e pequenos agricultores do RN.<\/p>\n\n\n\n<p>Todos os projetos apreciados e aprovados seguem os tr\u00e2mites legais da\u00a0<a href=\"http:\/\/www.al.rn.gov.br\/portal\/home\">Casa Legislativa<\/a>\u00a0para em seguida irem a plen\u00e1rio para vota\u00e7\u00e3o dos deputados. Participaram da reuni\u00e3o, que funcionou de forma h\u00edbrida, os parlamentares:<a href=\"https:\/\/www.instagram.com\/tombafarias\/\">\u00a0Tomba Farias (PSDB)<\/a>,\u00a0<a href=\"https:\/\/www.instagram.com\/ubaldo.fernandes\/\">Ubaldo Fernandes (PL)<\/a>,<a href=\"https:\/\/www.instagram.com\/deputadojosedias\/\">\u00a0Jos\u00e9 Dias (PSDB)<\/a>,\u00a0<a href=\"https:\/\/www.instagram.com\/depgetuliorego\/\">Get\u00falio R\u00eago (DEM)<\/a>\u00a0e\u00a0<a href=\"https:\/\/www.instagram.com\/deputadosouza\/\">Souza (PSB)<\/a>.<\/p>\n\n\n\n<p>Mat\u00e9ria publicada no <a href=\"https:\/\/www.jolrn.com.br\/2020\/11\/18\/cff-da-assembleia-legislativa-aprecia-projetos-orcamentarios-do-executivo\/\">Blog JOL RN<\/a>.<\/p>\n","protected":false},"featured_media":1390,"parent":0,"template":"","class_list":["post-1388","news","type-news","status-publish","has-post-thumbnail","hentry"],"acf":[],"yoast_head":"<!-- This site is optimized with the Yoast SEO plugin v24.6 - https:\/\/yoast.com\/wordpress\/plugins\/seo\/ -->\n<title>CFF da Assembleia Legislativa aprecia projetos or\u00e7ament\u00e1rios do executivo - Ubaldo Fernandes<\/title>\n<meta name=\"robots\" content=\"index, follow, max-snippet:-1, max-image-preview:large, max-video-preview:-1\" \/>\n<link rel=\"canonical\" href=\"https:\/\/ubaldofernandes.com\/index.php\/news\/cff-da-assembleia-legislativa-aprecia-projetos-orcamentarios-do-executivo\/\" \/>\n<meta property=\"og:locale\" content=\"pt_BR\" \/>\n<meta property=\"og:type\" content=\"article\" \/>\n<meta property=\"og:title\" content=\"CFF da Assembleia Legislativa aprecia projetos or\u00e7ament\u00e1rios do executivo - Ubaldo Fernandes\" \/>\n<meta property=\"og:description\" content=\"Os membros da\u00a0Comiss\u00e3o de Finan\u00e7as e Fiscaliza\u00e7\u00e3o\u00a0(CFF) da\u00a0Assembleia Legislativa do Rio Grande do Norte\u00a0reuniram-se nesta quarta-feira (18) para aprecia\u00e7\u00e3o, dentre os projetos em pauta; dois projetos de iniciativa do Governo do Estado. Trata-se do Projeto de Lei n\u00ba 247\/2020, que estima a receita e fixa a despesa do Estado do Rio Grande do Norte para [&hellip;]\" \/>\n<meta property=\"og:url\" content=\"https:\/\/ubaldofernandes.com\/index.php\/news\/cff-da-assembleia-legislativa-aprecia-projetos-orcamentarios-do-executivo\/\" \/>\n<meta property=\"og:site_name\" content=\"Ubaldo Fernandes\" \/>\n<meta property=\"article:modified_time\" content=\"2020-11-18T21:34:25+00:00\" \/>\n<meta property=\"og:image\" content=\"https:\/\/ubaldofernandes.com\/wp-content\/uploads\/2020\/11\/WhatsApp-Image-2020-11-18-at-11.57.15.jpeg\" \/>\n\t<meta property=\"og:image:width\" content=\"1280\" \/>\n\t<meta property=\"og:image:height\" content=\"853\" \/>\n\t<meta property=\"og:image:type\" content=\"image\/jpeg\" \/>\n<meta name=\"twitter:card\" content=\"summary_large_image\" \/>\n<meta name=\"twitter:label1\" content=\"Est. tempo de leitura\" \/>\n\t<meta name=\"twitter:data1\" content=\"2 minutos\" \/>\n<script type=\"application\/ld+json\" class=\"yoast-schema-graph\">{\"@context\":\"https:\/\/schema.org\",\"@graph\":[{\"@type\":\"WebPage\",\"@id\":\"https:\/\/ubaldofernandes.com\/index.php\/news\/cff-da-assembleia-legislativa-aprecia-projetos-orcamentarios-do-executivo\/\",\"url\":\"https:\/\/ubaldofernandes.com\/index.php\/news\/cff-da-assembleia-legislativa-aprecia-projetos-orcamentarios-do-executivo\/\",\"name\":\"CFF da Assembleia Legislativa aprecia projetos or\u00e7ament\u00e1rios do executivo - Ubaldo Fernandes\",\"isPartOf\":{\"@id\":\"https:\/\/ubaldofernandes.com\/#website\"},\"primaryImageOfPage\":{\"@id\":\"https:\/\/ubaldofernandes.com\/index.php\/news\/cff-da-assembleia-legislativa-aprecia-projetos-orcamentarios-do-executivo\/#primaryimage\"},\"image\":{\"@id\":\"https:\/\/ubaldofernandes.com\/index.php\/news\/cff-da-assembleia-legislativa-aprecia-projetos-orcamentarios-do-executivo\/#primaryimage\"},\"thumbnailUrl\":\"https:\/\/ubaldofernandes.com\/wp-content\/uploads\/2020\/11\/WhatsApp-Image-2020-11-18-at-11.57.15.jpeg\",\"datePublished\":\"2020-11-18T21:30:44+00:00\",\"dateModified\":\"2020-11-18T21:34:25+00:00\",\"breadcrumb\":{\"@id\":\"https:\/\/ubaldofernandes.com\/index.php\/news\/cff-da-assembleia-legislativa-aprecia-projetos-orcamentarios-do-executivo\/#breadcrumb\"},\"inLanguage\":\"pt-BR\",\"potentialAction\":[{\"@type\":\"ReadAction\",\"target\":[\"https:\/\/ubaldofernandes.com\/index.php\/news\/cff-da-assembleia-legislativa-aprecia-projetos-orcamentarios-do-executivo\/\"]}]},{\"@type\":\"ImageObject\",\"inLanguage\":\"pt-BR\",\"@id\":\"https:\/\/ubaldofernandes.com\/index.php\/news\/cff-da-assembleia-legislativa-aprecia-projetos-orcamentarios-do-executivo\/#primaryimage\",\"url\":\"https:\/\/ubaldofernandes.com\/wp-content\/uploads\/2020\/11\/WhatsApp-Image-2020-11-18-at-11.57.15.jpeg\",\"contentUrl\":\"https:\/\/ubaldofernandes.com\/wp-content\/uploads\/2020\/11\/WhatsApp-Image-2020-11-18-at-11.57.15.jpeg\",\"width\":1280,\"height\":853},{\"@type\":\"BreadcrumbList\",\"@id\":\"https:\/\/ubaldofernandes.com\/index.php\/news\/cff-da-assembleia-legislativa-aprecia-projetos-orcamentarios-do-executivo\/#breadcrumb\",\"itemListElement\":[{\"@type\":\"ListItem\",\"position\":1,\"name\":\"In\u00edcio\",\"item\":\"https:\/\/ubaldofernandes.com\/\"},{\"@type\":\"ListItem\",\"position\":2,\"name\":\"Not\u00edcias\",\"item\":\"https:\/\/ubaldofernandes.com\/index.php\/news\/\"},{\"@type\":\"ListItem\",\"position\":3,\"name\":\"CFF da Assembleia Legislativa aprecia projetos or\u00e7ament\u00e1rios do executivo\"}]},{\"@type\":\"WebSite\",\"@id\":\"https:\/\/ubaldofernandes.com\/#website\",\"url\":\"https:\/\/ubaldofernandes.com\/\",\"name\":\"Ubaldo Fernandes\",\"description\":\"Deputado Estadual\",\"potentialAction\":[{\"@type\":\"SearchAction\",\"target\":{\"@type\":\"EntryPoint\",\"urlTemplate\":\"https:\/\/ubaldofernandes.com\/?s={search_term_string}\"},\"query-input\":{\"@type\":\"PropertyValueSpecification\",\"valueRequired\":true,\"valueName\":\"search_term_string\"}}],\"inLanguage\":\"pt-BR\"}]}<\/script>\n<!-- \/ Yoast SEO plugin. -->","yoast_head_json":{"title":"CFF da Assembleia Legislativa aprecia projetos or\u00e7ament\u00e1rios do executivo - Ubaldo Fernandes","robots":{"index":"index","follow":"follow","max-snippet":"max-snippet:-1","max-image-preview":"max-image-preview:large","max-video-preview":"max-video-preview:-1"},"canonical":"https:\/\/ubaldofernandes.com\/index.php\/news\/cff-da-assembleia-legislativa-aprecia-projetos-orcamentarios-do-executivo\/","og_locale":"pt_BR","og_type":"article","og_title":"CFF da Assembleia Legislativa aprecia projetos or\u00e7ament\u00e1rios do executivo - Ubaldo Fernandes","og_description":"Os membros da\u00a0Comiss\u00e3o de Finan\u00e7as e Fiscaliza\u00e7\u00e3o\u00a0(CFF) da\u00a0Assembleia Legislativa do Rio Grande do Norte\u00a0reuniram-se nesta quarta-feira (18) para aprecia\u00e7\u00e3o, dentre os projetos em pauta; dois projetos de iniciativa do Governo do Estado. Trata-se do Projeto de Lei n\u00ba 247\/2020, que estima a receita e fixa a despesa do Estado do Rio Grande do Norte para [&hellip;]","og_url":"https:\/\/ubaldofernandes.com\/index.php\/news\/cff-da-assembleia-legislativa-aprecia-projetos-orcamentarios-do-executivo\/","og_site_name":"Ubaldo Fernandes","article_modified_time":"2020-11-18T21:34:25+00:00","og_image":[{"width":1280,"height":853,"url":"https:\/\/ubaldofernandes.com\/wp-content\/uploads\/2020\/11\/WhatsApp-Image-2020-11-18-at-11.57.15.jpeg","type":"image\/jpeg"}],"twitter_card":"summary_large_image","twitter_misc":{"Est. tempo de leitura":"2 minutos"},"schema":{"@context":"https:\/\/schema.org","@graph":[{"@type":"WebPage","@id":"https:\/\/ubaldofernandes.com\/index.php\/news\/cff-da-assembleia-legislativa-aprecia-projetos-orcamentarios-do-executivo\/","url":"https:\/\/ubaldofernandes.com\/index.php\/news\/cff-da-assembleia-legislativa-aprecia-projetos-orcamentarios-do-executivo\/","name":"CFF da Assembleia Legislativa aprecia projetos or\u00e7ament\u00e1rios do executivo - Ubaldo Fernandes","isPartOf":{"@id":"https:\/\/ubaldofernandes.com\/#website"},"primaryImageOfPage":{"@id":"https:\/\/ubaldofernandes.com\/index.php\/news\/cff-da-assembleia-legislativa-aprecia-projetos-orcamentarios-do-executivo\/#primaryimage"},"image":{"@id":"https:\/\/ubaldofernandes.com\/index.php\/news\/cff-da-assembleia-legislativa-aprecia-projetos-orcamentarios-do-executivo\/#primaryimage"},"thumbnailUrl":"https:\/\/ubaldofernandes.com\/wp-content\/uploads\/2020\/11\/WhatsApp-Image-2020-11-18-at-11.57.15.jpeg","datePublished":"2020-11-18T21:30:44+00:00","dateModified":"2020-11-18T21:34:25+00:00","breadcrumb":{"@id":"https:\/\/ubaldofernandes.com\/index.php\/news\/cff-da-assembleia-legislativa-aprecia-projetos-orcamentarios-do-executivo\/#breadcrumb"},"inLanguage":"pt-BR","potentialAction":[{"@type":"ReadAction","target":["https:\/\/ubaldofernandes.com\/index.php\/news\/cff-da-assembleia-legislativa-aprecia-projetos-orcamentarios-do-executivo\/"]}]},{"@type":"ImageObject","inLanguage":"pt-BR","@id":"https:\/\/ubaldofernandes.com\/index.php\/news\/cff-da-assembleia-legislativa-aprecia-projetos-orcamentarios-do-executivo\/#primaryimage","url":"https:\/\/ubaldofernandes.com\/wp-content\/uploads\/2020\/11\/WhatsApp-Image-2020-11-18-at-11.57.15.jpeg","contentUrl":"https:\/\/ubaldofernandes.com\/wp-content\/uploads\/2020\/11\/WhatsApp-Image-2020-11-18-at-11.57.15.jpeg","width":1280,"height":853},{"@type":"BreadcrumbList","@id":"https:\/\/ubaldofernandes.com\/index.php\/news\/cff-da-assembleia-legislativa-aprecia-projetos-orcamentarios-do-executivo\/#breadcrumb","itemListElement":[{"@type":"ListItem","position":1,"name":"In\u00edcio","item":"https:\/\/ubaldofernandes.com\/"},{"@type":"ListItem","position":2,"name":"Not\u00edcias","item":"https:\/\/ubaldofernandes.com\/index.php\/news\/"},{"@type":"ListItem","position":3,"name":"CFF da Assembleia Legislativa aprecia projetos or\u00e7ament\u00e1rios do executivo"}]},{"@type":"WebSite","@id":"https:\/\/ubaldofernandes.com\/#website","url":"https:\/\/ubaldofernandes.com\/","name":"Ubaldo Fernandes","description":"Deputado Estadual","potentialAction":[{"@type":"SearchAction","target":{"@type":"EntryPoint","urlTemplate":"https:\/\/ubaldofernandes.com\/?s={search_term_string}"},"query-input":{"@type":"PropertyValueSpecification","valueRequired":true,"valueName":"search_term_string"}}],"inLanguage":"pt-BR"}]}},"_links":{"self":[{"href":"https:\/\/ubaldofernandes.com\/index.php\/wp-json\/wp\/v2\/news\/1388","targetHints":{"allow":["GET"]}}],"collection":[{"href":"https:\/\/ubaldofernandes.com\/index.php\/wp-json\/wp\/v2\/news"}],"about":[{"href":"https:\/\/ubaldofernandes.com\/index.php\/wp-json\/wp\/v2\/types\/news"}],"wp:featuredmedia":[{"embeddable":true,"href":"https:\/\/ubaldofernandes.com\/index.php\/wp-json\/wp\/v2\/media\/1390"}],"wp:attachment":[{"href":"https:\/\/ubaldofernandes.com\/index.php\/wp-json\/wp\/v2\/media?parent=1388"}],"curies":[{"name":"wp","href":"https:\/\/api.w.org\/{rel}","templated":true}]}}