{"id":1393,"date":"2020-11-18T10:48:00","date_gmt":"2020-11-18T13:48:00","guid":{"rendered":"https:\/\/ubaldofernandes.com\/?post_type=news&#038;p=1393"},"modified":"2020-11-18T18:48:51","modified_gmt":"2020-11-18T21:48:51","slug":"eleicoes-municipais-dominam-discursos-das-liderancas-na-assembleia-legislativa-do-rn","status":"publish","type":"news","link":"https:\/\/ubaldofernandes.com\/index.php\/news\/eleicoes-municipais-dominam-discursos-das-liderancas-na-assembleia-legislativa-do-rn\/","title":{"rendered":"Elei\u00e7\u00f5es municipais dominam discursos das lideran\u00e7as na Assembleia Legislativa do RN"},"content":{"rendered":"\n<p>O resultado das Elei\u00e7\u00f5es Municipais dominou a pauta de pronunciamentos no hor\u00e1rio das lideran\u00e7as da sess\u00e3o realizada na Assembleia Legislativa do RN nesta ter\u00e7a-feira (17). Os deputados Hermano Morais (PSB), George Soares (PL), Tomba Farias (PSDB) e Ubaldo Fernandes (PL) avaliaram o pleito e destacaram o desempenho dos candidatos em algumas cidades. O baixo \u00edndice de absten\u00e7\u00e3o no Rio Grande do Norte no dia da vota\u00e7\u00e3o tamb\u00e9m foi destacado \u2013 o estado teve o quarto menor \u00edndice do pa\u00eds, segundo dados oficias do TSE.<\/p>\n\n\n\n<p>Em sua fala, Ubaldo Fernandes parabenizou o Tribunal Regional Eleitoral (TRE\/RN) \u201cpela condu\u00e7\u00e3o do processo da nossa democracia. As elei\u00e7\u00f5es transcorreram normalmente, num momento at\u00edpico que passa nosso estado e o mundo\u201d, avaliou. O deputado tamb\u00e9m destacou a participa\u00e7\u00e3o das institui\u00e7\u00f5es no processo, como a Secretaria Estadual de Seguran\u00e7a P\u00fablica e as For\u00e7as Armadas. \u201cQuero parabenizar todos os munic\u00edpios do RN os gestores eleitos e reeleitos, assim como os vereadores. Agora \u00e9 hora das bandeiras serem baixadas e oposi\u00e7\u00e3o e situa\u00e7\u00e3o trabalharem juntas\u201d, sugeriu.\u00a0<\/p>\n\n\n\n<p>O destaque de Ubaldo foi para a elei\u00e7\u00e3o do vereador Herbert Sena (PL), o mais votado de Natal. \u201cFruto de muito trabalho, muita luta e que mostra \u00e0 popula\u00e7\u00e3o que tem servi\u00e7o prestado. Por isso merece ter oportunidade\u201d, parabenizou. O deputado citou ainda as cidades de Tangar\u00e1, Tenente Laurentino e Eloy de Souza. \u201cEssas mudan\u00e7as s\u00e3o importantes para a democracia e representam o fortalecimento da administra\u00e7\u00e3o. Parabenizo tamb\u00e9m Allyson. O mossoroense estava pretendendo mudan\u00e7as\u201d, finalizou.<\/p>\n\n\n\n<p>Mat\u00e9ria publicada no <a href=\"http:\/\/tangaraacontece.blogspot.com\/2020\/11\/tangara-eleicoes-municipais-dominam.html?m=1\">Blog Tangar\u00e1 Acontece.<\/a> <\/p>\n","protected":false},"featured_media":1394,"parent":0,"template":"","class_list":["post-1393","news","type-news","status-publish","has-post-thumbnail","hentry"],"acf":[],"yoast_head":"<!-- This site is optimized with the Yoast SEO plugin v24.6 - https:\/\/yoast.com\/wordpress\/plugins\/seo\/ -->\n<title>Elei\u00e7\u00f5es municipais dominam discursos das lideran\u00e7as na Assembleia Legislativa do RN - Ubaldo Fernandes<\/title>\n<meta name=\"robots\" content=\"index, follow, max-snippet:-1, max-image-preview:large, max-video-preview:-1\" \/>\n<link rel=\"canonical\" href=\"https:\/\/ubaldofernandes.com\/index.php\/news\/eleicoes-municipais-dominam-discursos-das-liderancas-na-assembleia-legislativa-do-rn\/\" \/>\n<meta property=\"og:locale\" content=\"pt_BR\" \/>\n<meta property=\"og:type\" content=\"article\" \/>\n<meta property=\"og:title\" content=\"Elei\u00e7\u00f5es municipais dominam discursos das lideran\u00e7as na Assembleia Legislativa do RN - Ubaldo Fernandes\" \/>\n<meta property=\"og:description\" content=\"O resultado das Elei\u00e7\u00f5es Municipais dominou a pauta de pronunciamentos no hor\u00e1rio das lideran\u00e7as da sess\u00e3o realizada na Assembleia Legislativa do RN nesta ter\u00e7a-feira (17). Os deputados Hermano Morais (PSB), George Soares (PL), Tomba Farias (PSDB) e Ubaldo Fernandes (PL) avaliaram o pleito e destacaram o desempenho dos candidatos em algumas cidades. O baixo \u00edndice [&hellip;]\" \/>\n<meta property=\"og:url\" content=\"https:\/\/ubaldofernandes.com\/index.php\/news\/eleicoes-municipais-dominam-discursos-das-liderancas-na-assembleia-legislativa-do-rn\/\" \/>\n<meta property=\"og:site_name\" content=\"Ubaldo Fernandes\" \/>\n<meta property=\"article:modified_time\" content=\"2020-11-18T21:48:51+00:00\" \/>\n<meta property=\"og:image\" content=\"https:\/\/ubaldofernandes.com\/wp-content\/uploads\/2020\/11\/tangara-acontece.jpg\" \/>\n\t<meta property=\"og:image:width\" content=\"506\" \/>\n\t<meta property=\"og:image:height\" content=\"337\" \/>\n\t<meta property=\"og:image:type\" content=\"image\/jpeg\" \/>\n<meta name=\"twitter:card\" content=\"summary_large_image\" \/>\n<meta name=\"twitter:label1\" content=\"Est. tempo de leitura\" \/>\n\t<meta name=\"twitter:data1\" content=\"1 minuto\" \/>\n<script type=\"application\/ld+json\" class=\"yoast-schema-graph\">{\"@context\":\"https:\/\/schema.org\",\"@graph\":[{\"@type\":\"WebPage\",\"@id\":\"https:\/\/ubaldofernandes.com\/index.php\/news\/eleicoes-municipais-dominam-discursos-das-liderancas-na-assembleia-legislativa-do-rn\/\",\"url\":\"https:\/\/ubaldofernandes.com\/index.php\/news\/eleicoes-municipais-dominam-discursos-das-liderancas-na-assembleia-legislativa-do-rn\/\",\"name\":\"Elei\u00e7\u00f5es municipais dominam discursos das lideran\u00e7as na Assembleia Legislativa do RN - Ubaldo Fernandes\",\"isPartOf\":{\"@id\":\"https:\/\/ubaldofernandes.com\/#website\"},\"primaryImageOfPage\":{\"@id\":\"https:\/\/ubaldofernandes.com\/index.php\/news\/eleicoes-municipais-dominam-discursos-das-liderancas-na-assembleia-legislativa-do-rn\/#primaryimage\"},\"image\":{\"@id\":\"https:\/\/ubaldofernandes.com\/index.php\/news\/eleicoes-municipais-dominam-discursos-das-liderancas-na-assembleia-legislativa-do-rn\/#primaryimage\"},\"thumbnailUrl\":\"https:\/\/ubaldofernandes.com\/wp-content\/uploads\/2020\/11\/tangara-acontece.jpg\",\"datePublished\":\"2020-11-18T13:48:00+00:00\",\"dateModified\":\"2020-11-18T21:48:51+00:00\",\"breadcrumb\":{\"@id\":\"https:\/\/ubaldofernandes.com\/index.php\/news\/eleicoes-municipais-dominam-discursos-das-liderancas-na-assembleia-legislativa-do-rn\/#breadcrumb\"},\"inLanguage\":\"pt-BR\",\"potentialAction\":[{\"@type\":\"ReadAction\",\"target\":[\"https:\/\/ubaldofernandes.com\/index.php\/news\/eleicoes-municipais-dominam-discursos-das-liderancas-na-assembleia-legislativa-do-rn\/\"]}]},{\"@type\":\"ImageObject\",\"inLanguage\":\"pt-BR\",\"@id\":\"https:\/\/ubaldofernandes.com\/index.php\/news\/eleicoes-municipais-dominam-discursos-das-liderancas-na-assembleia-legislativa-do-rn\/#primaryimage\",\"url\":\"https:\/\/ubaldofernandes.com\/wp-content\/uploads\/2020\/11\/tangara-acontece.jpg\",\"contentUrl\":\"https:\/\/ubaldofernandes.com\/wp-content\/uploads\/2020\/11\/tangara-acontece.jpg\",\"width\":506,\"height\":337},{\"@type\":\"BreadcrumbList\",\"@id\":\"https:\/\/ubaldofernandes.com\/index.php\/news\/eleicoes-municipais-dominam-discursos-das-liderancas-na-assembleia-legislativa-do-rn\/#breadcrumb\",\"itemListElement\":[{\"@type\":\"ListItem\",\"position\":1,\"name\":\"In\u00edcio\",\"item\":\"https:\/\/ubaldofernandes.com\/\"},{\"@type\":\"ListItem\",\"position\":2,\"name\":\"Not\u00edcias\",\"item\":\"https:\/\/ubaldofernandes.com\/index.php\/news\/\"},{\"@type\":\"ListItem\",\"position\":3,\"name\":\"Elei\u00e7\u00f5es municipais dominam discursos das lideran\u00e7as na Assembleia Legislativa do RN\"}]},{\"@type\":\"WebSite\",\"@id\":\"https:\/\/ubaldofernandes.com\/#website\",\"url\":\"https:\/\/ubaldofernandes.com\/\",\"name\":\"Ubaldo Fernandes\",\"description\":\"Deputado Estadual\",\"potentialAction\":[{\"@type\":\"SearchAction\",\"target\":{\"@type\":\"EntryPoint\",\"urlTemplate\":\"https:\/\/ubaldofernandes.com\/?s={search_term_string}\"},\"query-input\":{\"@type\":\"PropertyValueSpecification\",\"valueRequired\":true,\"valueName\":\"search_term_string\"}}],\"inLanguage\":\"pt-BR\"}]}<\/script>\n<!-- \/ Yoast SEO plugin. -->","yoast_head_json":{"title":"Elei\u00e7\u00f5es municipais dominam discursos das lideran\u00e7as na Assembleia Legislativa do RN - Ubaldo Fernandes","robots":{"index":"index","follow":"follow","max-snippet":"max-snippet:-1","max-image-preview":"max-image-preview:large","max-video-preview":"max-video-preview:-1"},"canonical":"https:\/\/ubaldofernandes.com\/index.php\/news\/eleicoes-municipais-dominam-discursos-das-liderancas-na-assembleia-legislativa-do-rn\/","og_locale":"pt_BR","og_type":"article","og_title":"Elei\u00e7\u00f5es municipais dominam discursos das lideran\u00e7as na Assembleia Legislativa do RN - Ubaldo Fernandes","og_description":"O resultado das Elei\u00e7\u00f5es Municipais dominou a pauta de pronunciamentos no hor\u00e1rio das lideran\u00e7as da sess\u00e3o realizada na Assembleia Legislativa do RN nesta ter\u00e7a-feira (17). Os deputados Hermano Morais (PSB), George Soares (PL), Tomba Farias (PSDB) e Ubaldo Fernandes (PL) avaliaram o pleito e destacaram o desempenho dos candidatos em algumas cidades. O baixo \u00edndice [&hellip;]","og_url":"https:\/\/ubaldofernandes.com\/index.php\/news\/eleicoes-municipais-dominam-discursos-das-liderancas-na-assembleia-legislativa-do-rn\/","og_site_name":"Ubaldo Fernandes","article_modified_time":"2020-11-18T21:48:51+00:00","og_image":[{"width":506,"height":337,"url":"https:\/\/ubaldofernandes.com\/wp-content\/uploads\/2020\/11\/tangara-acontece.jpg","type":"image\/jpeg"}],"twitter_card":"summary_large_image","twitter_misc":{"Est. tempo de leitura":"1 minuto"},"schema":{"@context":"https:\/\/schema.org","@graph":[{"@type":"WebPage","@id":"https:\/\/ubaldofernandes.com\/index.php\/news\/eleicoes-municipais-dominam-discursos-das-liderancas-na-assembleia-legislativa-do-rn\/","url":"https:\/\/ubaldofernandes.com\/index.php\/news\/eleicoes-municipais-dominam-discursos-das-liderancas-na-assembleia-legislativa-do-rn\/","name":"Elei\u00e7\u00f5es municipais dominam discursos das lideran\u00e7as na Assembleia Legislativa do RN - Ubaldo Fernandes","isPartOf":{"@id":"https:\/\/ubaldofernandes.com\/#website"},"primaryImageOfPage":{"@id":"https:\/\/ubaldofernandes.com\/index.php\/news\/eleicoes-municipais-dominam-discursos-das-liderancas-na-assembleia-legislativa-do-rn\/#primaryimage"},"image":{"@id":"https:\/\/ubaldofernandes.com\/index.php\/news\/eleicoes-municipais-dominam-discursos-das-liderancas-na-assembleia-legislativa-do-rn\/#primaryimage"},"thumbnailUrl":"https:\/\/ubaldofernandes.com\/wp-content\/uploads\/2020\/11\/tangara-acontece.jpg","datePublished":"2020-11-18T13:48:00+00:00","dateModified":"2020-11-18T21:48:51+00:00","breadcrumb":{"@id":"https:\/\/ubaldofernandes.com\/index.php\/news\/eleicoes-municipais-dominam-discursos-das-liderancas-na-assembleia-legislativa-do-rn\/#breadcrumb"},"inLanguage":"pt-BR","potentialAction":[{"@type":"ReadAction","target":["https:\/\/ubaldofernandes.com\/index.php\/news\/eleicoes-municipais-dominam-discursos-das-liderancas-na-assembleia-legislativa-do-rn\/"]}]},{"@type":"ImageObject","inLanguage":"pt-BR","@id":"https:\/\/ubaldofernandes.com\/index.php\/news\/eleicoes-municipais-dominam-discursos-das-liderancas-na-assembleia-legislativa-do-rn\/#primaryimage","url":"https:\/\/ubaldofernandes.com\/wp-content\/uploads\/2020\/11\/tangara-acontece.jpg","contentUrl":"https:\/\/ubaldofernandes.com\/wp-content\/uploads\/2020\/11\/tangara-acontece.jpg","width":506,"height":337},{"@type":"BreadcrumbList","@id":"https:\/\/ubaldofernandes.com\/index.php\/news\/eleicoes-municipais-dominam-discursos-das-liderancas-na-assembleia-legislativa-do-rn\/#breadcrumb","itemListElement":[{"@type":"ListItem","position":1,"name":"In\u00edcio","item":"https:\/\/ubaldofernandes.com\/"},{"@type":"ListItem","position":2,"name":"Not\u00edcias","item":"https:\/\/ubaldofernandes.com\/index.php\/news\/"},{"@type":"ListItem","position":3,"name":"Elei\u00e7\u00f5es municipais dominam discursos das lideran\u00e7as na Assembleia Legislativa do RN"}]},{"@type":"WebSite","@id":"https:\/\/ubaldofernandes.com\/#website","url":"https:\/\/ubaldofernandes.com\/","name":"Ubaldo Fernandes","description":"Deputado Estadual","potentialAction":[{"@type":"SearchAction","target":{"@type":"EntryPoint","urlTemplate":"https:\/\/ubaldofernandes.com\/?s={search_term_string}"},"query-input":{"@type":"PropertyValueSpecification","valueRequired":true,"valueName":"search_term_string"}}],"inLanguage":"pt-BR"}]}},"_links":{"self":[{"href":"https:\/\/ubaldofernandes.com\/index.php\/wp-json\/wp\/v2\/news\/1393","targetHints":{"allow":["GET"]}}],"collection":[{"href":"https:\/\/ubaldofernandes.com\/index.php\/wp-json\/wp\/v2\/news"}],"about":[{"href":"https:\/\/ubaldofernandes.com\/index.php\/wp-json\/wp\/v2\/types\/news"}],"wp:featuredmedia":[{"embeddable":true,"href":"https:\/\/ubaldofernandes.com\/index.php\/wp-json\/wp\/v2\/media\/1394"}],"wp:attachment":[{"href":"https:\/\/ubaldofernandes.com\/index.php\/wp-json\/wp\/v2\/media?parent=1393"}],"curies":[{"name":"wp","href":"https:\/\/api.w.org\/{rel}","templated":true}]}}