{"id":1423,"date":"2020-11-26T20:26:05","date_gmt":"2020-11-26T23:26:05","guid":{"rendered":"https:\/\/ubaldofernandes.com\/?post_type=news&#038;p=1423"},"modified":"2020-11-27T08:31:57","modified_gmt":"2020-11-27T11:31:57","slug":"deputado-ubaldo-fernandes-propoe-cartao-de-vacinacao-digital-para-os-norte-rio-grandenses","status":"publish","type":"news","link":"https:\/\/ubaldofernandes.com\/index.php\/news\/deputado-ubaldo-fernandes-propoe-cartao-de-vacinacao-digital-para-os-norte-rio-grandenses\/","title":{"rendered":"Deputado Ubaldo Fernandes prop\u00f5e cart\u00e3o de vacina\u00e7\u00e3o digital para os norte-rio-grandenses"},"content":{"rendered":"\n<p>Mais um projeto do deputado Ubaldo Fernandes (PL) foi aprovado nesta quinta (26), na reuni\u00e3o extraordin\u00e1ria da Comiss\u00e3o de Finan\u00e7as e Fiscaliza\u00e7\u00e3o da Assembleia Legislativa do Rio Grande do Norte (ALRN). Trata-se da cria\u00e7\u00e3o do cart\u00e3o digital de vacina\u00e7\u00e3o, que deve conter as informa\u00e7\u00f5es de vacina\u00e7\u00e3o do paciente, inseridas pelo estabelecimento de sa\u00fade onde ocorreu a vacina\u00e7\u00e3o, independentemente de ser p\u00fablico ou privado.<\/p>\n\n\n\n<p>\u201cAs informa\u00e7\u00f5es dos pacientes estar\u00e3o dispon\u00edveis por meio da internet e de dispositivos eletr\u00f4nicos, tais como smartphones. Isso facilitar\u00e1 para que o sistema p\u00fablico de sa\u00fade possa utilizar tais informa\u00e7\u00f5es para planejar a\u00e7\u00f5es sanit\u00e1rias, promover campanhas de conscientiza\u00e7\u00e3o e realizar as aquisi\u00e7\u00f5es de vacinas e sua administra\u00e7\u00e3o de forma mais adequada\u201d, explica o deputado Ubaldo Fernandes.<\/p>\n\n\n\n<p>Atualmente, o Sistema \u00danico de Sa\u00fade (SUS) disponibiliza gratuitamente 19 vacinas que integram o\u00a0Calend\u00e1rio Nacional de Vacina\u00e7\u00e3o, protegendo contra\u00a018 doen\u00e7as imunopreven\u00edveis. Essa prote\u00e7\u00e3o inicia-se ainda nos rec\u00e9m-nascidos, podendo se estender por toda a vida. \u201cCom este projeto, queremos garantir a preserva\u00e7\u00e3o das informa\u00e7\u00f5es necess\u00e1rias a preserva\u00e7\u00e3o da sa\u00fade da popula\u00e7\u00e3o Norte-Rio-Grandense\u201d, conclui o parlamentar. O projeto segue sua tramita\u00e7\u00e3o na Assembleia, at\u00e9 vota\u00e7\u00e3o em plen\u00e1rio.<\/p>\n\n\n\n<p>Mat\u00e9ria publicada no <a href=\"https:\/\/www.vlaudeyliberato.com\/deputado-ubaldo-fernandes-propoe-cartao-de-vacinacao-digital-para-os-norte-rio-grandenses\/\">Blog de Vlaudey Liberato<\/a>. <\/p>\n","protected":false},"featured_media":1424,"parent":0,"template":"","class_list":["post-1423","news","type-news","status-publish","has-post-thumbnail","hentry"],"acf":[],"yoast_head":"<!-- This site is optimized with the Yoast SEO plugin v24.6 - https:\/\/yoast.com\/wordpress\/plugins\/seo\/ -->\n<title>Deputado Ubaldo Fernandes prop\u00f5e cart\u00e3o de vacina\u00e7\u00e3o digital para os norte-rio-grandenses - Ubaldo Fernandes<\/title>\n<meta name=\"robots\" content=\"index, follow, max-snippet:-1, max-image-preview:large, max-video-preview:-1\" \/>\n<link rel=\"canonical\" href=\"https:\/\/ubaldofernandes.com\/index.php\/news\/deputado-ubaldo-fernandes-propoe-cartao-de-vacinacao-digital-para-os-norte-rio-grandenses\/\" \/>\n<meta property=\"og:locale\" content=\"pt_BR\" \/>\n<meta property=\"og:type\" content=\"article\" \/>\n<meta property=\"og:title\" content=\"Deputado Ubaldo Fernandes prop\u00f5e cart\u00e3o de vacina\u00e7\u00e3o digital para os norte-rio-grandenses - Ubaldo Fernandes\" \/>\n<meta property=\"og:description\" content=\"Mais um projeto do deputado Ubaldo Fernandes (PL) foi aprovado nesta quinta (26), na reuni\u00e3o extraordin\u00e1ria da Comiss\u00e3o de Finan\u00e7as e Fiscaliza\u00e7\u00e3o da Assembleia Legislativa do Rio Grande do Norte (ALRN). Trata-se da cria\u00e7\u00e3o do cart\u00e3o digital de vacina\u00e7\u00e3o, que deve conter as informa\u00e7\u00f5es de vacina\u00e7\u00e3o do paciente, inseridas pelo estabelecimento de sa\u00fade onde ocorreu [&hellip;]\" \/>\n<meta property=\"og:url\" content=\"https:\/\/ubaldofernandes.com\/index.php\/news\/deputado-ubaldo-fernandes-propoe-cartao-de-vacinacao-digital-para-os-norte-rio-grandenses\/\" \/>\n<meta property=\"og:site_name\" content=\"Ubaldo Fernandes\" \/>\n<meta property=\"article:modified_time\" content=\"2020-11-27T11:31:57+00:00\" \/>\n<meta property=\"og:image\" content=\"https:\/\/ubaldofernandes.com\/wp-content\/uploads\/2020\/11\/de25020c-d761-4a66-9b13-d7f40c9956c3.jpg\" \/>\n\t<meta property=\"og:image:width\" content=\"430\" \/>\n\t<meta property=\"og:image:height\" content=\"287\" \/>\n\t<meta property=\"og:image:type\" content=\"image\/jpeg\" \/>\n<meta name=\"twitter:card\" content=\"summary_large_image\" \/>\n<meta name=\"twitter:label1\" content=\"Est. tempo de leitura\" \/>\n\t<meta name=\"twitter:data1\" content=\"1 minuto\" \/>\n<script type=\"application\/ld+json\" class=\"yoast-schema-graph\">{\"@context\":\"https:\/\/schema.org\",\"@graph\":[{\"@type\":\"WebPage\",\"@id\":\"https:\/\/ubaldofernandes.com\/index.php\/news\/deputado-ubaldo-fernandes-propoe-cartao-de-vacinacao-digital-para-os-norte-rio-grandenses\/\",\"url\":\"https:\/\/ubaldofernandes.com\/index.php\/news\/deputado-ubaldo-fernandes-propoe-cartao-de-vacinacao-digital-para-os-norte-rio-grandenses\/\",\"name\":\"Deputado Ubaldo Fernandes prop\u00f5e cart\u00e3o de vacina\u00e7\u00e3o digital para os norte-rio-grandenses - Ubaldo Fernandes\",\"isPartOf\":{\"@id\":\"https:\/\/ubaldofernandes.com\/#website\"},\"primaryImageOfPage\":{\"@id\":\"https:\/\/ubaldofernandes.com\/index.php\/news\/deputado-ubaldo-fernandes-propoe-cartao-de-vacinacao-digital-para-os-norte-rio-grandenses\/#primaryimage\"},\"image\":{\"@id\":\"https:\/\/ubaldofernandes.com\/index.php\/news\/deputado-ubaldo-fernandes-propoe-cartao-de-vacinacao-digital-para-os-norte-rio-grandenses\/#primaryimage\"},\"thumbnailUrl\":\"https:\/\/ubaldofernandes.com\/wp-content\/uploads\/2020\/11\/de25020c-d761-4a66-9b13-d7f40c9956c3.jpg\",\"datePublished\":\"2020-11-26T23:26:05+00:00\",\"dateModified\":\"2020-11-27T11:31:57+00:00\",\"breadcrumb\":{\"@id\":\"https:\/\/ubaldofernandes.com\/index.php\/news\/deputado-ubaldo-fernandes-propoe-cartao-de-vacinacao-digital-para-os-norte-rio-grandenses\/#breadcrumb\"},\"inLanguage\":\"pt-BR\",\"potentialAction\":[{\"@type\":\"ReadAction\",\"target\":[\"https:\/\/ubaldofernandes.com\/index.php\/news\/deputado-ubaldo-fernandes-propoe-cartao-de-vacinacao-digital-para-os-norte-rio-grandenses\/\"]}]},{\"@type\":\"ImageObject\",\"inLanguage\":\"pt-BR\",\"@id\":\"https:\/\/ubaldofernandes.com\/index.php\/news\/deputado-ubaldo-fernandes-propoe-cartao-de-vacinacao-digital-para-os-norte-rio-grandenses\/#primaryimage\",\"url\":\"https:\/\/ubaldofernandes.com\/wp-content\/uploads\/2020\/11\/de25020c-d761-4a66-9b13-d7f40c9956c3.jpg\",\"contentUrl\":\"https:\/\/ubaldofernandes.com\/wp-content\/uploads\/2020\/11\/de25020c-d761-4a66-9b13-d7f40c9956c3.jpg\",\"width\":430,\"height\":287},{\"@type\":\"BreadcrumbList\",\"@id\":\"https:\/\/ubaldofernandes.com\/index.php\/news\/deputado-ubaldo-fernandes-propoe-cartao-de-vacinacao-digital-para-os-norte-rio-grandenses\/#breadcrumb\",\"itemListElement\":[{\"@type\":\"ListItem\",\"position\":1,\"name\":\"In\u00edcio\",\"item\":\"https:\/\/ubaldofernandes.com\/\"},{\"@type\":\"ListItem\",\"position\":2,\"name\":\"Not\u00edcias\",\"item\":\"https:\/\/ubaldofernandes.com\/index.php\/news\/\"},{\"@type\":\"ListItem\",\"position\":3,\"name\":\"Deputado Ubaldo Fernandes prop\u00f5e cart\u00e3o de vacina\u00e7\u00e3o digital para os norte-rio-grandenses\"}]},{\"@type\":\"WebSite\",\"@id\":\"https:\/\/ubaldofernandes.com\/#website\",\"url\":\"https:\/\/ubaldofernandes.com\/\",\"name\":\"Ubaldo Fernandes\",\"description\":\"Deputado Estadual\",\"potentialAction\":[{\"@type\":\"SearchAction\",\"target\":{\"@type\":\"EntryPoint\",\"urlTemplate\":\"https:\/\/ubaldofernandes.com\/?s={search_term_string}\"},\"query-input\":{\"@type\":\"PropertyValueSpecification\",\"valueRequired\":true,\"valueName\":\"search_term_string\"}}],\"inLanguage\":\"pt-BR\"}]}<\/script>\n<!-- \/ Yoast SEO plugin. -->","yoast_head_json":{"title":"Deputado Ubaldo Fernandes prop\u00f5e cart\u00e3o de vacina\u00e7\u00e3o digital para os norte-rio-grandenses - Ubaldo Fernandes","robots":{"index":"index","follow":"follow","max-snippet":"max-snippet:-1","max-image-preview":"max-image-preview:large","max-video-preview":"max-video-preview:-1"},"canonical":"https:\/\/ubaldofernandes.com\/index.php\/news\/deputado-ubaldo-fernandes-propoe-cartao-de-vacinacao-digital-para-os-norte-rio-grandenses\/","og_locale":"pt_BR","og_type":"article","og_title":"Deputado Ubaldo Fernandes prop\u00f5e cart\u00e3o de vacina\u00e7\u00e3o digital para os norte-rio-grandenses - Ubaldo Fernandes","og_description":"Mais um projeto do deputado Ubaldo Fernandes (PL) foi aprovado nesta quinta (26), na reuni\u00e3o extraordin\u00e1ria da Comiss\u00e3o de Finan\u00e7as e Fiscaliza\u00e7\u00e3o da Assembleia Legislativa do Rio Grande do Norte (ALRN). Trata-se da cria\u00e7\u00e3o do cart\u00e3o digital de vacina\u00e7\u00e3o, que deve conter as informa\u00e7\u00f5es de vacina\u00e7\u00e3o do paciente, inseridas pelo estabelecimento de sa\u00fade onde ocorreu [&hellip;]","og_url":"https:\/\/ubaldofernandes.com\/index.php\/news\/deputado-ubaldo-fernandes-propoe-cartao-de-vacinacao-digital-para-os-norte-rio-grandenses\/","og_site_name":"Ubaldo Fernandes","article_modified_time":"2020-11-27T11:31:57+00:00","og_image":[{"width":430,"height":287,"url":"https:\/\/ubaldofernandes.com\/wp-content\/uploads\/2020\/11\/de25020c-d761-4a66-9b13-d7f40c9956c3.jpg","type":"image\/jpeg"}],"twitter_card":"summary_large_image","twitter_misc":{"Est. tempo de leitura":"1 minuto"},"schema":{"@context":"https:\/\/schema.org","@graph":[{"@type":"WebPage","@id":"https:\/\/ubaldofernandes.com\/index.php\/news\/deputado-ubaldo-fernandes-propoe-cartao-de-vacinacao-digital-para-os-norte-rio-grandenses\/","url":"https:\/\/ubaldofernandes.com\/index.php\/news\/deputado-ubaldo-fernandes-propoe-cartao-de-vacinacao-digital-para-os-norte-rio-grandenses\/","name":"Deputado Ubaldo Fernandes prop\u00f5e cart\u00e3o de vacina\u00e7\u00e3o digital para os norte-rio-grandenses - Ubaldo Fernandes","isPartOf":{"@id":"https:\/\/ubaldofernandes.com\/#website"},"primaryImageOfPage":{"@id":"https:\/\/ubaldofernandes.com\/index.php\/news\/deputado-ubaldo-fernandes-propoe-cartao-de-vacinacao-digital-para-os-norte-rio-grandenses\/#primaryimage"},"image":{"@id":"https:\/\/ubaldofernandes.com\/index.php\/news\/deputado-ubaldo-fernandes-propoe-cartao-de-vacinacao-digital-para-os-norte-rio-grandenses\/#primaryimage"},"thumbnailUrl":"https:\/\/ubaldofernandes.com\/wp-content\/uploads\/2020\/11\/de25020c-d761-4a66-9b13-d7f40c9956c3.jpg","datePublished":"2020-11-26T23:26:05+00:00","dateModified":"2020-11-27T11:31:57+00:00","breadcrumb":{"@id":"https:\/\/ubaldofernandes.com\/index.php\/news\/deputado-ubaldo-fernandes-propoe-cartao-de-vacinacao-digital-para-os-norte-rio-grandenses\/#breadcrumb"},"inLanguage":"pt-BR","potentialAction":[{"@type":"ReadAction","target":["https:\/\/ubaldofernandes.com\/index.php\/news\/deputado-ubaldo-fernandes-propoe-cartao-de-vacinacao-digital-para-os-norte-rio-grandenses\/"]}]},{"@type":"ImageObject","inLanguage":"pt-BR","@id":"https:\/\/ubaldofernandes.com\/index.php\/news\/deputado-ubaldo-fernandes-propoe-cartao-de-vacinacao-digital-para-os-norte-rio-grandenses\/#primaryimage","url":"https:\/\/ubaldofernandes.com\/wp-content\/uploads\/2020\/11\/de25020c-d761-4a66-9b13-d7f40c9956c3.jpg","contentUrl":"https:\/\/ubaldofernandes.com\/wp-content\/uploads\/2020\/11\/de25020c-d761-4a66-9b13-d7f40c9956c3.jpg","width":430,"height":287},{"@type":"BreadcrumbList","@id":"https:\/\/ubaldofernandes.com\/index.php\/news\/deputado-ubaldo-fernandes-propoe-cartao-de-vacinacao-digital-para-os-norte-rio-grandenses\/#breadcrumb","itemListElement":[{"@type":"ListItem","position":1,"name":"In\u00edcio","item":"https:\/\/ubaldofernandes.com\/"},{"@type":"ListItem","position":2,"name":"Not\u00edcias","item":"https:\/\/ubaldofernandes.com\/index.php\/news\/"},{"@type":"ListItem","position":3,"name":"Deputado Ubaldo Fernandes prop\u00f5e cart\u00e3o de vacina\u00e7\u00e3o digital para os norte-rio-grandenses"}]},{"@type":"WebSite","@id":"https:\/\/ubaldofernandes.com\/#website","url":"https:\/\/ubaldofernandes.com\/","name":"Ubaldo Fernandes","description":"Deputado Estadual","potentialAction":[{"@type":"SearchAction","target":{"@type":"EntryPoint","urlTemplate":"https:\/\/ubaldofernandes.com\/?s={search_term_string}"},"query-input":{"@type":"PropertyValueSpecification","valueRequired":true,"valueName":"search_term_string"}}],"inLanguage":"pt-BR"}]}},"_links":{"self":[{"href":"https:\/\/ubaldofernandes.com\/index.php\/wp-json\/wp\/v2\/news\/1423","targetHints":{"allow":["GET"]}}],"collection":[{"href":"https:\/\/ubaldofernandes.com\/index.php\/wp-json\/wp\/v2\/news"}],"about":[{"href":"https:\/\/ubaldofernandes.com\/index.php\/wp-json\/wp\/v2\/types\/news"}],"wp:featuredmedia":[{"embeddable":true,"href":"https:\/\/ubaldofernandes.com\/index.php\/wp-json\/wp\/v2\/media\/1424"}],"wp:attachment":[{"href":"https:\/\/ubaldofernandes.com\/index.php\/wp-json\/wp\/v2\/media?parent=1423"}],"curies":[{"name":"wp","href":"https:\/\/api.w.org\/{rel}","templated":true}]}}