{"id":1506,"date":"2020-12-16T16:20:41","date_gmt":"2020-12-16T19:20:41","guid":{"rendered":"https:\/\/ubaldofernandes.com\/?post_type=news&#038;p=1506"},"modified":"2020-12-17T10:40:54","modified_gmt":"2020-12-17T13:40:54","slug":"deputado-ubaldo-fernandes-trata-da-regularizacao-fundiaria-com-ministro-rogerio-marinho","status":"publish","type":"news","link":"https:\/\/ubaldofernandes.com\/index.php\/news\/deputado-ubaldo-fernandes-trata-da-regularizacao-fundiaria-com-ministro-rogerio-marinho\/","title":{"rendered":"Deputado Ubaldo Fernandes trata da regulariza\u00e7\u00e3o fundi\u00e1ria com ministro Rog\u00e9rio Marinho"},"content":{"rendered":"\n<p>O deputado Ubaldo Fernandes (PL-RN), acompanhado do vereador eleito de Natal Heberth Sena (PL-RN) esteve reunido com o ministro do Desenvolvimento Regional, Rog\u00e9rio Marinho, na manh\u00e3 desta quarta-feira (16), EM Bras\u00edlia. Foram tratar da regulariza\u00e7\u00e3o fundi\u00e1ria de 6.500 im\u00f3veis da Zona Leste de Natal. \u201cEstes im\u00f3veis est\u00e3o situados nos bairros de Rocas, Bras\u00edlia Teimosa, Santos Reis, Praia do Meio e M\u00e3e Lu\u00edza. S\u00e3o bairros populares e centen\u00e1rios, mas que convivem com uma inseguran\u00e7a jur\u00eddica devido \u00e0 regulariza\u00e7\u00e3o e \u00e0 falta do t\u00edtulo de posse\u201d, explica o deputado.<\/p>\n\n\n\n<p>A regulariza\u00e7\u00e3o fundi\u00e1ria \u00e9 uma das principais bandeiras do mandato de Ubaldo Fernandes. Ele luta para que a popula\u00e7\u00e3o mais carente de Natal obtenha a posse de seus im\u00f3veis. \u201cEssa situa\u00e7\u00e3o traz um preju\u00edzo enorme para a popula\u00e7\u00e3o local, que fica de m\u00e3os atadas, sem poder vender, reformar ou ter qualquer atitude relacionada ao im\u00f3vel que reside\u201d, disse o parlamentar.<\/p>\n\n\n\n<p>Acompanharam o deputado nesta audi\u00eancia no Minist\u00e9rio do Desenvolvimento Regional (MDR) o diretor de Extens\u00e3o do IFRN \u2013 Campus Natal, Melquiades Pereira de Lima J\u00fanior, e o coordenador Geral de Projetos da FUNCERN\/IFRN, Emerson Jos\u00e9 Alves Cortez, al\u00e9m da equipe da Secretaria Nacional de Habita\u00e7\u00e3o. A comitiva solicitou ao MDR que sejam disponibilizados recursos p\u00fablicos, com um or\u00e7amento previsto de R$ 3 milh\u00f5es, para que sejam regularizados esses im\u00f3veis. O ministro deu uma resposta positiva quanto \u00e0 demanda. \u201cEle afirmou que este projeto deve ser contemplado pelo novo Programa de Habita\u00e7\u00e3o do governo federal, intitulado: Casa Verde e Amarela\u201d, ressaltou Ubaldo Fernandes.<\/p>\n\n\n\n<p>Mat\u00e9ria publicada no site <a href=\"https:\/\/senadinhomacaiba.com.br\/deputado-ubaldo-fernandes-trata-da-regularizacao-fundiaria-com-ministro-rogerio-marinho\/\">Senadinho Maca\u00edba<\/a>. <\/p>\n\n\n\n<figure class=\"wp-block-gallery columns-2 is-cropped wp-block-gallery-1 is-layout-flex wp-block-gallery-is-layout-flex\"><ul class=\"blocks-gallery-grid\"><li class=\"blocks-gallery-item\"><figure><a href=\"https:\/\/ubaldofernandes.com\/wp-content\/uploads\/2020\/12\/IMG-20201216-WA0112-A.jpg\"><img loading=\"lazy\" decoding=\"async\" width=\"1024\" height=\"838\" src=\"https:\/\/ubaldofernandes.com\/wp-content\/uploads\/2020\/12\/IMG-20201216-WA0112-A-1024x838.jpg\" alt=\"\" data-id=\"1507\" data-full-url=\"https:\/\/ubaldofernandes.com\/wp-content\/uploads\/2020\/12\/IMG-20201216-WA0112-A.jpg\" data-link=\"https:\/\/ubaldofernandes.com\/?attachment_id=1507\" class=\"wp-image-1507\" srcset=\"https:\/\/ubaldofernandes.com\/wp-content\/uploads\/2020\/12\/IMG-20201216-WA0112-A-1024x838.jpg 1024w, https:\/\/ubaldofernandes.com\/wp-content\/uploads\/2020\/12\/IMG-20201216-WA0112-A-300x245.jpg 300w, https:\/\/ubaldofernandes.com\/wp-content\/uploads\/2020\/12\/IMG-20201216-WA0112-A-768x628.jpg 768w, https:\/\/ubaldofernandes.com\/wp-content\/uploads\/2020\/12\/IMG-20201216-WA0112-A.jpg 1111w\" sizes=\"auto, (max-width: 1024px) 100vw, 1024px\" \/><\/a><\/figure><\/li><li class=\"blocks-gallery-item\"><figure><a href=\"https:\/\/ubaldofernandes.com\/wp-content\/uploads\/2020\/12\/IMG-20201216-WA0114-B.jpg\"><img loading=\"lazy\" decoding=\"async\" width=\"1024\" height=\"754\" src=\"https:\/\/ubaldofernandes.com\/wp-content\/uploads\/2020\/12\/IMG-20201216-WA0114-B-1024x754.jpg\" alt=\"\" data-id=\"1508\" data-full-url=\"https:\/\/ubaldofernandes.com\/wp-content\/uploads\/2020\/12\/IMG-20201216-WA0114-B.jpg\" data-link=\"https:\/\/ubaldofernandes.com\/?attachment_id=1508\" class=\"wp-image-1508\" srcset=\"https:\/\/ubaldofernandes.com\/wp-content\/uploads\/2020\/12\/IMG-20201216-WA0114-B-1024x754.jpg 1024w, https:\/\/ubaldofernandes.com\/wp-content\/uploads\/2020\/12\/IMG-20201216-WA0114-B-300x221.jpg 300w, https:\/\/ubaldofernandes.com\/wp-content\/uploads\/2020\/12\/IMG-20201216-WA0114-B-768x565.jpg 768w, https:\/\/ubaldofernandes.com\/wp-content\/uploads\/2020\/12\/IMG-20201216-WA0114-B.jpg 1280w\" sizes=\"auto, (max-width: 1024px) 100vw, 1024px\" \/><\/a><\/figure><\/li><\/ul><\/figure>\n","protected":false},"featured_media":1509,"parent":0,"template":"","class_list":["post-1506","news","type-news","status-publish","has-post-thumbnail","hentry"],"acf":[],"yoast_head":"<!-- This site is optimized with the Yoast SEO plugin v24.6 - https:\/\/yoast.com\/wordpress\/plugins\/seo\/ -->\n<title>Deputado Ubaldo Fernandes trata da regulariza\u00e7\u00e3o fundi\u00e1ria com ministro Rog\u00e9rio Marinho - Ubaldo Fernandes<\/title>\n<meta name=\"robots\" content=\"index, follow, max-snippet:-1, max-image-preview:large, max-video-preview:-1\" \/>\n<link rel=\"canonical\" href=\"https:\/\/ubaldofernandes.com\/index.php\/news\/deputado-ubaldo-fernandes-trata-da-regularizacao-fundiaria-com-ministro-rogerio-marinho\/\" \/>\n<meta property=\"og:locale\" content=\"pt_BR\" \/>\n<meta property=\"og:type\" content=\"article\" \/>\n<meta property=\"og:title\" content=\"Deputado Ubaldo Fernandes trata da regulariza\u00e7\u00e3o fundi\u00e1ria com ministro Rog\u00e9rio Marinho - Ubaldo Fernandes\" \/>\n<meta property=\"og:description\" content=\"O deputado Ubaldo Fernandes (PL-RN), acompanhado do vereador eleito de Natal Heberth Sena (PL-RN) esteve reunido com o ministro do Desenvolvimento Regional, Rog\u00e9rio Marinho, na manh\u00e3 desta quarta-feira (16), EM Bras\u00edlia. Foram tratar da regulariza\u00e7\u00e3o fundi\u00e1ria de 6.500 im\u00f3veis da Zona Leste de Natal. \u201cEstes im\u00f3veis est\u00e3o situados nos bairros de Rocas, Bras\u00edlia Teimosa, Santos [&hellip;]\" \/>\n<meta property=\"og:url\" content=\"https:\/\/ubaldofernandes.com\/index.php\/news\/deputado-ubaldo-fernandes-trata-da-regularizacao-fundiaria-com-ministro-rogerio-marinho\/\" \/>\n<meta property=\"og:site_name\" content=\"Ubaldo Fernandes\" \/>\n<meta property=\"article:modified_time\" content=\"2020-12-17T13:40:54+00:00\" \/>\n<meta property=\"og:image\" content=\"https:\/\/ubaldofernandes.com\/wp-content\/uploads\/2020\/12\/IMG-20201216-WA0113.jpg\" \/>\n\t<meta property=\"og:image:width\" content=\"1274\" \/>\n\t<meta property=\"og:image:height\" content=\"792\" \/>\n\t<meta property=\"og:image:type\" content=\"image\/jpeg\" \/>\n<meta name=\"twitter:card\" content=\"summary_large_image\" \/>\n<meta name=\"twitter:label1\" content=\"Est. tempo de leitura\" \/>\n\t<meta name=\"twitter:data1\" content=\"1 minuto\" \/>\n<script type=\"application\/ld+json\" class=\"yoast-schema-graph\">{\"@context\":\"https:\/\/schema.org\",\"@graph\":[{\"@type\":\"WebPage\",\"@id\":\"https:\/\/ubaldofernandes.com\/index.php\/news\/deputado-ubaldo-fernandes-trata-da-regularizacao-fundiaria-com-ministro-rogerio-marinho\/\",\"url\":\"https:\/\/ubaldofernandes.com\/index.php\/news\/deputado-ubaldo-fernandes-trata-da-regularizacao-fundiaria-com-ministro-rogerio-marinho\/\",\"name\":\"Deputado Ubaldo Fernandes trata da regulariza\u00e7\u00e3o fundi\u00e1ria com ministro Rog\u00e9rio Marinho - Ubaldo Fernandes\",\"isPartOf\":{\"@id\":\"https:\/\/ubaldofernandes.com\/#website\"},\"primaryImageOfPage\":{\"@id\":\"https:\/\/ubaldofernandes.com\/index.php\/news\/deputado-ubaldo-fernandes-trata-da-regularizacao-fundiaria-com-ministro-rogerio-marinho\/#primaryimage\"},\"image\":{\"@id\":\"https:\/\/ubaldofernandes.com\/index.php\/news\/deputado-ubaldo-fernandes-trata-da-regularizacao-fundiaria-com-ministro-rogerio-marinho\/#primaryimage\"},\"thumbnailUrl\":\"https:\/\/ubaldofernandes.com\/wp-content\/uploads\/2020\/12\/IMG-20201216-WA0113.jpg\",\"datePublished\":\"2020-12-16T19:20:41+00:00\",\"dateModified\":\"2020-12-17T13:40:54+00:00\",\"breadcrumb\":{\"@id\":\"https:\/\/ubaldofernandes.com\/index.php\/news\/deputado-ubaldo-fernandes-trata-da-regularizacao-fundiaria-com-ministro-rogerio-marinho\/#breadcrumb\"},\"inLanguage\":\"pt-BR\",\"potentialAction\":[{\"@type\":\"ReadAction\",\"target\":[\"https:\/\/ubaldofernandes.com\/index.php\/news\/deputado-ubaldo-fernandes-trata-da-regularizacao-fundiaria-com-ministro-rogerio-marinho\/\"]}]},{\"@type\":\"ImageObject\",\"inLanguage\":\"pt-BR\",\"@id\":\"https:\/\/ubaldofernandes.com\/index.php\/news\/deputado-ubaldo-fernandes-trata-da-regularizacao-fundiaria-com-ministro-rogerio-marinho\/#primaryimage\",\"url\":\"https:\/\/ubaldofernandes.com\/wp-content\/uploads\/2020\/12\/IMG-20201216-WA0113.jpg\",\"contentUrl\":\"https:\/\/ubaldofernandes.com\/wp-content\/uploads\/2020\/12\/IMG-20201216-WA0113.jpg\",\"width\":1274,\"height\":792},{\"@type\":\"BreadcrumbList\",\"@id\":\"https:\/\/ubaldofernandes.com\/index.php\/news\/deputado-ubaldo-fernandes-trata-da-regularizacao-fundiaria-com-ministro-rogerio-marinho\/#breadcrumb\",\"itemListElement\":[{\"@type\":\"ListItem\",\"position\":1,\"name\":\"In\u00edcio\",\"item\":\"https:\/\/ubaldofernandes.com\/\"},{\"@type\":\"ListItem\",\"position\":2,\"name\":\"Not\u00edcias\",\"item\":\"https:\/\/ubaldofernandes.com\/index.php\/news\/\"},{\"@type\":\"ListItem\",\"position\":3,\"name\":\"Deputado Ubaldo Fernandes trata da regulariza\u00e7\u00e3o fundi\u00e1ria com ministro Rog\u00e9rio Marinho\"}]},{\"@type\":\"WebSite\",\"@id\":\"https:\/\/ubaldofernandes.com\/#website\",\"url\":\"https:\/\/ubaldofernandes.com\/\",\"name\":\"Ubaldo Fernandes\",\"description\":\"Deputado Estadual\",\"potentialAction\":[{\"@type\":\"SearchAction\",\"target\":{\"@type\":\"EntryPoint\",\"urlTemplate\":\"https:\/\/ubaldofernandes.com\/?s={search_term_string}\"},\"query-input\":{\"@type\":\"PropertyValueSpecification\",\"valueRequired\":true,\"valueName\":\"search_term_string\"}}],\"inLanguage\":\"pt-BR\"}]}<\/script>\n<!-- \/ Yoast SEO plugin. -->","yoast_head_json":{"title":"Deputado Ubaldo Fernandes trata da regulariza\u00e7\u00e3o fundi\u00e1ria com ministro Rog\u00e9rio Marinho - Ubaldo Fernandes","robots":{"index":"index","follow":"follow","max-snippet":"max-snippet:-1","max-image-preview":"max-image-preview:large","max-video-preview":"max-video-preview:-1"},"canonical":"https:\/\/ubaldofernandes.com\/index.php\/news\/deputado-ubaldo-fernandes-trata-da-regularizacao-fundiaria-com-ministro-rogerio-marinho\/","og_locale":"pt_BR","og_type":"article","og_title":"Deputado Ubaldo Fernandes trata da regulariza\u00e7\u00e3o fundi\u00e1ria com ministro Rog\u00e9rio Marinho - Ubaldo Fernandes","og_description":"O deputado Ubaldo Fernandes (PL-RN), acompanhado do vereador eleito de Natal Heberth Sena (PL-RN) esteve reunido com o ministro do Desenvolvimento Regional, Rog\u00e9rio Marinho, na manh\u00e3 desta quarta-feira (16), EM Bras\u00edlia. Foram tratar da regulariza\u00e7\u00e3o fundi\u00e1ria de 6.500 im\u00f3veis da Zona Leste de Natal. \u201cEstes im\u00f3veis est\u00e3o situados nos bairros de Rocas, Bras\u00edlia Teimosa, Santos [&hellip;]","og_url":"https:\/\/ubaldofernandes.com\/index.php\/news\/deputado-ubaldo-fernandes-trata-da-regularizacao-fundiaria-com-ministro-rogerio-marinho\/","og_site_name":"Ubaldo Fernandes","article_modified_time":"2020-12-17T13:40:54+00:00","og_image":[{"width":1274,"height":792,"url":"https:\/\/ubaldofernandes.com\/wp-content\/uploads\/2020\/12\/IMG-20201216-WA0113.jpg","type":"image\/jpeg"}],"twitter_card":"summary_large_image","twitter_misc":{"Est. tempo de leitura":"1 minuto"},"schema":{"@context":"https:\/\/schema.org","@graph":[{"@type":"WebPage","@id":"https:\/\/ubaldofernandes.com\/index.php\/news\/deputado-ubaldo-fernandes-trata-da-regularizacao-fundiaria-com-ministro-rogerio-marinho\/","url":"https:\/\/ubaldofernandes.com\/index.php\/news\/deputado-ubaldo-fernandes-trata-da-regularizacao-fundiaria-com-ministro-rogerio-marinho\/","name":"Deputado Ubaldo Fernandes trata da regulariza\u00e7\u00e3o fundi\u00e1ria com ministro Rog\u00e9rio Marinho - Ubaldo Fernandes","isPartOf":{"@id":"https:\/\/ubaldofernandes.com\/#website"},"primaryImageOfPage":{"@id":"https:\/\/ubaldofernandes.com\/index.php\/news\/deputado-ubaldo-fernandes-trata-da-regularizacao-fundiaria-com-ministro-rogerio-marinho\/#primaryimage"},"image":{"@id":"https:\/\/ubaldofernandes.com\/index.php\/news\/deputado-ubaldo-fernandes-trata-da-regularizacao-fundiaria-com-ministro-rogerio-marinho\/#primaryimage"},"thumbnailUrl":"https:\/\/ubaldofernandes.com\/wp-content\/uploads\/2020\/12\/IMG-20201216-WA0113.jpg","datePublished":"2020-12-16T19:20:41+00:00","dateModified":"2020-12-17T13:40:54+00:00","breadcrumb":{"@id":"https:\/\/ubaldofernandes.com\/index.php\/news\/deputado-ubaldo-fernandes-trata-da-regularizacao-fundiaria-com-ministro-rogerio-marinho\/#breadcrumb"},"inLanguage":"pt-BR","potentialAction":[{"@type":"ReadAction","target":["https:\/\/ubaldofernandes.com\/index.php\/news\/deputado-ubaldo-fernandes-trata-da-regularizacao-fundiaria-com-ministro-rogerio-marinho\/"]}]},{"@type":"ImageObject","inLanguage":"pt-BR","@id":"https:\/\/ubaldofernandes.com\/index.php\/news\/deputado-ubaldo-fernandes-trata-da-regularizacao-fundiaria-com-ministro-rogerio-marinho\/#primaryimage","url":"https:\/\/ubaldofernandes.com\/wp-content\/uploads\/2020\/12\/IMG-20201216-WA0113.jpg","contentUrl":"https:\/\/ubaldofernandes.com\/wp-content\/uploads\/2020\/12\/IMG-20201216-WA0113.jpg","width":1274,"height":792},{"@type":"BreadcrumbList","@id":"https:\/\/ubaldofernandes.com\/index.php\/news\/deputado-ubaldo-fernandes-trata-da-regularizacao-fundiaria-com-ministro-rogerio-marinho\/#breadcrumb","itemListElement":[{"@type":"ListItem","position":1,"name":"In\u00edcio","item":"https:\/\/ubaldofernandes.com\/"},{"@type":"ListItem","position":2,"name":"Not\u00edcias","item":"https:\/\/ubaldofernandes.com\/index.php\/news\/"},{"@type":"ListItem","position":3,"name":"Deputado Ubaldo Fernandes trata da regulariza\u00e7\u00e3o fundi\u00e1ria com ministro Rog\u00e9rio Marinho"}]},{"@type":"WebSite","@id":"https:\/\/ubaldofernandes.com\/#website","url":"https:\/\/ubaldofernandes.com\/","name":"Ubaldo Fernandes","description":"Deputado Estadual","potentialAction":[{"@type":"SearchAction","target":{"@type":"EntryPoint","urlTemplate":"https:\/\/ubaldofernandes.com\/?s={search_term_string}"},"query-input":{"@type":"PropertyValueSpecification","valueRequired":true,"valueName":"search_term_string"}}],"inLanguage":"pt-BR"}]}},"_links":{"self":[{"href":"https:\/\/ubaldofernandes.com\/index.php\/wp-json\/wp\/v2\/news\/1506","targetHints":{"allow":["GET"]}}],"collection":[{"href":"https:\/\/ubaldofernandes.com\/index.php\/wp-json\/wp\/v2\/news"}],"about":[{"href":"https:\/\/ubaldofernandes.com\/index.php\/wp-json\/wp\/v2\/types\/news"}],"wp:featuredmedia":[{"embeddable":true,"href":"https:\/\/ubaldofernandes.com\/index.php\/wp-json\/wp\/v2\/media\/1509"}],"wp:attachment":[{"href":"https:\/\/ubaldofernandes.com\/index.php\/wp-json\/wp\/v2\/media?parent=1506"}],"curies":[{"name":"wp","href":"https:\/\/api.w.org\/{rel}","templated":true}]}}