{"id":1571,"date":"2020-12-29T10:57:00","date_gmt":"2020-12-29T13:57:00","guid":{"rendered":"https:\/\/ubaldofernandes.com\/?post_type=news&#038;p=1571"},"modified":"2020-12-30T11:01:10","modified_gmt":"2020-12-30T14:01:10","slug":"prefeitura-de-sao-paulo-do-potengi-compra-carro-0km-para-o-programa-saude-da-familia","status":"publish","type":"news","link":"https:\/\/ubaldofernandes.com\/index.php\/news\/prefeitura-de-sao-paulo-do-potengi-compra-carro-0km-para-o-programa-saude-da-familia\/","title":{"rendered":"Prefeitura de S\u00e3o Paulo do Potengi compra carro 0km para o Programa Sa\u00fade da Fam\u00edlia"},"content":{"rendered":"\n<p>A Prefeitura de S\u00e3o Paulo\u00a0 do Potengi, com recursos\u00a0 de 50mil reais oriundos de uma Emenda\u00a0Parlamentar de autoria do deputado estadual Ubaldo Fernandes, solicitada pelo\u00a0 vereador\u00a0 Kekel de Titico, comprou um carro O km\u00a0 que servir\u00e1\u00a0 ao\u00a0 Programa da Fam\u00edlia de nosso munic\u00edpio.<\/p>\n\n\n\n<p>A\u00a0 \u00a0 solenidade de entrega do ve\u00edculo a Secretaria Municipal de Sa\u00fade, aconteceu no final da\u00a0 tarde deste segunda-feira (28), com as presen\u00e7as do deputado Ubaldo, prefeito Naldinho, Secret\u00e1ria Dailva Bezerra, vereador Kekel e de funcion\u00e1rios da Sa\u00fade.\u00a0 \u00a0<\/p>\n\n\n\n<p>Mat\u00e9ria publicada no <a href=\"http:\/\/www.blogdosilverioalves.com\/2020\/12\/prefeitura-de-sao-paulo-do-potengi_29.html\">Blog do Silv\u00e9rio Alves<\/a>. <\/p>\n\n\n\n<figure class=\"wp-block-gallery columns-2 is-cropped wp-block-gallery-1 is-layout-flex wp-block-gallery-is-layout-flex\"><ul class=\"blocks-gallery-grid\"><li class=\"blocks-gallery-item\"><figure><a href=\"https:\/\/ubaldofernandes.com\/wp-content\/uploads\/2020\/12\/IMG_4695.jpg\"><img loading=\"lazy\" decoding=\"async\" width=\"1024\" height=\"683\" src=\"https:\/\/ubaldofernandes.com\/wp-content\/uploads\/2020\/12\/IMG_4695-1024x683.jpg\" alt=\"\" data-id=\"1572\" data-full-url=\"https:\/\/ubaldofernandes.com\/wp-content\/uploads\/2020\/12\/IMG_4695.jpg\" data-link=\"https:\/\/ubaldofernandes.com\/?attachment_id=1572\" class=\"wp-image-1572\" srcset=\"https:\/\/ubaldofernandes.com\/wp-content\/uploads\/2020\/12\/IMG_4695-1024x683.jpg 1024w, https:\/\/ubaldofernandes.com\/wp-content\/uploads\/2020\/12\/IMG_4695-300x200.jpg 300w, https:\/\/ubaldofernandes.com\/wp-content\/uploads\/2020\/12\/IMG_4695-768x512.jpg 768w, https:\/\/ubaldofernandes.com\/wp-content\/uploads\/2020\/12\/IMG_4695-1536x1024.jpg 1536w, https:\/\/ubaldofernandes.com\/wp-content\/uploads\/2020\/12\/IMG_4695.jpg 2048w\" sizes=\"auto, (max-width: 1024px) 100vw, 1024px\" \/><\/a><\/figure><\/li><li class=\"blocks-gallery-item\"><figure><a href=\"https:\/\/ubaldofernandes.com\/wp-content\/uploads\/2020\/12\/IMG_4699.jpg\"><img loading=\"lazy\" decoding=\"async\" width=\"1024\" height=\"683\" src=\"https:\/\/ubaldofernandes.com\/wp-content\/uploads\/2020\/12\/IMG_4699-1024x683.jpg\" alt=\"\" data-id=\"1573\" data-full-url=\"https:\/\/ubaldofernandes.com\/wp-content\/uploads\/2020\/12\/IMG_4699.jpg\" data-link=\"https:\/\/ubaldofernandes.com\/?attachment_id=1573\" class=\"wp-image-1573\" srcset=\"https:\/\/ubaldofernandes.com\/wp-content\/uploads\/2020\/12\/IMG_4699-1024x683.jpg 1024w, https:\/\/ubaldofernandes.com\/wp-content\/uploads\/2020\/12\/IMG_4699-300x200.jpg 300w, https:\/\/ubaldofernandes.com\/wp-content\/uploads\/2020\/12\/IMG_4699-768x512.jpg 768w, https:\/\/ubaldofernandes.com\/wp-content\/uploads\/2020\/12\/IMG_4699-1536x1024.jpg 1536w, https:\/\/ubaldofernandes.com\/wp-content\/uploads\/2020\/12\/IMG_4699.jpg 2048w\" sizes=\"auto, (max-width: 1024px) 100vw, 1024px\" \/><\/a><\/figure><\/li><\/ul><\/figure>\n","protected":false},"featured_media":1557,"parent":0,"template":"","class_list":["post-1571","news","type-news","status-publish","has-post-thumbnail","hentry"],"acf":[],"yoast_head":"<!-- This site is optimized with the Yoast SEO plugin v24.6 - https:\/\/yoast.com\/wordpress\/plugins\/seo\/ -->\n<title>Prefeitura de S\u00e3o Paulo do Potengi compra carro 0km para o Programa Sa\u00fade da Fam\u00edlia - Ubaldo Fernandes<\/title>\n<meta name=\"robots\" content=\"index, follow, max-snippet:-1, max-image-preview:large, max-video-preview:-1\" \/>\n<link rel=\"canonical\" href=\"https:\/\/ubaldofernandes.com\/index.php\/news\/prefeitura-de-sao-paulo-do-potengi-compra-carro-0km-para-o-programa-saude-da-familia\/\" \/>\n<meta property=\"og:locale\" content=\"pt_BR\" \/>\n<meta property=\"og:type\" content=\"article\" \/>\n<meta property=\"og:title\" content=\"Prefeitura de S\u00e3o Paulo do Potengi compra carro 0km para o Programa Sa\u00fade da Fam\u00edlia - Ubaldo Fernandes\" \/>\n<meta property=\"og:description\" content=\"A Prefeitura de S\u00e3o Paulo\u00a0 do Potengi, com recursos\u00a0 de 50mil reais oriundos de uma Emenda\u00a0Parlamentar de autoria do deputado estadual Ubaldo Fernandes, solicitada pelo\u00a0 vereador\u00a0 Kekel de Titico, comprou um carro O km\u00a0 que servir\u00e1\u00a0 ao\u00a0 Programa da Fam\u00edlia de nosso munic\u00edpio. A\u00a0 \u00a0 solenidade de entrega do ve\u00edculo a Secretaria Municipal de Sa\u00fade, [&hellip;]\" \/>\n<meta property=\"og:url\" content=\"https:\/\/ubaldofernandes.com\/index.php\/news\/prefeitura-de-sao-paulo-do-potengi-compra-carro-0km-para-o-programa-saude-da-familia\/\" \/>\n<meta property=\"og:site_name\" content=\"Ubaldo Fernandes\" \/>\n<meta property=\"article:modified_time\" content=\"2020-12-30T14:01:10+00:00\" \/>\n<meta property=\"og:image\" content=\"https:\/\/ubaldofernandes.com\/wp-content\/uploads\/2020\/12\/WhatsApp-Image-2020-12-29-at-10.24.06-1-1.jpeg\" \/>\n\t<meta property=\"og:image:width\" content=\"1280\" \/>\n\t<meta property=\"og:image:height\" content=\"960\" \/>\n\t<meta property=\"og:image:type\" content=\"image\/jpeg\" \/>\n<meta name=\"twitter:card\" content=\"summary_large_image\" \/>\n<script type=\"application\/ld+json\" class=\"yoast-schema-graph\">{\"@context\":\"https:\/\/schema.org\",\"@graph\":[{\"@type\":\"WebPage\",\"@id\":\"https:\/\/ubaldofernandes.com\/index.php\/news\/prefeitura-de-sao-paulo-do-potengi-compra-carro-0km-para-o-programa-saude-da-familia\/\",\"url\":\"https:\/\/ubaldofernandes.com\/index.php\/news\/prefeitura-de-sao-paulo-do-potengi-compra-carro-0km-para-o-programa-saude-da-familia\/\",\"name\":\"Prefeitura de S\u00e3o Paulo do Potengi compra carro 0km para o Programa Sa\u00fade da Fam\u00edlia - Ubaldo Fernandes\",\"isPartOf\":{\"@id\":\"https:\/\/ubaldofernandes.com\/#website\"},\"primaryImageOfPage\":{\"@id\":\"https:\/\/ubaldofernandes.com\/index.php\/news\/prefeitura-de-sao-paulo-do-potengi-compra-carro-0km-para-o-programa-saude-da-familia\/#primaryimage\"},\"image\":{\"@id\":\"https:\/\/ubaldofernandes.com\/index.php\/news\/prefeitura-de-sao-paulo-do-potengi-compra-carro-0km-para-o-programa-saude-da-familia\/#primaryimage\"},\"thumbnailUrl\":\"https:\/\/ubaldofernandes.com\/wp-content\/uploads\/2020\/12\/WhatsApp-Image-2020-12-29-at-10.24.06-1-1.jpeg\",\"datePublished\":\"2020-12-29T13:57:00+00:00\",\"dateModified\":\"2020-12-30T14:01:10+00:00\",\"breadcrumb\":{\"@id\":\"https:\/\/ubaldofernandes.com\/index.php\/news\/prefeitura-de-sao-paulo-do-potengi-compra-carro-0km-para-o-programa-saude-da-familia\/#breadcrumb\"},\"inLanguage\":\"pt-BR\",\"potentialAction\":[{\"@type\":\"ReadAction\",\"target\":[\"https:\/\/ubaldofernandes.com\/index.php\/news\/prefeitura-de-sao-paulo-do-potengi-compra-carro-0km-para-o-programa-saude-da-familia\/\"]}]},{\"@type\":\"ImageObject\",\"inLanguage\":\"pt-BR\",\"@id\":\"https:\/\/ubaldofernandes.com\/index.php\/news\/prefeitura-de-sao-paulo-do-potengi-compra-carro-0km-para-o-programa-saude-da-familia\/#primaryimage\",\"url\":\"https:\/\/ubaldofernandes.com\/wp-content\/uploads\/2020\/12\/WhatsApp-Image-2020-12-29-at-10.24.06-1-1.jpeg\",\"contentUrl\":\"https:\/\/ubaldofernandes.com\/wp-content\/uploads\/2020\/12\/WhatsApp-Image-2020-12-29-at-10.24.06-1-1.jpeg\",\"width\":1280,\"height\":960},{\"@type\":\"BreadcrumbList\",\"@id\":\"https:\/\/ubaldofernandes.com\/index.php\/news\/prefeitura-de-sao-paulo-do-potengi-compra-carro-0km-para-o-programa-saude-da-familia\/#breadcrumb\",\"itemListElement\":[{\"@type\":\"ListItem\",\"position\":1,\"name\":\"In\u00edcio\",\"item\":\"https:\/\/ubaldofernandes.com\/\"},{\"@type\":\"ListItem\",\"position\":2,\"name\":\"Not\u00edcias\",\"item\":\"https:\/\/ubaldofernandes.com\/index.php\/news\/\"},{\"@type\":\"ListItem\",\"position\":3,\"name\":\"Prefeitura de S\u00e3o Paulo do Potengi compra carro 0km para o Programa Sa\u00fade da Fam\u00edlia\"}]},{\"@type\":\"WebSite\",\"@id\":\"https:\/\/ubaldofernandes.com\/#website\",\"url\":\"https:\/\/ubaldofernandes.com\/\",\"name\":\"Ubaldo Fernandes\",\"description\":\"Deputado Estadual\",\"potentialAction\":[{\"@type\":\"SearchAction\",\"target\":{\"@type\":\"EntryPoint\",\"urlTemplate\":\"https:\/\/ubaldofernandes.com\/?s={search_term_string}\"},\"query-input\":{\"@type\":\"PropertyValueSpecification\",\"valueRequired\":true,\"valueName\":\"search_term_string\"}}],\"inLanguage\":\"pt-BR\"}]}<\/script>\n<!-- \/ Yoast SEO plugin. -->","yoast_head_json":{"title":"Prefeitura de S\u00e3o Paulo do Potengi compra carro 0km para o Programa Sa\u00fade da Fam\u00edlia - Ubaldo Fernandes","robots":{"index":"index","follow":"follow","max-snippet":"max-snippet:-1","max-image-preview":"max-image-preview:large","max-video-preview":"max-video-preview:-1"},"canonical":"https:\/\/ubaldofernandes.com\/index.php\/news\/prefeitura-de-sao-paulo-do-potengi-compra-carro-0km-para-o-programa-saude-da-familia\/","og_locale":"pt_BR","og_type":"article","og_title":"Prefeitura de S\u00e3o Paulo do Potengi compra carro 0km para o Programa Sa\u00fade da Fam\u00edlia - Ubaldo Fernandes","og_description":"A Prefeitura de S\u00e3o Paulo\u00a0 do Potengi, com recursos\u00a0 de 50mil reais oriundos de uma Emenda\u00a0Parlamentar de autoria do deputado estadual Ubaldo Fernandes, solicitada pelo\u00a0 vereador\u00a0 Kekel de Titico, comprou um carro O km\u00a0 que servir\u00e1\u00a0 ao\u00a0 Programa da Fam\u00edlia de nosso munic\u00edpio. A\u00a0 \u00a0 solenidade de entrega do ve\u00edculo a Secretaria Municipal de Sa\u00fade, [&hellip;]","og_url":"https:\/\/ubaldofernandes.com\/index.php\/news\/prefeitura-de-sao-paulo-do-potengi-compra-carro-0km-para-o-programa-saude-da-familia\/","og_site_name":"Ubaldo Fernandes","article_modified_time":"2020-12-30T14:01:10+00:00","og_image":[{"width":1280,"height":960,"url":"https:\/\/ubaldofernandes.com\/wp-content\/uploads\/2020\/12\/WhatsApp-Image-2020-12-29-at-10.24.06-1-1.jpeg","type":"image\/jpeg"}],"twitter_card":"summary_large_image","schema":{"@context":"https:\/\/schema.org","@graph":[{"@type":"WebPage","@id":"https:\/\/ubaldofernandes.com\/index.php\/news\/prefeitura-de-sao-paulo-do-potengi-compra-carro-0km-para-o-programa-saude-da-familia\/","url":"https:\/\/ubaldofernandes.com\/index.php\/news\/prefeitura-de-sao-paulo-do-potengi-compra-carro-0km-para-o-programa-saude-da-familia\/","name":"Prefeitura de S\u00e3o Paulo do Potengi compra carro 0km para o Programa Sa\u00fade da Fam\u00edlia - Ubaldo Fernandes","isPartOf":{"@id":"https:\/\/ubaldofernandes.com\/#website"},"primaryImageOfPage":{"@id":"https:\/\/ubaldofernandes.com\/index.php\/news\/prefeitura-de-sao-paulo-do-potengi-compra-carro-0km-para-o-programa-saude-da-familia\/#primaryimage"},"image":{"@id":"https:\/\/ubaldofernandes.com\/index.php\/news\/prefeitura-de-sao-paulo-do-potengi-compra-carro-0km-para-o-programa-saude-da-familia\/#primaryimage"},"thumbnailUrl":"https:\/\/ubaldofernandes.com\/wp-content\/uploads\/2020\/12\/WhatsApp-Image-2020-12-29-at-10.24.06-1-1.jpeg","datePublished":"2020-12-29T13:57:00+00:00","dateModified":"2020-12-30T14:01:10+00:00","breadcrumb":{"@id":"https:\/\/ubaldofernandes.com\/index.php\/news\/prefeitura-de-sao-paulo-do-potengi-compra-carro-0km-para-o-programa-saude-da-familia\/#breadcrumb"},"inLanguage":"pt-BR","potentialAction":[{"@type":"ReadAction","target":["https:\/\/ubaldofernandes.com\/index.php\/news\/prefeitura-de-sao-paulo-do-potengi-compra-carro-0km-para-o-programa-saude-da-familia\/"]}]},{"@type":"ImageObject","inLanguage":"pt-BR","@id":"https:\/\/ubaldofernandes.com\/index.php\/news\/prefeitura-de-sao-paulo-do-potengi-compra-carro-0km-para-o-programa-saude-da-familia\/#primaryimage","url":"https:\/\/ubaldofernandes.com\/wp-content\/uploads\/2020\/12\/WhatsApp-Image-2020-12-29-at-10.24.06-1-1.jpeg","contentUrl":"https:\/\/ubaldofernandes.com\/wp-content\/uploads\/2020\/12\/WhatsApp-Image-2020-12-29-at-10.24.06-1-1.jpeg","width":1280,"height":960},{"@type":"BreadcrumbList","@id":"https:\/\/ubaldofernandes.com\/index.php\/news\/prefeitura-de-sao-paulo-do-potengi-compra-carro-0km-para-o-programa-saude-da-familia\/#breadcrumb","itemListElement":[{"@type":"ListItem","position":1,"name":"In\u00edcio","item":"https:\/\/ubaldofernandes.com\/"},{"@type":"ListItem","position":2,"name":"Not\u00edcias","item":"https:\/\/ubaldofernandes.com\/index.php\/news\/"},{"@type":"ListItem","position":3,"name":"Prefeitura de S\u00e3o Paulo do Potengi compra carro 0km para o Programa Sa\u00fade da Fam\u00edlia"}]},{"@type":"WebSite","@id":"https:\/\/ubaldofernandes.com\/#website","url":"https:\/\/ubaldofernandes.com\/","name":"Ubaldo Fernandes","description":"Deputado Estadual","potentialAction":[{"@type":"SearchAction","target":{"@type":"EntryPoint","urlTemplate":"https:\/\/ubaldofernandes.com\/?s={search_term_string}"},"query-input":{"@type":"PropertyValueSpecification","valueRequired":true,"valueName":"search_term_string"}}],"inLanguage":"pt-BR"}]}},"_links":{"self":[{"href":"https:\/\/ubaldofernandes.com\/index.php\/wp-json\/wp\/v2\/news\/1571","targetHints":{"allow":["GET"]}}],"collection":[{"href":"https:\/\/ubaldofernandes.com\/index.php\/wp-json\/wp\/v2\/news"}],"about":[{"href":"https:\/\/ubaldofernandes.com\/index.php\/wp-json\/wp\/v2\/types\/news"}],"wp:featuredmedia":[{"embeddable":true,"href":"https:\/\/ubaldofernandes.com\/index.php\/wp-json\/wp\/v2\/media\/1557"}],"wp:attachment":[{"href":"https:\/\/ubaldofernandes.com\/index.php\/wp-json\/wp\/v2\/media?parent=1571"}],"curies":[{"name":"wp","href":"https:\/\/api.w.org\/{rel}","templated":true}]}}