{"id":1641,"date":"2021-02-10T17:12:23","date_gmt":"2021-02-10T20:12:23","guid":{"rendered":"https:\/\/ubaldofernandes.com\/?post_type=news&#038;p=1641"},"modified":"2021-02-11T10:26:13","modified_gmt":"2021-02-11T13:26:13","slug":"deputado-luta-pelo-retorno-de-linhas-de-onibus-para-rocas-e-brasilia-teimosa","status":"publish","type":"news","link":"https:\/\/ubaldofernandes.com\/index.php\/news\/deputado-luta-pelo-retorno-de-linhas-de-onibus-para-rocas-e-brasilia-teimosa\/","title":{"rendered":"Deputado luta pelo retorno de linhas de \u00f4nibus para Rocas e Bras\u00edlia Teimosa"},"content":{"rendered":"\n<p>Ao lado do vereador de Natal, Herberth Sena, o deputado Ubaldo Fernandes esteve na Secretaria Municipal de Transporte e Tr\u00e2nsito Urbano da capital (STTU), conversando com o titular do \u00f3rg\u00e3o, Paulo C\u00e9sar Medeiros, para levar uma reivindica\u00e7\u00e3o constante dos moradores da regi\u00e3o Leste: a volta de \u00f4nibus que foram suspensos no in\u00edcio da pandemia. O gestor garantiu empenho pra solucionar essa quest\u00e3o. O parlamentar vai acompanhar e cobrar essa importante medida pra melhorar a qualidade de vida da comunidade.<\/p>\n\n\n\n<figure class=\"wp-block-image size-medium\"><img loading=\"lazy\" decoding=\"async\" width=\"300\" height=\"257\" src=\"https:\/\/ubaldofernandes.com\/wp-content\/uploads\/2021\/02\/WhatsApp-Image-2021-02-11-at-10.01.22-2-300x257.jpeg\" alt=\"\" class=\"wp-image-1643\" srcset=\"https:\/\/ubaldofernandes.com\/wp-content\/uploads\/2021\/02\/WhatsApp-Image-2021-02-11-at-10.01.22-2-300x257.jpeg 300w, https:\/\/ubaldofernandes.com\/wp-content\/uploads\/2021\/02\/WhatsApp-Image-2021-02-11-at-10.01.22-2-1024x876.jpeg 1024w, https:\/\/ubaldofernandes.com\/wp-content\/uploads\/2021\/02\/WhatsApp-Image-2021-02-11-at-10.01.22-2-768x657.jpeg 768w, https:\/\/ubaldofernandes.com\/wp-content\/uploads\/2021\/02\/WhatsApp-Image-2021-02-11-at-10.01.22-2.jpeg 1080w\" sizes=\"auto, (max-width: 300px) 100vw, 300px\" \/><\/figure>\n\n\n\n<p><\/p>\n","protected":false},"featured_media":1642,"parent":0,"template":"","class_list":["post-1641","news","type-news","status-publish","has-post-thumbnail","hentry"],"acf":[],"yoast_head":"<!-- This site is optimized with the Yoast SEO plugin v24.6 - https:\/\/yoast.com\/wordpress\/plugins\/seo\/ -->\n<title>Deputado luta pelo retorno de linhas de \u00f4nibus para Rocas e Bras\u00edlia Teimosa - Ubaldo Fernandes<\/title>\n<meta name=\"robots\" content=\"index, follow, max-snippet:-1, max-image-preview:large, max-video-preview:-1\" \/>\n<link rel=\"canonical\" href=\"https:\/\/ubaldofernandes.com\/index.php\/news\/deputado-luta-pelo-retorno-de-linhas-de-onibus-para-rocas-e-brasilia-teimosa\/\" \/>\n<meta property=\"og:locale\" content=\"pt_BR\" \/>\n<meta property=\"og:type\" content=\"article\" \/>\n<meta property=\"og:title\" content=\"Deputado luta pelo retorno de linhas de \u00f4nibus para Rocas e Bras\u00edlia Teimosa - Ubaldo Fernandes\" \/>\n<meta property=\"og:description\" content=\"Ao lado do vereador de Natal, Herberth Sena, o deputado Ubaldo Fernandes esteve na Secretaria Municipal de Transporte e Tr\u00e2nsito Urbano da capital (STTU), conversando com o titular do \u00f3rg\u00e3o, Paulo C\u00e9sar Medeiros, para levar uma reivindica\u00e7\u00e3o constante dos moradores da regi\u00e3o Leste: a volta de \u00f4nibus que foram suspensos no in\u00edcio da pandemia. O [&hellip;]\" \/>\n<meta property=\"og:url\" content=\"https:\/\/ubaldofernandes.com\/index.php\/news\/deputado-luta-pelo-retorno-de-linhas-de-onibus-para-rocas-e-brasilia-teimosa\/\" \/>\n<meta property=\"og:site_name\" content=\"Ubaldo Fernandes\" \/>\n<meta property=\"article:modified_time\" content=\"2021-02-11T13:26:13+00:00\" \/>\n<meta property=\"og:image\" content=\"https:\/\/ubaldofernandes.com\/wp-content\/uploads\/2021\/02\/WhatsApp-Image-2021-02-11-at-10.01.22-1.jpeg\" \/>\n\t<meta property=\"og:image:width\" content=\"1080\" \/>\n\t<meta property=\"og:image:height\" content=\"925\" \/>\n\t<meta property=\"og:image:type\" content=\"image\/jpeg\" \/>\n<meta name=\"twitter:card\" content=\"summary_large_image\" \/>\n<script type=\"application\/ld+json\" class=\"yoast-schema-graph\">{\"@context\":\"https:\/\/schema.org\",\"@graph\":[{\"@type\":\"WebPage\",\"@id\":\"https:\/\/ubaldofernandes.com\/index.php\/news\/deputado-luta-pelo-retorno-de-linhas-de-onibus-para-rocas-e-brasilia-teimosa\/\",\"url\":\"https:\/\/ubaldofernandes.com\/index.php\/news\/deputado-luta-pelo-retorno-de-linhas-de-onibus-para-rocas-e-brasilia-teimosa\/\",\"name\":\"Deputado luta pelo retorno de linhas de \u00f4nibus para Rocas e Bras\u00edlia Teimosa - Ubaldo Fernandes\",\"isPartOf\":{\"@id\":\"https:\/\/ubaldofernandes.com\/#website\"},\"primaryImageOfPage\":{\"@id\":\"https:\/\/ubaldofernandes.com\/index.php\/news\/deputado-luta-pelo-retorno-de-linhas-de-onibus-para-rocas-e-brasilia-teimosa\/#primaryimage\"},\"image\":{\"@id\":\"https:\/\/ubaldofernandes.com\/index.php\/news\/deputado-luta-pelo-retorno-de-linhas-de-onibus-para-rocas-e-brasilia-teimosa\/#primaryimage\"},\"thumbnailUrl\":\"https:\/\/ubaldofernandes.com\/wp-content\/uploads\/2021\/02\/WhatsApp-Image-2021-02-11-at-10.01.22-1.jpeg\",\"datePublished\":\"2021-02-10T20:12:23+00:00\",\"dateModified\":\"2021-02-11T13:26:13+00:00\",\"breadcrumb\":{\"@id\":\"https:\/\/ubaldofernandes.com\/index.php\/news\/deputado-luta-pelo-retorno-de-linhas-de-onibus-para-rocas-e-brasilia-teimosa\/#breadcrumb\"},\"inLanguage\":\"pt-BR\",\"potentialAction\":[{\"@type\":\"ReadAction\",\"target\":[\"https:\/\/ubaldofernandes.com\/index.php\/news\/deputado-luta-pelo-retorno-de-linhas-de-onibus-para-rocas-e-brasilia-teimosa\/\"]}]},{\"@type\":\"ImageObject\",\"inLanguage\":\"pt-BR\",\"@id\":\"https:\/\/ubaldofernandes.com\/index.php\/news\/deputado-luta-pelo-retorno-de-linhas-de-onibus-para-rocas-e-brasilia-teimosa\/#primaryimage\",\"url\":\"https:\/\/ubaldofernandes.com\/wp-content\/uploads\/2021\/02\/WhatsApp-Image-2021-02-11-at-10.01.22-1.jpeg\",\"contentUrl\":\"https:\/\/ubaldofernandes.com\/wp-content\/uploads\/2021\/02\/WhatsApp-Image-2021-02-11-at-10.01.22-1.jpeg\",\"width\":1080,\"height\":925},{\"@type\":\"BreadcrumbList\",\"@id\":\"https:\/\/ubaldofernandes.com\/index.php\/news\/deputado-luta-pelo-retorno-de-linhas-de-onibus-para-rocas-e-brasilia-teimosa\/#breadcrumb\",\"itemListElement\":[{\"@type\":\"ListItem\",\"position\":1,\"name\":\"In\u00edcio\",\"item\":\"https:\/\/ubaldofernandes.com\/\"},{\"@type\":\"ListItem\",\"position\":2,\"name\":\"Not\u00edcias\",\"item\":\"https:\/\/ubaldofernandes.com\/index.php\/news\/\"},{\"@type\":\"ListItem\",\"position\":3,\"name\":\"Deputado luta pelo retorno de linhas de \u00f4nibus para Rocas e Bras\u00edlia Teimosa\"}]},{\"@type\":\"WebSite\",\"@id\":\"https:\/\/ubaldofernandes.com\/#website\",\"url\":\"https:\/\/ubaldofernandes.com\/\",\"name\":\"Ubaldo Fernandes\",\"description\":\"Deputado Estadual\",\"potentialAction\":[{\"@type\":\"SearchAction\",\"target\":{\"@type\":\"EntryPoint\",\"urlTemplate\":\"https:\/\/ubaldofernandes.com\/?s={search_term_string}\"},\"query-input\":{\"@type\":\"PropertyValueSpecification\",\"valueRequired\":true,\"valueName\":\"search_term_string\"}}],\"inLanguage\":\"pt-BR\"}]}<\/script>\n<!-- \/ Yoast SEO plugin. -->","yoast_head_json":{"title":"Deputado luta pelo retorno de linhas de \u00f4nibus para Rocas e Bras\u00edlia Teimosa - Ubaldo Fernandes","robots":{"index":"index","follow":"follow","max-snippet":"max-snippet:-1","max-image-preview":"max-image-preview:large","max-video-preview":"max-video-preview:-1"},"canonical":"https:\/\/ubaldofernandes.com\/index.php\/news\/deputado-luta-pelo-retorno-de-linhas-de-onibus-para-rocas-e-brasilia-teimosa\/","og_locale":"pt_BR","og_type":"article","og_title":"Deputado luta pelo retorno de linhas de \u00f4nibus para Rocas e Bras\u00edlia Teimosa - Ubaldo Fernandes","og_description":"Ao lado do vereador de Natal, Herberth Sena, o deputado Ubaldo Fernandes esteve na Secretaria Municipal de Transporte e Tr\u00e2nsito Urbano da capital (STTU), conversando com o titular do \u00f3rg\u00e3o, Paulo C\u00e9sar Medeiros, para levar uma reivindica\u00e7\u00e3o constante dos moradores da regi\u00e3o Leste: a volta de \u00f4nibus que foram suspensos no in\u00edcio da pandemia. O [&hellip;]","og_url":"https:\/\/ubaldofernandes.com\/index.php\/news\/deputado-luta-pelo-retorno-de-linhas-de-onibus-para-rocas-e-brasilia-teimosa\/","og_site_name":"Ubaldo Fernandes","article_modified_time":"2021-02-11T13:26:13+00:00","og_image":[{"width":1080,"height":925,"url":"https:\/\/ubaldofernandes.com\/wp-content\/uploads\/2021\/02\/WhatsApp-Image-2021-02-11-at-10.01.22-1.jpeg","type":"image\/jpeg"}],"twitter_card":"summary_large_image","schema":{"@context":"https:\/\/schema.org","@graph":[{"@type":"WebPage","@id":"https:\/\/ubaldofernandes.com\/index.php\/news\/deputado-luta-pelo-retorno-de-linhas-de-onibus-para-rocas-e-brasilia-teimosa\/","url":"https:\/\/ubaldofernandes.com\/index.php\/news\/deputado-luta-pelo-retorno-de-linhas-de-onibus-para-rocas-e-brasilia-teimosa\/","name":"Deputado luta pelo retorno de linhas de \u00f4nibus para Rocas e Bras\u00edlia Teimosa - Ubaldo Fernandes","isPartOf":{"@id":"https:\/\/ubaldofernandes.com\/#website"},"primaryImageOfPage":{"@id":"https:\/\/ubaldofernandes.com\/index.php\/news\/deputado-luta-pelo-retorno-de-linhas-de-onibus-para-rocas-e-brasilia-teimosa\/#primaryimage"},"image":{"@id":"https:\/\/ubaldofernandes.com\/index.php\/news\/deputado-luta-pelo-retorno-de-linhas-de-onibus-para-rocas-e-brasilia-teimosa\/#primaryimage"},"thumbnailUrl":"https:\/\/ubaldofernandes.com\/wp-content\/uploads\/2021\/02\/WhatsApp-Image-2021-02-11-at-10.01.22-1.jpeg","datePublished":"2021-02-10T20:12:23+00:00","dateModified":"2021-02-11T13:26:13+00:00","breadcrumb":{"@id":"https:\/\/ubaldofernandes.com\/index.php\/news\/deputado-luta-pelo-retorno-de-linhas-de-onibus-para-rocas-e-brasilia-teimosa\/#breadcrumb"},"inLanguage":"pt-BR","potentialAction":[{"@type":"ReadAction","target":["https:\/\/ubaldofernandes.com\/index.php\/news\/deputado-luta-pelo-retorno-de-linhas-de-onibus-para-rocas-e-brasilia-teimosa\/"]}]},{"@type":"ImageObject","inLanguage":"pt-BR","@id":"https:\/\/ubaldofernandes.com\/index.php\/news\/deputado-luta-pelo-retorno-de-linhas-de-onibus-para-rocas-e-brasilia-teimosa\/#primaryimage","url":"https:\/\/ubaldofernandes.com\/wp-content\/uploads\/2021\/02\/WhatsApp-Image-2021-02-11-at-10.01.22-1.jpeg","contentUrl":"https:\/\/ubaldofernandes.com\/wp-content\/uploads\/2021\/02\/WhatsApp-Image-2021-02-11-at-10.01.22-1.jpeg","width":1080,"height":925},{"@type":"BreadcrumbList","@id":"https:\/\/ubaldofernandes.com\/index.php\/news\/deputado-luta-pelo-retorno-de-linhas-de-onibus-para-rocas-e-brasilia-teimosa\/#breadcrumb","itemListElement":[{"@type":"ListItem","position":1,"name":"In\u00edcio","item":"https:\/\/ubaldofernandes.com\/"},{"@type":"ListItem","position":2,"name":"Not\u00edcias","item":"https:\/\/ubaldofernandes.com\/index.php\/news\/"},{"@type":"ListItem","position":3,"name":"Deputado luta pelo retorno de linhas de \u00f4nibus para Rocas e Bras\u00edlia Teimosa"}]},{"@type":"WebSite","@id":"https:\/\/ubaldofernandes.com\/#website","url":"https:\/\/ubaldofernandes.com\/","name":"Ubaldo Fernandes","description":"Deputado Estadual","potentialAction":[{"@type":"SearchAction","target":{"@type":"EntryPoint","urlTemplate":"https:\/\/ubaldofernandes.com\/?s={search_term_string}"},"query-input":{"@type":"PropertyValueSpecification","valueRequired":true,"valueName":"search_term_string"}}],"inLanguage":"pt-BR"}]}},"_links":{"self":[{"href":"https:\/\/ubaldofernandes.com\/index.php\/wp-json\/wp\/v2\/news\/1641","targetHints":{"allow":["GET"]}}],"collection":[{"href":"https:\/\/ubaldofernandes.com\/index.php\/wp-json\/wp\/v2\/news"}],"about":[{"href":"https:\/\/ubaldofernandes.com\/index.php\/wp-json\/wp\/v2\/types\/news"}],"wp:featuredmedia":[{"embeddable":true,"href":"https:\/\/ubaldofernandes.com\/index.php\/wp-json\/wp\/v2\/media\/1642"}],"wp:attachment":[{"href":"https:\/\/ubaldofernandes.com\/index.php\/wp-json\/wp\/v2\/media?parent=1641"}],"curies":[{"name":"wp","href":"https:\/\/api.w.org\/{rel}","templated":true}]}}