{"id":1850,"date":"2021-03-15T11:40:28","date_gmt":"2021-03-15T14:40:28","guid":{"rendered":"https:\/\/ubaldofernandes.com\/?post_type=news&#038;p=1850"},"modified":"2021-03-16T08:43:15","modified_gmt":"2021-03-16T11:43:15","slug":"ubaldo-entrega-emendas-a-prefeitos-de-eloi-de-souza-e-boa-saude","status":"publish","type":"news","link":"https:\/\/ubaldofernandes.com\/index.php\/news\/ubaldo-entrega-emendas-a-prefeitos-de-eloi-de-souza-e-boa-saude\/","title":{"rendered":"Ubaldo entrega emendas a prefeitos de El\u00f3i de Souza e Boa Sa\u00fade"},"content":{"rendered":"\n<p>O deputado estadual Ubaldo Fernandes (PL) viajou nessa sexta-feira (12) ao Agreste para fazer entregas simb\u00f3licas de emendas que destinou a munic\u00edpios desta regi\u00e3o. O parlamentar esteve com os prefeitos de El\u00f3i de Souza e Boa Sa\u00fade.\u00a0<\/p>\n\n\n\n<p>Recebido pela manh\u00e3 pelo chefe do executivo de El\u00f3i de Souza, Marciel Gomes, pelo presidente da C\u00e2mara Municipal, Ozias Gomes, com Dr. Jo\u00e3o e com o presidente do PL na cidade, Neto de Dom\u00ednio, Ubaldo apresentou extrato da libera\u00e7\u00e3o de R$ 70 mil do Fundo Estadual de Sa\u00fade para compra de ambul\u00e2ncia. &#8220;Nosso mandato est\u00e1 sempre \u00e0 disposi\u00e7\u00e3o deste munic\u00edpio&#8221;, enfatizou.\u00a0<\/p>\n\n\n\n<p>J\u00e1 \u00e0 tarde em Boa Sa\u00fade, o deputado fez a entrega do documento que comprova a transfer\u00eancia de R$ 50 mil para auxiliar na compra de ambul\u00e2ncia. Ele esteve com o prefeito Wellington Rocha, com a secret\u00e1ria de Sa\u00fade, Dailva Bezerra, com a chefe de Gabinete, Juliana. &#8220;Na ocasi\u00e3o, discutimos sobre necessidades da cidade. O chefe do Executivo nos agrade\u00e7ou e disse que vai servir muito, uma vez que est\u00e1 chegando na hora certa&#8221;.<\/p>\n\n\n\n<p>Mat\u00e9ria publicada no <a href=\"https:\/\/www.potiguarnoticias.com.br\/noticias\/47975\/ubaldo-entrega-emendas-a-prefeitos-de-eloi-de-souza-e-boa-saude#.YE9JGJdpAzI.whatsapp\">Potiguar Not\u00edcias<\/a>. <\/p>\n","protected":false},"featured_media":1851,"parent":0,"template":"","class_list":["post-1850","news","type-news","status-publish","has-post-thumbnail","hentry"],"acf":[],"yoast_head":"<!-- This site is optimized with the Yoast SEO plugin v24.6 - https:\/\/yoast.com\/wordpress\/plugins\/seo\/ -->\n<title>Ubaldo entrega emendas a prefeitos de El\u00f3i de Souza e Boa Sa\u00fade - Ubaldo Fernandes<\/title>\n<meta name=\"robots\" content=\"index, follow, max-snippet:-1, max-image-preview:large, max-video-preview:-1\" \/>\n<link rel=\"canonical\" href=\"https:\/\/ubaldofernandes.com\/index.php\/news\/ubaldo-entrega-emendas-a-prefeitos-de-eloi-de-souza-e-boa-saude\/\" \/>\n<meta property=\"og:locale\" content=\"pt_BR\" \/>\n<meta property=\"og:type\" content=\"article\" \/>\n<meta property=\"og:title\" content=\"Ubaldo entrega emendas a prefeitos de El\u00f3i de Souza e Boa Sa\u00fade - Ubaldo Fernandes\" \/>\n<meta property=\"og:description\" content=\"O deputado estadual Ubaldo Fernandes (PL) viajou nessa sexta-feira (12) ao Agreste para fazer entregas simb\u00f3licas de emendas que destinou a munic\u00edpios desta regi\u00e3o. O parlamentar esteve com os prefeitos de El\u00f3i de Souza e Boa Sa\u00fade.\u00a0 Recebido pela manh\u00e3 pelo chefe do executivo de El\u00f3i de Souza, Marciel Gomes, pelo presidente da C\u00e2mara Municipal, [&hellip;]\" \/>\n<meta property=\"og:url\" content=\"https:\/\/ubaldofernandes.com\/index.php\/news\/ubaldo-entrega-emendas-a-prefeitos-de-eloi-de-souza-e-boa-saude\/\" \/>\n<meta property=\"og:site_name\" content=\"Ubaldo Fernandes\" \/>\n<meta property=\"article:modified_time\" content=\"2021-03-16T11:43:15+00:00\" \/>\n<meta property=\"og:image\" content=\"https:\/\/ubaldofernandes.com\/wp-content\/uploads\/2021\/03\/Ubaldo-Eloi-e-Boa-Saude.jpg\" \/>\n\t<meta property=\"og:image:width\" content=\"537\" \/>\n\t<meta property=\"og:image:height\" content=\"349\" \/>\n\t<meta property=\"og:image:type\" content=\"image\/jpeg\" \/>\n<meta name=\"twitter:card\" content=\"summary_large_image\" \/>\n<meta name=\"twitter:label1\" content=\"Est. tempo de leitura\" \/>\n\t<meta name=\"twitter:data1\" content=\"1 minuto\" \/>\n<script type=\"application\/ld+json\" class=\"yoast-schema-graph\">{\"@context\":\"https:\/\/schema.org\",\"@graph\":[{\"@type\":\"WebPage\",\"@id\":\"https:\/\/ubaldofernandes.com\/index.php\/news\/ubaldo-entrega-emendas-a-prefeitos-de-eloi-de-souza-e-boa-saude\/\",\"url\":\"https:\/\/ubaldofernandes.com\/index.php\/news\/ubaldo-entrega-emendas-a-prefeitos-de-eloi-de-souza-e-boa-saude\/\",\"name\":\"Ubaldo entrega emendas a prefeitos de El\u00f3i de Souza e Boa Sa\u00fade - Ubaldo Fernandes\",\"isPartOf\":{\"@id\":\"https:\/\/ubaldofernandes.com\/#website\"},\"primaryImageOfPage\":{\"@id\":\"https:\/\/ubaldofernandes.com\/index.php\/news\/ubaldo-entrega-emendas-a-prefeitos-de-eloi-de-souza-e-boa-saude\/#primaryimage\"},\"image\":{\"@id\":\"https:\/\/ubaldofernandes.com\/index.php\/news\/ubaldo-entrega-emendas-a-prefeitos-de-eloi-de-souza-e-boa-saude\/#primaryimage\"},\"thumbnailUrl\":\"https:\/\/ubaldofernandes.com\/wp-content\/uploads\/2021\/03\/Ubaldo-Eloi-e-Boa-Saude.jpg\",\"datePublished\":\"2021-03-15T14:40:28+00:00\",\"dateModified\":\"2021-03-16T11:43:15+00:00\",\"breadcrumb\":{\"@id\":\"https:\/\/ubaldofernandes.com\/index.php\/news\/ubaldo-entrega-emendas-a-prefeitos-de-eloi-de-souza-e-boa-saude\/#breadcrumb\"},\"inLanguage\":\"pt-BR\",\"potentialAction\":[{\"@type\":\"ReadAction\",\"target\":[\"https:\/\/ubaldofernandes.com\/index.php\/news\/ubaldo-entrega-emendas-a-prefeitos-de-eloi-de-souza-e-boa-saude\/\"]}]},{\"@type\":\"ImageObject\",\"inLanguage\":\"pt-BR\",\"@id\":\"https:\/\/ubaldofernandes.com\/index.php\/news\/ubaldo-entrega-emendas-a-prefeitos-de-eloi-de-souza-e-boa-saude\/#primaryimage\",\"url\":\"https:\/\/ubaldofernandes.com\/wp-content\/uploads\/2021\/03\/Ubaldo-Eloi-e-Boa-Saude.jpg\",\"contentUrl\":\"https:\/\/ubaldofernandes.com\/wp-content\/uploads\/2021\/03\/Ubaldo-Eloi-e-Boa-Saude.jpg\",\"width\":537,\"height\":349},{\"@type\":\"BreadcrumbList\",\"@id\":\"https:\/\/ubaldofernandes.com\/index.php\/news\/ubaldo-entrega-emendas-a-prefeitos-de-eloi-de-souza-e-boa-saude\/#breadcrumb\",\"itemListElement\":[{\"@type\":\"ListItem\",\"position\":1,\"name\":\"In\u00edcio\",\"item\":\"https:\/\/ubaldofernandes.com\/\"},{\"@type\":\"ListItem\",\"position\":2,\"name\":\"Not\u00edcias\",\"item\":\"https:\/\/ubaldofernandes.com\/index.php\/news\/\"},{\"@type\":\"ListItem\",\"position\":3,\"name\":\"Ubaldo entrega emendas a prefeitos de El\u00f3i de Souza e Boa Sa\u00fade\"}]},{\"@type\":\"WebSite\",\"@id\":\"https:\/\/ubaldofernandes.com\/#website\",\"url\":\"https:\/\/ubaldofernandes.com\/\",\"name\":\"Ubaldo Fernandes\",\"description\":\"Deputado Estadual\",\"potentialAction\":[{\"@type\":\"SearchAction\",\"target\":{\"@type\":\"EntryPoint\",\"urlTemplate\":\"https:\/\/ubaldofernandes.com\/?s={search_term_string}\"},\"query-input\":{\"@type\":\"PropertyValueSpecification\",\"valueRequired\":true,\"valueName\":\"search_term_string\"}}],\"inLanguage\":\"pt-BR\"}]}<\/script>\n<!-- \/ Yoast SEO plugin. -->","yoast_head_json":{"title":"Ubaldo entrega emendas a prefeitos de El\u00f3i de Souza e Boa Sa\u00fade - Ubaldo Fernandes","robots":{"index":"index","follow":"follow","max-snippet":"max-snippet:-1","max-image-preview":"max-image-preview:large","max-video-preview":"max-video-preview:-1"},"canonical":"https:\/\/ubaldofernandes.com\/index.php\/news\/ubaldo-entrega-emendas-a-prefeitos-de-eloi-de-souza-e-boa-saude\/","og_locale":"pt_BR","og_type":"article","og_title":"Ubaldo entrega emendas a prefeitos de El\u00f3i de Souza e Boa Sa\u00fade - Ubaldo Fernandes","og_description":"O deputado estadual Ubaldo Fernandes (PL) viajou nessa sexta-feira (12) ao Agreste para fazer entregas simb\u00f3licas de emendas que destinou a munic\u00edpios desta regi\u00e3o. O parlamentar esteve com os prefeitos de El\u00f3i de Souza e Boa Sa\u00fade.\u00a0 Recebido pela manh\u00e3 pelo chefe do executivo de El\u00f3i de Souza, Marciel Gomes, pelo presidente da C\u00e2mara Municipal, [&hellip;]","og_url":"https:\/\/ubaldofernandes.com\/index.php\/news\/ubaldo-entrega-emendas-a-prefeitos-de-eloi-de-souza-e-boa-saude\/","og_site_name":"Ubaldo Fernandes","article_modified_time":"2021-03-16T11:43:15+00:00","og_image":[{"width":537,"height":349,"url":"https:\/\/ubaldofernandes.com\/wp-content\/uploads\/2021\/03\/Ubaldo-Eloi-e-Boa-Saude.jpg","type":"image\/jpeg"}],"twitter_card":"summary_large_image","twitter_misc":{"Est. tempo de leitura":"1 minuto"},"schema":{"@context":"https:\/\/schema.org","@graph":[{"@type":"WebPage","@id":"https:\/\/ubaldofernandes.com\/index.php\/news\/ubaldo-entrega-emendas-a-prefeitos-de-eloi-de-souza-e-boa-saude\/","url":"https:\/\/ubaldofernandes.com\/index.php\/news\/ubaldo-entrega-emendas-a-prefeitos-de-eloi-de-souza-e-boa-saude\/","name":"Ubaldo entrega emendas a prefeitos de El\u00f3i de Souza e Boa Sa\u00fade - Ubaldo Fernandes","isPartOf":{"@id":"https:\/\/ubaldofernandes.com\/#website"},"primaryImageOfPage":{"@id":"https:\/\/ubaldofernandes.com\/index.php\/news\/ubaldo-entrega-emendas-a-prefeitos-de-eloi-de-souza-e-boa-saude\/#primaryimage"},"image":{"@id":"https:\/\/ubaldofernandes.com\/index.php\/news\/ubaldo-entrega-emendas-a-prefeitos-de-eloi-de-souza-e-boa-saude\/#primaryimage"},"thumbnailUrl":"https:\/\/ubaldofernandes.com\/wp-content\/uploads\/2021\/03\/Ubaldo-Eloi-e-Boa-Saude.jpg","datePublished":"2021-03-15T14:40:28+00:00","dateModified":"2021-03-16T11:43:15+00:00","breadcrumb":{"@id":"https:\/\/ubaldofernandes.com\/index.php\/news\/ubaldo-entrega-emendas-a-prefeitos-de-eloi-de-souza-e-boa-saude\/#breadcrumb"},"inLanguage":"pt-BR","potentialAction":[{"@type":"ReadAction","target":["https:\/\/ubaldofernandes.com\/index.php\/news\/ubaldo-entrega-emendas-a-prefeitos-de-eloi-de-souza-e-boa-saude\/"]}]},{"@type":"ImageObject","inLanguage":"pt-BR","@id":"https:\/\/ubaldofernandes.com\/index.php\/news\/ubaldo-entrega-emendas-a-prefeitos-de-eloi-de-souza-e-boa-saude\/#primaryimage","url":"https:\/\/ubaldofernandes.com\/wp-content\/uploads\/2021\/03\/Ubaldo-Eloi-e-Boa-Saude.jpg","contentUrl":"https:\/\/ubaldofernandes.com\/wp-content\/uploads\/2021\/03\/Ubaldo-Eloi-e-Boa-Saude.jpg","width":537,"height":349},{"@type":"BreadcrumbList","@id":"https:\/\/ubaldofernandes.com\/index.php\/news\/ubaldo-entrega-emendas-a-prefeitos-de-eloi-de-souza-e-boa-saude\/#breadcrumb","itemListElement":[{"@type":"ListItem","position":1,"name":"In\u00edcio","item":"https:\/\/ubaldofernandes.com\/"},{"@type":"ListItem","position":2,"name":"Not\u00edcias","item":"https:\/\/ubaldofernandes.com\/index.php\/news\/"},{"@type":"ListItem","position":3,"name":"Ubaldo entrega emendas a prefeitos de El\u00f3i de Souza e Boa Sa\u00fade"}]},{"@type":"WebSite","@id":"https:\/\/ubaldofernandes.com\/#website","url":"https:\/\/ubaldofernandes.com\/","name":"Ubaldo Fernandes","description":"Deputado Estadual","potentialAction":[{"@type":"SearchAction","target":{"@type":"EntryPoint","urlTemplate":"https:\/\/ubaldofernandes.com\/?s={search_term_string}"},"query-input":{"@type":"PropertyValueSpecification","valueRequired":true,"valueName":"search_term_string"}}],"inLanguage":"pt-BR"}]}},"_links":{"self":[{"href":"https:\/\/ubaldofernandes.com\/index.php\/wp-json\/wp\/v2\/news\/1850","targetHints":{"allow":["GET"]}}],"collection":[{"href":"https:\/\/ubaldofernandes.com\/index.php\/wp-json\/wp\/v2\/news"}],"about":[{"href":"https:\/\/ubaldofernandes.com\/index.php\/wp-json\/wp\/v2\/types\/news"}],"wp:featuredmedia":[{"embeddable":true,"href":"https:\/\/ubaldofernandes.com\/index.php\/wp-json\/wp\/v2\/media\/1851"}],"wp:attachment":[{"href":"https:\/\/ubaldofernandes.com\/index.php\/wp-json\/wp\/v2\/media?parent=1850"}],"curies":[{"name":"wp","href":"https:\/\/api.w.org\/{rel}","templated":true}]}}