{"id":1864,"date":"2021-03-18T15:39:26","date_gmt":"2021-03-18T18:39:26","guid":{"rendered":"https:\/\/ubaldofernandes.com\/?post_type=news&#038;p=1864"},"modified":"2021-03-19T09:46:22","modified_gmt":"2021-03-19T12:46:22","slug":"em-currais-novos-ubaldo-reforca-parcerias-e-campanha-vacina-e-vida","status":"publish","type":"news","link":"https:\/\/ubaldofernandes.com\/index.php\/news\/em-currais-novos-ubaldo-reforca-parcerias-e-campanha-vacina-e-vida\/","title":{"rendered":"Em Currais Novos, Ubaldo refor\u00e7a parcerias e campanha \u201cVacina \u00e9 Vida\u201d"},"content":{"rendered":"\n<p>Em viagem ao Serid\u00f3 nesta quinta-feira e sexta-feira (18 e 19), o deputado estadual Ubaldo Fernandes (PL) refor\u00e7a a divulga\u00e7\u00e3o da campanha \u201cVacina \u00e9 Vida\u201d, que tem o objetivo de incentivar potiguares a se vacinar contra a covid-19, desmistificando preconceitos e medos. Na primeira parada, em Currais Novos, o parlamentar esteve na Prefeitura da cidade, na C\u00e2mara de Vereadores e concedeu entrevistas \u00e0 imprensa conclamando a mobiliza\u00e7\u00e3o dos currais-novenses para o enfrentamento da pandemia.<\/p>\n\n\n\n<p>\u201c\u00c9 important\u00edssimo que todos se engajem, uma vez que a vacina\u00e7\u00e3o \u00e9 a principal arma que temos para vencer o coronav\u00edrus. A Frente Parlamentar em Defesa e Valoriza\u00e7\u00e3o dos Direitos da Pessoa Idosa do Rio Grande do Norte, \u00e0 qual presido, lan\u00e7ou essa campanha recentemente, com total apoio da Arquidiocese de Natal, conselhos de idosos e alguns ve\u00edculos de comunica\u00e7\u00e3o e cidad\u00e3os e estamos refor\u00e7ando sua divulga\u00e7\u00e3o no interior\u201d, frisou em entrevistas.<\/p>\n\n\n\n<p>O parlamentar tamb\u00e9m refor\u00e7ou a\u00e7\u00f5es empreendidas pelo seu mandato em prol do munic\u00edpio e renovou parcerias administrativas. Em visitas ao prefeito Odon Junior (PT) e \u00e0 C\u00e2mara, onde foir recebido pelo vereador Daniel Bezerra, ao lado do suplente de vereador Garibaldinho do Serid\u00f3, destacou algumas emendas que destinou \u00e0 cidade, em que uma delas j\u00e1 est\u00e1 em execu\u00e7\u00e3o \u2013 uma Academia da Terceira Idade. E destacou tamb\u00e9m sua articula\u00e7\u00e3o junto ao Sistema Fiern (Federa\u00e7\u00e3o das Ind\u00fastrias do Rio Grande do Norte) para a instala\u00e7\u00e3o de uma moderna biblioteca no munic\u00edpio, que foi confirmada recentemente pelo presidente da entidade, Amaro Sales. \u201cO prefeito Odon J\u00fanior tinha solicitado e n\u00f3s refor\u00e7amos o pedido. Informei ao chefe do executivo nossa disposi\u00e7\u00e3o de continuar trabalhando em parceria com a gest\u00e3o pelo bem da cidade\u201d.<\/p>\n\n\n\n<div class=\"wp-block-image\"><figure class=\"aligncenter size-medium\"><img loading=\"lazy\" decoding=\"async\" width=\"300\" height=\"300\" src=\"https:\/\/ubaldofernandes.com\/wp-content\/uploads\/2021\/03\/Ubaldo-Currais-Vacina-e-Vida-2-1-300x300.jpeg\" alt=\"\" class=\"wp-image-1866\" srcset=\"https:\/\/ubaldofernandes.com\/wp-content\/uploads\/2021\/03\/Ubaldo-Currais-Vacina-e-Vida-2-1-300x300.jpeg 300w, https:\/\/ubaldofernandes.com\/wp-content\/uploads\/2021\/03\/Ubaldo-Currais-Vacina-e-Vida-2-1-150x150.jpeg 150w, https:\/\/ubaldofernandes.com\/wp-content\/uploads\/2021\/03\/Ubaldo-Currais-Vacina-e-Vida-2-1.jpeg 768w\" sizes=\"auto, (max-width: 300px) 100vw, 300px\" \/><\/figure><\/div>\n\n\n\n<p>O deputado frisou ainda que atrav\u00e9s de projetos de lei de sua autoria conseguiu o registro de utilidade p\u00fablica de entidades deste munic\u00edpio, o que possibilitar\u00e1 conv\u00eanios com o poder p\u00fablico. S\u00e3o elas: a Associa\u00e7\u00e3o De Bombeiros Civis e Brigadistas de Currais Novos\/RN, a Associa\u00e7\u00e3o de Prote\u00e7\u00e3o aos Animais Amigos de Chiquinho e o N\u00facleo Organizacional de Reabilita\u00e7\u00e3o e Amparo Social da Pessoa com TEA \u2013 Nortear.<\/p>\n\n\n\n<p>Agora, Ubaldo enfatiza o pleito do vereador Daniel para futura destina\u00e7\u00e3o de emenda no valor de R$ 100 mil para a compra da ambul\u00e2ncia. \u201cEstamos assumindo esse compromisso de fazer o melhor para essa cidade importante do Serid\u00f3 e do Rio Grande do Norte. Essa parceria \u00e9 importante porque fortalece a cidade\u201d, destaca. O edil agradeceu: \u201c\u00c9 uma grande satisfa\u00e7\u00e3o receber o deputado Ubaldo, que tem muitos servi\u00e7os realizados por nosso munic\u00edpio e est\u00e1 aqui firmando compromisso com nosso mandato e com a popula\u00e7\u00e3o de Currais. Somos gratos porque fizemos pleito pra sa\u00fade e ele vai batalhar para que seja liberada o quanto antes\u201d.<\/p>\n\n\n\n<p>Mat\u00e9ria publicada no <a href=\"http:\/\/lucasthavares.com.br\/2021\/03\/18\/em-currais-novos-ubaldo-reforca-parcerias-e-campanha-vacina-e-vida\/\">Blog Lucas Tavares<\/a>. <\/p>\n","protected":false},"featured_media":1865,"parent":0,"template":"","class_list":["post-1864","news","type-news","status-publish","has-post-thumbnail","hentry"],"acf":[],"yoast_head":"<!-- This site is optimized with the Yoast SEO plugin v24.6 - https:\/\/yoast.com\/wordpress\/plugins\/seo\/ -->\n<title>Em Currais Novos, Ubaldo refor\u00e7a parcerias e campanha \u201cVacina \u00e9 Vida\u201d - Ubaldo Fernandes<\/title>\n<meta name=\"robots\" content=\"index, follow, max-snippet:-1, max-image-preview:large, max-video-preview:-1\" \/>\n<link rel=\"canonical\" href=\"https:\/\/ubaldofernandes.com\/index.php\/news\/em-currais-novos-ubaldo-reforca-parcerias-e-campanha-vacina-e-vida\/\" \/>\n<meta property=\"og:locale\" content=\"pt_BR\" \/>\n<meta property=\"og:type\" content=\"article\" \/>\n<meta property=\"og:title\" content=\"Em Currais Novos, Ubaldo refor\u00e7a parcerias e campanha \u201cVacina \u00e9 Vida\u201d - Ubaldo Fernandes\" \/>\n<meta property=\"og:description\" content=\"Em viagem ao Serid\u00f3 nesta quinta-feira e sexta-feira (18 e 19), o deputado estadual Ubaldo Fernandes (PL) refor\u00e7a a divulga\u00e7\u00e3o da campanha \u201cVacina \u00e9 Vida\u201d, que tem o objetivo de incentivar potiguares a se vacinar contra a covid-19, desmistificando preconceitos e medos. Na primeira parada, em Currais Novos, o parlamentar esteve na Prefeitura da cidade, [&hellip;]\" \/>\n<meta property=\"og:url\" content=\"https:\/\/ubaldofernandes.com\/index.php\/news\/em-currais-novos-ubaldo-reforca-parcerias-e-campanha-vacina-e-vida\/\" \/>\n<meta property=\"og:site_name\" content=\"Ubaldo Fernandes\" \/>\n<meta property=\"article:modified_time\" content=\"2021-03-19T12:46:22+00:00\" \/>\n<meta property=\"og:image\" content=\"https:\/\/ubaldofernandes.com\/wp-content\/uploads\/2021\/03\/Ubaldo-Currais-Vacina-e-Vida-1.jpeg\" \/>\n\t<meta property=\"og:image:width\" content=\"768\" \/>\n\t<meta property=\"og:image:height\" content=\"768\" \/>\n\t<meta property=\"og:image:type\" content=\"image\/jpeg\" \/>\n<meta name=\"twitter:card\" content=\"summary_large_image\" \/>\n<meta name=\"twitter:label1\" content=\"Est. tempo de leitura\" \/>\n\t<meta name=\"twitter:data1\" content=\"2 minutos\" \/>\n<script type=\"application\/ld+json\" class=\"yoast-schema-graph\">{\"@context\":\"https:\/\/schema.org\",\"@graph\":[{\"@type\":\"WebPage\",\"@id\":\"https:\/\/ubaldofernandes.com\/index.php\/news\/em-currais-novos-ubaldo-reforca-parcerias-e-campanha-vacina-e-vida\/\",\"url\":\"https:\/\/ubaldofernandes.com\/index.php\/news\/em-currais-novos-ubaldo-reforca-parcerias-e-campanha-vacina-e-vida\/\",\"name\":\"Em Currais Novos, Ubaldo refor\u00e7a parcerias e campanha \u201cVacina \u00e9 Vida\u201d - Ubaldo Fernandes\",\"isPartOf\":{\"@id\":\"https:\/\/ubaldofernandes.com\/#website\"},\"primaryImageOfPage\":{\"@id\":\"https:\/\/ubaldofernandes.com\/index.php\/news\/em-currais-novos-ubaldo-reforca-parcerias-e-campanha-vacina-e-vida\/#primaryimage\"},\"image\":{\"@id\":\"https:\/\/ubaldofernandes.com\/index.php\/news\/em-currais-novos-ubaldo-reforca-parcerias-e-campanha-vacina-e-vida\/#primaryimage\"},\"thumbnailUrl\":\"https:\/\/ubaldofernandes.com\/wp-content\/uploads\/2021\/03\/Ubaldo-Currais-Vacina-e-Vida-1.jpeg\",\"datePublished\":\"2021-03-18T18:39:26+00:00\",\"dateModified\":\"2021-03-19T12:46:22+00:00\",\"breadcrumb\":{\"@id\":\"https:\/\/ubaldofernandes.com\/index.php\/news\/em-currais-novos-ubaldo-reforca-parcerias-e-campanha-vacina-e-vida\/#breadcrumb\"},\"inLanguage\":\"pt-BR\",\"potentialAction\":[{\"@type\":\"ReadAction\",\"target\":[\"https:\/\/ubaldofernandes.com\/index.php\/news\/em-currais-novos-ubaldo-reforca-parcerias-e-campanha-vacina-e-vida\/\"]}]},{\"@type\":\"ImageObject\",\"inLanguage\":\"pt-BR\",\"@id\":\"https:\/\/ubaldofernandes.com\/index.php\/news\/em-currais-novos-ubaldo-reforca-parcerias-e-campanha-vacina-e-vida\/#primaryimage\",\"url\":\"https:\/\/ubaldofernandes.com\/wp-content\/uploads\/2021\/03\/Ubaldo-Currais-Vacina-e-Vida-1.jpeg\",\"contentUrl\":\"https:\/\/ubaldofernandes.com\/wp-content\/uploads\/2021\/03\/Ubaldo-Currais-Vacina-e-Vida-1.jpeg\",\"width\":768,\"height\":768},{\"@type\":\"BreadcrumbList\",\"@id\":\"https:\/\/ubaldofernandes.com\/index.php\/news\/em-currais-novos-ubaldo-reforca-parcerias-e-campanha-vacina-e-vida\/#breadcrumb\",\"itemListElement\":[{\"@type\":\"ListItem\",\"position\":1,\"name\":\"In\u00edcio\",\"item\":\"https:\/\/ubaldofernandes.com\/\"},{\"@type\":\"ListItem\",\"position\":2,\"name\":\"Not\u00edcias\",\"item\":\"https:\/\/ubaldofernandes.com\/index.php\/news\/\"},{\"@type\":\"ListItem\",\"position\":3,\"name\":\"Em Currais Novos, Ubaldo refor\u00e7a parcerias e campanha \u201cVacina \u00e9 Vida\u201d\"}]},{\"@type\":\"WebSite\",\"@id\":\"https:\/\/ubaldofernandes.com\/#website\",\"url\":\"https:\/\/ubaldofernandes.com\/\",\"name\":\"Ubaldo Fernandes\",\"description\":\"Deputado Estadual\",\"potentialAction\":[{\"@type\":\"SearchAction\",\"target\":{\"@type\":\"EntryPoint\",\"urlTemplate\":\"https:\/\/ubaldofernandes.com\/?s={search_term_string}\"},\"query-input\":{\"@type\":\"PropertyValueSpecification\",\"valueRequired\":true,\"valueName\":\"search_term_string\"}}],\"inLanguage\":\"pt-BR\"}]}<\/script>\n<!-- \/ Yoast SEO plugin. -->","yoast_head_json":{"title":"Em Currais Novos, Ubaldo refor\u00e7a parcerias e campanha \u201cVacina \u00e9 Vida\u201d - Ubaldo Fernandes","robots":{"index":"index","follow":"follow","max-snippet":"max-snippet:-1","max-image-preview":"max-image-preview:large","max-video-preview":"max-video-preview:-1"},"canonical":"https:\/\/ubaldofernandes.com\/index.php\/news\/em-currais-novos-ubaldo-reforca-parcerias-e-campanha-vacina-e-vida\/","og_locale":"pt_BR","og_type":"article","og_title":"Em Currais Novos, Ubaldo refor\u00e7a parcerias e campanha \u201cVacina \u00e9 Vida\u201d - Ubaldo Fernandes","og_description":"Em viagem ao Serid\u00f3 nesta quinta-feira e sexta-feira (18 e 19), o deputado estadual Ubaldo Fernandes (PL) refor\u00e7a a divulga\u00e7\u00e3o da campanha \u201cVacina \u00e9 Vida\u201d, que tem o objetivo de incentivar potiguares a se vacinar contra a covid-19, desmistificando preconceitos e medos. Na primeira parada, em Currais Novos, o parlamentar esteve na Prefeitura da cidade, [&hellip;]","og_url":"https:\/\/ubaldofernandes.com\/index.php\/news\/em-currais-novos-ubaldo-reforca-parcerias-e-campanha-vacina-e-vida\/","og_site_name":"Ubaldo Fernandes","article_modified_time":"2021-03-19T12:46:22+00:00","og_image":[{"width":768,"height":768,"url":"https:\/\/ubaldofernandes.com\/wp-content\/uploads\/2021\/03\/Ubaldo-Currais-Vacina-e-Vida-1.jpeg","type":"image\/jpeg"}],"twitter_card":"summary_large_image","twitter_misc":{"Est. tempo de leitura":"2 minutos"},"schema":{"@context":"https:\/\/schema.org","@graph":[{"@type":"WebPage","@id":"https:\/\/ubaldofernandes.com\/index.php\/news\/em-currais-novos-ubaldo-reforca-parcerias-e-campanha-vacina-e-vida\/","url":"https:\/\/ubaldofernandes.com\/index.php\/news\/em-currais-novos-ubaldo-reforca-parcerias-e-campanha-vacina-e-vida\/","name":"Em Currais Novos, Ubaldo refor\u00e7a parcerias e campanha \u201cVacina \u00e9 Vida\u201d - Ubaldo Fernandes","isPartOf":{"@id":"https:\/\/ubaldofernandes.com\/#website"},"primaryImageOfPage":{"@id":"https:\/\/ubaldofernandes.com\/index.php\/news\/em-currais-novos-ubaldo-reforca-parcerias-e-campanha-vacina-e-vida\/#primaryimage"},"image":{"@id":"https:\/\/ubaldofernandes.com\/index.php\/news\/em-currais-novos-ubaldo-reforca-parcerias-e-campanha-vacina-e-vida\/#primaryimage"},"thumbnailUrl":"https:\/\/ubaldofernandes.com\/wp-content\/uploads\/2021\/03\/Ubaldo-Currais-Vacina-e-Vida-1.jpeg","datePublished":"2021-03-18T18:39:26+00:00","dateModified":"2021-03-19T12:46:22+00:00","breadcrumb":{"@id":"https:\/\/ubaldofernandes.com\/index.php\/news\/em-currais-novos-ubaldo-reforca-parcerias-e-campanha-vacina-e-vida\/#breadcrumb"},"inLanguage":"pt-BR","potentialAction":[{"@type":"ReadAction","target":["https:\/\/ubaldofernandes.com\/index.php\/news\/em-currais-novos-ubaldo-reforca-parcerias-e-campanha-vacina-e-vida\/"]}]},{"@type":"ImageObject","inLanguage":"pt-BR","@id":"https:\/\/ubaldofernandes.com\/index.php\/news\/em-currais-novos-ubaldo-reforca-parcerias-e-campanha-vacina-e-vida\/#primaryimage","url":"https:\/\/ubaldofernandes.com\/wp-content\/uploads\/2021\/03\/Ubaldo-Currais-Vacina-e-Vida-1.jpeg","contentUrl":"https:\/\/ubaldofernandes.com\/wp-content\/uploads\/2021\/03\/Ubaldo-Currais-Vacina-e-Vida-1.jpeg","width":768,"height":768},{"@type":"BreadcrumbList","@id":"https:\/\/ubaldofernandes.com\/index.php\/news\/em-currais-novos-ubaldo-reforca-parcerias-e-campanha-vacina-e-vida\/#breadcrumb","itemListElement":[{"@type":"ListItem","position":1,"name":"In\u00edcio","item":"https:\/\/ubaldofernandes.com\/"},{"@type":"ListItem","position":2,"name":"Not\u00edcias","item":"https:\/\/ubaldofernandes.com\/index.php\/news\/"},{"@type":"ListItem","position":3,"name":"Em Currais Novos, Ubaldo refor\u00e7a parcerias e campanha \u201cVacina \u00e9 Vida\u201d"}]},{"@type":"WebSite","@id":"https:\/\/ubaldofernandes.com\/#website","url":"https:\/\/ubaldofernandes.com\/","name":"Ubaldo Fernandes","description":"Deputado Estadual","potentialAction":[{"@type":"SearchAction","target":{"@type":"EntryPoint","urlTemplate":"https:\/\/ubaldofernandes.com\/?s={search_term_string}"},"query-input":{"@type":"PropertyValueSpecification","valueRequired":true,"valueName":"search_term_string"}}],"inLanguage":"pt-BR"}]}},"_links":{"self":[{"href":"https:\/\/ubaldofernandes.com\/index.php\/wp-json\/wp\/v2\/news\/1864","targetHints":{"allow":["GET"]}}],"collection":[{"href":"https:\/\/ubaldofernandes.com\/index.php\/wp-json\/wp\/v2\/news"}],"about":[{"href":"https:\/\/ubaldofernandes.com\/index.php\/wp-json\/wp\/v2\/types\/news"}],"wp:featuredmedia":[{"embeddable":true,"href":"https:\/\/ubaldofernandes.com\/index.php\/wp-json\/wp\/v2\/media\/1865"}],"wp:attachment":[{"href":"https:\/\/ubaldofernandes.com\/index.php\/wp-json\/wp\/v2\/media?parent=1864"}],"curies":[{"name":"wp","href":"https:\/\/api.w.org\/{rel}","templated":true}]}}