{"id":1923,"date":"2021-03-29T12:16:02","date_gmt":"2021-03-29T15:16:02","guid":{"rendered":"https:\/\/ubaldofernandes.com\/?post_type=news&#038;p=1923"},"modified":"2021-03-30T11:23:13","modified_gmt":"2021-03-30T14:23:13","slug":"al-lanca-campanha-de-incentivo-a-destinacao-do-irpf-para-fundos-da-pessoa-idosa-fonte-portal-grande-ponto","status":"publish","type":"news","link":"https:\/\/ubaldofernandes.com\/index.php\/news\/al-lanca-campanha-de-incentivo-a-destinacao-do-irpf-para-fundos-da-pessoa-idosa-fonte-portal-grande-ponto\/","title":{"rendered":"AL lan\u00e7a campanha de incentivo \u00e0 destina\u00e7\u00e3o do IRPF para Fundos da Pessoa Idosa Fonte: Portal Grande Ponto"},"content":{"rendered":"\n<p>A Frente Parlamentar em Defesa e Valoriza\u00e7\u00e3o dos Direitos da Pessoa Idosa do Rio Grande do Norte, da Assembleia Legislativa, lan\u00e7a mais uma campanha de conscientiza\u00e7\u00e3o da popula\u00e7\u00e3o em 2021. Ap\u00f3s ter lan\u00e7ado \u201cVacina \u00e9 Vida\u201d para estimular a imuniza\u00e7\u00e3o contra a covid-19, agora o colegiado incentiva a destina\u00e7\u00e3o do Imposto de Renda para Fundos do Idoso. O lan\u00e7amento acontece nesta segunda (29), \u00e0s 9h30, de forma virtual, com transmiss\u00e3o ao vivo pela TV Assembleia.\u00a0<\/p>\n\n\n\n<p>\u201cInfelizmente, ainda s\u00e3o poucos os que conhecem e fazem uso deste incentivo estabelecido em lei. Precisamos difundir essa informa\u00e7\u00e3o com total engajamento da sociedade. Conclamamos as institui\u00e7\u00f5es, formadores de opini\u00e3o e cidad\u00e3os para que divulguem e optem por essa destina\u00e7\u00e3o na hora de fazer as declara\u00e7\u00f5es dos seus impostos de renda, uma vez que v\u00e1rias entidades que realizam lindos trabalhos precisam deste aporte financeiro\u201d, enfatiza o presidente da Frente, o deputado estadual Ubaldo Fernandes (PL).&nbsp;<\/p>\n\n\n\n<p>O vice-presidente da Frente, Dr. Andr\u00e9 Arruda, refor\u00e7a a necessidade dos munic\u00edpios terem Conselhos das Pessoas Idosas e consequentemente que estes possam criar os fundos municipais de apoio \u00e0 pol\u00edtica das pessoas idosas. &#8220;Os gestores municipais precisam apoiar esta necessidade. S\u00e3o poucos os Conselhos no RN que possuem fundos aptos a receber doa\u00e7\u00f5es do imposto de renda. No ano de 2020, apenas 6 fundos municipais da pessoa idosa receberam doa\u00e7\u00f5es (Natal, Apodi, Guamar\u00e9, Carnaubais, Doutor Severiano e Felipe Guerra). Essa campanha visa incentivar e criar no cidad\u00e3o esse h\u00e1bito de apoio \u00e0s pessoas idosas e tamb\u00e9m, em um segundo momento, incentivar a cria\u00e7\u00e3o de mais conselhos e fundos por todo o Rio Grande do Norte. Esta \u00e9 uma das metas da Frente Parlamentar&#8221;, enfatizou.\u00a0<\/p>\n\n\n\n<p><strong>A CAMPANHA<\/strong><\/p>\n\n\n\n<p>Os materiais de \u201cApoie as pessoas idosas\u201d esclarecem como \u00e9 f\u00e1cil destinar o Imposto de Renda para os Fundos da Pessoa Idosa, explicando que a pessoa f\u00edsica pode destinar at\u00e9 3% do IR na Declara\u00e7\u00e3o Anual de Ajuste e a pessoa jur\u00eddica at\u00e9 1%. Divulgam a conta do Fundo Municipal de Apoio \u00e0 Pol\u00edtica do Idoso de Natal (CNPJ: 28.420.868\/0001-60 BANCO DO BRASIL Ag: 3795-8 Cc: 11603-3) e esclarecem tamb\u00e9m que contribuindo com o Fundo do Idoso, n\u00e3o se pagar\u00e1 nada a mais do que j\u00e1 seria desembolsado no IR.&nbsp;<\/p>\n\n\n\n<p><strong>SAIBA\u00a0<\/strong><br>O Fundo dos Direitos da Pessoa Idosa atua em \u00e1reas, como sa\u00fade, mobilidade social, seguran\u00e7a, lazer, educa\u00e7\u00e3o e arrecada recursos governamentais e da sociedade civil que s\u00e3o destinados a pol\u00edticas p\u00fablicas em favor das pessoas acima dos 60 anos, por meio de programas e a\u00e7\u00f5es destinados a assegurar seus direitos sociais e criar condi\u00e7\u00f5es para promover sua autonomia, integra\u00e7\u00e3o e participa\u00e7\u00e3o efetiva na sociedade.\u00a0<\/p>\n\n\n\n<p>Tais recursos do Fundo s\u00e3o transferidos para entidades que prestam a\u00e7\u00f5es de apoio \u00e0s pessoas idosas, cujas contas est\u00e3o sob controle dos conselhos e \u00f3rg\u00e3os de controle interno do governo e externo por parte do poder legislativo, Tribunal de Contas e Minist\u00e9rio P\u00fablico, garantindo seguran\u00e7a e transpar\u00eancia ao uso do dinheiro.<\/p>\n\n\n\n<p>Mat\u00e9ria publicada no <a href=\"https:\/\/www.grandeponto.com.br\/noticia\/al-lanca-campanha-de-incentivo-a-destinacao-do-irpf-para-fundos-da-pessoa-idosa#.YGIAITA32Q4.whatsapp\">Portal Grande Ponto<\/a>. <\/p>\n\n\n\n<p><\/p>\n\n\n\n<p><\/p>\n\n\n\n<p><\/p>\n","protected":false},"featured_media":1924,"parent":0,"template":"","class_list":["post-1923","news","type-news","status-publish","has-post-thumbnail","hentry"],"acf":[],"yoast_head":"<!-- This site is optimized with the Yoast SEO plugin v24.6 - https:\/\/yoast.com\/wordpress\/plugins\/seo\/ -->\n<title>AL lan\u00e7a campanha de incentivo \u00e0 destina\u00e7\u00e3o do IRPF para Fundos da Pessoa Idosa Fonte: Portal Grande Ponto - Ubaldo Fernandes<\/title>\n<meta name=\"robots\" content=\"index, follow, max-snippet:-1, max-image-preview:large, max-video-preview:-1\" \/>\n<link rel=\"canonical\" href=\"https:\/\/ubaldofernandes.com\/index.php\/news\/al-lanca-campanha-de-incentivo-a-destinacao-do-irpf-para-fundos-da-pessoa-idosa-fonte-portal-grande-ponto\/\" \/>\n<meta property=\"og:locale\" content=\"pt_BR\" \/>\n<meta property=\"og:type\" content=\"article\" \/>\n<meta property=\"og:title\" content=\"AL lan\u00e7a campanha de incentivo \u00e0 destina\u00e7\u00e3o do IRPF para Fundos da Pessoa Idosa Fonte: Portal Grande Ponto - Ubaldo Fernandes\" \/>\n<meta property=\"og:description\" content=\"A Frente Parlamentar em Defesa e Valoriza\u00e7\u00e3o dos Direitos da Pessoa Idosa do Rio Grande do Norte, da Assembleia Legislativa, lan\u00e7a mais uma campanha de conscientiza\u00e7\u00e3o da popula\u00e7\u00e3o em 2021. Ap\u00f3s ter lan\u00e7ado \u201cVacina \u00e9 Vida\u201d para estimular a imuniza\u00e7\u00e3o contra a covid-19, agora o colegiado incentiva a destina\u00e7\u00e3o do Imposto de Renda para Fundos [&hellip;]\" \/>\n<meta property=\"og:url\" content=\"https:\/\/ubaldofernandes.com\/index.php\/news\/al-lanca-campanha-de-incentivo-a-destinacao-do-irpf-para-fundos-da-pessoa-idosa-fonte-portal-grande-ponto\/\" \/>\n<meta property=\"og:site_name\" content=\"Ubaldo Fernandes\" \/>\n<meta property=\"article:modified_time\" content=\"2021-03-30T14:23:13+00:00\" \/>\n<meta property=\"og:image\" content=\"https:\/\/ubaldofernandes.com\/wp-content\/uploads\/2021\/03\/ALRN.jpg\" \/>\n\t<meta property=\"og:image:width\" content=\"512\" \/>\n\t<meta property=\"og:image:height\" content=\"341\" \/>\n\t<meta property=\"og:image:type\" content=\"image\/jpeg\" \/>\n<meta name=\"twitter:card\" content=\"summary_large_image\" \/>\n<meta name=\"twitter:label1\" content=\"Est. tempo de leitura\" \/>\n\t<meta name=\"twitter:data1\" content=\"3 minutos\" \/>\n<script type=\"application\/ld+json\" class=\"yoast-schema-graph\">{\"@context\":\"https:\/\/schema.org\",\"@graph\":[{\"@type\":\"WebPage\",\"@id\":\"https:\/\/ubaldofernandes.com\/index.php\/news\/al-lanca-campanha-de-incentivo-a-destinacao-do-irpf-para-fundos-da-pessoa-idosa-fonte-portal-grande-ponto\/\",\"url\":\"https:\/\/ubaldofernandes.com\/index.php\/news\/al-lanca-campanha-de-incentivo-a-destinacao-do-irpf-para-fundos-da-pessoa-idosa-fonte-portal-grande-ponto\/\",\"name\":\"AL lan\u00e7a campanha de incentivo \u00e0 destina\u00e7\u00e3o do IRPF para Fundos da Pessoa Idosa Fonte: Portal Grande Ponto - Ubaldo Fernandes\",\"isPartOf\":{\"@id\":\"https:\/\/ubaldofernandes.com\/#website\"},\"primaryImageOfPage\":{\"@id\":\"https:\/\/ubaldofernandes.com\/index.php\/news\/al-lanca-campanha-de-incentivo-a-destinacao-do-irpf-para-fundos-da-pessoa-idosa-fonte-portal-grande-ponto\/#primaryimage\"},\"image\":{\"@id\":\"https:\/\/ubaldofernandes.com\/index.php\/news\/al-lanca-campanha-de-incentivo-a-destinacao-do-irpf-para-fundos-da-pessoa-idosa-fonte-portal-grande-ponto\/#primaryimage\"},\"thumbnailUrl\":\"https:\/\/ubaldofernandes.com\/wp-content\/uploads\/2021\/03\/ALRN.jpg\",\"datePublished\":\"2021-03-29T15:16:02+00:00\",\"dateModified\":\"2021-03-30T14:23:13+00:00\",\"breadcrumb\":{\"@id\":\"https:\/\/ubaldofernandes.com\/index.php\/news\/al-lanca-campanha-de-incentivo-a-destinacao-do-irpf-para-fundos-da-pessoa-idosa-fonte-portal-grande-ponto\/#breadcrumb\"},\"inLanguage\":\"pt-BR\",\"potentialAction\":[{\"@type\":\"ReadAction\",\"target\":[\"https:\/\/ubaldofernandes.com\/index.php\/news\/al-lanca-campanha-de-incentivo-a-destinacao-do-irpf-para-fundos-da-pessoa-idosa-fonte-portal-grande-ponto\/\"]}]},{\"@type\":\"ImageObject\",\"inLanguage\":\"pt-BR\",\"@id\":\"https:\/\/ubaldofernandes.com\/index.php\/news\/al-lanca-campanha-de-incentivo-a-destinacao-do-irpf-para-fundos-da-pessoa-idosa-fonte-portal-grande-ponto\/#primaryimage\",\"url\":\"https:\/\/ubaldofernandes.com\/wp-content\/uploads\/2021\/03\/ALRN.jpg\",\"contentUrl\":\"https:\/\/ubaldofernandes.com\/wp-content\/uploads\/2021\/03\/ALRN.jpg\",\"width\":512,\"height\":341},{\"@type\":\"BreadcrumbList\",\"@id\":\"https:\/\/ubaldofernandes.com\/index.php\/news\/al-lanca-campanha-de-incentivo-a-destinacao-do-irpf-para-fundos-da-pessoa-idosa-fonte-portal-grande-ponto\/#breadcrumb\",\"itemListElement\":[{\"@type\":\"ListItem\",\"position\":1,\"name\":\"In\u00edcio\",\"item\":\"https:\/\/ubaldofernandes.com\/\"},{\"@type\":\"ListItem\",\"position\":2,\"name\":\"Not\u00edcias\",\"item\":\"https:\/\/ubaldofernandes.com\/index.php\/news\/\"},{\"@type\":\"ListItem\",\"position\":3,\"name\":\"AL lan\u00e7a campanha de incentivo \u00e0 destina\u00e7\u00e3o do IRPF para Fundos da Pessoa Idosa Fonte: Portal Grande Ponto\"}]},{\"@type\":\"WebSite\",\"@id\":\"https:\/\/ubaldofernandes.com\/#website\",\"url\":\"https:\/\/ubaldofernandes.com\/\",\"name\":\"Ubaldo Fernandes\",\"description\":\"Deputado Estadual\",\"potentialAction\":[{\"@type\":\"SearchAction\",\"target\":{\"@type\":\"EntryPoint\",\"urlTemplate\":\"https:\/\/ubaldofernandes.com\/?s={search_term_string}\"},\"query-input\":{\"@type\":\"PropertyValueSpecification\",\"valueRequired\":true,\"valueName\":\"search_term_string\"}}],\"inLanguage\":\"pt-BR\"}]}<\/script>\n<!-- \/ Yoast SEO plugin. -->","yoast_head_json":{"title":"AL lan\u00e7a campanha de incentivo \u00e0 destina\u00e7\u00e3o do IRPF para Fundos da Pessoa Idosa Fonte: Portal Grande Ponto - Ubaldo Fernandes","robots":{"index":"index","follow":"follow","max-snippet":"max-snippet:-1","max-image-preview":"max-image-preview:large","max-video-preview":"max-video-preview:-1"},"canonical":"https:\/\/ubaldofernandes.com\/index.php\/news\/al-lanca-campanha-de-incentivo-a-destinacao-do-irpf-para-fundos-da-pessoa-idosa-fonte-portal-grande-ponto\/","og_locale":"pt_BR","og_type":"article","og_title":"AL lan\u00e7a campanha de incentivo \u00e0 destina\u00e7\u00e3o do IRPF para Fundos da Pessoa Idosa Fonte: Portal Grande Ponto - Ubaldo Fernandes","og_description":"A Frente Parlamentar em Defesa e Valoriza\u00e7\u00e3o dos Direitos da Pessoa Idosa do Rio Grande do Norte, da Assembleia Legislativa, lan\u00e7a mais uma campanha de conscientiza\u00e7\u00e3o da popula\u00e7\u00e3o em 2021. Ap\u00f3s ter lan\u00e7ado \u201cVacina \u00e9 Vida\u201d para estimular a imuniza\u00e7\u00e3o contra a covid-19, agora o colegiado incentiva a destina\u00e7\u00e3o do Imposto de Renda para Fundos [&hellip;]","og_url":"https:\/\/ubaldofernandes.com\/index.php\/news\/al-lanca-campanha-de-incentivo-a-destinacao-do-irpf-para-fundos-da-pessoa-idosa-fonte-portal-grande-ponto\/","og_site_name":"Ubaldo Fernandes","article_modified_time":"2021-03-30T14:23:13+00:00","og_image":[{"width":512,"height":341,"url":"https:\/\/ubaldofernandes.com\/wp-content\/uploads\/2021\/03\/ALRN.jpg","type":"image\/jpeg"}],"twitter_card":"summary_large_image","twitter_misc":{"Est. tempo de leitura":"3 minutos"},"schema":{"@context":"https:\/\/schema.org","@graph":[{"@type":"WebPage","@id":"https:\/\/ubaldofernandes.com\/index.php\/news\/al-lanca-campanha-de-incentivo-a-destinacao-do-irpf-para-fundos-da-pessoa-idosa-fonte-portal-grande-ponto\/","url":"https:\/\/ubaldofernandes.com\/index.php\/news\/al-lanca-campanha-de-incentivo-a-destinacao-do-irpf-para-fundos-da-pessoa-idosa-fonte-portal-grande-ponto\/","name":"AL lan\u00e7a campanha de incentivo \u00e0 destina\u00e7\u00e3o do IRPF para Fundos da Pessoa Idosa Fonte: Portal Grande Ponto - Ubaldo Fernandes","isPartOf":{"@id":"https:\/\/ubaldofernandes.com\/#website"},"primaryImageOfPage":{"@id":"https:\/\/ubaldofernandes.com\/index.php\/news\/al-lanca-campanha-de-incentivo-a-destinacao-do-irpf-para-fundos-da-pessoa-idosa-fonte-portal-grande-ponto\/#primaryimage"},"image":{"@id":"https:\/\/ubaldofernandes.com\/index.php\/news\/al-lanca-campanha-de-incentivo-a-destinacao-do-irpf-para-fundos-da-pessoa-idosa-fonte-portal-grande-ponto\/#primaryimage"},"thumbnailUrl":"https:\/\/ubaldofernandes.com\/wp-content\/uploads\/2021\/03\/ALRN.jpg","datePublished":"2021-03-29T15:16:02+00:00","dateModified":"2021-03-30T14:23:13+00:00","breadcrumb":{"@id":"https:\/\/ubaldofernandes.com\/index.php\/news\/al-lanca-campanha-de-incentivo-a-destinacao-do-irpf-para-fundos-da-pessoa-idosa-fonte-portal-grande-ponto\/#breadcrumb"},"inLanguage":"pt-BR","potentialAction":[{"@type":"ReadAction","target":["https:\/\/ubaldofernandes.com\/index.php\/news\/al-lanca-campanha-de-incentivo-a-destinacao-do-irpf-para-fundos-da-pessoa-idosa-fonte-portal-grande-ponto\/"]}]},{"@type":"ImageObject","inLanguage":"pt-BR","@id":"https:\/\/ubaldofernandes.com\/index.php\/news\/al-lanca-campanha-de-incentivo-a-destinacao-do-irpf-para-fundos-da-pessoa-idosa-fonte-portal-grande-ponto\/#primaryimage","url":"https:\/\/ubaldofernandes.com\/wp-content\/uploads\/2021\/03\/ALRN.jpg","contentUrl":"https:\/\/ubaldofernandes.com\/wp-content\/uploads\/2021\/03\/ALRN.jpg","width":512,"height":341},{"@type":"BreadcrumbList","@id":"https:\/\/ubaldofernandes.com\/index.php\/news\/al-lanca-campanha-de-incentivo-a-destinacao-do-irpf-para-fundos-da-pessoa-idosa-fonte-portal-grande-ponto\/#breadcrumb","itemListElement":[{"@type":"ListItem","position":1,"name":"In\u00edcio","item":"https:\/\/ubaldofernandes.com\/"},{"@type":"ListItem","position":2,"name":"Not\u00edcias","item":"https:\/\/ubaldofernandes.com\/index.php\/news\/"},{"@type":"ListItem","position":3,"name":"AL lan\u00e7a campanha de incentivo \u00e0 destina\u00e7\u00e3o do IRPF para Fundos da Pessoa Idosa Fonte: Portal Grande Ponto"}]},{"@type":"WebSite","@id":"https:\/\/ubaldofernandes.com\/#website","url":"https:\/\/ubaldofernandes.com\/","name":"Ubaldo Fernandes","description":"Deputado Estadual","potentialAction":[{"@type":"SearchAction","target":{"@type":"EntryPoint","urlTemplate":"https:\/\/ubaldofernandes.com\/?s={search_term_string}"},"query-input":{"@type":"PropertyValueSpecification","valueRequired":true,"valueName":"search_term_string"}}],"inLanguage":"pt-BR"}]}},"_links":{"self":[{"href":"https:\/\/ubaldofernandes.com\/index.php\/wp-json\/wp\/v2\/news\/1923","targetHints":{"allow":["GET"]}}],"collection":[{"href":"https:\/\/ubaldofernandes.com\/index.php\/wp-json\/wp\/v2\/news"}],"about":[{"href":"https:\/\/ubaldofernandes.com\/index.php\/wp-json\/wp\/v2\/types\/news"}],"wp:featuredmedia":[{"embeddable":true,"href":"https:\/\/ubaldofernandes.com\/index.php\/wp-json\/wp\/v2\/media\/1924"}],"wp:attachment":[{"href":"https:\/\/ubaldofernandes.com\/index.php\/wp-json\/wp\/v2\/media?parent=1923"}],"curies":[{"name":"wp","href":"https:\/\/api.w.org\/{rel}","templated":true}]}}