{"id":1942,"date":"2021-03-31T11:13:07","date_gmt":"2021-03-31T14:13:07","guid":{"rendered":"https:\/\/ubaldofernandes.com\/?post_type=news&#038;p=1942"},"modified":"2021-04-01T11:17:02","modified_gmt":"2021-04-01T14:17:02","slug":"al-aprova-pls-de-ubaldo-no-enfrentamento-a-covid-e-de-atencao-a-idosos","status":"publish","type":"news","link":"https:\/\/ubaldofernandes.com\/index.php\/news\/al-aprova-pls-de-ubaldo-no-enfrentamento-a-covid-e-de-atencao-a-idosos\/","title":{"rendered":"AL aprova PLs de Ubaldo no enfrentamento \u00e0 Covid e de aten\u00e7\u00e3o a idosos"},"content":{"rendered":"\n<p>Os deputados estaduais aprovaram, na Sess\u00e3o Plen\u00e1ria virtual dessa ter\u00e7a-feira (30), dois Projetos de Lei de autoria de Ubaldo Fernandes: um no enfrentamento \u00e0 Covid-19 e de aten\u00e7\u00e3o \u00e0s pessoas idosas. Com isso, seguem pra san\u00e7\u00e3o do Governo do Estado o PL 218\/2020 para transformar o 28 de mar\u00e7o em dia em mem\u00f3ria das v\u00edtimas da covid-19 e o PL 239\/2020 que institui, no calend\u00e1rio oficial do estado, a &#8220;Semana de Aten\u00e7\u00e3o \u00e0 Sa\u00fade Auditiva da Pessoa Idosa\u201d.<\/p>\n\n\n\n<p>\u201cNo \u00faltimo domingo, completou um ano do primeiro registro de \u00f3bito relatado pela Secretaria Estadual de Sa\u00fade, ocorrido em Mossor\u00f3. Essa proposi\u00e7\u00e3o homenageia as v\u00edtimas falecidas em decorr\u00eancia da pandemia da covid-19 no Rio Grande do Norte, assim como seus familiares com a finalidade de reconhecer a luta de todos os potiguares contra a maior pandemia que se tem relato na hist\u00f3ria mundial\u201d, ressalta Ubaldo.<\/p>\n\n\n\n<p>J\u00e1 o outro PL busca contemplar as pol\u00edticas p\u00fablicas de sa\u00fade em defesa do direito das pessoas idosas, especificamente as de natureza auditiva, visto que essa camada da popula\u00e7\u00e3o exige maior aten\u00e7\u00e3o do poder p\u00fablico. \u201cAp\u00f3s virar Lei, essa a\u00e7\u00e3o pode ser composta de campanhas e atividades de conscientiza\u00e7\u00e3o, realiza\u00e7\u00e3o de exames audiom\u00e9tricos e encaminhamentos para exames complementares; e para o servi\u00e7o especializado, em caso de severa ou profunda perda auditiva\u201d, justifica o autor.<\/p>\n\n\n\n<p>Mat\u00e9ria publicada no <a href=\"https:\/\/www.blogdojadson.com.br\/ler.php?idnot=18908\">Blog do Jadson<\/a>. <\/p>\n","protected":false},"featured_media":1943,"parent":0,"template":"","class_list":["post-1942","news","type-news","status-publish","has-post-thumbnail","hentry"],"acf":[],"yoast_head":"<!-- This site is optimized with the Yoast SEO plugin v24.6 - https:\/\/yoast.com\/wordpress\/plugins\/seo\/ -->\n<title>AL aprova PLs de Ubaldo no enfrentamento \u00e0 Covid e de aten\u00e7\u00e3o a idosos - Ubaldo Fernandes<\/title>\n<meta name=\"robots\" content=\"index, follow, max-snippet:-1, max-image-preview:large, max-video-preview:-1\" \/>\n<link rel=\"canonical\" href=\"https:\/\/ubaldofernandes.com\/index.php\/news\/al-aprova-pls-de-ubaldo-no-enfrentamento-a-covid-e-de-atencao-a-idosos\/\" \/>\n<meta property=\"og:locale\" content=\"pt_BR\" \/>\n<meta property=\"og:type\" content=\"article\" \/>\n<meta property=\"og:title\" content=\"AL aprova PLs de Ubaldo no enfrentamento \u00e0 Covid e de aten\u00e7\u00e3o a idosos - Ubaldo Fernandes\" \/>\n<meta property=\"og:description\" content=\"Os deputados estaduais aprovaram, na Sess\u00e3o Plen\u00e1ria virtual dessa ter\u00e7a-feira (30), dois Projetos de Lei de autoria de Ubaldo Fernandes: um no enfrentamento \u00e0 Covid-19 e de aten\u00e7\u00e3o \u00e0s pessoas idosas. Com isso, seguem pra san\u00e7\u00e3o do Governo do Estado o PL 218\/2020 para transformar o 28 de mar\u00e7o em dia em mem\u00f3ria das v\u00edtimas [&hellip;]\" \/>\n<meta property=\"og:url\" content=\"https:\/\/ubaldofernandes.com\/index.php\/news\/al-aprova-pls-de-ubaldo-no-enfrentamento-a-covid-e-de-atencao-a-idosos\/\" \/>\n<meta property=\"og:site_name\" content=\"Ubaldo Fernandes\" \/>\n<meta property=\"article:modified_time\" content=\"2021-04-01T14:17:02+00:00\" \/>\n<meta property=\"og:image\" content=\"https:\/\/ubaldofernandes.com\/wp-content\/uploads\/2021\/04\/Ubaldo-AL.jpg\" \/>\n\t<meta property=\"og:image:width\" content=\"600\" \/>\n\t<meta property=\"og:image:height\" content=\"400\" \/>\n\t<meta property=\"og:image:type\" content=\"image\/jpeg\" \/>\n<meta name=\"twitter:card\" content=\"summary_large_image\" \/>\n<meta name=\"twitter:label1\" content=\"Est. tempo de leitura\" \/>\n\t<meta name=\"twitter:data1\" content=\"1 minuto\" \/>\n<script type=\"application\/ld+json\" class=\"yoast-schema-graph\">{\"@context\":\"https:\/\/schema.org\",\"@graph\":[{\"@type\":\"WebPage\",\"@id\":\"https:\/\/ubaldofernandes.com\/index.php\/news\/al-aprova-pls-de-ubaldo-no-enfrentamento-a-covid-e-de-atencao-a-idosos\/\",\"url\":\"https:\/\/ubaldofernandes.com\/index.php\/news\/al-aprova-pls-de-ubaldo-no-enfrentamento-a-covid-e-de-atencao-a-idosos\/\",\"name\":\"AL aprova PLs de Ubaldo no enfrentamento \u00e0 Covid e de aten\u00e7\u00e3o a idosos - Ubaldo Fernandes\",\"isPartOf\":{\"@id\":\"https:\/\/ubaldofernandes.com\/#website\"},\"primaryImageOfPage\":{\"@id\":\"https:\/\/ubaldofernandes.com\/index.php\/news\/al-aprova-pls-de-ubaldo-no-enfrentamento-a-covid-e-de-atencao-a-idosos\/#primaryimage\"},\"image\":{\"@id\":\"https:\/\/ubaldofernandes.com\/index.php\/news\/al-aprova-pls-de-ubaldo-no-enfrentamento-a-covid-e-de-atencao-a-idosos\/#primaryimage\"},\"thumbnailUrl\":\"https:\/\/ubaldofernandes.com\/wp-content\/uploads\/2021\/04\/Ubaldo-AL.jpg\",\"datePublished\":\"2021-03-31T14:13:07+00:00\",\"dateModified\":\"2021-04-01T14:17:02+00:00\",\"breadcrumb\":{\"@id\":\"https:\/\/ubaldofernandes.com\/index.php\/news\/al-aprova-pls-de-ubaldo-no-enfrentamento-a-covid-e-de-atencao-a-idosos\/#breadcrumb\"},\"inLanguage\":\"pt-BR\",\"potentialAction\":[{\"@type\":\"ReadAction\",\"target\":[\"https:\/\/ubaldofernandes.com\/index.php\/news\/al-aprova-pls-de-ubaldo-no-enfrentamento-a-covid-e-de-atencao-a-idosos\/\"]}]},{\"@type\":\"ImageObject\",\"inLanguage\":\"pt-BR\",\"@id\":\"https:\/\/ubaldofernandes.com\/index.php\/news\/al-aprova-pls-de-ubaldo-no-enfrentamento-a-covid-e-de-atencao-a-idosos\/#primaryimage\",\"url\":\"https:\/\/ubaldofernandes.com\/wp-content\/uploads\/2021\/04\/Ubaldo-AL.jpg\",\"contentUrl\":\"https:\/\/ubaldofernandes.com\/wp-content\/uploads\/2021\/04\/Ubaldo-AL.jpg\",\"width\":600,\"height\":400},{\"@type\":\"BreadcrumbList\",\"@id\":\"https:\/\/ubaldofernandes.com\/index.php\/news\/al-aprova-pls-de-ubaldo-no-enfrentamento-a-covid-e-de-atencao-a-idosos\/#breadcrumb\",\"itemListElement\":[{\"@type\":\"ListItem\",\"position\":1,\"name\":\"In\u00edcio\",\"item\":\"https:\/\/ubaldofernandes.com\/\"},{\"@type\":\"ListItem\",\"position\":2,\"name\":\"Not\u00edcias\",\"item\":\"https:\/\/ubaldofernandes.com\/index.php\/news\/\"},{\"@type\":\"ListItem\",\"position\":3,\"name\":\"AL aprova PLs de Ubaldo no enfrentamento \u00e0 Covid e de aten\u00e7\u00e3o a idosos\"}]},{\"@type\":\"WebSite\",\"@id\":\"https:\/\/ubaldofernandes.com\/#website\",\"url\":\"https:\/\/ubaldofernandes.com\/\",\"name\":\"Ubaldo Fernandes\",\"description\":\"Deputado Estadual\",\"potentialAction\":[{\"@type\":\"SearchAction\",\"target\":{\"@type\":\"EntryPoint\",\"urlTemplate\":\"https:\/\/ubaldofernandes.com\/?s={search_term_string}\"},\"query-input\":{\"@type\":\"PropertyValueSpecification\",\"valueRequired\":true,\"valueName\":\"search_term_string\"}}],\"inLanguage\":\"pt-BR\"}]}<\/script>\n<!-- \/ Yoast SEO plugin. -->","yoast_head_json":{"title":"AL aprova PLs de Ubaldo no enfrentamento \u00e0 Covid e de aten\u00e7\u00e3o a idosos - Ubaldo Fernandes","robots":{"index":"index","follow":"follow","max-snippet":"max-snippet:-1","max-image-preview":"max-image-preview:large","max-video-preview":"max-video-preview:-1"},"canonical":"https:\/\/ubaldofernandes.com\/index.php\/news\/al-aprova-pls-de-ubaldo-no-enfrentamento-a-covid-e-de-atencao-a-idosos\/","og_locale":"pt_BR","og_type":"article","og_title":"AL aprova PLs de Ubaldo no enfrentamento \u00e0 Covid e de aten\u00e7\u00e3o a idosos - Ubaldo Fernandes","og_description":"Os deputados estaduais aprovaram, na Sess\u00e3o Plen\u00e1ria virtual dessa ter\u00e7a-feira (30), dois Projetos de Lei de autoria de Ubaldo Fernandes: um no enfrentamento \u00e0 Covid-19 e de aten\u00e7\u00e3o \u00e0s pessoas idosas. Com isso, seguem pra san\u00e7\u00e3o do Governo do Estado o PL 218\/2020 para transformar o 28 de mar\u00e7o em dia em mem\u00f3ria das v\u00edtimas [&hellip;]","og_url":"https:\/\/ubaldofernandes.com\/index.php\/news\/al-aprova-pls-de-ubaldo-no-enfrentamento-a-covid-e-de-atencao-a-idosos\/","og_site_name":"Ubaldo Fernandes","article_modified_time":"2021-04-01T14:17:02+00:00","og_image":[{"width":600,"height":400,"url":"https:\/\/ubaldofernandes.com\/wp-content\/uploads\/2021\/04\/Ubaldo-AL.jpg","type":"image\/jpeg"}],"twitter_card":"summary_large_image","twitter_misc":{"Est. tempo de leitura":"1 minuto"},"schema":{"@context":"https:\/\/schema.org","@graph":[{"@type":"WebPage","@id":"https:\/\/ubaldofernandes.com\/index.php\/news\/al-aprova-pls-de-ubaldo-no-enfrentamento-a-covid-e-de-atencao-a-idosos\/","url":"https:\/\/ubaldofernandes.com\/index.php\/news\/al-aprova-pls-de-ubaldo-no-enfrentamento-a-covid-e-de-atencao-a-idosos\/","name":"AL aprova PLs de Ubaldo no enfrentamento \u00e0 Covid e de aten\u00e7\u00e3o a idosos - Ubaldo Fernandes","isPartOf":{"@id":"https:\/\/ubaldofernandes.com\/#website"},"primaryImageOfPage":{"@id":"https:\/\/ubaldofernandes.com\/index.php\/news\/al-aprova-pls-de-ubaldo-no-enfrentamento-a-covid-e-de-atencao-a-idosos\/#primaryimage"},"image":{"@id":"https:\/\/ubaldofernandes.com\/index.php\/news\/al-aprova-pls-de-ubaldo-no-enfrentamento-a-covid-e-de-atencao-a-idosos\/#primaryimage"},"thumbnailUrl":"https:\/\/ubaldofernandes.com\/wp-content\/uploads\/2021\/04\/Ubaldo-AL.jpg","datePublished":"2021-03-31T14:13:07+00:00","dateModified":"2021-04-01T14:17:02+00:00","breadcrumb":{"@id":"https:\/\/ubaldofernandes.com\/index.php\/news\/al-aprova-pls-de-ubaldo-no-enfrentamento-a-covid-e-de-atencao-a-idosos\/#breadcrumb"},"inLanguage":"pt-BR","potentialAction":[{"@type":"ReadAction","target":["https:\/\/ubaldofernandes.com\/index.php\/news\/al-aprova-pls-de-ubaldo-no-enfrentamento-a-covid-e-de-atencao-a-idosos\/"]}]},{"@type":"ImageObject","inLanguage":"pt-BR","@id":"https:\/\/ubaldofernandes.com\/index.php\/news\/al-aprova-pls-de-ubaldo-no-enfrentamento-a-covid-e-de-atencao-a-idosos\/#primaryimage","url":"https:\/\/ubaldofernandes.com\/wp-content\/uploads\/2021\/04\/Ubaldo-AL.jpg","contentUrl":"https:\/\/ubaldofernandes.com\/wp-content\/uploads\/2021\/04\/Ubaldo-AL.jpg","width":600,"height":400},{"@type":"BreadcrumbList","@id":"https:\/\/ubaldofernandes.com\/index.php\/news\/al-aprova-pls-de-ubaldo-no-enfrentamento-a-covid-e-de-atencao-a-idosos\/#breadcrumb","itemListElement":[{"@type":"ListItem","position":1,"name":"In\u00edcio","item":"https:\/\/ubaldofernandes.com\/"},{"@type":"ListItem","position":2,"name":"Not\u00edcias","item":"https:\/\/ubaldofernandes.com\/index.php\/news\/"},{"@type":"ListItem","position":3,"name":"AL aprova PLs de Ubaldo no enfrentamento \u00e0 Covid e de aten\u00e7\u00e3o a idosos"}]},{"@type":"WebSite","@id":"https:\/\/ubaldofernandes.com\/#website","url":"https:\/\/ubaldofernandes.com\/","name":"Ubaldo Fernandes","description":"Deputado Estadual","potentialAction":[{"@type":"SearchAction","target":{"@type":"EntryPoint","urlTemplate":"https:\/\/ubaldofernandes.com\/?s={search_term_string}"},"query-input":{"@type":"PropertyValueSpecification","valueRequired":true,"valueName":"search_term_string"}}],"inLanguage":"pt-BR"}]}},"_links":{"self":[{"href":"https:\/\/ubaldofernandes.com\/index.php\/wp-json\/wp\/v2\/news\/1942","targetHints":{"allow":["GET"]}}],"collection":[{"href":"https:\/\/ubaldofernandes.com\/index.php\/wp-json\/wp\/v2\/news"}],"about":[{"href":"https:\/\/ubaldofernandes.com\/index.php\/wp-json\/wp\/v2\/types\/news"}],"wp:featuredmedia":[{"embeddable":true,"href":"https:\/\/ubaldofernandes.com\/index.php\/wp-json\/wp\/v2\/media\/1943"}],"wp:attachment":[{"href":"https:\/\/ubaldofernandes.com\/index.php\/wp-json\/wp\/v2\/media?parent=1942"}],"curies":[{"name":"wp","href":"https:\/\/api.w.org\/{rel}","templated":true}]}}