{"id":1947,"date":"2021-04-01T11:06:00","date_gmt":"2021-04-01T14:06:00","guid":{"rendered":"https:\/\/ubaldofernandes.com\/?post_type=news&#038;p=1947"},"modified":"2021-04-01T12:11:57","modified_gmt":"2021-04-01T15:11:57","slug":"covid-19-ubaldo-aprova-projeto-de-lei-que-torna-vacinacao-no-rn-mais-segura","status":"publish","type":"news","link":"https:\/\/ubaldofernandes.com\/index.php\/news\/covid-19-ubaldo-aprova-projeto-de-lei-que-torna-vacinacao-no-rn-mais-segura\/","title":{"rendered":"Covid-19: Ubaldo aprova Projeto de Lei que torna vacina\u00e7\u00e3o no RN mais segura"},"content":{"rendered":"\n<p>Foi aprovado, \u00e0 unanimidade, na Sess\u00e3o Plen\u00e1ria virtual da Assembleia Legislativa desta quarta-feira, 31, um Projeto de Lei que busca tornar as vacina\u00e7\u00f5es no Rio Grande do Norte mais seguras. De autoria do deputado estadual Ubaldo Fernandes (PL), a mat\u00e9ria prev\u00ea mais transpar\u00eancia na manipula\u00e7\u00e3o das seringas.&nbsp;<\/p>\n\n\n\n<p>\u201cQuero defender hoje, com muita responsabilidade, a aprova\u00e7\u00e3o desta mat\u00e9ria que propus com o objetivo de dar maior seguran\u00e7a e transpar\u00eancia na aplica\u00e7\u00e3o de vacinas em geral, mas principalmente agora na aplica\u00e7\u00e3o dos imunizantes contra a covid-19. Diante dessa situa\u00e7\u00e3o preocupante que enfrentamos, precisamos afastar toda e qualquer possibilidade de problemas que atrapalhem a necess\u00e1ria imuniza\u00e7\u00e3o de 100% da nossa popula\u00e7\u00e3o!\u201d, enfatizou o autor.<\/p>\n\n\n\n<p>Fernandes defendeu ainda a urg\u00eancia de aprecia\u00e7\u00e3o desta mat\u00e9ria para garantir maior seguran\u00e7a ainda mais diante da grande expectativa dos cidad\u00e3os que sonham em finalmente ficarem imunes ao coronav\u00edrus. \u201cMuitas t\u00eam sido as not\u00edcias sobre falhas na aplica\u00e7\u00e3o das vacinas. H\u00e1 relatos de que em alguns casos n\u00e3o foi identificado o imunizante dentro das seringas, deixando pacientes expostos \u00e0 contamina\u00e7\u00e3o da doen\u00e7a. Se muitas dessas informa\u00e7\u00f5es que est\u00e3o sendo espalhadas s\u00e3o ver\u00eddicas ou n\u00e3o, n\u00e3o se sabe. Mas o que sabemos \u00e9 que podemos prevenir essa situa\u00e7\u00e3o com a aprova\u00e7\u00e3o e efetividade desta lei!\u201d, observou<\/p>\n\n\n\n<p>Com a aprova\u00e7\u00e3o desse projeto de lei, fica assegurado ao paciente o direito de acompanhar a manipula\u00e7\u00e3o da vacina a que est\u00e1 sendo submetido. Entende-se por manipula\u00e7\u00e3o da vacina a retirada do frasco, a verifica\u00e7\u00e3o do lote da vacina, a coloca\u00e7\u00e3o da vacina na seringa, a verifica\u00e7\u00e3o da agulha embalada, o descarte do material utilizado e a devida anota\u00e7\u00e3o no cart\u00e3o de vacina. Todos os \u00f3rg\u00e3os p\u00fablicos, bem como as institui\u00e7\u00f5es particulares, dever\u00e3o orientar os seus profissionais no sentido de garantir ao paciente o disposto nesta lei<\/p>\n\n\n\n<p>Em caso de descumprimento, as san\u00e7\u00f5es ser\u00e3o: em se tratando de empresas privadas, o registro de advert\u00eancia formal, a ser aplicada pela secretaria de sa\u00fade p\u00fablica do estado do rio grande do norte, sendo cab\u00edvel, em caso de reincid\u00eancia, a aplica\u00e7\u00e3o de multa, entre 01 (um) e 20 (vinte) sal\u00e1rios-m\u00ednimos, revertendo-se o valor ao fundo municipal de sa\u00fade;\u00a0 em se tratando de \u00f3rg\u00e3os p\u00fablicos, advert\u00eancia formal ao profissional infrator, a ser aplicada pela dire\u00e7\u00e3o do respectivo \u00f3rg\u00e3o, sendo cab\u00edvel, em caso de reincid\u00eancia, a instaura\u00e7\u00e3o do processo administrativo disciplinar.<\/p>\n\n\n\n<p>Mat\u00e9ria publicada no <a href=\"http:\/\/www.alexsilvaassu.com.br\/2021\/04\/covid-19-ubaldo-aprova-projeto-de-lei.html\">Blog de Alex Silva Assu<\/a>.<\/p>\n","protected":false},"featured_media":1904,"parent":0,"template":"","class_list":["post-1947","news","type-news","status-publish","has-post-thumbnail","hentry"],"acf":[],"yoast_head":"<!-- This site is optimized with the Yoast SEO plugin v24.6 - https:\/\/yoast.com\/wordpress\/plugins\/seo\/ -->\n<title>Covid-19: Ubaldo aprova Projeto de Lei que torna vacina\u00e7\u00e3o no RN mais segura - Ubaldo Fernandes<\/title>\n<meta name=\"robots\" content=\"index, follow, max-snippet:-1, max-image-preview:large, max-video-preview:-1\" \/>\n<link rel=\"canonical\" href=\"https:\/\/ubaldofernandes.com\/index.php\/news\/covid-19-ubaldo-aprova-projeto-de-lei-que-torna-vacinacao-no-rn-mais-segura\/\" \/>\n<meta property=\"og:locale\" content=\"pt_BR\" \/>\n<meta property=\"og:type\" content=\"article\" \/>\n<meta property=\"og:title\" content=\"Covid-19: Ubaldo aprova Projeto de Lei que torna vacina\u00e7\u00e3o no RN mais segura - Ubaldo Fernandes\" \/>\n<meta property=\"og:description\" content=\"Foi aprovado, \u00e0 unanimidade, na Sess\u00e3o Plen\u00e1ria virtual da Assembleia Legislativa desta quarta-feira, 31, um Projeto de Lei que busca tornar as vacina\u00e7\u00f5es no Rio Grande do Norte mais seguras. De autoria do deputado estadual Ubaldo Fernandes (PL), a mat\u00e9ria prev\u00ea mais transpar\u00eancia na manipula\u00e7\u00e3o das seringas.&nbsp; \u201cQuero defender hoje, com muita responsabilidade, a aprova\u00e7\u00e3o [&hellip;]\" \/>\n<meta property=\"og:url\" content=\"https:\/\/ubaldofernandes.com\/index.php\/news\/covid-19-ubaldo-aprova-projeto-de-lei-que-torna-vacinacao-no-rn-mais-segura\/\" \/>\n<meta property=\"og:site_name\" content=\"Ubaldo Fernandes\" \/>\n<meta property=\"article:modified_time\" content=\"2021-04-01T15:11:57+00:00\" \/>\n<meta property=\"og:image\" content=\"https:\/\/ubaldofernandes.com\/wp-content\/uploads\/2021\/03\/Ubaldo-Parnamirim.jpeg\" \/>\n\t<meta property=\"og:image:width\" content=\"266\" \/>\n\t<meta property=\"og:image:height\" content=\"205\" \/>\n\t<meta property=\"og:image:type\" content=\"image\/jpeg\" \/>\n<meta name=\"twitter:card\" content=\"summary_large_image\" \/>\n<meta name=\"twitter:label1\" content=\"Est. tempo de leitura\" \/>\n\t<meta name=\"twitter:data1\" content=\"2 minutos\" \/>\n<script type=\"application\/ld+json\" class=\"yoast-schema-graph\">{\"@context\":\"https:\/\/schema.org\",\"@graph\":[{\"@type\":\"WebPage\",\"@id\":\"https:\/\/ubaldofernandes.com\/index.php\/news\/covid-19-ubaldo-aprova-projeto-de-lei-que-torna-vacinacao-no-rn-mais-segura\/\",\"url\":\"https:\/\/ubaldofernandes.com\/index.php\/news\/covid-19-ubaldo-aprova-projeto-de-lei-que-torna-vacinacao-no-rn-mais-segura\/\",\"name\":\"Covid-19: Ubaldo aprova Projeto de Lei que torna vacina\u00e7\u00e3o no RN mais segura - Ubaldo Fernandes\",\"isPartOf\":{\"@id\":\"https:\/\/ubaldofernandes.com\/#website\"},\"primaryImageOfPage\":{\"@id\":\"https:\/\/ubaldofernandes.com\/index.php\/news\/covid-19-ubaldo-aprova-projeto-de-lei-que-torna-vacinacao-no-rn-mais-segura\/#primaryimage\"},\"image\":{\"@id\":\"https:\/\/ubaldofernandes.com\/index.php\/news\/covid-19-ubaldo-aprova-projeto-de-lei-que-torna-vacinacao-no-rn-mais-segura\/#primaryimage\"},\"thumbnailUrl\":\"https:\/\/ubaldofernandes.com\/wp-content\/uploads\/2021\/03\/Ubaldo-Parnamirim.jpeg\",\"datePublished\":\"2021-04-01T14:06:00+00:00\",\"dateModified\":\"2021-04-01T15:11:57+00:00\",\"breadcrumb\":{\"@id\":\"https:\/\/ubaldofernandes.com\/index.php\/news\/covid-19-ubaldo-aprova-projeto-de-lei-que-torna-vacinacao-no-rn-mais-segura\/#breadcrumb\"},\"inLanguage\":\"pt-BR\",\"potentialAction\":[{\"@type\":\"ReadAction\",\"target\":[\"https:\/\/ubaldofernandes.com\/index.php\/news\/covid-19-ubaldo-aprova-projeto-de-lei-que-torna-vacinacao-no-rn-mais-segura\/\"]}]},{\"@type\":\"ImageObject\",\"inLanguage\":\"pt-BR\",\"@id\":\"https:\/\/ubaldofernandes.com\/index.php\/news\/covid-19-ubaldo-aprova-projeto-de-lei-que-torna-vacinacao-no-rn-mais-segura\/#primaryimage\",\"url\":\"https:\/\/ubaldofernandes.com\/wp-content\/uploads\/2021\/03\/Ubaldo-Parnamirim.jpeg\",\"contentUrl\":\"https:\/\/ubaldofernandes.com\/wp-content\/uploads\/2021\/03\/Ubaldo-Parnamirim.jpeg\",\"width\":266,\"height\":205},{\"@type\":\"BreadcrumbList\",\"@id\":\"https:\/\/ubaldofernandes.com\/index.php\/news\/covid-19-ubaldo-aprova-projeto-de-lei-que-torna-vacinacao-no-rn-mais-segura\/#breadcrumb\",\"itemListElement\":[{\"@type\":\"ListItem\",\"position\":1,\"name\":\"In\u00edcio\",\"item\":\"https:\/\/ubaldofernandes.com\/\"},{\"@type\":\"ListItem\",\"position\":2,\"name\":\"Not\u00edcias\",\"item\":\"https:\/\/ubaldofernandes.com\/index.php\/news\/\"},{\"@type\":\"ListItem\",\"position\":3,\"name\":\"Covid-19: Ubaldo aprova Projeto de Lei que torna vacina\u00e7\u00e3o no RN mais segura\"}]},{\"@type\":\"WebSite\",\"@id\":\"https:\/\/ubaldofernandes.com\/#website\",\"url\":\"https:\/\/ubaldofernandes.com\/\",\"name\":\"Ubaldo Fernandes\",\"description\":\"Deputado Estadual\",\"potentialAction\":[{\"@type\":\"SearchAction\",\"target\":{\"@type\":\"EntryPoint\",\"urlTemplate\":\"https:\/\/ubaldofernandes.com\/?s={search_term_string}\"},\"query-input\":{\"@type\":\"PropertyValueSpecification\",\"valueRequired\":true,\"valueName\":\"search_term_string\"}}],\"inLanguage\":\"pt-BR\"}]}<\/script>\n<!-- \/ Yoast SEO plugin. -->","yoast_head_json":{"title":"Covid-19: Ubaldo aprova Projeto de Lei que torna vacina\u00e7\u00e3o no RN mais segura - Ubaldo Fernandes","robots":{"index":"index","follow":"follow","max-snippet":"max-snippet:-1","max-image-preview":"max-image-preview:large","max-video-preview":"max-video-preview:-1"},"canonical":"https:\/\/ubaldofernandes.com\/index.php\/news\/covid-19-ubaldo-aprova-projeto-de-lei-que-torna-vacinacao-no-rn-mais-segura\/","og_locale":"pt_BR","og_type":"article","og_title":"Covid-19: Ubaldo aprova Projeto de Lei que torna vacina\u00e7\u00e3o no RN mais segura - Ubaldo Fernandes","og_description":"Foi aprovado, \u00e0 unanimidade, na Sess\u00e3o Plen\u00e1ria virtual da Assembleia Legislativa desta quarta-feira, 31, um Projeto de Lei que busca tornar as vacina\u00e7\u00f5es no Rio Grande do Norte mais seguras. De autoria do deputado estadual Ubaldo Fernandes (PL), a mat\u00e9ria prev\u00ea mais transpar\u00eancia na manipula\u00e7\u00e3o das seringas.&nbsp; \u201cQuero defender hoje, com muita responsabilidade, a aprova\u00e7\u00e3o [&hellip;]","og_url":"https:\/\/ubaldofernandes.com\/index.php\/news\/covid-19-ubaldo-aprova-projeto-de-lei-que-torna-vacinacao-no-rn-mais-segura\/","og_site_name":"Ubaldo Fernandes","article_modified_time":"2021-04-01T15:11:57+00:00","og_image":[{"width":266,"height":205,"url":"https:\/\/ubaldofernandes.com\/wp-content\/uploads\/2021\/03\/Ubaldo-Parnamirim.jpeg","type":"image\/jpeg"}],"twitter_card":"summary_large_image","twitter_misc":{"Est. tempo de leitura":"2 minutos"},"schema":{"@context":"https:\/\/schema.org","@graph":[{"@type":"WebPage","@id":"https:\/\/ubaldofernandes.com\/index.php\/news\/covid-19-ubaldo-aprova-projeto-de-lei-que-torna-vacinacao-no-rn-mais-segura\/","url":"https:\/\/ubaldofernandes.com\/index.php\/news\/covid-19-ubaldo-aprova-projeto-de-lei-que-torna-vacinacao-no-rn-mais-segura\/","name":"Covid-19: Ubaldo aprova Projeto de Lei que torna vacina\u00e7\u00e3o no RN mais segura - Ubaldo Fernandes","isPartOf":{"@id":"https:\/\/ubaldofernandes.com\/#website"},"primaryImageOfPage":{"@id":"https:\/\/ubaldofernandes.com\/index.php\/news\/covid-19-ubaldo-aprova-projeto-de-lei-que-torna-vacinacao-no-rn-mais-segura\/#primaryimage"},"image":{"@id":"https:\/\/ubaldofernandes.com\/index.php\/news\/covid-19-ubaldo-aprova-projeto-de-lei-que-torna-vacinacao-no-rn-mais-segura\/#primaryimage"},"thumbnailUrl":"https:\/\/ubaldofernandes.com\/wp-content\/uploads\/2021\/03\/Ubaldo-Parnamirim.jpeg","datePublished":"2021-04-01T14:06:00+00:00","dateModified":"2021-04-01T15:11:57+00:00","breadcrumb":{"@id":"https:\/\/ubaldofernandes.com\/index.php\/news\/covid-19-ubaldo-aprova-projeto-de-lei-que-torna-vacinacao-no-rn-mais-segura\/#breadcrumb"},"inLanguage":"pt-BR","potentialAction":[{"@type":"ReadAction","target":["https:\/\/ubaldofernandes.com\/index.php\/news\/covid-19-ubaldo-aprova-projeto-de-lei-que-torna-vacinacao-no-rn-mais-segura\/"]}]},{"@type":"ImageObject","inLanguage":"pt-BR","@id":"https:\/\/ubaldofernandes.com\/index.php\/news\/covid-19-ubaldo-aprova-projeto-de-lei-que-torna-vacinacao-no-rn-mais-segura\/#primaryimage","url":"https:\/\/ubaldofernandes.com\/wp-content\/uploads\/2021\/03\/Ubaldo-Parnamirim.jpeg","contentUrl":"https:\/\/ubaldofernandes.com\/wp-content\/uploads\/2021\/03\/Ubaldo-Parnamirim.jpeg","width":266,"height":205},{"@type":"BreadcrumbList","@id":"https:\/\/ubaldofernandes.com\/index.php\/news\/covid-19-ubaldo-aprova-projeto-de-lei-que-torna-vacinacao-no-rn-mais-segura\/#breadcrumb","itemListElement":[{"@type":"ListItem","position":1,"name":"In\u00edcio","item":"https:\/\/ubaldofernandes.com\/"},{"@type":"ListItem","position":2,"name":"Not\u00edcias","item":"https:\/\/ubaldofernandes.com\/index.php\/news\/"},{"@type":"ListItem","position":3,"name":"Covid-19: Ubaldo aprova Projeto de Lei que torna vacina\u00e7\u00e3o no RN mais segura"}]},{"@type":"WebSite","@id":"https:\/\/ubaldofernandes.com\/#website","url":"https:\/\/ubaldofernandes.com\/","name":"Ubaldo Fernandes","description":"Deputado Estadual","potentialAction":[{"@type":"SearchAction","target":{"@type":"EntryPoint","urlTemplate":"https:\/\/ubaldofernandes.com\/?s={search_term_string}"},"query-input":{"@type":"PropertyValueSpecification","valueRequired":true,"valueName":"search_term_string"}}],"inLanguage":"pt-BR"}]}},"_links":{"self":[{"href":"https:\/\/ubaldofernandes.com\/index.php\/wp-json\/wp\/v2\/news\/1947","targetHints":{"allow":["GET"]}}],"collection":[{"href":"https:\/\/ubaldofernandes.com\/index.php\/wp-json\/wp\/v2\/news"}],"about":[{"href":"https:\/\/ubaldofernandes.com\/index.php\/wp-json\/wp\/v2\/types\/news"}],"wp:featuredmedia":[{"embeddable":true,"href":"https:\/\/ubaldofernandes.com\/index.php\/wp-json\/wp\/v2\/media\/1904"}],"wp:attachment":[{"href":"https:\/\/ubaldofernandes.com\/index.php\/wp-json\/wp\/v2\/media?parent=1947"}],"curies":[{"name":"wp","href":"https:\/\/api.w.org\/{rel}","templated":true}]}}