{"id":1950,"date":"2021-04-07T09:31:00","date_gmt":"2021-04-07T12:31:00","guid":{"rendered":"https:\/\/ubaldofernandes.com\/?post_type=news&#038;p=1950"},"modified":"2021-04-07T12:38:38","modified_gmt":"2021-04-07T15:38:38","slug":"ubaldo-articula-junto-ao-governo-acoes-reivindicadas-por-representantes-de-currais-novos","status":"publish","type":"news","link":"https:\/\/ubaldofernandes.com\/index.php\/news\/ubaldo-articula-junto-ao-governo-acoes-reivindicadas-por-representantes-de-currais-novos\/","title":{"rendered":"Ubaldo articula junto ao Governo a\u00e7\u00f5es reivindicadas por representantes de Currais Novos"},"content":{"rendered":"\n<p>Procurado pelo vereador de Currais Novos, Daniel Bezerra, e pelo suplente Garibaldinho do Serid\u00f3, o deputado estadual Ubaldo Fernandes vem intermediando audi\u00eancias administrativas junto ao Governo do RN para levar melhorias pro munic\u00edpio seridoense. Nesta ter\u00e7a-feira, 06, os representantes currais-novenses estiveram em Natal lutando pela reabertura da unidade do Procon Estadual e libera\u00e7\u00e3o de linhas de cr\u00e9dito da AGN para os pequenos comerciantes.<\/p>\n\n\n\n<p>&#8220;Estamos articulando essas audi\u00eancias que s\u00e3o importantes pra essa cidade. A facilita\u00e7\u00e3o do acesso a esses financiamentos ser\u00e1 fundamental para melhorar a economia local, otimizando os neg\u00f3cios dos currais-novenses&#8221;, frisa Ubaldo.<\/p>\n\n\n\n<div class=\"wp-block-image\"><figure class=\"aligncenter size-large\"><img loading=\"lazy\" decoding=\"async\" width=\"500\" height=\"375\" src=\"https:\/\/ubaldofernandes.com\/wp-content\/uploads\/2021\/04\/Ubaldo-Pauta-Currais-Novos2.jpg\" alt=\"\" class=\"wp-image-1952\" srcset=\"https:\/\/ubaldofernandes.com\/wp-content\/uploads\/2021\/04\/Ubaldo-Pauta-Currais-Novos2.jpg 500w, https:\/\/ubaldofernandes.com\/wp-content\/uploads\/2021\/04\/Ubaldo-Pauta-Currais-Novos2-300x225.jpg 300w\" sizes=\"auto, (max-width: 500px) 100vw, 500px\" \/><\/figure><\/div>\n\n\n\n<p>&#8220;N\u00f3s agradecemos esse mandato sempre aberto \u00e0s reivindica\u00e7\u00f5es de Currais nessa parceria que j\u00e1 temos h\u00e1 alguns anos e vem se fortalecendo. Esses encontros foram importantes porque nossos empres\u00e1rios est\u00e3o precisando de acesso a cr\u00e9dito e a gestora da AGN, M\u00e1rcia Maia, prontamente atendeu nosso pleito de facilitar e agilizar esse acesso e j\u00e1 vai ao Serid\u00f3 na pr\u00f3xima semana&#8221;, frisou o vereador Daniel.<\/p>\n\n\n\n<p>E, segundo enfatiza, o diretor do Procon, S\u00e9rgio, tamb\u00e9m foi bastante receptivo e ir\u00e1 ao munic\u00edpio ver a viabilidade de retorno das atividades deste \u00f3rg\u00e3o naquela importante cidade seridoense.<\/p>\n\n\n\n<p><strong>MAIS<\/strong><\/p>\n\n\n\n<p>Al\u00e9m disso, os representantes currais-novenses reivindicaram emenda para ajudar a Associa\u00e7\u00e3o de Prote\u00e7\u00e3o de Animais Amigos de Chiquinho e para reconhecer como de utilidade p\u00fablica estadual a Associa\u00e7\u00e3o Desportiva Akogos do Ninha.<\/p>\n\n\n\n<p>Mat\u00e9ria publicada no <a href=\"https:\/\/www.blogdojadson.com.br\/ler.php?idnot=18991\">Blog do Jadson<\/a>. <\/p>\n","protected":false},"featured_media":1951,"parent":0,"template":"","class_list":["post-1950","news","type-news","status-publish","has-post-thumbnail","hentry"],"acf":[],"yoast_head":"<!-- This site is optimized with the Yoast SEO plugin v24.6 - https:\/\/yoast.com\/wordpress\/plugins\/seo\/ -->\n<title>Ubaldo articula junto ao Governo a\u00e7\u00f5es reivindicadas por representantes de Currais Novos - Ubaldo Fernandes<\/title>\n<meta name=\"robots\" content=\"index, follow, max-snippet:-1, max-image-preview:large, max-video-preview:-1\" \/>\n<link rel=\"canonical\" href=\"https:\/\/ubaldofernandes.com\/index.php\/news\/ubaldo-articula-junto-ao-governo-acoes-reivindicadas-por-representantes-de-currais-novos\/\" \/>\n<meta property=\"og:locale\" content=\"pt_BR\" \/>\n<meta property=\"og:type\" content=\"article\" \/>\n<meta property=\"og:title\" content=\"Ubaldo articula junto ao Governo a\u00e7\u00f5es reivindicadas por representantes de Currais Novos - Ubaldo Fernandes\" \/>\n<meta property=\"og:description\" content=\"Procurado pelo vereador de Currais Novos, Daniel Bezerra, e pelo suplente Garibaldinho do Serid\u00f3, o deputado estadual Ubaldo Fernandes vem intermediando audi\u00eancias administrativas junto ao Governo do RN para levar melhorias pro munic\u00edpio seridoense. Nesta ter\u00e7a-feira, 06, os representantes currais-novenses estiveram em Natal lutando pela reabertura da unidade do Procon Estadual e libera\u00e7\u00e3o de linhas [&hellip;]\" \/>\n<meta property=\"og:url\" content=\"https:\/\/ubaldofernandes.com\/index.php\/news\/ubaldo-articula-junto-ao-governo-acoes-reivindicadas-por-representantes-de-currais-novos\/\" \/>\n<meta property=\"og:site_name\" content=\"Ubaldo Fernandes\" \/>\n<meta property=\"article:modified_time\" content=\"2021-04-07T15:38:38+00:00\" \/>\n<meta property=\"og:image\" content=\"https:\/\/ubaldofernandes.com\/wp-content\/uploads\/2021\/04\/Ubaldo-Pauta-Currais-Novos.jpg\" \/>\n\t<meta property=\"og:image:width\" content=\"483\" \/>\n\t<meta property=\"og:image:height\" content=\"500\" \/>\n\t<meta property=\"og:image:type\" content=\"image\/jpeg\" \/>\n<meta name=\"twitter:card\" content=\"summary_large_image\" \/>\n<meta name=\"twitter:label1\" content=\"Est. tempo de leitura\" \/>\n\t<meta name=\"twitter:data1\" content=\"1 minuto\" \/>\n<script type=\"application\/ld+json\" class=\"yoast-schema-graph\">{\"@context\":\"https:\/\/schema.org\",\"@graph\":[{\"@type\":\"WebPage\",\"@id\":\"https:\/\/ubaldofernandes.com\/index.php\/news\/ubaldo-articula-junto-ao-governo-acoes-reivindicadas-por-representantes-de-currais-novos\/\",\"url\":\"https:\/\/ubaldofernandes.com\/index.php\/news\/ubaldo-articula-junto-ao-governo-acoes-reivindicadas-por-representantes-de-currais-novos\/\",\"name\":\"Ubaldo articula junto ao Governo a\u00e7\u00f5es reivindicadas por representantes de Currais Novos - Ubaldo Fernandes\",\"isPartOf\":{\"@id\":\"https:\/\/ubaldofernandes.com\/#website\"},\"primaryImageOfPage\":{\"@id\":\"https:\/\/ubaldofernandes.com\/index.php\/news\/ubaldo-articula-junto-ao-governo-acoes-reivindicadas-por-representantes-de-currais-novos\/#primaryimage\"},\"image\":{\"@id\":\"https:\/\/ubaldofernandes.com\/index.php\/news\/ubaldo-articula-junto-ao-governo-acoes-reivindicadas-por-representantes-de-currais-novos\/#primaryimage\"},\"thumbnailUrl\":\"https:\/\/ubaldofernandes.com\/wp-content\/uploads\/2021\/04\/Ubaldo-Pauta-Currais-Novos.jpg\",\"datePublished\":\"2021-04-07T12:31:00+00:00\",\"dateModified\":\"2021-04-07T15:38:38+00:00\",\"breadcrumb\":{\"@id\":\"https:\/\/ubaldofernandes.com\/index.php\/news\/ubaldo-articula-junto-ao-governo-acoes-reivindicadas-por-representantes-de-currais-novos\/#breadcrumb\"},\"inLanguage\":\"pt-BR\",\"potentialAction\":[{\"@type\":\"ReadAction\",\"target\":[\"https:\/\/ubaldofernandes.com\/index.php\/news\/ubaldo-articula-junto-ao-governo-acoes-reivindicadas-por-representantes-de-currais-novos\/\"]}]},{\"@type\":\"ImageObject\",\"inLanguage\":\"pt-BR\",\"@id\":\"https:\/\/ubaldofernandes.com\/index.php\/news\/ubaldo-articula-junto-ao-governo-acoes-reivindicadas-por-representantes-de-currais-novos\/#primaryimage\",\"url\":\"https:\/\/ubaldofernandes.com\/wp-content\/uploads\/2021\/04\/Ubaldo-Pauta-Currais-Novos.jpg\",\"contentUrl\":\"https:\/\/ubaldofernandes.com\/wp-content\/uploads\/2021\/04\/Ubaldo-Pauta-Currais-Novos.jpg\",\"width\":483,\"height\":500},{\"@type\":\"BreadcrumbList\",\"@id\":\"https:\/\/ubaldofernandes.com\/index.php\/news\/ubaldo-articula-junto-ao-governo-acoes-reivindicadas-por-representantes-de-currais-novos\/#breadcrumb\",\"itemListElement\":[{\"@type\":\"ListItem\",\"position\":1,\"name\":\"In\u00edcio\",\"item\":\"https:\/\/ubaldofernandes.com\/\"},{\"@type\":\"ListItem\",\"position\":2,\"name\":\"Not\u00edcias\",\"item\":\"https:\/\/ubaldofernandes.com\/index.php\/news\/\"},{\"@type\":\"ListItem\",\"position\":3,\"name\":\"Ubaldo articula junto ao Governo a\u00e7\u00f5es reivindicadas por representantes de Currais Novos\"}]},{\"@type\":\"WebSite\",\"@id\":\"https:\/\/ubaldofernandes.com\/#website\",\"url\":\"https:\/\/ubaldofernandes.com\/\",\"name\":\"Ubaldo Fernandes\",\"description\":\"Deputado Estadual\",\"potentialAction\":[{\"@type\":\"SearchAction\",\"target\":{\"@type\":\"EntryPoint\",\"urlTemplate\":\"https:\/\/ubaldofernandes.com\/?s={search_term_string}\"},\"query-input\":{\"@type\":\"PropertyValueSpecification\",\"valueRequired\":true,\"valueName\":\"search_term_string\"}}],\"inLanguage\":\"pt-BR\"}]}<\/script>\n<!-- \/ Yoast SEO plugin. -->","yoast_head_json":{"title":"Ubaldo articula junto ao Governo a\u00e7\u00f5es reivindicadas por representantes de Currais Novos - Ubaldo Fernandes","robots":{"index":"index","follow":"follow","max-snippet":"max-snippet:-1","max-image-preview":"max-image-preview:large","max-video-preview":"max-video-preview:-1"},"canonical":"https:\/\/ubaldofernandes.com\/index.php\/news\/ubaldo-articula-junto-ao-governo-acoes-reivindicadas-por-representantes-de-currais-novos\/","og_locale":"pt_BR","og_type":"article","og_title":"Ubaldo articula junto ao Governo a\u00e7\u00f5es reivindicadas por representantes de Currais Novos - Ubaldo Fernandes","og_description":"Procurado pelo vereador de Currais Novos, Daniel Bezerra, e pelo suplente Garibaldinho do Serid\u00f3, o deputado estadual Ubaldo Fernandes vem intermediando audi\u00eancias administrativas junto ao Governo do RN para levar melhorias pro munic\u00edpio seridoense. Nesta ter\u00e7a-feira, 06, os representantes currais-novenses estiveram em Natal lutando pela reabertura da unidade do Procon Estadual e libera\u00e7\u00e3o de linhas [&hellip;]","og_url":"https:\/\/ubaldofernandes.com\/index.php\/news\/ubaldo-articula-junto-ao-governo-acoes-reivindicadas-por-representantes-de-currais-novos\/","og_site_name":"Ubaldo Fernandes","article_modified_time":"2021-04-07T15:38:38+00:00","og_image":[{"width":483,"height":500,"url":"https:\/\/ubaldofernandes.com\/wp-content\/uploads\/2021\/04\/Ubaldo-Pauta-Currais-Novos.jpg","type":"image\/jpeg"}],"twitter_card":"summary_large_image","twitter_misc":{"Est. tempo de leitura":"1 minuto"},"schema":{"@context":"https:\/\/schema.org","@graph":[{"@type":"WebPage","@id":"https:\/\/ubaldofernandes.com\/index.php\/news\/ubaldo-articula-junto-ao-governo-acoes-reivindicadas-por-representantes-de-currais-novos\/","url":"https:\/\/ubaldofernandes.com\/index.php\/news\/ubaldo-articula-junto-ao-governo-acoes-reivindicadas-por-representantes-de-currais-novos\/","name":"Ubaldo articula junto ao Governo a\u00e7\u00f5es reivindicadas por representantes de Currais Novos - Ubaldo Fernandes","isPartOf":{"@id":"https:\/\/ubaldofernandes.com\/#website"},"primaryImageOfPage":{"@id":"https:\/\/ubaldofernandes.com\/index.php\/news\/ubaldo-articula-junto-ao-governo-acoes-reivindicadas-por-representantes-de-currais-novos\/#primaryimage"},"image":{"@id":"https:\/\/ubaldofernandes.com\/index.php\/news\/ubaldo-articula-junto-ao-governo-acoes-reivindicadas-por-representantes-de-currais-novos\/#primaryimage"},"thumbnailUrl":"https:\/\/ubaldofernandes.com\/wp-content\/uploads\/2021\/04\/Ubaldo-Pauta-Currais-Novos.jpg","datePublished":"2021-04-07T12:31:00+00:00","dateModified":"2021-04-07T15:38:38+00:00","breadcrumb":{"@id":"https:\/\/ubaldofernandes.com\/index.php\/news\/ubaldo-articula-junto-ao-governo-acoes-reivindicadas-por-representantes-de-currais-novos\/#breadcrumb"},"inLanguage":"pt-BR","potentialAction":[{"@type":"ReadAction","target":["https:\/\/ubaldofernandes.com\/index.php\/news\/ubaldo-articula-junto-ao-governo-acoes-reivindicadas-por-representantes-de-currais-novos\/"]}]},{"@type":"ImageObject","inLanguage":"pt-BR","@id":"https:\/\/ubaldofernandes.com\/index.php\/news\/ubaldo-articula-junto-ao-governo-acoes-reivindicadas-por-representantes-de-currais-novos\/#primaryimage","url":"https:\/\/ubaldofernandes.com\/wp-content\/uploads\/2021\/04\/Ubaldo-Pauta-Currais-Novos.jpg","contentUrl":"https:\/\/ubaldofernandes.com\/wp-content\/uploads\/2021\/04\/Ubaldo-Pauta-Currais-Novos.jpg","width":483,"height":500},{"@type":"BreadcrumbList","@id":"https:\/\/ubaldofernandes.com\/index.php\/news\/ubaldo-articula-junto-ao-governo-acoes-reivindicadas-por-representantes-de-currais-novos\/#breadcrumb","itemListElement":[{"@type":"ListItem","position":1,"name":"In\u00edcio","item":"https:\/\/ubaldofernandes.com\/"},{"@type":"ListItem","position":2,"name":"Not\u00edcias","item":"https:\/\/ubaldofernandes.com\/index.php\/news\/"},{"@type":"ListItem","position":3,"name":"Ubaldo articula junto ao Governo a\u00e7\u00f5es reivindicadas por representantes de Currais Novos"}]},{"@type":"WebSite","@id":"https:\/\/ubaldofernandes.com\/#website","url":"https:\/\/ubaldofernandes.com\/","name":"Ubaldo Fernandes","description":"Deputado Estadual","potentialAction":[{"@type":"SearchAction","target":{"@type":"EntryPoint","urlTemplate":"https:\/\/ubaldofernandes.com\/?s={search_term_string}"},"query-input":{"@type":"PropertyValueSpecification","valueRequired":true,"valueName":"search_term_string"}}],"inLanguage":"pt-BR"}]}},"_links":{"self":[{"href":"https:\/\/ubaldofernandes.com\/index.php\/wp-json\/wp\/v2\/news\/1950","targetHints":{"allow":["GET"]}}],"collection":[{"href":"https:\/\/ubaldofernandes.com\/index.php\/wp-json\/wp\/v2\/news"}],"about":[{"href":"https:\/\/ubaldofernandes.com\/index.php\/wp-json\/wp\/v2\/types\/news"}],"wp:featuredmedia":[{"embeddable":true,"href":"https:\/\/ubaldofernandes.com\/index.php\/wp-json\/wp\/v2\/media\/1951"}],"wp:attachment":[{"href":"https:\/\/ubaldofernandes.com\/index.php\/wp-json\/wp\/v2\/media?parent=1950"}],"curies":[{"name":"wp","href":"https:\/\/api.w.org\/{rel}","templated":true}]}}