{"id":2125,"date":"2021-05-03T09:28:02","date_gmt":"2021-05-03T12:28:02","guid":{"rendered":"https:\/\/ubaldofernandes.com\/?post_type=news&#038;p=2125"},"modified":"2021-05-04T09:28:31","modified_gmt":"2021-05-04T12:28:31","slug":"ubaldo-esta-em-mossoro-nesta-segunda-para-reforcar-campanhas-em-prol-das-pessoas-idosas-e-discutir-prioridades-do-municipio","status":"publish","type":"news","link":"https:\/\/ubaldofernandes.com\/index.php\/news\/ubaldo-esta-em-mossoro-nesta-segunda-para-reforcar-campanhas-em-prol-das-pessoas-idosas-e-discutir-prioridades-do-municipio\/","title":{"rendered":"Ubaldo est\u00e1 em Mossor\u00f3 nesta segunda para refor\u00e7ar campanhas em prol das pessoas idosas e discutir prioridades do munic\u00edpio"},"content":{"rendered":"\n<p>Presidente da Frente Parlamentar em Defesa e Valoriza\u00e7\u00e3o dos Direitos da Pessoa Idosa do Rio Grande do Norte, o deputado estadual Ubaldo Fernandes (PL) est\u00e1 em Mossor\u00f3 nesta segunda-feira (03) para refor\u00e7ar divulga\u00e7\u00e3o das campanhas \u201cVacina \u00e9 Vida\u201d, de incentivo \u00e0 imuniza\u00e7\u00e3o contra a Covid-19, e \u201cApoie as Pessoas Idosas\u201d, de incentivo \u00e0 destina\u00e7\u00e3o de imposto de renda para fundos de apoio \u00e0s pessoas idosas. <\/p>\n\n\n\n<p>Acompanhado do vereador do munic\u00edpio, Costinha (MDB), o parlamentar ter\u00e1 seu primeiro compromisso, \u00e0s 9h, no gabinete da presid\u00eancia da C\u00e2mara Municipal, quando solicitar\u00e1 empenho do presidente Lawrence Amorim na divulga\u00e7\u00e3o das campanhas educativas, atrav\u00e9s dos meios de comunica\u00e7\u00e3o e redes sociais da casa legislativa. Logo ap\u00f3s, Ubaldo deve ir ao gabinete do prefeito de Mossor\u00f3, Allysson Bezerra, onde tratar\u00e1 dessa pauta e outras prioridades do munic\u00edpio e como contribuir atrav\u00e9s de seu mandato na Assembleia Legislativa. <\/p>\n\n\n\n<p>O deputado ter\u00e1 tamb\u00e9m visitas t\u00e9cnicas, como uma ao Instituto Amantinho C\u00e2mara, e a comunidades, como a Vingth Rosado, alem de ir ao Sindicato dos Motorisras e Transportes Urbanos para discutir pautas locais defendidas pelo vereador parceiro do seu mandato, Costinha, al\u00e9m de conceder entrevistas \u00e0 imprensa local.<\/p>\n\n\n\n<p>Mat\u00e9ria publicada no jornal <a href=\"https:\/\/agorarn.com.br\/ultimas\/ubaldo-esta-em-mossoro-nesta-segunda-para-reforcar-campanhas-em-prol-das-pessoas-idosas-e-discutir-prioridades-do-municipio\/\">Agora RN<\/a>. <\/p>\n\n\n\n<p><\/p>\n","protected":false},"featured_media":2126,"parent":0,"template":"","class_list":["post-2125","news","type-news","status-publish","has-post-thumbnail","hentry"],"acf":[],"yoast_head":"<!-- This site is optimized with the Yoast SEO plugin v24.6 - https:\/\/yoast.com\/wordpress\/plugins\/seo\/ -->\n<title>Ubaldo est\u00e1 em Mossor\u00f3 nesta segunda para refor\u00e7ar campanhas em prol das pessoas idosas e discutir prioridades do munic\u00edpio - Ubaldo Fernandes<\/title>\n<meta name=\"robots\" content=\"index, follow, max-snippet:-1, max-image-preview:large, max-video-preview:-1\" \/>\n<link rel=\"canonical\" href=\"https:\/\/ubaldofernandes.com\/index.php\/news\/ubaldo-esta-em-mossoro-nesta-segunda-para-reforcar-campanhas-em-prol-das-pessoas-idosas-e-discutir-prioridades-do-municipio\/\" \/>\n<meta property=\"og:locale\" content=\"pt_BR\" \/>\n<meta property=\"og:type\" content=\"article\" \/>\n<meta property=\"og:title\" content=\"Ubaldo est\u00e1 em Mossor\u00f3 nesta segunda para refor\u00e7ar campanhas em prol das pessoas idosas e discutir prioridades do munic\u00edpio - Ubaldo Fernandes\" \/>\n<meta property=\"og:description\" content=\"Presidente da Frente Parlamentar em Defesa e Valoriza\u00e7\u00e3o dos Direitos da Pessoa Idosa do Rio Grande do Norte, o deputado estadual Ubaldo Fernandes (PL) est\u00e1 em Mossor\u00f3 nesta segunda-feira (03) para refor\u00e7ar divulga\u00e7\u00e3o das campanhas \u201cVacina \u00e9 Vida\u201d, de incentivo \u00e0 imuniza\u00e7\u00e3o contra a Covid-19, e \u201cApoie as Pessoas Idosas\u201d, de incentivo \u00e0 destina\u00e7\u00e3o de [&hellip;]\" \/>\n<meta property=\"og:url\" content=\"https:\/\/ubaldofernandes.com\/index.php\/news\/ubaldo-esta-em-mossoro-nesta-segunda-para-reforcar-campanhas-em-prol-das-pessoas-idosas-e-discutir-prioridades-do-municipio\/\" \/>\n<meta property=\"og:site_name\" content=\"Ubaldo Fernandes\" \/>\n<meta property=\"article:modified_time\" content=\"2021-05-04T12:28:31+00:00\" \/>\n<meta property=\"og:image\" content=\"https:\/\/ubaldofernandes.com\/wp-content\/uploads\/2021\/05\/ubaldo.jpg\" \/>\n\t<meta property=\"og:image:width\" content=\"1024\" \/>\n\t<meta property=\"og:image:height\" content=\"683\" \/>\n\t<meta property=\"og:image:type\" content=\"image\/jpeg\" \/>\n<meta name=\"twitter:card\" content=\"summary_large_image\" \/>\n<meta name=\"twitter:label1\" content=\"Est. tempo de leitura\" \/>\n\t<meta name=\"twitter:data1\" content=\"1 minuto\" \/>\n<script type=\"application\/ld+json\" class=\"yoast-schema-graph\">{\"@context\":\"https:\/\/schema.org\",\"@graph\":[{\"@type\":\"WebPage\",\"@id\":\"https:\/\/ubaldofernandes.com\/index.php\/news\/ubaldo-esta-em-mossoro-nesta-segunda-para-reforcar-campanhas-em-prol-das-pessoas-idosas-e-discutir-prioridades-do-municipio\/\",\"url\":\"https:\/\/ubaldofernandes.com\/index.php\/news\/ubaldo-esta-em-mossoro-nesta-segunda-para-reforcar-campanhas-em-prol-das-pessoas-idosas-e-discutir-prioridades-do-municipio\/\",\"name\":\"Ubaldo est\u00e1 em Mossor\u00f3 nesta segunda para refor\u00e7ar campanhas em prol das pessoas idosas e discutir prioridades do munic\u00edpio - Ubaldo Fernandes\",\"isPartOf\":{\"@id\":\"https:\/\/ubaldofernandes.com\/#website\"},\"primaryImageOfPage\":{\"@id\":\"https:\/\/ubaldofernandes.com\/index.php\/news\/ubaldo-esta-em-mossoro-nesta-segunda-para-reforcar-campanhas-em-prol-das-pessoas-idosas-e-discutir-prioridades-do-municipio\/#primaryimage\"},\"image\":{\"@id\":\"https:\/\/ubaldofernandes.com\/index.php\/news\/ubaldo-esta-em-mossoro-nesta-segunda-para-reforcar-campanhas-em-prol-das-pessoas-idosas-e-discutir-prioridades-do-municipio\/#primaryimage\"},\"thumbnailUrl\":\"https:\/\/ubaldofernandes.com\/wp-content\/uploads\/2021\/05\/ubaldo.jpg\",\"datePublished\":\"2021-05-03T12:28:02+00:00\",\"dateModified\":\"2021-05-04T12:28:31+00:00\",\"breadcrumb\":{\"@id\":\"https:\/\/ubaldofernandes.com\/index.php\/news\/ubaldo-esta-em-mossoro-nesta-segunda-para-reforcar-campanhas-em-prol-das-pessoas-idosas-e-discutir-prioridades-do-municipio\/#breadcrumb\"},\"inLanguage\":\"pt-BR\",\"potentialAction\":[{\"@type\":\"ReadAction\",\"target\":[\"https:\/\/ubaldofernandes.com\/index.php\/news\/ubaldo-esta-em-mossoro-nesta-segunda-para-reforcar-campanhas-em-prol-das-pessoas-idosas-e-discutir-prioridades-do-municipio\/\"]}]},{\"@type\":\"ImageObject\",\"inLanguage\":\"pt-BR\",\"@id\":\"https:\/\/ubaldofernandes.com\/index.php\/news\/ubaldo-esta-em-mossoro-nesta-segunda-para-reforcar-campanhas-em-prol-das-pessoas-idosas-e-discutir-prioridades-do-municipio\/#primaryimage\",\"url\":\"https:\/\/ubaldofernandes.com\/wp-content\/uploads\/2021\/05\/ubaldo.jpg\",\"contentUrl\":\"https:\/\/ubaldofernandes.com\/wp-content\/uploads\/2021\/05\/ubaldo.jpg\",\"width\":1024,\"height\":683},{\"@type\":\"BreadcrumbList\",\"@id\":\"https:\/\/ubaldofernandes.com\/index.php\/news\/ubaldo-esta-em-mossoro-nesta-segunda-para-reforcar-campanhas-em-prol-das-pessoas-idosas-e-discutir-prioridades-do-municipio\/#breadcrumb\",\"itemListElement\":[{\"@type\":\"ListItem\",\"position\":1,\"name\":\"In\u00edcio\",\"item\":\"https:\/\/ubaldofernandes.com\/\"},{\"@type\":\"ListItem\",\"position\":2,\"name\":\"Not\u00edcias\",\"item\":\"https:\/\/ubaldofernandes.com\/index.php\/news\/\"},{\"@type\":\"ListItem\",\"position\":3,\"name\":\"Ubaldo est\u00e1 em Mossor\u00f3 nesta segunda para refor\u00e7ar campanhas em prol das pessoas idosas e discutir prioridades do munic\u00edpio\"}]},{\"@type\":\"WebSite\",\"@id\":\"https:\/\/ubaldofernandes.com\/#website\",\"url\":\"https:\/\/ubaldofernandes.com\/\",\"name\":\"Ubaldo Fernandes\",\"description\":\"Deputado Estadual\",\"potentialAction\":[{\"@type\":\"SearchAction\",\"target\":{\"@type\":\"EntryPoint\",\"urlTemplate\":\"https:\/\/ubaldofernandes.com\/?s={search_term_string}\"},\"query-input\":{\"@type\":\"PropertyValueSpecification\",\"valueRequired\":true,\"valueName\":\"search_term_string\"}}],\"inLanguage\":\"pt-BR\"}]}<\/script>\n<!-- \/ Yoast SEO plugin. -->","yoast_head_json":{"title":"Ubaldo est\u00e1 em Mossor\u00f3 nesta segunda para refor\u00e7ar campanhas em prol das pessoas idosas e discutir prioridades do munic\u00edpio - Ubaldo Fernandes","robots":{"index":"index","follow":"follow","max-snippet":"max-snippet:-1","max-image-preview":"max-image-preview:large","max-video-preview":"max-video-preview:-1"},"canonical":"https:\/\/ubaldofernandes.com\/index.php\/news\/ubaldo-esta-em-mossoro-nesta-segunda-para-reforcar-campanhas-em-prol-das-pessoas-idosas-e-discutir-prioridades-do-municipio\/","og_locale":"pt_BR","og_type":"article","og_title":"Ubaldo est\u00e1 em Mossor\u00f3 nesta segunda para refor\u00e7ar campanhas em prol das pessoas idosas e discutir prioridades do munic\u00edpio - Ubaldo Fernandes","og_description":"Presidente da Frente Parlamentar em Defesa e Valoriza\u00e7\u00e3o dos Direitos da Pessoa Idosa do Rio Grande do Norte, o deputado estadual Ubaldo Fernandes (PL) est\u00e1 em Mossor\u00f3 nesta segunda-feira (03) para refor\u00e7ar divulga\u00e7\u00e3o das campanhas \u201cVacina \u00e9 Vida\u201d, de incentivo \u00e0 imuniza\u00e7\u00e3o contra a Covid-19, e \u201cApoie as Pessoas Idosas\u201d, de incentivo \u00e0 destina\u00e7\u00e3o de [&hellip;]","og_url":"https:\/\/ubaldofernandes.com\/index.php\/news\/ubaldo-esta-em-mossoro-nesta-segunda-para-reforcar-campanhas-em-prol-das-pessoas-idosas-e-discutir-prioridades-do-municipio\/","og_site_name":"Ubaldo Fernandes","article_modified_time":"2021-05-04T12:28:31+00:00","og_image":[{"width":1024,"height":683,"url":"https:\/\/ubaldofernandes.com\/wp-content\/uploads\/2021\/05\/ubaldo.jpg","type":"image\/jpeg"}],"twitter_card":"summary_large_image","twitter_misc":{"Est. tempo de leitura":"1 minuto"},"schema":{"@context":"https:\/\/schema.org","@graph":[{"@type":"WebPage","@id":"https:\/\/ubaldofernandes.com\/index.php\/news\/ubaldo-esta-em-mossoro-nesta-segunda-para-reforcar-campanhas-em-prol-das-pessoas-idosas-e-discutir-prioridades-do-municipio\/","url":"https:\/\/ubaldofernandes.com\/index.php\/news\/ubaldo-esta-em-mossoro-nesta-segunda-para-reforcar-campanhas-em-prol-das-pessoas-idosas-e-discutir-prioridades-do-municipio\/","name":"Ubaldo est\u00e1 em Mossor\u00f3 nesta segunda para refor\u00e7ar campanhas em prol das pessoas idosas e discutir prioridades do munic\u00edpio - Ubaldo Fernandes","isPartOf":{"@id":"https:\/\/ubaldofernandes.com\/#website"},"primaryImageOfPage":{"@id":"https:\/\/ubaldofernandes.com\/index.php\/news\/ubaldo-esta-em-mossoro-nesta-segunda-para-reforcar-campanhas-em-prol-das-pessoas-idosas-e-discutir-prioridades-do-municipio\/#primaryimage"},"image":{"@id":"https:\/\/ubaldofernandes.com\/index.php\/news\/ubaldo-esta-em-mossoro-nesta-segunda-para-reforcar-campanhas-em-prol-das-pessoas-idosas-e-discutir-prioridades-do-municipio\/#primaryimage"},"thumbnailUrl":"https:\/\/ubaldofernandes.com\/wp-content\/uploads\/2021\/05\/ubaldo.jpg","datePublished":"2021-05-03T12:28:02+00:00","dateModified":"2021-05-04T12:28:31+00:00","breadcrumb":{"@id":"https:\/\/ubaldofernandes.com\/index.php\/news\/ubaldo-esta-em-mossoro-nesta-segunda-para-reforcar-campanhas-em-prol-das-pessoas-idosas-e-discutir-prioridades-do-municipio\/#breadcrumb"},"inLanguage":"pt-BR","potentialAction":[{"@type":"ReadAction","target":["https:\/\/ubaldofernandes.com\/index.php\/news\/ubaldo-esta-em-mossoro-nesta-segunda-para-reforcar-campanhas-em-prol-das-pessoas-idosas-e-discutir-prioridades-do-municipio\/"]}]},{"@type":"ImageObject","inLanguage":"pt-BR","@id":"https:\/\/ubaldofernandes.com\/index.php\/news\/ubaldo-esta-em-mossoro-nesta-segunda-para-reforcar-campanhas-em-prol-das-pessoas-idosas-e-discutir-prioridades-do-municipio\/#primaryimage","url":"https:\/\/ubaldofernandes.com\/wp-content\/uploads\/2021\/05\/ubaldo.jpg","contentUrl":"https:\/\/ubaldofernandes.com\/wp-content\/uploads\/2021\/05\/ubaldo.jpg","width":1024,"height":683},{"@type":"BreadcrumbList","@id":"https:\/\/ubaldofernandes.com\/index.php\/news\/ubaldo-esta-em-mossoro-nesta-segunda-para-reforcar-campanhas-em-prol-das-pessoas-idosas-e-discutir-prioridades-do-municipio\/#breadcrumb","itemListElement":[{"@type":"ListItem","position":1,"name":"In\u00edcio","item":"https:\/\/ubaldofernandes.com\/"},{"@type":"ListItem","position":2,"name":"Not\u00edcias","item":"https:\/\/ubaldofernandes.com\/index.php\/news\/"},{"@type":"ListItem","position":3,"name":"Ubaldo est\u00e1 em Mossor\u00f3 nesta segunda para refor\u00e7ar campanhas em prol das pessoas idosas e discutir prioridades do munic\u00edpio"}]},{"@type":"WebSite","@id":"https:\/\/ubaldofernandes.com\/#website","url":"https:\/\/ubaldofernandes.com\/","name":"Ubaldo Fernandes","description":"Deputado Estadual","potentialAction":[{"@type":"SearchAction","target":{"@type":"EntryPoint","urlTemplate":"https:\/\/ubaldofernandes.com\/?s={search_term_string}"},"query-input":{"@type":"PropertyValueSpecification","valueRequired":true,"valueName":"search_term_string"}}],"inLanguage":"pt-BR"}]}},"_links":{"self":[{"href":"https:\/\/ubaldofernandes.com\/index.php\/wp-json\/wp\/v2\/news\/2125","targetHints":{"allow":["GET"]}}],"collection":[{"href":"https:\/\/ubaldofernandes.com\/index.php\/wp-json\/wp\/v2\/news"}],"about":[{"href":"https:\/\/ubaldofernandes.com\/index.php\/wp-json\/wp\/v2\/types\/news"}],"wp:featuredmedia":[{"embeddable":true,"href":"https:\/\/ubaldofernandes.com\/index.php\/wp-json\/wp\/v2\/media\/2126"}],"wp:attachment":[{"href":"https:\/\/ubaldofernandes.com\/index.php\/wp-json\/wp\/v2\/media?parent=2125"}],"curies":[{"name":"wp","href":"https:\/\/api.w.org\/{rel}","templated":true}]}}