{"id":2136,"date":"2021-05-04T10:43:09","date_gmt":"2021-05-04T13:43:09","guid":{"rendered":"https:\/\/ubaldofernandes.com\/?post_type=news&#038;p=2136"},"modified":"2021-05-04T10:43:09","modified_gmt":"2021-05-04T13:43:09","slug":"sancionada-mais-uma-lei-de-autoria-de-ubaldo-em-prol-das-pessoas-idosas","status":"publish","type":"news","link":"https:\/\/ubaldofernandes.com\/index.php\/news\/sancionada-mais-uma-lei-de-autoria-de-ubaldo-em-prol-das-pessoas-idosas\/","title":{"rendered":"Sancionada mais uma Lei de autoria de Ubaldo em prol das pessoas idosas"},"content":{"rendered":"\n<p>Aprovada por unanimidade, na Sess\u00e3o Plen\u00e1ria virtual do dia 30 de mar\u00e7o, a mat\u00e9ria, de autoria do deputado estadual Ubaldo Fernandes (PL), que institui no calend\u00e1rio oficial do estado a \u201cSemana de Aten\u00e7\u00e3o \u00e0 Sa\u00fade Auditiva da Pessoa Idosa\u201d, a ser realizada, anualmente, no in\u00edcio de mar\u00e7o, torna-se Lei a partir desta ter\u00e7a-feira (04\/05). Foi publicada, no Di\u00e1rio Oficial do Estado, a san\u00e7\u00e3o, pelo Governo, da Lei N\u00ba 10.884.<\/p>\n\n\n\n<p>\u201cEstamos realizando um trabalho efetivo na defesa das pessoas idosas do nosso estado, com diversas iniciativas que contemplam desde leis a campanhas educativas, requerimentos e debates. Essa camada da popula\u00e7\u00e3o exige maior aten\u00e7\u00e3o do poder p\u00fablico e estou muito feliz que tanto os colegas, quanto o Governo, est\u00e3o priorizando essa pauta para que possamos melhorar a qualidade de vida dos potiguares acima dos 60 anos de idade\u201d, comemora o propositor da Lei.<\/p>\n\n\n\n<p>Ubaldo esclarece que, com a Lei, o Estado ser\u00e1 obrigado a instituir, nesta semana alusiva, campanhas e atividades de conscientiza\u00e7\u00e3o, realiza\u00e7\u00e3o de exames audiom\u00e9tricos e encaminhamentos para exames complementares; e para o servi\u00e7o especializado, em caso de severa ou profunda perda auditiva.<\/p>\n\n\n\n<p>\u201cMas, esperamos que a lei traga mais consci\u00eancia do poder p\u00fablico e cobran\u00e7a da sociedade com rela\u00e7\u00e3o a essa quest\u00e3o! E possamos, n\u00e3o apenas ter a\u00e7\u00f5es pontuais neste per\u00edodo, mas ampliemos nossos programas permanentes relacionados \u00e0 sa\u00fade auditiva das pessoas idosas do Rio Grande do Norte\u201d, conclui.<\/p>\n\n\n\n<p>Mat\u00e9ria publicada no <a href=\"http:\/\/lucasthavares.com.br\/2021\/05\/04\/sancionada-mais-uma-lei-de-autoria-de-ubaldo-em-prol-das-pessoas-idosas\/\">Blog Lucas Tavares<\/a>. <\/p>\n\n\n\n<p><\/p>\n","protected":false},"featured_media":2137,"parent":0,"template":"","class_list":["post-2136","news","type-news","status-publish","has-post-thumbnail","hentry"],"acf":[],"yoast_head":"<!-- This site is optimized with the Yoast SEO plugin v24.6 - https:\/\/yoast.com\/wordpress\/plugins\/seo\/ -->\n<title>Sancionada mais uma Lei de autoria de Ubaldo em prol das pessoas idosas - Ubaldo Fernandes<\/title>\n<meta name=\"robots\" content=\"index, follow, max-snippet:-1, max-image-preview:large, max-video-preview:-1\" \/>\n<link rel=\"canonical\" href=\"https:\/\/ubaldofernandes.com\/index.php\/news\/sancionada-mais-uma-lei-de-autoria-de-ubaldo-em-prol-das-pessoas-idosas\/\" \/>\n<meta property=\"og:locale\" content=\"pt_BR\" \/>\n<meta property=\"og:type\" content=\"article\" \/>\n<meta property=\"og:title\" content=\"Sancionada mais uma Lei de autoria de Ubaldo em prol das pessoas idosas - Ubaldo Fernandes\" \/>\n<meta property=\"og:description\" content=\"Aprovada por unanimidade, na Sess\u00e3o Plen\u00e1ria virtual do dia 30 de mar\u00e7o, a mat\u00e9ria, de autoria do deputado estadual Ubaldo Fernandes (PL), que institui no calend\u00e1rio oficial do estado a \u201cSemana de Aten\u00e7\u00e3o \u00e0 Sa\u00fade Auditiva da Pessoa Idosa\u201d, a ser realizada, anualmente, no in\u00edcio de mar\u00e7o, torna-se Lei a partir desta ter\u00e7a-feira (04\/05). Foi [&hellip;]\" \/>\n<meta property=\"og:url\" content=\"https:\/\/ubaldofernandes.com\/index.php\/news\/sancionada-mais-uma-lei-de-autoria-de-ubaldo-em-prol-das-pessoas-idosas\/\" \/>\n<meta property=\"og:site_name\" content=\"Ubaldo Fernandes\" \/>\n<meta property=\"og:image\" content=\"https:\/\/ubaldofernandes.com\/wp-content\/uploads\/2021\/05\/ubaldo-1.jpg\" \/>\n\t<meta property=\"og:image:width\" content=\"768\" \/>\n\t<meta property=\"og:image:height\" content=\"512\" \/>\n\t<meta property=\"og:image:type\" content=\"image\/jpeg\" \/>\n<meta name=\"twitter:card\" content=\"summary_large_image\" \/>\n<meta name=\"twitter:label1\" content=\"Est. tempo de leitura\" \/>\n\t<meta name=\"twitter:data1\" content=\"1 minuto\" \/>\n<script type=\"application\/ld+json\" class=\"yoast-schema-graph\">{\"@context\":\"https:\/\/schema.org\",\"@graph\":[{\"@type\":\"WebPage\",\"@id\":\"https:\/\/ubaldofernandes.com\/index.php\/news\/sancionada-mais-uma-lei-de-autoria-de-ubaldo-em-prol-das-pessoas-idosas\/\",\"url\":\"https:\/\/ubaldofernandes.com\/index.php\/news\/sancionada-mais-uma-lei-de-autoria-de-ubaldo-em-prol-das-pessoas-idosas\/\",\"name\":\"Sancionada mais uma Lei de autoria de Ubaldo em prol das pessoas idosas - Ubaldo Fernandes\",\"isPartOf\":{\"@id\":\"https:\/\/ubaldofernandes.com\/#website\"},\"primaryImageOfPage\":{\"@id\":\"https:\/\/ubaldofernandes.com\/index.php\/news\/sancionada-mais-uma-lei-de-autoria-de-ubaldo-em-prol-das-pessoas-idosas\/#primaryimage\"},\"image\":{\"@id\":\"https:\/\/ubaldofernandes.com\/index.php\/news\/sancionada-mais-uma-lei-de-autoria-de-ubaldo-em-prol-das-pessoas-idosas\/#primaryimage\"},\"thumbnailUrl\":\"https:\/\/ubaldofernandes.com\/wp-content\/uploads\/2021\/05\/ubaldo-1.jpg\",\"datePublished\":\"2021-05-04T13:43:09+00:00\",\"breadcrumb\":{\"@id\":\"https:\/\/ubaldofernandes.com\/index.php\/news\/sancionada-mais-uma-lei-de-autoria-de-ubaldo-em-prol-das-pessoas-idosas\/#breadcrumb\"},\"inLanguage\":\"pt-BR\",\"potentialAction\":[{\"@type\":\"ReadAction\",\"target\":[\"https:\/\/ubaldofernandes.com\/index.php\/news\/sancionada-mais-uma-lei-de-autoria-de-ubaldo-em-prol-das-pessoas-idosas\/\"]}]},{\"@type\":\"ImageObject\",\"inLanguage\":\"pt-BR\",\"@id\":\"https:\/\/ubaldofernandes.com\/index.php\/news\/sancionada-mais-uma-lei-de-autoria-de-ubaldo-em-prol-das-pessoas-idosas\/#primaryimage\",\"url\":\"https:\/\/ubaldofernandes.com\/wp-content\/uploads\/2021\/05\/ubaldo-1.jpg\",\"contentUrl\":\"https:\/\/ubaldofernandes.com\/wp-content\/uploads\/2021\/05\/ubaldo-1.jpg\",\"width\":768,\"height\":512},{\"@type\":\"BreadcrumbList\",\"@id\":\"https:\/\/ubaldofernandes.com\/index.php\/news\/sancionada-mais-uma-lei-de-autoria-de-ubaldo-em-prol-das-pessoas-idosas\/#breadcrumb\",\"itemListElement\":[{\"@type\":\"ListItem\",\"position\":1,\"name\":\"In\u00edcio\",\"item\":\"https:\/\/ubaldofernandes.com\/\"},{\"@type\":\"ListItem\",\"position\":2,\"name\":\"Not\u00edcias\",\"item\":\"https:\/\/ubaldofernandes.com\/index.php\/news\/\"},{\"@type\":\"ListItem\",\"position\":3,\"name\":\"Sancionada mais uma Lei de autoria de Ubaldo em prol das pessoas idosas\"}]},{\"@type\":\"WebSite\",\"@id\":\"https:\/\/ubaldofernandes.com\/#website\",\"url\":\"https:\/\/ubaldofernandes.com\/\",\"name\":\"Ubaldo Fernandes\",\"description\":\"Deputado Estadual\",\"potentialAction\":[{\"@type\":\"SearchAction\",\"target\":{\"@type\":\"EntryPoint\",\"urlTemplate\":\"https:\/\/ubaldofernandes.com\/?s={search_term_string}\"},\"query-input\":{\"@type\":\"PropertyValueSpecification\",\"valueRequired\":true,\"valueName\":\"search_term_string\"}}],\"inLanguage\":\"pt-BR\"}]}<\/script>\n<!-- \/ Yoast SEO plugin. -->","yoast_head_json":{"title":"Sancionada mais uma Lei de autoria de Ubaldo em prol das pessoas idosas - Ubaldo Fernandes","robots":{"index":"index","follow":"follow","max-snippet":"max-snippet:-1","max-image-preview":"max-image-preview:large","max-video-preview":"max-video-preview:-1"},"canonical":"https:\/\/ubaldofernandes.com\/index.php\/news\/sancionada-mais-uma-lei-de-autoria-de-ubaldo-em-prol-das-pessoas-idosas\/","og_locale":"pt_BR","og_type":"article","og_title":"Sancionada mais uma Lei de autoria de Ubaldo em prol das pessoas idosas - Ubaldo Fernandes","og_description":"Aprovada por unanimidade, na Sess\u00e3o Plen\u00e1ria virtual do dia 30 de mar\u00e7o, a mat\u00e9ria, de autoria do deputado estadual Ubaldo Fernandes (PL), que institui no calend\u00e1rio oficial do estado a \u201cSemana de Aten\u00e7\u00e3o \u00e0 Sa\u00fade Auditiva da Pessoa Idosa\u201d, a ser realizada, anualmente, no in\u00edcio de mar\u00e7o, torna-se Lei a partir desta ter\u00e7a-feira (04\/05). Foi [&hellip;]","og_url":"https:\/\/ubaldofernandes.com\/index.php\/news\/sancionada-mais-uma-lei-de-autoria-de-ubaldo-em-prol-das-pessoas-idosas\/","og_site_name":"Ubaldo Fernandes","og_image":[{"width":768,"height":512,"url":"https:\/\/ubaldofernandes.com\/wp-content\/uploads\/2021\/05\/ubaldo-1.jpg","type":"image\/jpeg"}],"twitter_card":"summary_large_image","twitter_misc":{"Est. tempo de leitura":"1 minuto"},"schema":{"@context":"https:\/\/schema.org","@graph":[{"@type":"WebPage","@id":"https:\/\/ubaldofernandes.com\/index.php\/news\/sancionada-mais-uma-lei-de-autoria-de-ubaldo-em-prol-das-pessoas-idosas\/","url":"https:\/\/ubaldofernandes.com\/index.php\/news\/sancionada-mais-uma-lei-de-autoria-de-ubaldo-em-prol-das-pessoas-idosas\/","name":"Sancionada mais uma Lei de autoria de Ubaldo em prol das pessoas idosas - Ubaldo Fernandes","isPartOf":{"@id":"https:\/\/ubaldofernandes.com\/#website"},"primaryImageOfPage":{"@id":"https:\/\/ubaldofernandes.com\/index.php\/news\/sancionada-mais-uma-lei-de-autoria-de-ubaldo-em-prol-das-pessoas-idosas\/#primaryimage"},"image":{"@id":"https:\/\/ubaldofernandes.com\/index.php\/news\/sancionada-mais-uma-lei-de-autoria-de-ubaldo-em-prol-das-pessoas-idosas\/#primaryimage"},"thumbnailUrl":"https:\/\/ubaldofernandes.com\/wp-content\/uploads\/2021\/05\/ubaldo-1.jpg","datePublished":"2021-05-04T13:43:09+00:00","breadcrumb":{"@id":"https:\/\/ubaldofernandes.com\/index.php\/news\/sancionada-mais-uma-lei-de-autoria-de-ubaldo-em-prol-das-pessoas-idosas\/#breadcrumb"},"inLanguage":"pt-BR","potentialAction":[{"@type":"ReadAction","target":["https:\/\/ubaldofernandes.com\/index.php\/news\/sancionada-mais-uma-lei-de-autoria-de-ubaldo-em-prol-das-pessoas-idosas\/"]}]},{"@type":"ImageObject","inLanguage":"pt-BR","@id":"https:\/\/ubaldofernandes.com\/index.php\/news\/sancionada-mais-uma-lei-de-autoria-de-ubaldo-em-prol-das-pessoas-idosas\/#primaryimage","url":"https:\/\/ubaldofernandes.com\/wp-content\/uploads\/2021\/05\/ubaldo-1.jpg","contentUrl":"https:\/\/ubaldofernandes.com\/wp-content\/uploads\/2021\/05\/ubaldo-1.jpg","width":768,"height":512},{"@type":"BreadcrumbList","@id":"https:\/\/ubaldofernandes.com\/index.php\/news\/sancionada-mais-uma-lei-de-autoria-de-ubaldo-em-prol-das-pessoas-idosas\/#breadcrumb","itemListElement":[{"@type":"ListItem","position":1,"name":"In\u00edcio","item":"https:\/\/ubaldofernandes.com\/"},{"@type":"ListItem","position":2,"name":"Not\u00edcias","item":"https:\/\/ubaldofernandes.com\/index.php\/news\/"},{"@type":"ListItem","position":3,"name":"Sancionada mais uma Lei de autoria de Ubaldo em prol das pessoas idosas"}]},{"@type":"WebSite","@id":"https:\/\/ubaldofernandes.com\/#website","url":"https:\/\/ubaldofernandes.com\/","name":"Ubaldo Fernandes","description":"Deputado Estadual","potentialAction":[{"@type":"SearchAction","target":{"@type":"EntryPoint","urlTemplate":"https:\/\/ubaldofernandes.com\/?s={search_term_string}"},"query-input":{"@type":"PropertyValueSpecification","valueRequired":true,"valueName":"search_term_string"}}],"inLanguage":"pt-BR"}]}},"_links":{"self":[{"href":"https:\/\/ubaldofernandes.com\/index.php\/wp-json\/wp\/v2\/news\/2136","targetHints":{"allow":["GET"]}}],"collection":[{"href":"https:\/\/ubaldofernandes.com\/index.php\/wp-json\/wp\/v2\/news"}],"about":[{"href":"https:\/\/ubaldofernandes.com\/index.php\/wp-json\/wp\/v2\/types\/news"}],"wp:featuredmedia":[{"embeddable":true,"href":"https:\/\/ubaldofernandes.com\/index.php\/wp-json\/wp\/v2\/media\/2137"}],"wp:attachment":[{"href":"https:\/\/ubaldofernandes.com\/index.php\/wp-json\/wp\/v2\/media?parent=2136"}],"curies":[{"name":"wp","href":"https:\/\/api.w.org\/{rel}","templated":true}]}}