{"id":2186,"date":"2021-05-11T14:32:51","date_gmt":"2021-05-11T17:32:51","guid":{"rendered":"https:\/\/ubaldofernandes.com\/?post_type=news&#038;p=2186"},"modified":"2021-05-12T10:39:15","modified_gmt":"2021-05-12T13:39:15","slug":"deputado-estadual-ubaldo-fernandes-cobra-do-governo-convocacao-de-concursados-da-policia-penal","status":"publish","type":"news","link":"https:\/\/ubaldofernandes.com\/index.php\/news\/deputado-estadual-ubaldo-fernandes-cobra-do-governo-convocacao-de-concursados-da-policia-penal\/","title":{"rendered":"Deputado estadual Ubaldo Fernandes cobra do Governo convoca\u00e7\u00e3o de concursados da Pol\u00edcia Penal"},"content":{"rendered":"\n<p>Deputado estadual reconhecido no Rio Grande do Norte por defender causas trabalhistas, Ubaldo Fernandes, do PL, se pronunciou na sess\u00e3o plen\u00e1ria desta ter\u00e7a-feira (11) em favor dos aprovados no \u00faltimo concurso da Pol\u00edcia Penal do Rio Grande do Norte, realizado em 2017, e que ainda aguardam convoca\u00e7\u00e3o. \u201cHoje, me pronuncio sobre uma luta que ganha for\u00e7a nas redes sociais, principalmente nos \u00faltimos dias, quando fui marcado em v\u00e1rias postagens perguntando nosso posicionamento. Me uno a essa luta, que interessa n\u00e3o apenas a esse grupo, mas a toda a popula\u00e7\u00e3o do nosso estado, que precisa de pol\u00edcia penal efetiva\u201d, destacou. <\/p>\n\n\n\n<p>Fernandes cobra que o governo convoque esses aprovados para fazer o curso de forma\u00e7\u00e3o, como estabelece Termo de Ajustamento de Conduta (TAC) com o Minist\u00e9rio P\u00fablico do Rio Grande do Norte, j\u00e1 que os remanescentes realizaram todas as etapas do concurso, restando apenas o curso de forma\u00e7\u00e3o para entrarem em atividade. Segundo enfatiza, a pr\u00f3pria Secretaria de Administra\u00e7\u00e3o Penitenci\u00e1ria reconhece essa necessidade urgente, informando que s\u00e3o necess\u00e1rios 729 policiais penais e tentando driblar o d\u00e9ficit de pessoal pagando di\u00e1rias operacionais, sobrecarregando os profissionais que trabalham no sistema j\u00e1 sob forte press\u00e3o. <\/p>\n\n\n\n<p>\u201cGovernadora F\u00e1tima, entendemos que sua situa\u00e7\u00e3o n\u00e3o \u00e9 f\u00e1cil, porque administra um estado com v\u00e1rias demandas urgentes e priorit\u00e1rias, mas essa \u00e9 uma necessidade cada vez maior, diante de tantas aposentadorias e pedidos de exonera\u00e7\u00e3o volunt\u00e1ria, entre outras baixas. Conclamamos \u00e0 senhora pelo terceiro curso de forma\u00e7\u00e3o da pol\u00edcia penal do RN com imediata convoca\u00e7\u00e3o ao trabalho. Confio na sensibilidade desse governo, que vem atuando forte na \u00e1rea de seguran\u00e7a e poder\u00e1 evitar o caos, como aconteceu em 2017. O ideal \u00e9 convocar mais do que o previsto no TAC, visto que h\u00e1 muitas desist\u00eancias antes, durante e ap\u00f3s o curso de forma\u00e7\u00e3o. Ent\u00e3o, meu apelo \u00e9 para que o estado v\u00e1 al\u00e9m do que acordou com o MP\u201d, concluiu.<\/p>\n\n\n\n<p>Mat\u00e9ria publicada no jornal <a href=\"https:\/\/agorarn.com.br\/ultimas\/deputado-estadual-ubaldo-fernandes-cobra-do-governo-convocacao-de-concursados-da-policia-penal\/\">Agora RN<\/a>.<\/p>\n\n\n\n<p><\/p>\n","protected":false},"featured_media":2187,"parent":0,"template":"","class_list":["post-2186","news","type-news","status-publish","has-post-thumbnail","hentry"],"acf":[],"yoast_head":"<!-- This site is optimized with the Yoast SEO plugin v24.6 - https:\/\/yoast.com\/wordpress\/plugins\/seo\/ -->\n<title>Deputado estadual Ubaldo Fernandes cobra do Governo convoca\u00e7\u00e3o de concursados da Pol\u00edcia Penal - Ubaldo Fernandes<\/title>\n<meta name=\"robots\" content=\"index, follow, max-snippet:-1, max-image-preview:large, max-video-preview:-1\" \/>\n<link rel=\"canonical\" href=\"https:\/\/ubaldofernandes.com\/index.php\/news\/deputado-estadual-ubaldo-fernandes-cobra-do-governo-convocacao-de-concursados-da-policia-penal\/\" \/>\n<meta property=\"og:locale\" content=\"pt_BR\" \/>\n<meta property=\"og:type\" content=\"article\" \/>\n<meta property=\"og:title\" content=\"Deputado estadual Ubaldo Fernandes cobra do Governo convoca\u00e7\u00e3o de concursados da Pol\u00edcia Penal - Ubaldo Fernandes\" \/>\n<meta property=\"og:description\" content=\"Deputado estadual reconhecido no Rio Grande do Norte por defender causas trabalhistas, Ubaldo Fernandes, do PL, se pronunciou na sess\u00e3o plen\u00e1ria desta ter\u00e7a-feira (11) em favor dos aprovados no \u00faltimo concurso da Pol\u00edcia Penal do Rio Grande do Norte, realizado em 2017, e que ainda aguardam convoca\u00e7\u00e3o. \u201cHoje, me pronuncio sobre uma luta que ganha [&hellip;]\" \/>\n<meta property=\"og:url\" content=\"https:\/\/ubaldofernandes.com\/index.php\/news\/deputado-estadual-ubaldo-fernandes-cobra-do-governo-convocacao-de-concursados-da-policia-penal\/\" \/>\n<meta property=\"og:site_name\" content=\"Ubaldo Fernandes\" \/>\n<meta property=\"article:modified_time\" content=\"2021-05-12T13:39:15+00:00\" \/>\n<meta property=\"og:image\" content=\"https:\/\/ubaldofernandes.com\/wp-content\/uploads\/2021\/05\/ubaldo-fernandes-909x524-1.png\" \/>\n\t<meta property=\"og:image:width\" content=\"909\" \/>\n\t<meta property=\"og:image:height\" content=\"524\" \/>\n\t<meta property=\"og:image:type\" content=\"image\/png\" \/>\n<meta name=\"twitter:card\" content=\"summary_large_image\" \/>\n<meta name=\"twitter:label1\" content=\"Est. tempo de leitura\" \/>\n\t<meta name=\"twitter:data1\" content=\"2 minutos\" \/>\n<script type=\"application\/ld+json\" class=\"yoast-schema-graph\">{\"@context\":\"https:\/\/schema.org\",\"@graph\":[{\"@type\":\"WebPage\",\"@id\":\"https:\/\/ubaldofernandes.com\/index.php\/news\/deputado-estadual-ubaldo-fernandes-cobra-do-governo-convocacao-de-concursados-da-policia-penal\/\",\"url\":\"https:\/\/ubaldofernandes.com\/index.php\/news\/deputado-estadual-ubaldo-fernandes-cobra-do-governo-convocacao-de-concursados-da-policia-penal\/\",\"name\":\"Deputado estadual Ubaldo Fernandes cobra do Governo convoca\u00e7\u00e3o de concursados da Pol\u00edcia Penal - Ubaldo Fernandes\",\"isPartOf\":{\"@id\":\"https:\/\/ubaldofernandes.com\/#website\"},\"primaryImageOfPage\":{\"@id\":\"https:\/\/ubaldofernandes.com\/index.php\/news\/deputado-estadual-ubaldo-fernandes-cobra-do-governo-convocacao-de-concursados-da-policia-penal\/#primaryimage\"},\"image\":{\"@id\":\"https:\/\/ubaldofernandes.com\/index.php\/news\/deputado-estadual-ubaldo-fernandes-cobra-do-governo-convocacao-de-concursados-da-policia-penal\/#primaryimage\"},\"thumbnailUrl\":\"https:\/\/ubaldofernandes.com\/wp-content\/uploads\/2021\/05\/ubaldo-fernandes-909x524-1.png\",\"datePublished\":\"2021-05-11T17:32:51+00:00\",\"dateModified\":\"2021-05-12T13:39:15+00:00\",\"breadcrumb\":{\"@id\":\"https:\/\/ubaldofernandes.com\/index.php\/news\/deputado-estadual-ubaldo-fernandes-cobra-do-governo-convocacao-de-concursados-da-policia-penal\/#breadcrumb\"},\"inLanguage\":\"pt-BR\",\"potentialAction\":[{\"@type\":\"ReadAction\",\"target\":[\"https:\/\/ubaldofernandes.com\/index.php\/news\/deputado-estadual-ubaldo-fernandes-cobra-do-governo-convocacao-de-concursados-da-policia-penal\/\"]}]},{\"@type\":\"ImageObject\",\"inLanguage\":\"pt-BR\",\"@id\":\"https:\/\/ubaldofernandes.com\/index.php\/news\/deputado-estadual-ubaldo-fernandes-cobra-do-governo-convocacao-de-concursados-da-policia-penal\/#primaryimage\",\"url\":\"https:\/\/ubaldofernandes.com\/wp-content\/uploads\/2021\/05\/ubaldo-fernandes-909x524-1.png\",\"contentUrl\":\"https:\/\/ubaldofernandes.com\/wp-content\/uploads\/2021\/05\/ubaldo-fernandes-909x524-1.png\",\"width\":909,\"height\":524},{\"@type\":\"BreadcrumbList\",\"@id\":\"https:\/\/ubaldofernandes.com\/index.php\/news\/deputado-estadual-ubaldo-fernandes-cobra-do-governo-convocacao-de-concursados-da-policia-penal\/#breadcrumb\",\"itemListElement\":[{\"@type\":\"ListItem\",\"position\":1,\"name\":\"In\u00edcio\",\"item\":\"https:\/\/ubaldofernandes.com\/\"},{\"@type\":\"ListItem\",\"position\":2,\"name\":\"Not\u00edcias\",\"item\":\"https:\/\/ubaldofernandes.com\/index.php\/news\/\"},{\"@type\":\"ListItem\",\"position\":3,\"name\":\"Deputado estadual Ubaldo Fernandes cobra do Governo convoca\u00e7\u00e3o de concursados da Pol\u00edcia Penal\"}]},{\"@type\":\"WebSite\",\"@id\":\"https:\/\/ubaldofernandes.com\/#website\",\"url\":\"https:\/\/ubaldofernandes.com\/\",\"name\":\"Ubaldo Fernandes\",\"description\":\"Deputado Estadual\",\"potentialAction\":[{\"@type\":\"SearchAction\",\"target\":{\"@type\":\"EntryPoint\",\"urlTemplate\":\"https:\/\/ubaldofernandes.com\/?s={search_term_string}\"},\"query-input\":{\"@type\":\"PropertyValueSpecification\",\"valueRequired\":true,\"valueName\":\"search_term_string\"}}],\"inLanguage\":\"pt-BR\"}]}<\/script>\n<!-- \/ Yoast SEO plugin. -->","yoast_head_json":{"title":"Deputado estadual Ubaldo Fernandes cobra do Governo convoca\u00e7\u00e3o de concursados da Pol\u00edcia Penal - Ubaldo Fernandes","robots":{"index":"index","follow":"follow","max-snippet":"max-snippet:-1","max-image-preview":"max-image-preview:large","max-video-preview":"max-video-preview:-1"},"canonical":"https:\/\/ubaldofernandes.com\/index.php\/news\/deputado-estadual-ubaldo-fernandes-cobra-do-governo-convocacao-de-concursados-da-policia-penal\/","og_locale":"pt_BR","og_type":"article","og_title":"Deputado estadual Ubaldo Fernandes cobra do Governo convoca\u00e7\u00e3o de concursados da Pol\u00edcia Penal - Ubaldo Fernandes","og_description":"Deputado estadual reconhecido no Rio Grande do Norte por defender causas trabalhistas, Ubaldo Fernandes, do PL, se pronunciou na sess\u00e3o plen\u00e1ria desta ter\u00e7a-feira (11) em favor dos aprovados no \u00faltimo concurso da Pol\u00edcia Penal do Rio Grande do Norte, realizado em 2017, e que ainda aguardam convoca\u00e7\u00e3o. \u201cHoje, me pronuncio sobre uma luta que ganha [&hellip;]","og_url":"https:\/\/ubaldofernandes.com\/index.php\/news\/deputado-estadual-ubaldo-fernandes-cobra-do-governo-convocacao-de-concursados-da-policia-penal\/","og_site_name":"Ubaldo Fernandes","article_modified_time":"2021-05-12T13:39:15+00:00","og_image":[{"width":909,"height":524,"url":"https:\/\/ubaldofernandes.com\/wp-content\/uploads\/2021\/05\/ubaldo-fernandes-909x524-1.png","type":"image\/png"}],"twitter_card":"summary_large_image","twitter_misc":{"Est. tempo de leitura":"2 minutos"},"schema":{"@context":"https:\/\/schema.org","@graph":[{"@type":"WebPage","@id":"https:\/\/ubaldofernandes.com\/index.php\/news\/deputado-estadual-ubaldo-fernandes-cobra-do-governo-convocacao-de-concursados-da-policia-penal\/","url":"https:\/\/ubaldofernandes.com\/index.php\/news\/deputado-estadual-ubaldo-fernandes-cobra-do-governo-convocacao-de-concursados-da-policia-penal\/","name":"Deputado estadual Ubaldo Fernandes cobra do Governo convoca\u00e7\u00e3o de concursados da Pol\u00edcia Penal - Ubaldo Fernandes","isPartOf":{"@id":"https:\/\/ubaldofernandes.com\/#website"},"primaryImageOfPage":{"@id":"https:\/\/ubaldofernandes.com\/index.php\/news\/deputado-estadual-ubaldo-fernandes-cobra-do-governo-convocacao-de-concursados-da-policia-penal\/#primaryimage"},"image":{"@id":"https:\/\/ubaldofernandes.com\/index.php\/news\/deputado-estadual-ubaldo-fernandes-cobra-do-governo-convocacao-de-concursados-da-policia-penal\/#primaryimage"},"thumbnailUrl":"https:\/\/ubaldofernandes.com\/wp-content\/uploads\/2021\/05\/ubaldo-fernandes-909x524-1.png","datePublished":"2021-05-11T17:32:51+00:00","dateModified":"2021-05-12T13:39:15+00:00","breadcrumb":{"@id":"https:\/\/ubaldofernandes.com\/index.php\/news\/deputado-estadual-ubaldo-fernandes-cobra-do-governo-convocacao-de-concursados-da-policia-penal\/#breadcrumb"},"inLanguage":"pt-BR","potentialAction":[{"@type":"ReadAction","target":["https:\/\/ubaldofernandes.com\/index.php\/news\/deputado-estadual-ubaldo-fernandes-cobra-do-governo-convocacao-de-concursados-da-policia-penal\/"]}]},{"@type":"ImageObject","inLanguage":"pt-BR","@id":"https:\/\/ubaldofernandes.com\/index.php\/news\/deputado-estadual-ubaldo-fernandes-cobra-do-governo-convocacao-de-concursados-da-policia-penal\/#primaryimage","url":"https:\/\/ubaldofernandes.com\/wp-content\/uploads\/2021\/05\/ubaldo-fernandes-909x524-1.png","contentUrl":"https:\/\/ubaldofernandes.com\/wp-content\/uploads\/2021\/05\/ubaldo-fernandes-909x524-1.png","width":909,"height":524},{"@type":"BreadcrumbList","@id":"https:\/\/ubaldofernandes.com\/index.php\/news\/deputado-estadual-ubaldo-fernandes-cobra-do-governo-convocacao-de-concursados-da-policia-penal\/#breadcrumb","itemListElement":[{"@type":"ListItem","position":1,"name":"In\u00edcio","item":"https:\/\/ubaldofernandes.com\/"},{"@type":"ListItem","position":2,"name":"Not\u00edcias","item":"https:\/\/ubaldofernandes.com\/index.php\/news\/"},{"@type":"ListItem","position":3,"name":"Deputado estadual Ubaldo Fernandes cobra do Governo convoca\u00e7\u00e3o de concursados da Pol\u00edcia Penal"}]},{"@type":"WebSite","@id":"https:\/\/ubaldofernandes.com\/#website","url":"https:\/\/ubaldofernandes.com\/","name":"Ubaldo Fernandes","description":"Deputado Estadual","potentialAction":[{"@type":"SearchAction","target":{"@type":"EntryPoint","urlTemplate":"https:\/\/ubaldofernandes.com\/?s={search_term_string}"},"query-input":{"@type":"PropertyValueSpecification","valueRequired":true,"valueName":"search_term_string"}}],"inLanguage":"pt-BR"}]}},"_links":{"self":[{"href":"https:\/\/ubaldofernandes.com\/index.php\/wp-json\/wp\/v2\/news\/2186","targetHints":{"allow":["GET"]}}],"collection":[{"href":"https:\/\/ubaldofernandes.com\/index.php\/wp-json\/wp\/v2\/news"}],"about":[{"href":"https:\/\/ubaldofernandes.com\/index.php\/wp-json\/wp\/v2\/types\/news"}],"wp:featuredmedia":[{"embeddable":true,"href":"https:\/\/ubaldofernandes.com\/index.php\/wp-json\/wp\/v2\/media\/2187"}],"wp:attachment":[{"href":"https:\/\/ubaldofernandes.com\/index.php\/wp-json\/wp\/v2\/media?parent=2186"}],"curies":[{"name":"wp","href":"https:\/\/api.w.org\/{rel}","templated":true}]}}